{"id":1092424,"date":"2023-11-21T11:50:21","date_gmt":"2023-11-21T10:50:21","guid":{"rendered":"https:\/\/www.privatepropertymallorca.com\/winter-wonders-family-friendly-activities-in-mallorca\/"},"modified":"2024-08-07T14:38:00","modified_gmt":"2024-08-07T12:38:00","slug":"winter-wonders-family-friendly-activities-in-mallorca","status":"publish","type":"post","link":"https:\/\/www.privatepropertymallorca.com\/en\/culture\/winter-wonders-family-friendly-activities-in-mallorca\/","title":{"rendered":"Winter Wonders: Family-Friendly Activities in Mallorca"},"content":{"rendered":"<div class=\"wpb-content-wrapper\"><p>[vc_row][vc_column width=&#8221;1\/4&#8243;][vc_single_image image=&#8221;559256&#8243;][\/vc_column][vc_column width=&#8221;3\/4&#8243;][vc_column_text]<\/p>\n<p class=\"p1\"><b>Winter Wonders: Family-Friendly Activities in Mallorca<\/b><\/p>\n<p class=\"p1\">As the temperatures drop and the crowds thin out, the island transforms into a serene haven, providing the perfect backdrop for family bonding. In this article, we will explore some delightful family-friendly activities, including local workshops and small excursions, that you and your kids can enjoy during the winter months in Mallorca.<\/p>\n<ul class=\"ul1\">\n<li class=\"li1\"><b>Artistic Exploration in Palma:<\/b><\/li>\n<\/ul>\n<p class=\"p1\">Palma, the capital city of Mallorca, offers a plethora of artistic workshops that cater to both adults and children. Consider enrolling your kids in a local art class where they can unleash their creativity through painting, sculpture, or crafts. These workshops often provide a nurturing environment for children to express themselves while learning about the rich artistic heritage of the region.<\/p>\n<ul class=\"ul1\">\n<li class=\"li1\"><b>Culinary Adventures:<\/b><\/li>\n<\/ul>\n<p class=\"p1\">Mallorca is renowned for its delectable cuisine, and what better way to bond with your kids than through a hands-on culinary experience? Join a family-friendly cooking class where you can learn to prepare traditional Balearic dishes together. From ensa\u00efmadas (local pastries) to sobrassada (spiced sausage), the experience will not only tantalize your taste buds but also create lasting memories.<\/p>\n<ul class=\"ul1\">\n<li class=\"li1\"><b>Nature Trails and Bird Watching:<\/b><\/li>\n<\/ul>\n<p class=\"p1\">Embrace the crisp winter air by exploring Mallorca&#8217;s natural beauty through family-friendly nature trails. The island boasts stunning landscapes, from lush mountains to serene beaches. Consider taking a leisurely walk in the S&#8217;Albufera Natural Park, a wetland reserve that becomes a haven for migratory birds during the winter months. Bird watching can be a fascinating and educational activity for children, fostering an appreciation for the diverse ecosystems around them.<\/p>\n<ul class=\"ul1\">\n<li class=\"li1\"><b>Historical Exploration in Valldemossa:<\/b><\/li>\n<\/ul>\n<p class=\"p1\">Escape to the charming village of Valldemossa, where history comes alive amidst cobbled streets and ancient architecture. Explore the historic Carthusian Monastery and immerse your family in the cultural heritage of Mallorca. Consider joining a family-friendly guided tour that caters specifically to children, offering engaging stories and interactive activities to make the experience both educational and entertaining.<\/p>\n<ul class=\"ul1\">\n<li class=\"li1\"><b>Interactive Science Workshops:<\/b><\/li>\n<\/ul>\n<p class=\"p1\">Stimulate your child&#8217;s curiosity with interactive science workshops. Palma&#8217;s interactive science museum, Es Baluard Museu d&#8217;Art Modern i Contemporani de Palma, often hosts family-friendly events and workshops during the winter months. These hands-on activities allow children to explore scientific concepts in a fun and engaging way, making learning an exciting adventure.<\/p>\n<ul class=\"ul1\">\n<li class=\"li1\"><b>Beachcombing and Seashell Art:<\/b><\/li>\n<\/ul>\n<p class=\"p1\">Even in winter, Mallorca&#8217;s beaches exude a serene beauty. Take your family on a beachcombing adventure, searching for seashells and other treasures washed ashore. Afterward, engage in a creative session of seashell art back at your accommodation. This simple yet delightful activity allows your children to connect with nature while expressing their artistic flair.<\/p>\n<p class=\"p1\">Mallorca&#8217;s winter season opens up a treasure trove of family-friendly activities that go beyond the typical summer beach experience. Whether you&#8217;re exploring the rich cultural heritage, engaging in hands-on workshops, or immersing yourselves in nature, the island offers a diverse range of experiences that will create cherished memories for you and your children. Embrace the tranquility of Mallorca in winter and discover a new side of this enchanting destination with your family.<\/p>\n<p>[\/vc_column_text][\/vc_column][\/vc_row][vc_row][vc_column][vc_empty_space][\/vc_column][\/vc_row][vc_row][vc_column]<div id=\"ultimate-heading-871769eeae378ede1\" class=\"uvc-heading ult-adjust-bottom-margin ultimate-heading-871769eeae378ede1 uvc-1067 \" data-hspacer=\"no_spacer\"  data-halign=\"center\" style=\"text-align:center\"><div class=\"uvc-heading-spacer no_spacer\" style=\"top\"><\/div><div class=\"uvc-main-heading ult-responsive\"  data-ultimate-target='.uvc-heading.ultimate-heading-871769eeae378ede1 h2'  data-responsive-json-new='{\"font-size\":\"\",\"line-height\":\"\"}' ><h2 style=\"font-weight:normal;\">HOUSE FOR SALE IN MALLORCA<\/h2><\/div><\/div>[\/vc_column][\/vc_row][vc_row][vc_column]<div id=\"wpestate_sh_anime_18\" class=\"article_container wpestate_anime wpestate_latest_listings_sh bottom-estate_property \"  data-type=\"estate_property\" data-category_ids=\"\" data-action_ids=\"\" data-city_ids=\"\" data-area_ids=\"\" data-state_ids=\"\" data-status_ids=\"\" data-number=\"40\" data-row-number=\"4\" data-align=\"vertical\" data-show_featured_only=\"no\"  data-random_pick=\"yes\"  data-featured_first=\"no\" data-page=\"1\" >  \n\n\n\n<div class=\"col-md-3 shortcode-col has_4per_row  listing_wrapper property_unit_type2\" data-org=\"4\" data-listid=\"1290102\" > \n    <div class=\"property_listing property_unit_type2  \" data-link=\"https:\/\/www.privatepropertymallorca.com\/en\/realestate\/elegant-penthouse-in-sa-rapita-with-roof-terrace-and-sea-views\/\">\n        \n        <div class=\"listing-unit-img-wrapper\"><a href=\"https:\/\/www.privatepropertymallorca.com\/en\/realestate\/elegant-penthouse-in-sa-rapita-with-roof-terrace-and-sea-views\/\" target=\"_self\"><img fetchpriority=\"high\" decoding=\"async\" width=\"525\" height=\"328\" src=\"https:\/\/www.privatepropertymallorca.com\/wp-content\/uploads\/2026\/04\/f4b08daa-7cf9-401e-b3b9-698ba4c2f97d-1-525x328.jpg\" class=\"lazyload img-responsive wp-post-image\" alt=\"P-4246_4 Elegantes Penthouse in Sa R\u00e0pita mit Dachterrasse und Meerblick\" data-original=\"https:\/\/www.privatepropertymallorca.com\/wp-content\/uploads\/2026\/04\/f4b08daa-7cf9-401e-b3b9-698ba4c2f97d-1-525x328.jpg\" \/><\/a><div class=\"tag-wrapper\"><div class=\"status-wrapper\"><\/div><\/div><\/div>\n\n            <h4><a href=\"https:\/\/www.privatepropertymallorca.com\/en\/realestate\/elegant-penthouse-in-sa-rapita-with-roof-terrace-and-sea-views\/\" target=\"_self\">\n                Elegant penthouse in Sa R\u00e0pita with roof terrace and sea views                <\/a> \n            <\/h4> \n        \n            <div class=\"property_listing_details\">\n                <div class=\"smallCol\"><div class=\"inforoom_unit_type2\"><\/div><div>3<\/div><\/div><div class=\"smallCol\"><div class=\"infobath_unit_type2\"><\/div><div>3<\/div><\/div><div class=\"smallCol\"><div class=\"infosize_unit_type2\"><\/div><div>260 m&sup2;<\/div><\/div><div class=\"smallCol\"><div class=\"infolotsize_unit_type2\"><\/div><div>0 m&sup2;<\/div><\/div>            <\/div>\n\t\t\n            <div class=\"listing_unit_price_wrapper\">899.000 \u20ac <span class=\"price_label\"><\/span><\/div>               \n            <div class=\"property_location\">\n                    \n                    <div class=\"ownerNotes\">P-4246_4<\/div><div class=\"propertyArea\"><a href=\"https:\/\/www.privatepropertymallorca.com\/en\/state\/southeast\/\" rel=\"tag\">Southeast<\/a>, <a href=\"https:\/\/www.privatepropertymallorca.com\/en\/city\/sa-rapita-en\/\" rel=\"tag\">Sa Rapita<\/a><\/div>                        <\/div>        <\/div>             \n    <\/div>\n  \n\n\n\n<div class=\"col-md-3 shortcode-col has_4per_row  listing_wrapper property_unit_type2\" data-org=\"4\" data-listid=\"1099538\" > \n    <div class=\"property_listing property_unit_type2  \" data-link=\"https:\/\/www.privatepropertymallorca.com\/en\/realestate\/stately-finca-in-establiments-with-large-pool-privacy-and-wonderful-views-of-the-bay-of-palma\/\">\n        \n        <div class=\"listing-unit-img-wrapper\"><a href=\"https:\/\/www.privatepropertymallorca.com\/en\/realestate\/stately-finca-in-establiments-with-large-pool-privacy-and-wonderful-views-of-the-bay-of-palma\/\" target=\"_self\"><img decoding=\"async\" width=\"525\" height=\"328\" src=\"https:\/\/www.privatepropertymallorca.com\/wp-content\/uploads\/2024\/02\/95fb6aed-9156-40d3-8ff0-a0a974107b85-1-525x328.jpg\" class=\"lazyload img-responsive wp-post-image\" alt=\"F-4302 Stattliche Finca in Establiments mit gr. Pool, Privatsph\u00e4re und herrlichem Blick auf die Bucht von Palma 9\" data-original=\"https:\/\/www.privatepropertymallorca.com\/wp-content\/uploads\/2024\/02\/95fb6aed-9156-40d3-8ff0-a0a974107b85-1-525x328.jpg\" \/><\/a><div class=\"tag-wrapper\"><div class=\"status-wrapper\"><\/div><\/div><\/div>\n\n            <h4><a href=\"https:\/\/www.privatepropertymallorca.com\/en\/realestate\/stately-finca-in-establiments-with-large-pool-privacy-and-wonderful-views-of-the-bay-of-palma\/\" target=\"_self\">\n                Stately finca in Establiments with large pool, privacy and wonderful views of the bay of Palma                <\/a> \n            <\/h4> \n        \n            <div class=\"property_listing_details\">\n                <div class=\"smallCol\"><div class=\"inforoom_unit_type2\"><\/div><div>5<\/div><\/div><div class=\"smallCol\"><div class=\"infobath_unit_type2\"><\/div><div>5<\/div><\/div><div class=\"smallCol\"><div class=\"infosize_unit_type2\"><\/div><div>758 m&sup2;<\/div><\/div><div class=\"smallCol\"><div class=\"infolotsize_unit_type2\"><\/div><div>15010 m&sup2;<\/div><\/div>            <\/div>\n\t\t\n            <div class=\"listing_unit_price_wrapper\">4.700.000 \u20ac <span class=\"price_label\"><\/span><\/div>               \n            <div class=\"property_location\">\n                    \n                    <div class=\"ownerNotes\">F-4302<\/div><div class=\"propertyArea\">, <a href=\"https:\/\/www.privatepropertymallorca.com\/en\/city\/establiments-en\/\" rel=\"tag\">Establiments<\/a><\/div>                        <\/div>        <\/div>             \n    <\/div>\n  \n\n\n\n<div class=\"col-md-3 shortcode-col has_4per_row  listing_wrapper property_unit_type2\" data-org=\"4\" data-listid=\"1246546\" > \n    <div class=\"property_listing property_unit_type2  \" data-link=\"https:\/\/www.privatepropertymallorca.com\/en\/realestate\/exclusive-investment-hotel-in-arenal-yield-potential-of-10-plus\/\">\n        \n        <div class=\"listing-unit-img-wrapper\"><a href=\"https:\/\/www.privatepropertymallorca.com\/en\/realestate\/exclusive-investment-hotel-in-arenal-yield-potential-of-10-plus\/\" target=\"_self\"><img decoding=\"async\" width=\"525\" height=\"328\" src=\"https:\/\/www.privatepropertymallorca.com\/wp-content\/uploads\/2026\/02\/2958feeb-1245-4485-8a8a-d8dc0f6aff70-1-525x328.jpg\" class=\"lazyload img-responsive wp-post-image\" alt=\"IH-4672 Hotel Arenal 32\" data-original=\"https:\/\/www.privatepropertymallorca.com\/wp-content\/uploads\/2026\/02\/2958feeb-1245-4485-8a8a-d8dc0f6aff70-1-525x328.jpg\" \/><\/a><div class=\"tag-wrapper\"><div class=\"status-wrapper\"><\/div><\/div><\/div>\n\n            <h4><a href=\"https:\/\/www.privatepropertymallorca.com\/en\/realestate\/exclusive-investment-hotel-in-arenal-yield-potential-of-10-plus\/\" target=\"_self\">\n                Exclusive investment: Hotel in Arenal                <\/a> \n            <\/h4> \n        \n            <div class=\"property_listing_details\">\n                <div class=\"smallCol\"><div class=\"inforoom_unit_type2\"><\/div><div>24<\/div><\/div><div class=\"smallCol\"><div class=\"infobath_unit_type2\"><\/div><div>25<\/div><\/div><div class=\"smallCol\"><div class=\"infosize_unit_type2\"><\/div><div>857 m&sup2;<\/div><\/div><div class=\"smallCol\"><div class=\"infolotsize_unit_type2\"><\/div><div>350 m&sup2;<\/div><\/div>            <\/div>\n\t\t\n            <div class=\"listing_unit_price_wrapper\"><span class=\"price_label price_label_before\">on request<\/span>  <span class=\"price_label\"><\/span><\/div>               \n            <div class=\"property_location\">\n                    \n                    <div class=\"ownerNotes\">IH-4672<\/div><div class=\"propertyArea\"><a href=\"https:\/\/www.privatepropertymallorca.com\/en\/state\/south\/\" rel=\"tag\">South<\/a>, <a href=\"https:\/\/www.privatepropertymallorca.com\/en\/city\/llucmajor-en\/\" rel=\"tag\">Llucmajor<\/a><\/div>                        <\/div>        <\/div>             \n    <\/div>\n  \n\n\n\n<div class=\"col-md-3 shortcode-col has_4per_row  listing_wrapper property_unit_type2\" data-org=\"4\" data-listid=\"1199201\" > \n    <div class=\"property_listing property_unit_type2  \" data-link=\"https:\/\/www.privatepropertymallorca.com\/en\/realestate\/apartment-in-bendinat-with-private-garden-in-exclusive-residential-complex\/\">\n        \n        <div class=\"listing-unit-img-wrapper\"><a href=\"https:\/\/www.privatepropertymallorca.com\/en\/realestate\/apartment-in-bendinat-with-private-garden-in-exclusive-residential-complex\/\" target=\"_self\"><img loading=\"lazy\" decoding=\"async\" width=\"525\" height=\"328\" src=\"https:\/\/www.privatepropertymallorca.com\/wp-content\/uploads\/2025\/07\/c88e720c-7f35-4e87-a2b6-89f1b7b54ea2-1-525x328.jpg\" class=\"lazyload img-responsive wp-post-image\" alt=\"A-3812 Bendinat\" data-original=\"https:\/\/www.privatepropertymallorca.com\/wp-content\/uploads\/2025\/07\/c88e720c-7f35-4e87-a2b6-89f1b7b54ea2-1-525x328.jpg\" \/><\/a><div class=\"tag-wrapper\"><div class=\"status-wrapper\"><\/div><\/div><\/div>\n\n            <h4><a href=\"https:\/\/www.privatepropertymallorca.com\/en\/realestate\/apartment-in-bendinat-with-private-garden-in-exclusive-residential-complex\/\" target=\"_self\">\n                Apartment in Bendinat with private garden in exclusive residential complex                <\/a> \n            <\/h4> \n        \n            <div class=\"property_listing_details\">\n                <div class=\"smallCol\"><div class=\"inforoom_unit_type2\"><\/div><div>3<\/div><\/div><div class=\"smallCol\"><div class=\"infobath_unit_type2\"><\/div><div>3<\/div><\/div><div class=\"smallCol\"><div class=\"infosize_unit_type2\"><\/div><div>218 m&sup2;<\/div><\/div><div class=\"smallCol\"><div class=\"infolotsize_unit_type2\"><\/div><div>0 m&sup2;<\/div><\/div>            <\/div>\n\t\t\n            <div class=\"listing_unit_price_wrapper\">1.350.000 \u20ac <span class=\"price_label\"><\/span><\/div>               \n            <div class=\"property_location\">\n                    \n                    <div class=\"ownerNotes\">A-3812<\/div><div class=\"propertyArea\"><a href=\"https:\/\/www.privatepropertymallorca.com\/en\/state\/southwest\/\" rel=\"tag\">Southwest<\/a>, <a href=\"https:\/\/www.privatepropertymallorca.com\/en\/city\/bendinat-en\/\" rel=\"tag\">Bendinat<\/a><\/div>                        <\/div>        <\/div>             \n    <\/div>\n  \n\n\n\n<div class=\"col-md-3 shortcode-col has_4per_row  listing_wrapper property_unit_type2\" data-org=\"4\" data-listid=\"1001506\" > \n    <div class=\"property_listing property_unit_type2  \" data-link=\"https:\/\/www.privatepropertymallorca.com\/en\/realestate\/project-newly-built-finca-with-infinity-pool-and-panoramic-views-near-lloret-de-vistalegre\/\">\n        \n        <div class=\"listing-unit-img-wrapper\"><a href=\"https:\/\/www.privatepropertymallorca.com\/en\/realestate\/project-newly-built-finca-with-infinity-pool-and-panoramic-views-near-lloret-de-vistalegre\/\" target=\"_self\"><img loading=\"lazy\" decoding=\"async\" width=\"525\" height=\"328\" src=\"https:\/\/www.privatepropertymallorca.com\/wp-content\/uploads\/2023\/07\/e191cdbe-9f37-46d8-a35b-bfc37110fba4-1-525x328.jpg\" class=\"lazyload img-responsive wp-post-image\" alt=\"F-3973 PROJEKT! Neubau Finca mit Infinitypool und Panoramablick nahe Lloret de Vistalegre\" data-original=\"https:\/\/www.privatepropertymallorca.com\/wp-content\/uploads\/2023\/07\/e191cdbe-9f37-46d8-a35b-bfc37110fba4-1-525x328.jpg\" \/><\/a><div class=\"tag-wrapper\"><div class=\"status-wrapper\"><div class=\"ribbon-inside project\">Project<\/div><\/div><\/div><\/div>\n\n            <h4><a href=\"https:\/\/www.privatepropertymallorca.com\/en\/realestate\/project-newly-built-finca-with-infinity-pool-and-panoramic-views-near-lloret-de-vistalegre\/\" target=\"_self\">\n                PROJECT! New construction finca with infinity pool and panoramic views near Lloret de Vistalegre                <\/a> \n            <\/h4> \n        \n            <div class=\"property_listing_details\">\n                <div class=\"smallCol\"><div class=\"inforoom_unit_type2\"><\/div><div>3<\/div><\/div><div class=\"smallCol\"><div class=\"infobath_unit_type2\"><\/div><div>3<\/div><\/div><div class=\"smallCol\"><div class=\"infosize_unit_type2\"><\/div><div>264 m&sup2;<\/div><\/div><div class=\"smallCol\"><div class=\"infolotsize_unit_type2\"><\/div><div>14630 m&sup2;<\/div><\/div>            <\/div>\n\t\t\n            <div class=\"listing_unit_price_wrapper\">2.550.000 \u20ac <span class=\"price_label\"><\/span><\/div>               \n            <div class=\"property_location\">\n                    \n                    <div class=\"ownerNotes\">F-3973<\/div><div class=\"propertyArea\"><a href=\"https:\/\/www.privatepropertymallorca.com\/en\/state\/center-of-island\/\" rel=\"tag\">Center of Island<\/a>, <a href=\"https:\/\/www.privatepropertymallorca.com\/en\/city\/lloret-de-vista-alegre-en\/\" rel=\"tag\">Lloret de Vista Alegre<\/a><\/div>                        <\/div>        <\/div>             \n    <\/div>\n  \n\n\n\n<div class=\"col-md-3 shortcode-col has_4per_row  listing_wrapper property_unit_type2\" data-org=\"4\" data-listid=\"1249907\" > \n    <div class=\"property_listing property_unit_type2  \" data-link=\"https:\/\/www.privatepropertymallorca.com\/en\/realestate\/charming-townhouse-in-felanitx\/\">\n        \n        <div class=\"listing-unit-img-wrapper\"><a href=\"https:\/\/www.privatepropertymallorca.com\/en\/realestate\/charming-townhouse-in-felanitx\/\" target=\"_self\"><img loading=\"lazy\" decoding=\"async\" width=\"525\" height=\"328\" src=\"https:\/\/www.privatepropertymallorca.com\/wp-content\/uploads\/2026\/04\/e66605d3-08db-4e97-b92e-a9e0697bcd45-525x328.jpg\" class=\"lazyload img-responsive wp-post-image\" alt=\"EXKLUSIV Townhouse in Felanitx15\" data-original=\"https:\/\/www.privatepropertymallorca.com\/wp-content\/uploads\/2026\/04\/e66605d3-08db-4e97-b92e-a9e0697bcd45-525x328.jpg\" \/><\/a><div class=\"tag-wrapper\"><div class=\"status-wrapper\"><\/div><\/div><\/div>\n\n            <h4><a href=\"https:\/\/www.privatepropertymallorca.com\/en\/realestate\/charming-townhouse-in-felanitx\/\" target=\"_self\">\n                Exclusive! Charming village house for sale in Felanitx                <\/a> \n            <\/h4> \n        \n            <div class=\"property_listing_details\">\n                <div class=\"smallCol\"><div class=\"inforoom_unit_type2\"><\/div><div>4<\/div><\/div><div class=\"smallCol\"><div class=\"infobath_unit_type2\"><\/div><div>2<\/div><\/div><div class=\"smallCol\"><div class=\"infosize_unit_type2\"><\/div><div>234 m&sup2;<\/div><\/div><div class=\"smallCol\"><div class=\"infolotsize_unit_type2\"><\/div><div>149 m&sup2;<\/div><\/div>            <\/div>\n\t\t\n            <div class=\"listing_unit_price_wrapper\">900.000 \u20ac <span class=\"price_label\"><\/span><\/div>               \n            <div class=\"property_location\">\n                    \n                    <div class=\"ownerNotes\">5397<\/div><div class=\"propertyArea\"><a href=\"https:\/\/www.privatepropertymallorca.com\/en\/state\/southeast\/\" rel=\"tag\">Southeast<\/a>, <a href=\"https:\/\/www.privatepropertymallorca.com\/en\/city\/felanitx-en\/\" rel=\"tag\">Felanitx<\/a><\/div>                        <\/div>        <\/div>             \n    <\/div>\n  \n\n\n\n<div class=\"col-md-3 shortcode-col has_4per_row  listing_wrapper property_unit_type2\" data-org=\"4\" data-listid=\"1149032\" > \n    <div class=\"property_listing property_unit_type2  \" data-link=\"https:\/\/www.privatepropertymallorca.com\/en\/realestate\/unique-finca-in-bunyola-with-spectacular-views-and-vacation-rental-license\/\">\n        \n        <div class=\"listing-unit-img-wrapper\"><a href=\"https:\/\/www.privatepropertymallorca.com\/en\/realestate\/unique-finca-in-bunyola-with-spectacular-views-and-vacation-rental-license\/\" target=\"_self\"><img loading=\"lazy\" decoding=\"async\" width=\"525\" height=\"328\" src=\"https:\/\/www.privatepropertymallorca.com\/wp-content\/uploads\/2026\/03\/54ae329d-b24c-41ca-81dd-6b1114897642-1-525x328.jpg\" class=\"lazyload img-responsive wp-post-image\" alt=\"ETV LOGO PPM  (2)\" data-original=\"https:\/\/www.privatepropertymallorca.com\/wp-content\/uploads\/2026\/03\/54ae329d-b24c-41ca-81dd-6b1114897642-1-525x328.jpg\" \/><\/a><div class=\"tag-wrapper\"><div class=\"status-wrapper\"><div class=\"ribbon-inside holiday-rental-licence\">Holiday rental licence<\/div><\/div><\/div><\/div>\n\n            <h4><a href=\"https:\/\/www.privatepropertymallorca.com\/en\/realestate\/unique-finca-in-bunyola-with-spectacular-views-and-vacation-rental-license\/\" target=\"_self\">\n                Unique finca in Bunyola with spectacular views and vacation rental license                <\/a> \n            <\/h4> \n        \n            <div class=\"property_listing_details\">\n                <div class=\"smallCol\"><div class=\"inforoom_unit_type2\"><\/div><div>5<\/div><\/div><div class=\"smallCol\"><div class=\"infobath_unit_type2\"><\/div><div>5<\/div><\/div><div class=\"smallCol\"><div class=\"infosize_unit_type2\"><\/div><div>800 m&sup2;<\/div><\/div><div class=\"smallCol\"><div class=\"infolotsize_unit_type2\"><\/div><div>30100 m&sup2;<\/div><\/div>            <\/div>\n\t\t\n            <div class=\"listing_unit_price_wrapper\">6.500.000 \u20ac <span class=\"price_label\"><\/span><\/div>               \n            <div class=\"property_location\">\n                    \n                    <div class=\"ownerNotes\">F-4190<\/div><div class=\"propertyArea\"><a href=\"https:\/\/www.privatepropertymallorca.com\/en\/state\/west\/\" rel=\"tag\">West<\/a>, <a href=\"https:\/\/www.privatepropertymallorca.com\/en\/city\/bunyola-en\/\" rel=\"tag\">Bunyola<\/a><\/div>                        <\/div>        <\/div>             \n    <\/div>\n  \n\n\n\n<div class=\"col-md-3 shortcode-col has_4per_row  listing_wrapper property_unit_type2\" data-org=\"4\" data-listid=\"1053007\" > \n    <div class=\"property_listing property_unit_type2  \" data-link=\"https:\/\/www.privatepropertymallorca.com\/en\/realestate\/charming-finca-near-the-golf-course-of-pollenca-with-tourism-license-large-garden-and-pool\/\">\n        \n        <div class=\"listing-unit-img-wrapper\"><a href=\"https:\/\/www.privatepropertymallorca.com\/en\/realestate\/charming-finca-near-the-golf-course-of-pollenca-with-tourism-license-large-garden-and-pool\/\" target=\"_self\"><img loading=\"lazy\" decoding=\"async\" width=\"525\" height=\"328\" src=\"https:\/\/www.privatepropertymallorca.com\/wp-content\/uploads\/2026\/03\/9f349a75-9f87-40eb-b271-1814d6e9b8b9-1-525x328.jpg\" class=\"lazyload img-responsive wp-post-image\" alt=\"ETV LOGO PPM  (3)\" data-original=\"https:\/\/www.privatepropertymallorca.com\/wp-content\/uploads\/2026\/03\/9f349a75-9f87-40eb-b271-1814d6e9b8b9-1-525x328.jpg\" \/><\/a><div class=\"tag-wrapper\"><div class=\"status-wrapper\"><div class=\"ribbon-inside holiday-rental-licence\">Holiday rental licence<\/div><\/div><\/div><\/div>\n\n            <h4><a href=\"https:\/\/www.privatepropertymallorca.com\/en\/realestate\/charming-finca-near-the-golf-course-of-pollenca-with-tourism-license-large-garden-and-pool\/\" target=\"_self\">\n                Charming finca in Pollensa, close to the golf course with large garden and pool                <\/a> \n            <\/h4> \n        \n            <div class=\"property_listing_details\">\n                <div class=\"smallCol\"><div class=\"inforoom_unit_type2\"><\/div><div>4<\/div><\/div><div class=\"smallCol\"><div class=\"infobath_unit_type2\"><\/div><div>4<\/div><\/div><div class=\"smallCol\"><div class=\"infosize_unit_type2\"><\/div><div>692 m&sup2;<\/div><\/div><div class=\"smallCol\"><div class=\"infolotsize_unit_type2\"><\/div><div>15800 m&sup2;<\/div><\/div>            <\/div>\n\t\t\n            <div class=\"listing_unit_price_wrapper\">3.800.000 \u20ac <span class=\"price_label\"><\/span><\/div>               \n            <div class=\"property_location\">\n                    \n                    <div class=\"ownerNotes\">F-2804<\/div><div class=\"propertyArea\"><a href=\"https:\/\/www.privatepropertymallorca.com\/en\/state\/north\/\" rel=\"tag\">North<\/a>, <a href=\"https:\/\/www.privatepropertymallorca.com\/en\/city\/pollensa-en\/\" rel=\"tag\">Pollensa<\/a><\/div>                        <\/div>        <\/div>             \n    <\/div>\n  \n\n\n\n<div class=\"col-md-3 shortcode-col has_4per_row  listing_wrapper property_unit_type2\" data-org=\"4\" data-listid=\"1300639\" > \n    <div class=\"property_listing property_unit_type2  \" data-link=\"https:\/\/www.privatepropertymallorca.com\/en\/realestate\/charming-villa-with-pool-and-garden-in-bahia-blava\/\">\n        \n        <div class=\"listing-unit-img-wrapper\"><a href=\"https:\/\/www.privatepropertymallorca.com\/en\/realestate\/charming-villa-with-pool-and-garden-in-bahia-blava\/\" target=\"_self\"><img loading=\"lazy\" decoding=\"async\" width=\"525\" height=\"328\" src=\"https:\/\/www.privatepropertymallorca.com\/wp-content\/uploads\/2026\/03\/bfb02e8c-04d3-4f6a-8702-10b23ecc0904-1-525x328.jpg\" class=\"lazyload img-responsive wp-post-image\" alt=\"5554 - Villa in Bahia Blava 27\" data-original=\"https:\/\/www.privatepropertymallorca.com\/wp-content\/uploads\/2026\/03\/bfb02e8c-04d3-4f6a-8702-10b23ecc0904-1-525x328.jpg\" \/><\/a><div class=\"tag-wrapper\"><div class=\"status-wrapper\"><\/div><\/div><\/div>\n\n            <h4><a href=\"https:\/\/www.privatepropertymallorca.com\/en\/realestate\/charming-villa-with-pool-and-garden-in-bahia-blava\/\" target=\"_self\">\n                Charming villa with pool and garden in Bahia Blava                <\/a> \n            <\/h4> \n        \n            <div class=\"property_listing_details\">\n                <div class=\"smallCol\"><div class=\"inforoom_unit_type2\"><\/div><div>5<\/div><\/div><div class=\"smallCol\"><div class=\"infobath_unit_type2\"><\/div><div>5<\/div><\/div><div class=\"smallCol\"><div class=\"infosize_unit_type2\"><\/div><div>0 m&sup2;<\/div><\/div><div class=\"smallCol\"><div class=\"infolotsize_unit_type2\"><\/div><div>720 m&sup2;<\/div><\/div>            <\/div>\n\t\t\n            <div class=\"listing_unit_price_wrapper\">1.295.000 \u20ac <span class=\"price_label\"><\/span><\/div>               \n            <div class=\"property_location\">\n                    \n                    <div class=\"ownerNotes\">5554<\/div><div class=\"propertyArea\"><a href=\"https:\/\/www.privatepropertymallorca.com\/en\/state\/south\/\" rel=\"tag\">South<\/a>, <a href=\"https:\/\/www.privatepropertymallorca.com\/en\/city\/bahia-blava-en\/\" rel=\"tag\">Bahia Blava<\/a><\/div>                        <\/div>        <\/div>             \n    <\/div>\n  \n\n\n\n<div class=\"col-md-3 shortcode-col has_4per_row  listing_wrapper property_unit_type2\" data-org=\"4\" data-listid=\"1230464\" > \n    <div class=\"property_listing property_unit_type2  \" data-link=\"https:\/\/www.privatepropertymallorca.com\/en\/realestate\/penthouse-with-direct-access-private-garden-and-great-renovation-potential\/\">\n        \n        <div class=\"listing-unit-img-wrapper\"><a href=\"https:\/\/www.privatepropertymallorca.com\/en\/realestate\/penthouse-with-direct-access-private-garden-and-great-renovation-potential\/\" target=\"_self\"><img loading=\"lazy\" decoding=\"async\" width=\"525\" height=\"328\" src=\"https:\/\/www.privatepropertymallorca.com\/wp-content\/uploads\/2025\/07\/43f3c91d-3f33-4323-bde5-fda0bd185a06-4-525x328.jpg\" class=\"lazyload img-responsive wp-post-image\" alt=\"5289 Penthouse Santa Ponsa 4\" data-original=\"https:\/\/www.privatepropertymallorca.com\/wp-content\/uploads\/2025\/07\/43f3c91d-3f33-4323-bde5-fda0bd185a06-4-525x328.jpg\" \/><\/a><div class=\"tag-wrapper\"><div class=\"status-wrapper\"><\/div><\/div><\/div>\n\n            <h4><a href=\"https:\/\/www.privatepropertymallorca.com\/en\/realestate\/penthouse-with-direct-access-private-garden-and-great-renovation-potential\/\" target=\"_self\">\n                Penthouse with direct access, private garden and great renovation potential                <\/a> \n            <\/h4> \n        \n            <div class=\"property_listing_details\">\n                <div class=\"smallCol\"><div class=\"inforoom_unit_type2\"><\/div><div>5<\/div><\/div><div class=\"smallCol\"><div class=\"infobath_unit_type2\"><\/div><div>4<\/div><\/div><div class=\"smallCol\"><div class=\"infosize_unit_type2\"><\/div><div>464 m&sup2;<\/div><\/div><div class=\"smallCol\"><div class=\"infolotsize_unit_type2\"><\/div><div>0 m&sup2;<\/div><\/div>            <\/div>\n\t\t\n            <div class=\"listing_unit_price_wrapper\">1.980.000 \u20ac <span class=\"price_label\"><\/span><\/div>               \n            <div class=\"property_location\">\n                    \n                    <div class=\"ownerNotes\">5289 - 65<\/div><div class=\"propertyArea\"><a href=\"https:\/\/www.privatepropertymallorca.com\/en\/state\/southwest\/\" rel=\"tag\">Southwest<\/a>, <a href=\"https:\/\/www.privatepropertymallorca.com\/en\/city\/santa-ponsa-en\/\" rel=\"tag\">Santa Ponsa<\/a><\/div>                        <\/div>        <\/div>             \n    <\/div>\n  \n\n\n\n<div class=\"col-md-3 shortcode-col has_4per_row  listing_wrapper property_unit_type2\" data-org=\"4\" data-listid=\"1052808\" > \n    <div class=\"property_listing property_unit_type2  \" data-link=\"https:\/\/www.privatepropertymallorca.com\/en\/realestate\/project-fantastic-villa-in-nova-santa-ponsa-with-stunning-panoramic-sea-and-harbor-views\/\">\n        \n        <div class=\"listing-unit-img-wrapper\"><a href=\"https:\/\/www.privatepropertymallorca.com\/en\/realestate\/project-fantastic-villa-in-nova-santa-ponsa-with-stunning-panoramic-sea-and-harbor-views\/\" target=\"_self\"><img loading=\"lazy\" decoding=\"async\" width=\"525\" height=\"328\" src=\"https:\/\/www.privatepropertymallorca.com\/wp-content\/uploads\/2024\/02\/9ddbb7f0-fd0a-4a0b-9a75-51e11ff92e35-525x328.jpg\" class=\"lazyload img-responsive wp-post-image\" alt=\"V-4802 PROJEKT! Fantastische Villa in Nova Santa Ponsa mit atemberaubendem Panorama Meer- und Hafenblick 1\" data-original=\"https:\/\/www.privatepropertymallorca.com\/wp-content\/uploads\/2024\/02\/9ddbb7f0-fd0a-4a0b-9a75-51e11ff92e35-525x328.jpg\" \/><\/a><div class=\"tag-wrapper\"><div class=\"status-wrapper\"><\/div><\/div><\/div>\n\n            <h4><a href=\"https:\/\/www.privatepropertymallorca.com\/en\/realestate\/project-fantastic-villa-in-nova-santa-ponsa-with-stunning-panoramic-sea-and-harbor-views\/\" target=\"_self\">\n                Fantastic villa in Nova Santa Ponsa with breathtaking panoramic sea views                <\/a> \n            <\/h4> \n        \n            <div class=\"property_listing_details\">\n                <div class=\"smallCol\"><div class=\"inforoom_unit_type2\"><\/div><div>4<\/div><\/div><div class=\"smallCol\"><div class=\"infobath_unit_type2\"><\/div><div>4<\/div><\/div><div class=\"smallCol\"><div class=\"infosize_unit_type2\"><\/div><div>670 m&sup2;<\/div><\/div><div class=\"smallCol\"><div class=\"infolotsize_unit_type2\"><\/div><div>874 m&sup2;<\/div><\/div>            <\/div>\n\t\t\n            <div class=\"listing_unit_price_wrapper\">9.890.000 \u20ac <span class=\"price_label\"><\/span><\/div>               \n            <div class=\"property_location\">\n                    \n                    <div class=\"ownerNotes\">V-4802<\/div><div class=\"propertyArea\"><a href=\"https:\/\/www.privatepropertymallorca.com\/en\/state\/southwest\/\" rel=\"tag\">Southwest<\/a>, <a href=\"https:\/\/www.privatepropertymallorca.com\/en\/city\/santa-ponsa-en\/\" rel=\"tag\">Santa Ponsa<\/a><\/div>                        <\/div>        <\/div>             \n    <\/div>\n  \n\n\n\n<div class=\"col-md-3 shortcode-col has_4per_row  listing_wrapper property_unit_type2\" data-org=\"4\" data-listid=\"395817\" > \n    <div class=\"property_listing property_unit_type2  \" data-link=\"https:\/\/www.privatepropertymallorca.com\/en\/realestate\/mansion-in-bunyola-historical-country-manor-from-1602-including-vast-estate\/\">\n        \n        <div class=\"listing-unit-img-wrapper\"><a href=\"https:\/\/www.privatepropertymallorca.com\/en\/realestate\/mansion-in-bunyola-historical-country-manor-from-1602-including-vast-estate\/\" target=\"_self\"><img loading=\"lazy\" decoding=\"async\" width=\"525\" height=\"328\" src=\"https:\/\/www.privatepropertymallorca.com\/wp-content\/uploads\/2020\/09\/Titelbild_154781-525x328.jpg\" class=\"lazyload img-responsive wp-post-image\" alt=\"F-2717-00 Bunyola\" data-original=\"https:\/\/www.privatepropertymallorca.com\/wp-content\/uploads\/2020\/09\/Titelbild_154781-525x328.jpg\" \/><\/a><div class=\"tag-wrapper\"><div class=\"status-wrapper\"><\/div><\/div><\/div>\n\n            <h4><a href=\"https:\/\/www.privatepropertymallorca.com\/en\/realestate\/mansion-in-bunyola-historical-country-manor-from-1602-including-vast-estate\/\" target=\"_self\">\n                Mansion in Bunyola: Historical country manor from 1602 including vast estate                <\/a> \n            <\/h4> \n        \n            <div class=\"property_listing_details\">\n                <div class=\"smallCol\"><div class=\"inforoom_unit_type2\"><\/div><div>16<\/div><\/div><div class=\"smallCol\"><div class=\"infobath_unit_type2\"><\/div><div>10<\/div><\/div><div class=\"smallCol\"><div class=\"infosize_unit_type2\"><\/div><div>1853 m&sup2;<\/div><\/div><div class=\"smallCol\"><div class=\"infolotsize_unit_type2\"><\/div><div>824293 m&sup2;<\/div><\/div>            <\/div>\n\t\t\n            <div class=\"listing_unit_price_wrapper\">12.000.000 \u20ac <span class=\"price_label\"><\/span><\/div>               \n            <div class=\"property_location\">\n                    \n                    <div class=\"ownerNotes\">F-2717<\/div><div class=\"propertyArea\"><a href=\"https:\/\/www.privatepropertymallorca.com\/en\/state\/west\/\" rel=\"tag\">West<\/a>, <a href=\"https:\/\/www.privatepropertymallorca.com\/en\/city\/bunyola-en\/\" rel=\"tag\">Bunyola<\/a><\/div>                        <\/div>        <\/div>             \n    <\/div>\n  \n\n\n\n<div class=\"col-md-3 shortcode-col has_4per_row  listing_wrapper property_unit_type2\" data-org=\"4\" data-listid=\"1290618\" > \n    <div class=\"property_listing property_unit_type2  \" data-link=\"https:\/\/www.privatepropertymallorca.com\/en\/realestate\/high-quality-renovated-penthouse-with-roof-terrace-in-el-molinar-palma\/\">\n        \n        <div class=\"listing-unit-img-wrapper\"><a href=\"https:\/\/www.privatepropertymallorca.com\/en\/realestate\/high-quality-renovated-penthouse-with-roof-terrace-in-el-molinar-palma\/\" target=\"_self\"><img loading=\"lazy\" decoding=\"async\" width=\"525\" height=\"328\" src=\"https:\/\/www.privatepropertymallorca.com\/wp-content\/uploads\/2026\/01\/6fbd3123-d334-438c-9b69-92b674faa2a7-1-525x328.jpg\" class=\"lazyload img-responsive wp-post-image\" alt=\"5497 - Penthaus in El Molinar 21\" data-original=\"https:\/\/www.privatepropertymallorca.com\/wp-content\/uploads\/2026\/01\/6fbd3123-d334-438c-9b69-92b674faa2a7-1-525x328.jpg\" \/><\/a><div class=\"tag-wrapper\"><div class=\"status-wrapper\"><\/div><\/div><\/div>\n\n            <h4><a href=\"https:\/\/www.privatepropertymallorca.com\/en\/realestate\/high-quality-renovated-penthouse-with-roof-terrace-in-el-molinar-palma\/\" target=\"_self\">\n                High-quality renovated penthouse en El Molinar for sale with roof terrace                <\/a> \n            <\/h4> \n        \n            <div class=\"property_listing_details\">\n                <div class=\"smallCol\"><div class=\"inforoom_unit_type2\"><\/div><div>3<\/div><\/div><div class=\"smallCol\"><div class=\"infobath_unit_type2\"><\/div><div>2<\/div><\/div><div class=\"smallCol\"><div class=\"infosize_unit_type2\"><\/div><div>0 m&sup2;<\/div><\/div><div class=\"smallCol\"><div class=\"infolotsize_unit_type2\"><\/div><div>0 m&sup2;<\/div><\/div>            <\/div>\n\t\t\n            <div class=\"listing_unit_price_wrapper\">860.000 \u20ac <span class=\"price_label\"><\/span><\/div>               \n            <div class=\"property_location\">\n                    \n                    <div class=\"ownerNotes\">5497<\/div><div class=\"propertyArea\"><a href=\"https:\/\/www.privatepropertymallorca.com\/en\/state\/palma-surroundings\/\" rel=\"tag\">Palma &amp; Surroundings<\/a>, <a href=\"https:\/\/www.privatepropertymallorca.com\/en\/city\/molinar-en\/\" rel=\"tag\">Molinar<\/a><\/div>                        <\/div>        <\/div>             \n    <\/div>\n  \n\n\n\n<div class=\"col-md-3 shortcode-col has_4per_row  listing_wrapper property_unit_type2\" data-org=\"4\" data-listid=\"1301122\" > \n    <div class=\"property_listing property_unit_type2  \" data-link=\"https:\/\/www.privatepropertymallorca.com\/en\/realestate\/charming-house-with-pool-and-garden-in-cala-blava-bellavista\/\">\n        \n        <div class=\"listing-unit-img-wrapper\"><a href=\"https:\/\/www.privatepropertymallorca.com\/en\/realestate\/charming-house-with-pool-and-garden-in-cala-blava-bellavista\/\" target=\"_self\"><img loading=\"lazy\" decoding=\"async\" width=\"525\" height=\"328\" src=\"https:\/\/www.privatepropertymallorca.com\/wp-content\/uploads\/2026\/04\/5bd8004d-a796-4d40-b302-5356dd3647ed-1-525x328.jpg\" class=\"lazyload img-responsive wp-post-image\" alt=\"5552 - Villa in Cala Blava 8\" data-original=\"https:\/\/www.privatepropertymallorca.com\/wp-content\/uploads\/2026\/04\/5bd8004d-a796-4d40-b302-5356dd3647ed-1-525x328.jpg\" \/><\/a><div class=\"tag-wrapper\"><div class=\"status-wrapper\"><\/div><\/div><\/div>\n\n            <h4><a href=\"https:\/\/www.privatepropertymallorca.com\/en\/realestate\/charming-house-with-pool-and-garden-in-cala-blava-bellavista\/\" target=\"_self\">\n                Charming house with pool and garden in Cala Blava, Bellavista                <\/a> \n            <\/h4> \n        \n            <div class=\"property_listing_details\">\n                <div class=\"smallCol\"><div class=\"inforoom_unit_type2\"><\/div><div>3<\/div><\/div><div class=\"smallCol\"><div class=\"infobath_unit_type2\"><\/div><div>2<\/div><\/div><div class=\"smallCol\"><div class=\"infosize_unit_type2\"><\/div><div>0 m&sup2;<\/div><\/div><div class=\"smallCol\"><div class=\"infolotsize_unit_type2\"><\/div><div>988 m&sup2;<\/div><\/div>            <\/div>\n\t\t\n            <div class=\"listing_unit_price_wrapper\">955.000 \u20ac <span class=\"price_label\"><\/span><\/div>               \n            <div class=\"property_location\">\n                    \n                    <div class=\"ownerNotes\">5552<\/div><div class=\"propertyArea\"><a href=\"https:\/\/www.privatepropertymallorca.com\/en\/state\/south\/\" rel=\"tag\">South<\/a>, <a href=\"https:\/\/www.privatepropertymallorca.com\/en\/city\/bahia-blava-en\/\" rel=\"tag\">Bahia Blava<\/a><\/div>                        <\/div>        <\/div>             \n    <\/div>\n  \n\n\n\n<div class=\"col-md-3 shortcode-col has_4per_row  listing_wrapper property_unit_type2\" data-org=\"4\" data-listid=\"402043\" > \n    <div class=\"property_listing property_unit_type2  \" data-link=\"https:\/\/www.privatepropertymallorca.com\/en\/realestate\/wonderful-spacious-finca-property-also-for-horse-lovers-near-llucmajor\/\">\n        \n        <div class=\"listing-unit-img-wrapper\"><a href=\"https:\/\/www.privatepropertymallorca.com\/en\/realestate\/wonderful-spacious-finca-property-also-for-horse-lovers-near-llucmajor\/\" target=\"_self\"><img loading=\"lazy\" decoding=\"async\" width=\"525\" height=\"328\" src=\"https:\/\/www.privatepropertymallorca.com\/wp-content\/uploads\/2026\/03\/78fc0926-f3c7-4dca-af01-738b365707c4-1-525x328.jpg\" class=\"lazyload img-responsive wp-post-image\" alt=\"ETV LOGO PPM  (4)\" data-original=\"https:\/\/www.privatepropertymallorca.com\/wp-content\/uploads\/2026\/03\/78fc0926-f3c7-4dca-af01-738b365707c4-1-525x328.jpg\" \/><\/a><div class=\"tag-wrapper\"><div class=\"status-wrapper\"><div class=\"ribbon-inside holiday-rental-licence\">Holiday rental licence<\/div><\/div><\/div><\/div>\n\n            <h4><a href=\"https:\/\/www.privatepropertymallorca.com\/en\/realestate\/wonderful-spacious-finca-property-also-for-horse-lovers-near-llucmajor\/\" target=\"_self\">\n                Spacious finca property in Llucmajor also for horse lovers                <\/a> \n            <\/h4> \n        \n            <div class=\"property_listing_details\">\n                <div class=\"smallCol\"><div class=\"inforoom_unit_type2\"><\/div><div>9<\/div><\/div><div class=\"smallCol\"><div class=\"infobath_unit_type2\"><\/div><div>9<\/div><\/div><div class=\"smallCol\"><div class=\"infosize_unit_type2\"><\/div><div>1350 m&sup2;<\/div><\/div><div class=\"smallCol\"><div class=\"infolotsize_unit_type2\"><\/div><div>375533 m&sup2;<\/div><\/div>            <\/div>\n\t\t\n            <div class=\"listing_unit_price_wrapper\">4.500.000 \u20ac <span class=\"price_label\"><\/span><\/div>               \n            <div class=\"property_location\">\n                    \n                    <div class=\"ownerNotes\">F-3073<\/div><div class=\"propertyArea\"><a href=\"https:\/\/www.privatepropertymallorca.com\/en\/state\/south\/\" rel=\"tag\">South<\/a>, <a href=\"https:\/\/www.privatepropertymallorca.com\/en\/city\/sa-torre-en\/\" rel=\"tag\">Sa Torre<\/a><\/div>                        <\/div>        <\/div>             \n    <\/div>\n  \n\n\n\n<div class=\"col-md-3 shortcode-col has_4per_row  listing_wrapper property_unit_type2\" data-org=\"4\" data-listid=\"411648\" > \n    <div class=\"property_listing property_unit_type2  \" data-link=\"https:\/\/www.privatepropertymallorca.com\/en\/realestate\/luxurious-villa-in-first-sea-line-of-cala-vinyas-with-views-to-sa-porrassa\/\">\n        \n        <div class=\"listing-unit-img-wrapper\"><a href=\"https:\/\/www.privatepropertymallorca.com\/en\/realestate\/luxurious-villa-in-first-sea-line-of-cala-vinyas-with-views-to-sa-porrassa\/\" target=\"_self\"><img loading=\"lazy\" decoding=\"async\" width=\"525\" height=\"328\" src=\"https:\/\/www.privatepropertymallorca.com\/wp-content\/uploads\/2023\/09\/a1585385-b78f-42ce-bf49-0db2321974a1-1-525x328.jpg\" class=\"lazyload img-responsive wp-post-image\" alt=\"V-3430 Luxuri\u00f6se Villa in erster Meereslinie von Cala Vinyas mit Blick auf Sa Porrassa 3\" data-original=\"https:\/\/www.privatepropertymallorca.com\/wp-content\/uploads\/2023\/09\/a1585385-b78f-42ce-bf49-0db2321974a1-1-525x328.jpg\" \/><\/a><div class=\"tag-wrapper\"><div class=\"status-wrapper\"><\/div><\/div><\/div>\n\n            <h4><a href=\"https:\/\/www.privatepropertymallorca.com\/en\/realestate\/luxurious-villa-in-first-sea-line-of-cala-vinyas-with-views-to-sa-porrassa\/\" target=\"_self\">\n                Luxurious villa in first sea line of Cala Vinyas with views to Sa Porrassa                <\/a> \n            <\/h4> \n        \n            <div class=\"property_listing_details\">\n                <div class=\"smallCol\"><div class=\"inforoom_unit_type2\"><\/div><div>5<\/div><\/div><div class=\"smallCol\"><div class=\"infobath_unit_type2\"><\/div><div>7<\/div><\/div><div class=\"smallCol\"><div class=\"infosize_unit_type2\"><\/div><div>745 m&sup2;<\/div><\/div><div class=\"smallCol\"><div class=\"infolotsize_unit_type2\"><\/div><div>1321 m&sup2;<\/div><\/div>            <\/div>\n\t\t\n            <div class=\"listing_unit_price_wrapper\">12.000.000 \u20ac <span class=\"price_label\"><\/span><\/div>               \n            <div class=\"property_location\">\n                    \n                    <div class=\"ownerNotes\">V-3430<\/div><div class=\"propertyArea\"><a href=\"https:\/\/www.privatepropertymallorca.com\/en\/state\/southwest\/\" rel=\"tag\">Southwest<\/a>, <a href=\"https:\/\/www.privatepropertymallorca.com\/en\/city\/cala-vinyas-en\/\" rel=\"tag\">Cala Vinyas<\/a><\/div>                        <\/div>        <\/div>             \n    <\/div>\n  \n\n\n\n<div class=\"col-md-3 shortcode-col has_4per_row  listing_wrapper property_unit_type2\" data-org=\"4\" data-listid=\"1138165\" > \n    <div class=\"property_listing property_unit_type2  \" data-link=\"https:\/\/www.privatepropertymallorca.com\/en\/realestate\/rented-out-dazzling-penthouse-in-palma-with-spectacular-sea-and-marina-views-on-the-paseo-maritimo\/\">\n        \n        <div class=\"listing-unit-img-wrapper\"><a href=\"https:\/\/www.privatepropertymallorca.com\/en\/realestate\/rented-out-dazzling-penthouse-in-palma-with-spectacular-sea-and-marina-views-on-the-paseo-maritimo\/\" target=\"_self\"><img loading=\"lazy\" decoding=\"async\" width=\"525\" height=\"328\" src=\"https:\/\/www.privatepropertymallorca.com\/wp-content\/uploads\/2024\/06\/91bab40d-3860-4a42-a053-3e5511565e00-1-525x328.jpg\" class=\"lazyload img-responsive wp-post-image\" alt=\"P-4688 Himmlisches Penthouse am Paseo Maritimo mit spektakul\u00e4rem Meer- und Yachthafenblick - Palma 18\" data-original=\"https:\/\/www.privatepropertymallorca.com\/wp-content\/uploads\/2024\/06\/91bab40d-3860-4a42-a053-3e5511565e00-1-525x328.jpg\" \/><\/a><div class=\"tag-wrapper\"><div class=\"status-wrapper\"><\/div><\/div><\/div>\n\n            <h4><a href=\"https:\/\/www.privatepropertymallorca.com\/en\/realestate\/rented-out-dazzling-penthouse-in-palma-with-spectacular-sea-and-marina-views-on-the-paseo-maritimo\/\" target=\"_self\">\n                Stunning penthouse in Palma with spectacular harbor and sea views                <\/a> \n            <\/h4> \n        \n            <div class=\"property_listing_details\">\n                <div class=\"smallCol\"><div class=\"inforoom_unit_type2\"><\/div><div>5<\/div><\/div><div class=\"smallCol\"><div class=\"infobath_unit_type2\"><\/div><div>4<\/div><\/div><div class=\"smallCol\"><div class=\"infosize_unit_type2\"><\/div><div>250 m&sup2;<\/div><\/div><div class=\"smallCol\"><div class=\"infolotsize_unit_type2\"><\/div><div>0 m&sup2;<\/div><\/div>            <\/div>\n\t\t\n            <div class=\"listing_unit_price_wrapper\">2.190.000 \u20ac <span class=\"price_label\"><\/span><\/div>               \n            <div class=\"property_location\">\n                    \n                    <div class=\"ownerNotes\">P-4688<\/div><div class=\"propertyArea\"><a href=\"https:\/\/www.privatepropertymallorca.com\/en\/state\/palma-surroundings\/\" rel=\"tag\">Palma &amp; Surroundings<\/a>, <a href=\"https:\/\/www.privatepropertymallorca.com\/en\/city\/paseo-maritimo-en\/\" rel=\"tag\">Paseo Maritimo<\/a><\/div>                        <\/div>        <\/div>             \n    <\/div>\n  \n\n\n\n<div class=\"col-md-3 shortcode-col has_4per_row  listing_wrapper property_unit_type2\" data-org=\"4\" data-listid=\"1052199\" > \n    <div class=\"property_listing property_unit_type2  \" data-link=\"https:\/\/www.privatepropertymallorca.com\/en\/realestate\/idyllic-stone-finca-with-pool-and-views-between-campos-and-santanyi-ideal-for-nature-lovers\/\">\n        \n        <div class=\"listing-unit-img-wrapper\"><a href=\"https:\/\/www.privatepropertymallorca.com\/en\/realestate\/idyllic-stone-finca-with-pool-and-views-between-campos-and-santanyi-ideal-for-nature-lovers\/\" target=\"_self\"><img loading=\"lazy\" decoding=\"async\" width=\"525\" height=\"328\" src=\"https:\/\/www.privatepropertymallorca.com\/wp-content\/uploads\/2026\/03\/e7b24c2d-acdb-4874-8f12-fa08c240fdaa-1-525x328.jpg\" class=\"lazyload img-responsive wp-post-image\" alt=\"ETV LOGO PPM  (4)\" data-original=\"https:\/\/www.privatepropertymallorca.com\/wp-content\/uploads\/2026\/03\/e7b24c2d-acdb-4874-8f12-fa08c240fdaa-1-525x328.jpg\" \/><\/a><div class=\"tag-wrapper\"><div class=\"status-wrapper\"><div class=\"ribbon-inside holiday-rental-licence\">Holiday rental licence<\/div><\/div><\/div><\/div>\n\n            <h4><a href=\"https:\/\/www.privatepropertymallorca.com\/en\/realestate\/idyllic-stone-finca-with-pool-and-views-between-campos-and-santanyi-ideal-for-nature-lovers\/\" target=\"_self\">\n                Idyllic stone finca with pool and views between Campos and Santanyi, ideal for nature lovers!                <\/a> \n            <\/h4> \n        \n            <div class=\"property_listing_details\">\n                <div class=\"smallCol\"><div class=\"inforoom_unit_type2\"><\/div><div>3<\/div><\/div><div class=\"smallCol\"><div class=\"infobath_unit_type2\"><\/div><div>2<\/div><\/div><div class=\"smallCol\"><div class=\"infosize_unit_type2\"><\/div><div>250 m&sup2;<\/div><\/div><div class=\"smallCol\"><div class=\"infolotsize_unit_type2\"><\/div><div>11000 m&sup2;<\/div><\/div>            <\/div>\n\t\t\n            <div class=\"listing_unit_price_wrapper\">1.590.000 \u20ac <span class=\"price_label\"><\/span><\/div>               \n            <div class=\"property_location\">\n                    \n                    <div class=\"ownerNotes\">F-2087<\/div><div class=\"propertyArea\"><a href=\"https:\/\/www.privatepropertymallorca.com\/en\/state\/southeast\/\" rel=\"tag\">Southeast<\/a>, <a href=\"https:\/\/www.privatepropertymallorca.com\/en\/city\/campos-en\/\" rel=\"tag\">Campos<\/a><\/div>                        <\/div>        <\/div>             \n    <\/div>\n  \n\n\n\n<div class=\"col-md-3 shortcode-col has_4per_row  listing_wrapper property_unit_type2\" data-org=\"4\" data-listid=\"662218\" > \n    <div class=\"property_listing property_unit_type2  \" data-link=\"https:\/\/www.privatepropertymallorca.com\/en\/realestate\/reserved-new-project-exclusive-penthouse-with-roof-terrace-and-private-pool-in-palma-son-amardams\/\">\n        \n        <div class=\"listing-unit-img-wrapper\"><a href=\"https:\/\/www.privatepropertymallorca.com\/en\/realestate\/reserved-new-project-exclusive-penthouse-with-roof-terrace-and-private-pool-in-palma-son-amardams\/\" target=\"_self\"><img loading=\"lazy\" decoding=\"async\" width=\"525\" height=\"328\" src=\"https:\/\/www.privatepropertymallorca.com\/wp-content\/uploads\/2024\/04\/fb1bceed-01f0-4cc7-a1d9-cc67f47a99d3-525x328.jpg\" class=\"lazyload img-responsive wp-post-image\" alt=\"P-2952_7 Exklusives Penthouse in Palma, Son Armadams, mit Dachterrasse und privatem Pool  12\" data-original=\"https:\/\/www.privatepropertymallorca.com\/wp-content\/uploads\/2024\/04\/fb1bceed-01f0-4cc7-a1d9-cc67f47a99d3-525x328.jpg\" \/><\/a><div class=\"tag-wrapper\"><div class=\"status-wrapper\"><\/div><\/div><\/div>\n\n            <h4><a href=\"https:\/\/www.privatepropertymallorca.com\/en\/realestate\/reserved-new-project-exclusive-penthouse-with-roof-terrace-and-private-pool-in-palma-son-amardams\/\" target=\"_self\">\n                Exclusive penthouse in Palma, Son Armadams, with roof terrace and private pool                <\/a> \n            <\/h4> \n        \n            <div class=\"property_listing_details\">\n                <div class=\"smallCol\"><div class=\"inforoom_unit_type2\"><\/div><div>3<\/div><\/div><div class=\"smallCol\"><div class=\"infobath_unit_type2\"><\/div><div>2<\/div><\/div><div class=\"smallCol\"><div class=\"infosize_unit_type2\"><\/div><div>349 m&sup2;<\/div><\/div><div class=\"smallCol\"><div class=\"infolotsize_unit_type2\"><\/div><div>0 m&sup2;<\/div><\/div>            <\/div>\n\t\t\n            <div class=\"listing_unit_price_wrapper\">2.600.000 \u20ac <span class=\"price_label\"><\/span><\/div>               \n            <div class=\"property_location\">\n                    \n                    <div class=\"ownerNotes\">P-2952_7<\/div><div class=\"propertyArea\"><a href=\"https:\/\/www.privatepropertymallorca.com\/en\/state\/palma-surroundings\/\" rel=\"tag\">Palma &amp; Surroundings<\/a>, <a href=\"https:\/\/www.privatepropertymallorca.com\/en\/city\/son-armadams-en\/\" rel=\"tag\">Son Armadams<\/a><\/div>                        <\/div>        <\/div>             \n    <\/div>\n  \n\n\n\n<div class=\"col-md-3 shortcode-col has_4per_row  listing_wrapper property_unit_type2\" data-org=\"4\" data-listid=\"1113824\" > \n    <div class=\"property_listing property_unit_type2  \" data-link=\"https:\/\/www.privatepropertymallorca.com\/en\/realestate\/impressive-plot-in-bendinat-golf-with-building-license-sea-views-quiet-location\/\">\n        \n        <div class=\"listing-unit-img-wrapper\"><a href=\"https:\/\/www.privatepropertymallorca.com\/en\/realestate\/impressive-plot-in-bendinat-golf-with-building-license-sea-views-quiet-location\/\" target=\"_self\"><img loading=\"lazy\" decoding=\"async\" width=\"525\" height=\"328\" src=\"https:\/\/www.privatepropertymallorca.com\/wp-content\/uploads\/2024\/04\/379563-1-525x328.jpg\" class=\"lazyload img-responsive wp-post-image\" alt=\"5042-121 Beeindruckendes Grundst\u00fcck in Bendinat Golf mit Baulizenz, Meerblick &amp; Ruhelage\" data-original=\"https:\/\/www.privatepropertymallorca.com\/wp-content\/uploads\/2024\/04\/379563-1-525x328.jpg\" \/><\/a><div class=\"tag-wrapper\"><div class=\"status-wrapper\"><\/div><\/div><\/div>\n\n            <h4><a href=\"https:\/\/www.privatepropertymallorca.com\/en\/realestate\/impressive-plot-in-bendinat-golf-with-building-license-sea-views-quiet-location\/\" target=\"_self\">\n                Impressive plot in Bendinat Golf with building license, sea views &amp; quiet location                <\/a> \n            <\/h4> \n        \n            <div class=\"property_listing_details\">\n                <div class=\"smallCol\"><div class=\"inforoom_unit_type2\"><\/div><div>-<\/div><\/div><div class=\"smallCol\"><div class=\"infobath_unit_type2\"><\/div><div>-<\/div><\/div><div class=\"smallCol\"><div class=\"infosize_unit_type2\"><\/div><div>0 m&sup2;<\/div><\/div><div class=\"smallCol\"><div class=\"infolotsize_unit_type2\"><\/div><div>1560 m&sup2;<\/div><\/div>            <\/div>\n\t\t\n            <div class=\"listing_unit_price_wrapper\">2.890.000 \u20ac <span class=\"price_label\"><\/span><\/div>               \n            <div class=\"property_location\">\n                    \n                    <div class=\"ownerNotes\">5042-121<\/div><div class=\"propertyArea\"><a href=\"https:\/\/www.privatepropertymallorca.com\/en\/state\/southwest\/\" rel=\"tag\">Southwest<\/a>, <a href=\"https:\/\/www.privatepropertymallorca.com\/en\/city\/bendinat-en\/\" rel=\"tag\">Bendinat<\/a><\/div>                        <\/div>        <\/div>             \n    <\/div>\n  \n\n\n\n<div class=\"col-md-3 shortcode-col has_4per_row  listing_wrapper property_unit_type2\" data-org=\"4\" data-listid=\"1157467\" > \n    <div class=\"property_listing property_unit_type2  \" data-link=\"https:\/\/www.privatepropertymallorca.com\/en\/realestate\/villa-in-genova-with-modern-design-stunning-views-of-the-bay-of-palma\/\">\n        \n        <div class=\"listing-unit-img-wrapper\"><a href=\"https:\/\/www.privatepropertymallorca.com\/en\/realestate\/villa-in-genova-with-modern-design-stunning-views-of-the-bay-of-palma\/\" target=\"_self\"><img loading=\"lazy\" decoding=\"async\" width=\"525\" height=\"328\" src=\"https:\/\/www.privatepropertymallorca.com\/wp-content\/uploads\/2024\/09\/b8a114db-8c15-432e-be95-0a10de5c8f6a-1-525x328.jpg\" class=\"lazyload img-responsive wp-post-image\" alt=\"V-4556 Villa in G\u00e9nova mit in modernem Design &amp; herrlichem Blick auf die Bucht von Palma 1\" data-original=\"https:\/\/www.privatepropertymallorca.com\/wp-content\/uploads\/2024\/09\/b8a114db-8c15-432e-be95-0a10de5c8f6a-1-525x328.jpg\" \/><\/a><div class=\"tag-wrapper\"><div class=\"status-wrapper\"><\/div><\/div><\/div>\n\n            <h4><a href=\"https:\/\/www.privatepropertymallorca.com\/en\/realestate\/villa-in-genova-with-modern-design-stunning-views-of-the-bay-of-palma\/\" target=\"_self\">\n                Villa in G\u00e9nova with modern design &amp; stunning views of the bay of Palma                <\/a> \n            <\/h4> \n        \n            <div class=\"property_listing_details\">\n                <div class=\"smallCol\"><div class=\"inforoom_unit_type2\"><\/div><div>5<\/div><\/div><div class=\"smallCol\"><div class=\"infobath_unit_type2\"><\/div><div>4<\/div><\/div><div class=\"smallCol\"><div class=\"infosize_unit_type2\"><\/div><div>604 m&sup2;<\/div><\/div><div class=\"smallCol\"><div class=\"infolotsize_unit_type2\"><\/div><div>1141 m&sup2;<\/div><\/div>            <\/div>\n\t\t\n            <div class=\"listing_unit_price_wrapper\">5.900.000 \u20ac <span class=\"price_label\"><\/span><\/div>               \n            <div class=\"property_location\">\n                    \n                    <div class=\"ownerNotes\">V-4556<\/div><div class=\"propertyArea\"><a href=\"https:\/\/www.privatepropertymallorca.com\/en\/state\/palma-surroundings\/\" rel=\"tag\">Palma &amp; Surroundings<\/a>, <a href=\"https:\/\/www.privatepropertymallorca.com\/en\/city\/genova-en\/\" rel=\"tag\">Genova<\/a><\/div>                        <\/div>        <\/div>             \n    <\/div>\n  \n\n\n\n<div class=\"col-md-3 shortcode-col has_4per_row  listing_wrapper property_unit_type2\" data-org=\"4\" data-listid=\"1283939\" > \n    <div class=\"property_listing property_unit_type2  \" data-link=\"https:\/\/www.privatepropertymallorca.com\/en\/realestate\/high-quality-townhouse-in-puerto-andratx\/\">\n        \n        <div class=\"listing-unit-img-wrapper\"><a href=\"https:\/\/www.privatepropertymallorca.com\/en\/realestate\/high-quality-townhouse-in-puerto-andratx\/\" target=\"_self\"><img loading=\"lazy\" decoding=\"async\" width=\"525\" height=\"328\" src=\"https:\/\/www.privatepropertymallorca.com\/wp-content\/uploads\/2026\/04\/2aa2bda3-2a3c-4d13-b1d0-cea8d99148c1-1-525x328.jpg\" class=\"lazyload img-responsive wp-post-image\" alt=\"5490 - 66 Townhouse in Port Andratx6\" data-original=\"https:\/\/www.privatepropertymallorca.com\/wp-content\/uploads\/2026\/04\/2aa2bda3-2a3c-4d13-b1d0-cea8d99148c1-1-525x328.jpg\" \/><\/a><div class=\"tag-wrapper\"><div class=\"status-wrapper\"><\/div><\/div><\/div>\n\n            <h4><a href=\"https:\/\/www.privatepropertymallorca.com\/en\/realestate\/high-quality-townhouse-in-puerto-andratx\/\" target=\"_self\">\n                High-quality townhouse in Puerto Andratx                <\/a> \n            <\/h4> \n        \n            <div class=\"property_listing_details\">\n                <div class=\"smallCol\"><div class=\"inforoom_unit_type2\"><\/div><div>4<\/div><\/div><div class=\"smallCol\"><div class=\"infobath_unit_type2\"><\/div><div>3<\/div><\/div><div class=\"smallCol\"><div class=\"infosize_unit_type2\"><\/div><div>186 m&sup2;<\/div><\/div><div class=\"smallCol\"><div class=\"infolotsize_unit_type2\"><\/div><div>0 m&sup2;<\/div><\/div>            <\/div>\n\t\t\n            <div class=\"listing_unit_price_wrapper\">3.280.000 \u20ac <span class=\"price_label\"><\/span><\/div>               \n            <div class=\"property_location\">\n                    \n                    <div class=\"ownerNotes\">5490 - 66<\/div><div class=\"propertyArea\"><a href=\"https:\/\/www.privatepropertymallorca.com\/en\/state\/southwest\/\" rel=\"tag\">Southwest<\/a>, <a href=\"https:\/\/www.privatepropertymallorca.com\/en\/city\/port-andratx-en\/\" rel=\"tag\">Port Andratx<\/a><\/div>                        <\/div>        <\/div>             \n    <\/div>\n  \n\n\n\n<div class=\"col-md-3 shortcode-col has_4per_row  listing_wrapper property_unit_type2\" data-org=\"4\" data-listid=\"1115155\" > \n    <div class=\"property_listing property_unit_type2  \" data-link=\"https:\/\/www.privatepropertymallorca.com\/en\/realestate\/under-construction-exceptional-luxury-finca-in-santa-maria-with-privacy-and-panoramic-views\/\">\n        \n        <div class=\"listing-unit-img-wrapper\"><a href=\"https:\/\/www.privatepropertymallorca.com\/en\/realestate\/under-construction-exceptional-luxury-finca-in-santa-maria-with-privacy-and-panoramic-views\/\" target=\"_self\"><img loading=\"lazy\" decoding=\"async\" width=\"525\" height=\"328\" src=\"https:\/\/www.privatepropertymallorca.com\/wp-content\/uploads\/2025\/09\/6c98226f-175f-4a14-8a82-f1162fdcd308-1-525x328.jpg\" class=\"lazyload img-responsive wp-post-image\" alt=\"5429  - Villa in Santa Maria9\" data-original=\"https:\/\/www.privatepropertymallorca.com\/wp-content\/uploads\/2025\/09\/6c98226f-175f-4a14-8a82-f1162fdcd308-1-525x328.jpg\" \/><\/a><div class=\"tag-wrapper\"><div class=\"status-wrapper\"><\/div><\/div><\/div>\n\n            <h4><a href=\"https:\/\/www.privatepropertymallorca.com\/en\/realestate\/under-construction-exceptional-luxury-finca-in-santa-maria-with-privacy-and-panoramic-views\/\" target=\"_self\">\n                Finca in Santa Maria on the highest level with privacy and panoramic views                <\/a> \n            <\/h4> \n        \n            <div class=\"property_listing_details\">\n                <div class=\"smallCol\"><div class=\"inforoom_unit_type2\"><\/div><div>4<\/div><\/div><div class=\"smallCol\"><div class=\"infobath_unit_type2\"><\/div><div>4<\/div><\/div><div class=\"smallCol\"><div class=\"infosize_unit_type2\"><\/div><div>680 m&sup2;<\/div><\/div><div class=\"smallCol\"><div class=\"infolotsize_unit_type2\"><\/div><div>17925 m&sup2;<\/div><\/div>            <\/div>\n\t\t\n            <div class=\"listing_unit_price_wrapper\">4.250.000 \u20ac <span class=\"price_label\"><\/span><\/div>               \n            <div class=\"property_location\">\n                    \n                    <div class=\"ownerNotes\">5053-66<\/div><div class=\"propertyArea\"><a href=\"https:\/\/www.privatepropertymallorca.com\/en\/state\/center-of-island\/\" rel=\"tag\">Center of Island<\/a>, <a href=\"https:\/\/www.privatepropertymallorca.com\/en\/city\/santa-maria-en\/\" rel=\"tag\">Santa Maria<\/a><\/div>                        <\/div>        <\/div>             \n    <\/div>\n  \n\n\n\n<div class=\"col-md-3 shortcode-col has_4per_row  listing_wrapper property_unit_type2\" data-org=\"4\" data-listid=\"741653\" > \n    <div class=\"property_listing property_unit_type2  \" data-link=\"https:\/\/www.privatepropertymallorca.com\/en\/realestate\/modern-south-facing-villa-with-vacation-rental-license-next-to-the-golf-club-of-canyamel\/\">\n        \n        <div class=\"listing-unit-img-wrapper\"><a href=\"https:\/\/www.privatepropertymallorca.com\/en\/realestate\/modern-south-facing-villa-with-vacation-rental-license-next-to-the-golf-club-of-canyamel\/\" target=\"_self\"><img loading=\"lazy\" decoding=\"async\" width=\"525\" height=\"328\" src=\"https:\/\/www.privatepropertymallorca.com\/wp-content\/uploads\/2026\/03\/ab222fd5-3790-479f-97df-d878bd589c1d-1-525x328.jpg\" class=\"lazyload img-responsive wp-post-image\" alt=\"ETV LOGO PPM  (4)\" data-original=\"https:\/\/www.privatepropertymallorca.com\/wp-content\/uploads\/2026\/03\/ab222fd5-3790-479f-97df-d878bd589c1d-1-525x328.jpg\" \/><\/a><div class=\"tag-wrapper\"><div class=\"status-wrapper\"><div class=\"ribbon-inside holiday-rental-licence\">Holiday rental licence<\/div><\/div><\/div><\/div>\n\n            <h4><a href=\"https:\/\/www.privatepropertymallorca.com\/en\/realestate\/modern-south-facing-villa-with-vacation-rental-license-next-to-the-golf-club-of-canyamel\/\" target=\"_self\">\n                Modern south facing villa with vacation rental license, next to the golf club of Canyamel                <\/a> \n            <\/h4> \n        \n            <div class=\"property_listing_details\">\n                <div class=\"smallCol\"><div class=\"inforoom_unit_type2\"><\/div><div>5<\/div><\/div><div class=\"smallCol\"><div class=\"infobath_unit_type2\"><\/div><div>5<\/div><\/div><div class=\"smallCol\"><div class=\"infosize_unit_type2\"><\/div><div>444 m&sup2;<\/div><\/div><div class=\"smallCol\"><div class=\"infolotsize_unit_type2\"><\/div><div>1800 m&sup2;<\/div><\/div>            <\/div>\n\t\t\n            <div class=\"listing_unit_price_wrapper\">3.760.000 \u20ac <span class=\"price_label\"><\/span><\/div>               \n            <div class=\"property_location\">\n                    \n                    <div class=\"ownerNotes\">V-2080<\/div><div class=\"propertyArea\"><a href=\"https:\/\/www.privatepropertymallorca.com\/en\/state\/northeast\/\" rel=\"tag\">Northeast<\/a>, <a href=\"https:\/\/www.privatepropertymallorca.com\/en\/city\/canyamel-en\/\" rel=\"tag\">Canyamel<\/a><\/div>                        <\/div>        <\/div>             \n    <\/div>\n  \n\n\n\n<div class=\"col-md-3 shortcode-col has_4per_row  listing_wrapper property_unit_type2\" data-org=\"4\" data-listid=\"1140302\" > \n    <div class=\"property_listing property_unit_type2  \" data-link=\"https:\/\/www.privatepropertymallorca.com\/en\/realestate\/new-build-villa-in-santa-ponsa-on-a-spacious-plot-and-top-quality\/\">\n        \n        <div class=\"listing-unit-img-wrapper\"><a href=\"https:\/\/www.privatepropertymallorca.com\/en\/realestate\/new-build-villa-in-santa-ponsa-on-a-spacious-plot-and-top-quality\/\" target=\"_self\"><img loading=\"lazy\" decoding=\"async\" width=\"525\" height=\"328\" src=\"https:\/\/www.privatepropertymallorca.com\/wp-content\/uploads\/2026\/03\/8dddbf2a-b770-4211-8760-2b027ac72dba-1-525x328.jpg\" class=\"lazyload img-responsive wp-post-image\" alt=\"5101 Neubau Villa in Santa Ponsa auf gro\u00dfz\u00fcgigem Grundst\u00fcck und bester Qualit\u00e4t 1\" data-original=\"https:\/\/www.privatepropertymallorca.com\/wp-content\/uploads\/2026\/03\/8dddbf2a-b770-4211-8760-2b027ac72dba-1-525x328.jpg\" \/><\/a><div class=\"tag-wrapper\"><div class=\"status-wrapper\"><\/div><\/div><\/div>\n\n            <h4><a href=\"https:\/\/www.privatepropertymallorca.com\/en\/realestate\/new-build-villa-in-santa-ponsa-on-a-spacious-plot-and-top-quality\/\" target=\"_self\">\n                New build villa in Santa Ponsa on a spacious plot and top quality                <\/a> \n            <\/h4> \n        \n            <div class=\"property_listing_details\">\n                <div class=\"smallCol\"><div class=\"inforoom_unit_type2\"><\/div><div>5<\/div><\/div><div class=\"smallCol\"><div class=\"infobath_unit_type2\"><\/div><div>6<\/div><\/div><div class=\"smallCol\"><div class=\"infosize_unit_type2\"><\/div><div>1000 m&sup2;<\/div><\/div><div class=\"smallCol\"><div class=\"infolotsize_unit_type2\"><\/div><div>2030 m&sup2;<\/div><\/div>            <\/div>\n\t\t\n            <div class=\"listing_unit_price_wrapper\">12.000.000 \u20ac <span class=\"price_label\"><\/span><\/div>               \n            <div class=\"property_location\">\n                    \n                    <div class=\"ownerNotes\">5101<\/div><div class=\"propertyArea\"><a href=\"https:\/\/www.privatepropertymallorca.com\/en\/state\/southwest\/\" rel=\"tag\">Southwest<\/a>, <a href=\"https:\/\/www.privatepropertymallorca.com\/en\/city\/santa-ponsa-en\/\" rel=\"tag\">Santa Ponsa<\/a><\/div>                        <\/div>        <\/div>             \n    <\/div>\n  \n\n\n\n<div class=\"col-md-3 shortcode-col has_4per_row  listing_wrapper property_unit_type2\" data-org=\"4\" data-listid=\"1289408\" > \n    <div class=\"property_listing property_unit_type2  \" data-link=\"https:\/\/www.privatepropertymallorca.com\/en\/realestate\/reserved-designer-apartment-in-palma-new-build-with-large-sunny-terrace\/\">\n        \n        <div class=\"listing-unit-img-wrapper\"><a href=\"https:\/\/www.privatepropertymallorca.com\/en\/realestate\/reserved-designer-apartment-in-palma-new-build-with-large-sunny-terrace\/\" target=\"_self\"><img loading=\"lazy\" decoding=\"async\" width=\"525\" height=\"328\" src=\"https:\/\/www.privatepropertymallorca.com\/wp-content\/uploads\/2026\/04\/5a2d164c-e618-4185-ba40-ac60ded744df-1-525x328.jpg\" class=\"lazyload img-responsive wp-post-image\" alt=\"A-2952_3 Designerwohnung in Palma, Neubau mit gro\u00dfer, sonniger Terrasse 6\" data-original=\"https:\/\/www.privatepropertymallorca.com\/wp-content\/uploads\/2026\/04\/5a2d164c-e618-4185-ba40-ac60ded744df-1-525x328.jpg\" \/><\/a><div class=\"tag-wrapper\"><div class=\"status-wrapper\"><\/div><\/div><\/div>\n\n            <h4><a href=\"https:\/\/www.privatepropertymallorca.com\/en\/realestate\/reserved-designer-apartment-in-palma-new-build-with-large-sunny-terrace\/\" target=\"_self\">\n                Designer apartment for sale in Palma, new build with large, sunny terrace                <\/a> \n            <\/h4> \n        \n            <div class=\"property_listing_details\">\n                <div class=\"smallCol\"><div class=\"inforoom_unit_type2\"><\/div><div>2<\/div><\/div><div class=\"smallCol\"><div class=\"infobath_unit_type2\"><\/div><div>2<\/div><\/div><div class=\"smallCol\"><div class=\"infosize_unit_type2\"><\/div><div>135 m&sup2;<\/div><\/div><div class=\"smallCol\"><div class=\"infolotsize_unit_type2\"><\/div><div>0 m&sup2;<\/div><\/div>            <\/div>\n\t\t\n            <div class=\"listing_unit_price_wrapper\">1.050.250 \u20ac <span class=\"price_label\"><\/span><\/div>               \n            <div class=\"property_location\">\n                    \n                    <div class=\"ownerNotes\">A-2952_3<\/div><div class=\"propertyArea\"><a href=\"https:\/\/www.privatepropertymallorca.com\/en\/state\/palma-surroundings\/\" rel=\"tag\">Palma &amp; Surroundings<\/a>, <a href=\"https:\/\/www.privatepropertymallorca.com\/en\/city\/son-armadams-en\/\" rel=\"tag\">Son Armadams<\/a><\/div>                        <\/div>        <\/div>             \n    <\/div>\n  \n\n\n\n<div class=\"col-md-3 shortcode-col has_4per_row  listing_wrapper property_unit_type2\" data-org=\"4\" data-listid=\"834645\" > \n    <div class=\"property_listing property_unit_type2  \" data-link=\"https:\/\/www.privatepropertymallorca.com\/en\/realestate\/impressive-villa-with-lots-of-potential-pool-and-fantastic-sea-and-harbor-views-in-port-dandratx\/\">\n        \n        <div class=\"listing-unit-img-wrapper\"><a href=\"https:\/\/www.privatepropertymallorca.com\/en\/realestate\/impressive-villa-with-lots-of-potential-pool-and-fantastic-sea-and-harbor-views-in-port-dandratx\/\" target=\"_self\"><img loading=\"lazy\" decoding=\"async\" width=\"525\" height=\"328\" src=\"https:\/\/www.privatepropertymallorca.com\/wp-content\/uploads\/2023\/02\/a1600297-3db1-4469-b7e0-810f96b32685-1-525x328.jpg\" class=\"lazyload img-responsive wp-post-image\" alt=\"V-4411-96 Villa mit viel Potenzial, Pool, fantastischem Meer- und Hafenblick im S\u00fcden von Andratx 17\" data-original=\"https:\/\/www.privatepropertymallorca.com\/wp-content\/uploads\/2023\/02\/a1600297-3db1-4469-b7e0-810f96b32685-1-525x328.jpg\" \/><\/a><div class=\"tag-wrapper\"><div class=\"status-wrapper\"><\/div><\/div><\/div>\n\n            <h4><a href=\"https:\/\/www.privatepropertymallorca.com\/en\/realestate\/impressive-villa-with-lots-of-potential-pool-and-fantastic-sea-and-harbor-views-in-port-dandratx\/\" target=\"_self\">\n                Impressive villa with lots of potential, pool and fantastic sea and harbor views in Port d&#8217;Andratx                <\/a> \n            <\/h4> \n        \n            <div class=\"property_listing_details\">\n                <div class=\"smallCol\"><div class=\"inforoom_unit_type2\"><\/div><div>5<\/div><\/div><div class=\"smallCol\"><div class=\"infobath_unit_type2\"><\/div><div>6<\/div><\/div><div class=\"smallCol\"><div class=\"infosize_unit_type2\"><\/div><div>321 m&sup2;<\/div><\/div><div class=\"smallCol\"><div class=\"infolotsize_unit_type2\"><\/div><div>878 m&sup2;<\/div><\/div>            <\/div>\n\t\t\n            <div class=\"listing_unit_price_wrapper\">7.900.000 \u20ac <span class=\"price_label\"><\/span><\/div>               \n            <div class=\"property_location\">\n                    \n                    <div class=\"ownerNotes\">V-4411-96<\/div><div class=\"propertyArea\"><a href=\"https:\/\/www.privatepropertymallorca.com\/en\/state\/southwest\/\" rel=\"tag\">Southwest<\/a>, <a href=\"https:\/\/www.privatepropertymallorca.com\/en\/city\/port-andratx-en\/\" rel=\"tag\">Port Andratx<\/a><\/div>                        <\/div>        <\/div>             \n    <\/div>\n  \n\n\n\n<div class=\"col-md-3 shortcode-col has_4per_row  listing_wrapper property_unit_type2\" data-org=\"4\" data-listid=\"1167141\" > \n    <div class=\"property_listing property_unit_type2  \" data-link=\"https:\/\/www.privatepropertymallorca.com\/en\/realestate\/project-high-end-villa-in-port-dandratx-with-views-of-the-harbor-and-the-sea\/\">\n        \n        <div class=\"listing-unit-img-wrapper\"><a href=\"https:\/\/www.privatepropertymallorca.com\/en\/realestate\/project-high-end-villa-in-port-dandratx-with-views-of-the-harbor-and-the-sea\/\" target=\"_self\"><img loading=\"lazy\" decoding=\"async\" width=\"525\" height=\"328\" src=\"https:\/\/www.privatepropertymallorca.com\/wp-content\/uploads\/2024\/11\/985ae102-efb8-4cd9-889e-ddb6254c0e6b-1-525x328.jpg\" class=\"lazyload img-responsive wp-post-image\" alt=\"V-4602 PROJEKT! Villa in Port d&#039;Andratx auf High-End-Niveau mit Blick auf den Hafen und das Meer\" data-original=\"https:\/\/www.privatepropertymallorca.com\/wp-content\/uploads\/2024\/11\/985ae102-efb8-4cd9-889e-ddb6254c0e6b-1-525x328.jpg\" srcset=\"https:\/\/www.privatepropertymallorca.com\/wp-content\/uploads\/2024\/11\/985ae102-efb8-4cd9-889e-ddb6254c0e6b-1-525x328.jpg 525w, https:\/\/www.privatepropertymallorca.com\/wp-content\/uploads\/2024\/11\/985ae102-efb8-4cd9-889e-ddb6254c0e6b-1-1200x749.jpg 1200w, https:\/\/www.privatepropertymallorca.com\/wp-content\/uploads\/2024\/11\/985ae102-efb8-4cd9-889e-ddb6254c0e6b-1-600x375.jpg 600w, https:\/\/www.privatepropertymallorca.com\/wp-content\/uploads\/2024\/11\/985ae102-efb8-4cd9-889e-ddb6254c0e6b-1-768x480.jpg 768w, https:\/\/www.privatepropertymallorca.com\/wp-content\/uploads\/2024\/11\/985ae102-efb8-4cd9-889e-ddb6254c0e6b-1-1536x959.jpg 1536w, https:\/\/www.privatepropertymallorca.com\/wp-content\/uploads\/2024\/11\/985ae102-efb8-4cd9-889e-ddb6254c0e6b-1.jpg 1640w\" sizes=\"(max-width: 525px) 100vw, 525px\" \/><\/a><div class=\"tag-wrapper\"><div class=\"status-wrapper\"><\/div><\/div><\/div>\n\n            <h4><a href=\"https:\/\/www.privatepropertymallorca.com\/en\/realestate\/project-high-end-villa-in-port-dandratx-with-views-of-the-harbor-and-the-sea\/\" target=\"_self\">\n                PROJECT! High-end villa in Port d&#8217;Andratx with views of the harbor and the sea                <\/a> \n            <\/h4> \n        \n            <div class=\"property_listing_details\">\n                <div class=\"smallCol\"><div class=\"inforoom_unit_type2\"><\/div><div>5<\/div><\/div><div class=\"smallCol\"><div class=\"infobath_unit_type2\"><\/div><div>5<\/div><\/div><div class=\"smallCol\"><div class=\"infosize_unit_type2\"><\/div><div>750 m&sup2;<\/div><\/div><div class=\"smallCol\"><div class=\"infolotsize_unit_type2\"><\/div><div>1350 m&sup2;<\/div><\/div>            <\/div>\n\t\t\n            <div class=\"listing_unit_price_wrapper\">6.900.000 \u20ac <span class=\"price_label\"><\/span><\/div>               \n            <div class=\"property_location\">\n                    \n                    <div class=\"ownerNotes\">V-4602<\/div><div class=\"propertyArea\"><a href=\"https:\/\/www.privatepropertymallorca.com\/en\/state\/southwest\/\" rel=\"tag\">Southwest<\/a>, <a href=\"https:\/\/www.privatepropertymallorca.com\/en\/city\/port-andratx-en\/\" rel=\"tag\">Port Andratx<\/a><\/div>                        <\/div>        <\/div>             \n    <\/div>\n  \n\n\n\n<div class=\"col-md-3 shortcode-col has_4per_row  listing_wrapper property_unit_type2\" data-org=\"4\" data-listid=\"1296077\" > \n    <div class=\"property_listing property_unit_type2  \" data-link=\"https:\/\/www.privatepropertymallorca.com\/en\/realestate\/first-purchase-stunning-new-villa-with-elegant-pool-landscape-and-direct-sea-view-in-santa-ponsa\/\">\n        \n        <div class=\"listing-unit-img-wrapper\"><a href=\"https:\/\/www.privatepropertymallorca.com\/en\/realestate\/first-purchase-stunning-new-villa-with-elegant-pool-landscape-and-direct-sea-view-in-santa-ponsa\/\" target=\"_self\"><img loading=\"lazy\" decoding=\"async\" width=\"525\" height=\"328\" src=\"https:\/\/www.privatepropertymallorca.com\/wp-content\/uploads\/2026\/03\/140af3f5-2695-4661-b850-66824aa5b056-1-525x328.jpg\" class=\"lazyload img-responsive wp-post-image\" alt=\"BellaVista GK HQ-41\" data-original=\"https:\/\/www.privatepropertymallorca.com\/wp-content\/uploads\/2026\/03\/140af3f5-2695-4661-b850-66824aa5b056-1-525x328.jpg\" \/><\/a><div class=\"tag-wrapper\"><div class=\"status-wrapper\"><\/div><\/div><\/div>\n\n            <h4><a href=\"https:\/\/www.privatepropertymallorca.com\/en\/realestate\/first-purchase-stunning-new-villa-with-elegant-pool-landscape-and-direct-sea-view-in-santa-ponsa\/\" target=\"_self\">\n                FIRST PURCHASE! Stunning new villa with elegant pool landscape and direct sea view in Santa Ponsa                <\/a> \n            <\/h4> \n        \n            <div class=\"property_listing_details\">\n                <div class=\"smallCol\"><div class=\"inforoom_unit_type2\"><\/div><div>4<\/div><\/div><div class=\"smallCol\"><div class=\"infobath_unit_type2\"><\/div><div>4<\/div><\/div><div class=\"smallCol\"><div class=\"infosize_unit_type2\"><\/div><div>615 m&sup2;<\/div><\/div><div class=\"smallCol\"><div class=\"infolotsize_unit_type2\"><\/div><div>1506 m&sup2;<\/div><\/div>            <\/div>\n\t\t\n            <div class=\"listing_unit_price_wrapper\">14.900.000 \u20ac <span class=\"price_label\"><\/span><\/div>               \n            <div class=\"property_location\">\n                    \n                    <div class=\"ownerNotes\">V-4001<\/div><div class=\"propertyArea\"><a href=\"https:\/\/www.privatepropertymallorca.com\/en\/state\/southwest\/\" rel=\"tag\">Southwest<\/a>, <a href=\"https:\/\/www.privatepropertymallorca.com\/en\/city\/santa-ponsa-en\/\" rel=\"tag\">Santa Ponsa<\/a><\/div>                        <\/div>        <\/div>             \n    <\/div>\n  \n\n\n\n<div class=\"col-md-3 shortcode-col has_4per_row  listing_wrapper property_unit_type2\" data-org=\"4\" data-listid=\"1137889\" > \n    <div class=\"property_listing property_unit_type2  \" data-link=\"https:\/\/www.privatepropertymallorca.com\/en\/realestate\/investment-historic-mansion-in-the-center-of-soller-with-a-lot-of-history-and-potential\/\">\n        \n        <div class=\"listing-unit-img-wrapper\"><a href=\"https:\/\/www.privatepropertymallorca.com\/en\/realestate\/investment-historic-mansion-in-the-center-of-soller-with-a-lot-of-history-and-potential\/\" target=\"_self\"><img loading=\"lazy\" decoding=\"async\" width=\"525\" height=\"328\" src=\"https:\/\/www.privatepropertymallorca.com\/wp-content\/uploads\/2024\/06\/90c3def7-1ce6-4f2a-b925-ffb98e33f409-1-525x328.jpg\" class=\"lazyload img-responsive wp-post-image\" alt=\"IP-4747 INVESTMENT! Historisches Herrenhaus im Zentrum von Soller mit viel Geschichte und Potenzial 10\" data-original=\"https:\/\/www.privatepropertymallorca.com\/wp-content\/uploads\/2024\/06\/90c3def7-1ce6-4f2a-b925-ffb98e33f409-1-525x328.jpg\" \/><\/a><div class=\"tag-wrapper\"><div class=\"status-wrapper\"><\/div><\/div><\/div>\n\n            <h4><a href=\"https:\/\/www.privatepropertymallorca.com\/en\/realestate\/investment-historic-mansion-in-the-center-of-soller-with-a-lot-of-history-and-potential\/\" target=\"_self\">\n                INVESTMENT! Historic mansion in the center of Soller with a lot of history and potential                <\/a> \n            <\/h4> \n        \n            <div class=\"property_listing_details\">\n                <div class=\"smallCol\"><div class=\"inforoom_unit_type2\"><\/div><div>6<\/div><\/div><div class=\"smallCol\"><div class=\"infobath_unit_type2\"><\/div><div>3<\/div><\/div><div class=\"smallCol\"><div class=\"infosize_unit_type2\"><\/div><div>825 m&sup2;<\/div><\/div><div class=\"smallCol\"><div class=\"infolotsize_unit_type2\"><\/div><div>708 m&sup2;<\/div><\/div>            <\/div>\n\t\t\n            <div class=\"listing_unit_price_wrapper\">3.300.000 \u20ac <span class=\"price_label\"><\/span><\/div>               \n            <div class=\"property_location\">\n                    \n                    <div class=\"ownerNotes\">IP-4747<\/div><div class=\"propertyArea\"><a href=\"https:\/\/www.privatepropertymallorca.com\/en\/state\/west\/\" rel=\"tag\">West<\/a>, <a href=\"https:\/\/www.privatepropertymallorca.com\/en\/city\/soller-en\/\" rel=\"tag\">Soller<\/a><\/div>                        <\/div>        <\/div>             \n    <\/div>\n  \n\n\n\n<div class=\"col-md-3 shortcode-col has_4per_row  listing_wrapper property_unit_type2\" data-org=\"4\" data-listid=\"1221822\" > \n    <div class=\"property_listing property_unit_type2  \" data-link=\"https:\/\/www.privatepropertymallorca.com\/en\/realestate\/exclusive-villa-in-costa-den-blanes-with-beautiful-sea-views-and-stunning-sunsets\/\">\n        \n        <div class=\"listing-unit-img-wrapper\"><a href=\"https:\/\/www.privatepropertymallorca.com\/en\/realestate\/exclusive-villa-in-costa-den-blanes-with-beautiful-sea-views-and-stunning-sunsets\/\" target=\"_self\"><img loading=\"lazy\" decoding=\"async\" width=\"525\" height=\"328\" src=\"https:\/\/www.privatepropertymallorca.com\/wp-content\/uploads\/2025\/06\/67f8986c-2a4a-4faf-bfd6-51a0739984aa-1-525x328.jpg\" class=\"lazyload img-responsive wp-post-image\" alt=\"4984-018 Exklusive Villa in Costa den Blanes mit wundersch\u00f6nem Meerblick und traumhaften Sonnenunterg\u00e4ngen\" data-original=\"https:\/\/www.privatepropertymallorca.com\/wp-content\/uploads\/2025\/06\/67f8986c-2a4a-4faf-bfd6-51a0739984aa-1-525x328.jpg\" \/><\/a><div class=\"tag-wrapper\"><div class=\"status-wrapper\"><\/div><\/div><\/div>\n\n            <h4><a href=\"https:\/\/www.privatepropertymallorca.com\/en\/realestate\/exclusive-villa-in-costa-den-blanes-with-beautiful-sea-views-and-stunning-sunsets\/\" target=\"_self\">\n                Exclusive villa in Costa den Blanes with beautiful sea views and stunning sunsets                <\/a> \n            <\/h4> \n        \n            <div class=\"property_listing_details\">\n                <div class=\"smallCol\"><div class=\"inforoom_unit_type2\"><\/div><div>4<\/div><\/div><div class=\"smallCol\"><div class=\"infobath_unit_type2\"><\/div><div>3<\/div><\/div><div class=\"smallCol\"><div class=\"infosize_unit_type2\"><\/div><div>401 m&sup2;<\/div><\/div><div class=\"smallCol\"><div class=\"infolotsize_unit_type2\"><\/div><div>1136 m&sup2;<\/div><\/div>            <\/div>\n\t\t\n            <div class=\"listing_unit_price_wrapper\">4.800.000 \u20ac <span class=\"price_label\"><\/span><\/div>               \n            <div class=\"property_location\">\n                    \n                    <div class=\"ownerNotes\">4984-018<\/div><div class=\"propertyArea\">, <a href=\"https:\/\/www.privatepropertymallorca.com\/en\/city\/costa-den-blanes-en\/\" rel=\"tag\">Costa d'en Blanes<\/a><\/div>                        <\/div>        <\/div>             \n    <\/div>\n  \n\n\n\n<div class=\"col-md-3 shortcode-col has_4per_row  listing_wrapper property_unit_type2\" data-org=\"4\" data-listid=\"789520\" > \n    <div class=\"property_listing property_unit_type2  \" data-link=\"https:\/\/www.privatepropertymallorca.com\/en\/realestate\/project-penthouse-with-private-pool-terrace-and-partial-sea-view-in-apartment-complex-of-santa-ponca\/\">\n        \n        <div class=\"listing-unit-img-wrapper\"><a href=\"https:\/\/www.privatepropertymallorca.com\/en\/realestate\/project-penthouse-with-private-pool-terrace-and-partial-sea-view-in-apartment-complex-of-santa-ponca\/\" target=\"_self\"><img loading=\"lazy\" decoding=\"async\" width=\"525\" height=\"328\" src=\"https:\/\/www.privatepropertymallorca.com\/wp-content\/uploads\/2023\/01\/0f2b335f-0392-4d7d-8d98-3ff6886f0dda-1-525x328.jpg\" class=\"lazyload img-responsive wp-post-image\" alt=\"P-3109_3 PROJEKT! Penthouse mit privater Pool-Terrasse und Meerblick in neuem Apartmentkomplex in Santa Ponsa\" data-original=\"https:\/\/www.privatepropertymallorca.com\/wp-content\/uploads\/2023\/01\/0f2b335f-0392-4d7d-8d98-3ff6886f0dda-1-525x328.jpg\" \/><\/a><div class=\"tag-wrapper\"><div class=\"status-wrapper\"><\/div><\/div><\/div>\n\n            <h4><a href=\"https:\/\/www.privatepropertymallorca.com\/en\/realestate\/project-penthouse-with-private-pool-terrace-and-partial-sea-view-in-apartment-complex-of-santa-ponca\/\" target=\"_self\">\n                Luxury penthouse in Santa Ponsa with private pool terrace and partial sea views                <\/a> \n            <\/h4> \n        \n            <div class=\"property_listing_details\">\n                <div class=\"smallCol\"><div class=\"inforoom_unit_type2\"><\/div><div>4<\/div><\/div><div class=\"smallCol\"><div class=\"infobath_unit_type2\"><\/div><div>3<\/div><\/div><div class=\"smallCol\"><div class=\"infosize_unit_type2\"><\/div><div>155 m&sup2;<\/div><\/div><div class=\"smallCol\"><div class=\"infolotsize_unit_type2\"><\/div><div>0 m&sup2;<\/div><\/div>            <\/div>\n\t\t\n            <div class=\"listing_unit_price_wrapper\">2.820.000 \u20ac <span class=\"price_label\"><\/span><\/div>               \n            <div class=\"property_location\">\n                    \n                    <div class=\"ownerNotes\">P-3109_4<\/div><div class=\"propertyArea\"><a href=\"https:\/\/www.privatepropertymallorca.com\/en\/state\/southwest\/\" rel=\"tag\">Southwest<\/a>, <a href=\"https:\/\/www.privatepropertymallorca.com\/en\/city\/santa-ponsa-en\/\" rel=\"tag\">Santa Ponsa<\/a><\/div>                        <\/div>        <\/div>             \n    <\/div>\n  \n\n\n\n<div class=\"col-md-3 shortcode-col has_4per_row  listing_wrapper property_unit_type2\" data-org=\"4\" data-listid=\"1216105\" > \n    <div class=\"property_listing property_unit_type2  \" data-link=\"https:\/\/www.privatepropertymallorca.com\/en\/realestate\/impressive-villa-in-son-font-with-breathtaking-views-as-far-as-the-sea\/\">\n        \n        <div class=\"listing-unit-img-wrapper\"><a href=\"https:\/\/www.privatepropertymallorca.com\/en\/realestate\/impressive-villa-in-son-font-with-breathtaking-views-as-far-as-the-sea\/\" target=\"_self\"><img loading=\"lazy\" decoding=\"async\" width=\"525\" height=\"328\" src=\"https:\/\/www.privatepropertymallorca.com\/wp-content\/uploads\/2025\/10\/97798051-3b86-41cf-91c9-e09b82fcdcc5-1-525x328.jpg\" class=\"lazyload img-responsive wp-post-image\" alt=\"V-3141, Son Font17\" data-original=\"https:\/\/www.privatepropertymallorca.com\/wp-content\/uploads\/2025\/10\/97798051-3b86-41cf-91c9-e09b82fcdcc5-1-525x328.jpg\" \/><\/a><div class=\"tag-wrapper\"><div class=\"status-wrapper\"><\/div><\/div><\/div>\n\n            <h4><a href=\"https:\/\/www.privatepropertymallorca.com\/en\/realestate\/impressive-villa-in-son-font-with-breathtaking-views-as-far-as-the-sea\/\" target=\"_self\">\n                Impressive villa in Son Font with breathtaking views as far as the sea                <\/a> \n            <\/h4> \n        \n            <div class=\"property_listing_details\">\n                <div class=\"smallCol\"><div class=\"inforoom_unit_type2\"><\/div><div>5<\/div><\/div><div class=\"smallCol\"><div class=\"infobath_unit_type2\"><\/div><div>4<\/div><\/div><div class=\"smallCol\"><div class=\"infosize_unit_type2\"><\/div><div>508 m&sup2;<\/div><\/div><div class=\"smallCol\"><div class=\"infolotsize_unit_type2\"><\/div><div>4130 m&sup2;<\/div><\/div>            <\/div>\n\t\t\n            <div class=\"listing_unit_price_wrapper\">6.300.000 \u20ac <span class=\"price_label\"><\/span><\/div>               \n            <div class=\"property_location\">\n                    \n                    <div class=\"ownerNotes\">V-3141<\/div><div class=\"propertyArea\"><a href=\"https:\/\/www.privatepropertymallorca.com\/en\/state\/southwest\/\" rel=\"tag\">Southwest<\/a>, <a href=\"https:\/\/www.privatepropertymallorca.com\/en\/city\/son-font-en\/\" rel=\"tag\">Son Font<\/a><\/div>                        <\/div>        <\/div>             \n    <\/div>\n  \n\n\n\n<div class=\"col-md-3 shortcode-col has_4per_row  listing_wrapper property_unit_type2\" data-org=\"4\" data-listid=\"1096525\" > \n    <div class=\"property_listing property_unit_type2  \" data-link=\"https:\/\/www.privatepropertymallorca.com\/en\/realestate\/investment-impressive-first-line-house-in-calanova-with-stunning-sea-views\/\">\n        \n        <div class=\"listing-unit-img-wrapper\"><a href=\"https:\/\/www.privatepropertymallorca.com\/en\/realestate\/investment-impressive-first-line-house-in-calanova-with-stunning-sea-views\/\" target=\"_self\"><img loading=\"lazy\" decoding=\"async\" width=\"525\" height=\"328\" src=\"https:\/\/www.privatepropertymallorca.com\/wp-content\/uploads\/2024\/01\/9c47091a-6806-40e7-bfbd-304324edd476-1-525x328.jpg\" class=\"lazyload img-responsive wp-post-image\" alt=\"4949 INVESTITION!  Beeindruckendes Haus in erster Linie in Calanova mit herrlichem Meerblick\" data-original=\"https:\/\/www.privatepropertymallorca.com\/wp-content\/uploads\/2024\/01\/9c47091a-6806-40e7-bfbd-304324edd476-1-525x328.jpg\" \/><\/a><div class=\"tag-wrapper\"><div class=\"status-wrapper\"><\/div><\/div><\/div>\n\n            <h4><a href=\"https:\/\/www.privatepropertymallorca.com\/en\/realestate\/investment-impressive-first-line-house-in-calanova-with-stunning-sea-views\/\" target=\"_self\">\n                INVESTMENT! House in Cala Nova, first line with magnificent harbor and sea views                <\/a> \n            <\/h4> \n        \n            <div class=\"property_listing_details\">\n                <div class=\"smallCol\"><div class=\"inforoom_unit_type2\"><\/div><div>11<\/div><\/div><div class=\"smallCol\"><div class=\"infobath_unit_type2\"><\/div><div>2<\/div><\/div><div class=\"smallCol\"><div class=\"infosize_unit_type2\"><\/div><div>532 m&sup2;<\/div><\/div><div class=\"smallCol\"><div class=\"infolotsize_unit_type2\"><\/div><div>364 m&sup2;<\/div><\/div>            <\/div>\n\t\t\n            <div class=\"listing_unit_price_wrapper\">3.500.000 \u20ac <span class=\"price_label\"><\/span><\/div>               \n            <div class=\"property_location\">\n                    \n                    <div class=\"ownerNotes\">4949<\/div><div class=\"propertyArea\"><a href=\"https:\/\/www.privatepropertymallorca.com\/en\/state\/palma-surroundings\/\" rel=\"tag\">Palma &amp; Surroundings<\/a>, <a href=\"https:\/\/www.privatepropertymallorca.com\/en\/city\/san-agustin-en\/\" rel=\"tag\">San Agustin<\/a><\/div>                        <\/div>        <\/div>             \n    <\/div>\n  \n\n\n\n<div class=\"col-md-3 shortcode-col has_4per_row  listing_wrapper property_unit_type2\" data-org=\"4\" data-listid=\"1281622\" > \n    <div class=\"property_listing property_unit_type2  \" data-link=\"https:\/\/www.privatepropertymallorca.com\/en\/realestate\/finca-with-large-plot-and-pool-in-calvia\/\">\n        \n        <div class=\"listing-unit-img-wrapper\"><a href=\"https:\/\/www.privatepropertymallorca.com\/en\/realestate\/finca-with-large-plot-and-pool-in-calvia\/\" target=\"_self\"><img loading=\"lazy\" decoding=\"async\" width=\"525\" height=\"328\" src=\"https:\/\/www.privatepropertymallorca.com\/wp-content\/uploads\/2025\/12\/436ec242-4364-4b1b-ba91-8f514fdf45bb-4-525x328.jpg\" class=\"lazyload img-responsive wp-post-image\" alt=\"5471 - Finca in Calvia3\" data-original=\"https:\/\/www.privatepropertymallorca.com\/wp-content\/uploads\/2025\/12\/436ec242-4364-4b1b-ba91-8f514fdf45bb-4-525x328.jpg\" \/><\/a><div class=\"tag-wrapper\"><div class=\"status-wrapper\"><\/div><\/div><\/div>\n\n            <h4><a href=\"https:\/\/www.privatepropertymallorca.com\/en\/realestate\/finca-with-large-plot-and-pool-in-calvia\/\" target=\"_self\">\n                Finca with large plot and pool in Calvia                <\/a> \n            <\/h4> \n        \n            <div class=\"property_listing_details\">\n                <div class=\"smallCol\"><div class=\"inforoom_unit_type2\"><\/div><div>4<\/div><\/div><div class=\"smallCol\"><div class=\"infobath_unit_type2\"><\/div><div>3<\/div><\/div><div class=\"smallCol\"><div class=\"infosize_unit_type2\"><\/div><div>0 m&sup2;<\/div><\/div><div class=\"smallCol\"><div class=\"infolotsize_unit_type2\"><\/div><div>17243 m&sup2;<\/div><\/div>            <\/div>\n\t\t\n            <div class=\"listing_unit_price_wrapper\">2.170.000 \u20ac <span class=\"price_label\"><\/span><\/div>               \n            <div class=\"property_location\">\n                    \n                    <div class=\"ownerNotes\">5471<\/div><div class=\"propertyArea\"><a href=\"https:\/\/www.privatepropertymallorca.com\/en\/state\/southwest\/\" rel=\"tag\">Southwest<\/a>, <a href=\"https:\/\/www.privatepropertymallorca.com\/en\/city\/calvia-en\/\" rel=\"tag\">Calvia<\/a><\/div>                        <\/div>        <\/div>             \n    <\/div>\n  \n\n\n\n<div class=\"col-md-3 shortcode-col has_4per_row  listing_wrapper property_unit_type2\" data-org=\"4\" data-listid=\"1099010\" > \n    <div class=\"property_listing property_unit_type2  \" data-link=\"https:\/\/www.privatepropertymallorca.com\/en\/realestate\/investment-cozy-villa-in-costa-den-blanes-with-pool-and-lots-of-potential-as-a-renovation-project\/\">\n        \n        <div class=\"listing-unit-img-wrapper\"><a href=\"https:\/\/www.privatepropertymallorca.com\/en\/realestate\/investment-cozy-villa-in-costa-den-blanes-with-pool-and-lots-of-potential-as-a-renovation-project\/\" target=\"_self\"><img loading=\"lazy\" decoding=\"async\" width=\"525\" height=\"328\" src=\"https:\/\/www.privatepropertymallorca.com\/wp-content\/uploads\/2024\/01\/a313ffad-01d9-473b-bd38-eb7b7f68d1b3-1-525x328.jpg\" class=\"lazyload img-responsive wp-post-image\" alt=\"4920 INVESTMENT! Gem\u00fctliche Villa in Costa d&#039;en Blanes mit Pool und viel Potenzial f\u00fcr ein Renovierungsprojekt\" data-original=\"https:\/\/www.privatepropertymallorca.com\/wp-content\/uploads\/2024\/01\/a313ffad-01d9-473b-bd38-eb7b7f68d1b3-1-525x328.jpg\" srcset=\"https:\/\/www.privatepropertymallorca.com\/wp-content\/uploads\/2024\/01\/a313ffad-01d9-473b-bd38-eb7b7f68d1b3-1-525x328.jpg 525w, https:\/\/www.privatepropertymallorca.com\/wp-content\/uploads\/2024\/01\/a313ffad-01d9-473b-bd38-eb7b7f68d1b3-1-1200x749.jpg 1200w, https:\/\/www.privatepropertymallorca.com\/wp-content\/uploads\/2024\/01\/a313ffad-01d9-473b-bd38-eb7b7f68d1b3-1-600x375.jpg 600w, https:\/\/www.privatepropertymallorca.com\/wp-content\/uploads\/2024\/01\/a313ffad-01d9-473b-bd38-eb7b7f68d1b3-1-768x480.jpg 768w, https:\/\/www.privatepropertymallorca.com\/wp-content\/uploads\/2024\/01\/a313ffad-01d9-473b-bd38-eb7b7f68d1b3-1-1536x959.jpg 1536w, https:\/\/www.privatepropertymallorca.com\/wp-content\/uploads\/2024\/01\/a313ffad-01d9-473b-bd38-eb7b7f68d1b3-1.jpg 1640w\" sizes=\"(max-width: 525px) 100vw, 525px\" \/><\/a><div class=\"tag-wrapper\"><div class=\"status-wrapper\"><\/div><\/div><\/div>\n\n            <h4><a href=\"https:\/\/www.privatepropertymallorca.com\/en\/realestate\/investment-cozy-villa-in-costa-den-blanes-with-pool-and-lots-of-potential-as-a-renovation-project\/\" target=\"_self\">\n                INVESTMENT! Cozy villa in Costa d&#8217;en Blanes with pool and lots of potential as a renovation project                <\/a> \n            <\/h4> \n        \n            <div class=\"property_listing_details\">\n                <div class=\"smallCol\"><div class=\"inforoom_unit_type2\"><\/div><div>5<\/div><\/div><div class=\"smallCol\"><div class=\"infobath_unit_type2\"><\/div><div>4<\/div><\/div><div class=\"smallCol\"><div class=\"infosize_unit_type2\"><\/div><div>269 m&sup2;<\/div><\/div><div class=\"smallCol\"><div class=\"infolotsize_unit_type2\"><\/div><div>1591 m&sup2;<\/div><\/div>            <\/div>\n\t\t\n            <div class=\"listing_unit_price_wrapper\">1.850.000 \u20ac <span class=\"price_label\"><\/span><\/div>               \n            <div class=\"property_location\">\n                    \n                    <div class=\"ownerNotes\">4920<\/div><div class=\"propertyArea\">, <a href=\"https:\/\/www.privatepropertymallorca.com\/en\/city\/costa-den-blanes-en\/\" rel=\"tag\">Costa d'en Blanes<\/a><\/div>                        <\/div>        <\/div>             \n    <\/div>\n  \n\n\n\n<div class=\"col-md-3 shortcode-col has_4per_row  listing_wrapper property_unit_type2\" data-org=\"4\" data-listid=\"816465\" > \n    <div class=\"property_listing property_unit_type2  \" data-link=\"https:\/\/www.privatepropertymallorca.com\/en\/realestate\/renovated-villa-with-large-pool-and-fantastic-views-in-the-exclusive-urbanization-of-son-vida\/\">\n        \n        <div class=\"listing-unit-img-wrapper\"><a href=\"https:\/\/www.privatepropertymallorca.com\/en\/realestate\/renovated-villa-with-large-pool-and-fantastic-views-in-the-exclusive-urbanization-of-son-vida\/\" target=\"_self\"><img loading=\"lazy\" decoding=\"async\" width=\"525\" height=\"328\" src=\"https:\/\/www.privatepropertymallorca.com\/wp-content\/uploads\/2025\/05\/11ea9909-2402-42dd-82b1-b6f6a6bfffaa-1-525x328.jpg\" class=\"lazyload img-responsive wp-post-image\" alt=\"V-3779 Renovierte Villa in Son Vida mit gro\u00dfer Pool Terrasse und Privatsph\u00e4re\" data-original=\"https:\/\/www.privatepropertymallorca.com\/wp-content\/uploads\/2025\/05\/11ea9909-2402-42dd-82b1-b6f6a6bfffaa-1-525x328.jpg\" \/><\/a><div class=\"tag-wrapper\"><div class=\"status-wrapper\"><\/div><\/div><\/div>\n\n            <h4><a href=\"https:\/\/www.privatepropertymallorca.com\/en\/realestate\/renovated-villa-with-large-pool-and-fantastic-views-in-the-exclusive-urbanization-of-son-vida\/\" target=\"_self\">\n                Renovated villa in Son Vida with large pool terrace and privacy                <\/a> \n            <\/h4> \n        \n            <div class=\"property_listing_details\">\n                <div class=\"smallCol\"><div class=\"inforoom_unit_type2\"><\/div><div>4<\/div><\/div><div class=\"smallCol\"><div class=\"infobath_unit_type2\"><\/div><div>4<\/div><\/div><div class=\"smallCol\"><div class=\"infosize_unit_type2\"><\/div><div>537 m&sup2;<\/div><\/div><div class=\"smallCol\"><div class=\"infolotsize_unit_type2\"><\/div><div>1854 m&sup2;<\/div><\/div>            <\/div>\n\t\t\n            <div class=\"listing_unit_price_wrapper\">3.970.000 \u20ac <span class=\"price_label\"><\/span><\/div>               \n            <div class=\"property_location\">\n                    \n                    <div class=\"ownerNotes\">V-3779<\/div><div class=\"propertyArea\"><a href=\"https:\/\/www.privatepropertymallorca.com\/en\/state\/palma-surroundings\/\" rel=\"tag\">Palma &amp; Surroundings<\/a>, <a href=\"https:\/\/www.privatepropertymallorca.com\/en\/city\/son-vida-en\/\" rel=\"tag\">Son Vida<\/a><\/div>                        <\/div>        <\/div>             \n    <\/div>\n  \n\n\n\n<div class=\"col-md-3 shortcode-col has_4per_row  listing_wrapper property_unit_type2\" data-org=\"4\" data-listid=\"1301542\" > \n    <div class=\"property_listing property_unit_type2  \" data-link=\"https:\/\/www.privatepropertymallorca.com\/en\/realestate\/luxurious-newly-built-finca-in-llucmajor-for-rent\/\">\n        \n        <div class=\"listing-unit-img-wrapper\"><a href=\"https:\/\/www.privatepropertymallorca.com\/en\/realestate\/luxurious-newly-built-finca-in-llucmajor-for-rent\/\" target=\"_self\"><img loading=\"lazy\" decoding=\"async\" width=\"525\" height=\"328\" src=\"https:\/\/www.privatepropertymallorca.com\/wp-content\/uploads\/2026\/04\/426219-1-525x328.jpg\" class=\"lazyload img-responsive wp-post-image\" alt=\"5412- Finca in Llucmajor21\" data-original=\"https:\/\/www.privatepropertymallorca.com\/wp-content\/uploads\/2026\/04\/426219-1-525x328.jpg\" \/><\/a><div class=\"tag-wrapper\"><div class=\"status-wrapper\"><\/div><\/div><\/div>\n\n            <h4><a href=\"https:\/\/www.privatepropertymallorca.com\/en\/realestate\/luxurious-newly-built-finca-in-llucmajor-for-rent\/\" target=\"_self\">\n                Luxurious newly built finca in Llucmajor for rent                <\/a> \n            <\/h4> \n        \n            <div class=\"property_listing_details\">\n                <div class=\"smallCol\"><div class=\"inforoom_unit_type2\"><\/div><div>5<\/div><\/div><div class=\"smallCol\"><div class=\"infobath_unit_type2\"><\/div><div>4<\/div><\/div><div class=\"smallCol\"><div class=\"infosize_unit_type2\"><\/div><div>361 m&sup2;<\/div><\/div><div class=\"smallCol\"><div class=\"infolotsize_unit_type2\"><\/div><div>15000 m&sup2;<\/div><\/div>            <\/div>\n\t\t\n            <div class=\"listing_unit_price_wrapper\">5.750 \u20ac <span class=\"price_label\"><\/span><\/div>               \n            <div class=\"property_location\">\n                    \n                    <div class=\"ownerNotes\">5570<\/div><div class=\"propertyArea\"><a href=\"https:\/\/www.privatepropertymallorca.com\/en\/state\/south\/\" rel=\"tag\">South<\/a>, <a href=\"https:\/\/www.privatepropertymallorca.com\/en\/city\/llucmajor-en\/\" rel=\"tag\">Llucmajor<\/a><\/div>                        <\/div>        <\/div>             \n    <\/div>\n  \n\n\n\n<div class=\"col-md-3 shortcode-col has_4per_row  listing_wrapper property_unit_type2\" data-org=\"4\" data-listid=\"1144705\" > \n    <div class=\"property_listing property_unit_type2  \" data-link=\"https:\/\/www.privatepropertymallorca.com\/en\/realestate\/duplex-penthouse-in-palma-with-huge-terrace-and-stunning-views\/\">\n        \n        <div class=\"listing-unit-img-wrapper\"><a href=\"https:\/\/www.privatepropertymallorca.com\/en\/realestate\/duplex-penthouse-in-palma-with-huge-terrace-and-stunning-views\/\" target=\"_self\"><img loading=\"lazy\" decoding=\"async\" width=\"525\" height=\"328\" src=\"https:\/\/www.privatepropertymallorca.com\/wp-content\/uploads\/2026\/01\/3bc0f37c-7b95-482e-aa67-de72b1d53e1e-1-525x328.jpg\" class=\"lazyload img-responsive wp-post-image\" alt=\"5130-125 Duplex Penthouse in Palma mit riesen Terrasse und herrlichem Ausblick 4\" data-original=\"https:\/\/www.privatepropertymallorca.com\/wp-content\/uploads\/2026\/01\/3bc0f37c-7b95-482e-aa67-de72b1d53e1e-1-525x328.jpg\" \/><\/a><div class=\"tag-wrapper\"><div class=\"status-wrapper\"><\/div><\/div><\/div>\n\n            <h4><a href=\"https:\/\/www.privatepropertymallorca.com\/en\/realestate\/duplex-penthouse-in-palma-with-huge-terrace-and-stunning-views\/\" target=\"_self\">\n                Duplex penthouse in Palma with huge terrace and stunning views                <\/a> \n            <\/h4> \n        \n            <div class=\"property_listing_details\">\n                <div class=\"smallCol\"><div class=\"inforoom_unit_type2\"><\/div><div>2<\/div><\/div><div class=\"smallCol\"><div class=\"infobath_unit_type2\"><\/div><div>2<\/div><\/div><div class=\"smallCol\"><div class=\"infosize_unit_type2\"><\/div><div>208 m&sup2;<\/div><\/div><div class=\"smallCol\"><div class=\"infolotsize_unit_type2\"><\/div><div>0 m&sup2;<\/div><\/div>            <\/div>\n\t\t\n            <div class=\"listing_unit_price_wrapper\">2.950.000 \u20ac <span class=\"price_label\"><\/span><\/div>               \n            <div class=\"property_location\">\n                    \n                    <div class=\"ownerNotes\">5130-125<\/div><div class=\"propertyArea\"><a href=\"https:\/\/www.privatepropertymallorca.com\/en\/state\/palma-surroundings\/\" rel=\"tag\">Palma &amp; Surroundings<\/a>, <a href=\"https:\/\/www.privatepropertymallorca.com\/en\/city\/palma-oldtown-en\/\" rel=\"tag\">Palma Oldtown<\/a><\/div>                        <\/div>        <\/div>             \n    <\/div>\n  \n\n\n\n<div class=\"col-md-3 shortcode-col has_4per_row  listing_wrapper property_unit_type2\" data-org=\"4\" data-listid=\"1255740\" > \n    <div class=\"property_listing property_unit_type2  \" data-link=\"https:\/\/www.privatepropertymallorca.com\/en\/realestate\/plot-with-project-and-building-permit-in-cas-concos-with-views-as-far-as-the-tramuntana-mountains\/\">\n        \n        <div class=\"listing-unit-img-wrapper\"><a href=\"https:\/\/www.privatepropertymallorca.com\/en\/realestate\/plot-with-project-and-building-permit-in-cas-concos-with-views-as-far-as-the-tramuntana-mountains\/\" target=\"_self\"><img loading=\"lazy\" decoding=\"async\" width=\"525\" height=\"328\" src=\"https:\/\/www.privatepropertymallorca.com\/wp-content\/uploads\/2025\/11\/ec946f4e-d29b-4744-b577-eeed0108ac3e-1-525x328.jpg\" class=\"lazyload img-responsive wp-post-image\" alt=\"5414 - Projekt in Cas Concos2\" data-original=\"https:\/\/www.privatepropertymallorca.com\/wp-content\/uploads\/2025\/11\/ec946f4e-d29b-4744-b577-eeed0108ac3e-1-525x328.jpg\" \/><\/a><div class=\"tag-wrapper\"><div class=\"status-wrapper\"><div class=\"ribbon-inside project\">Project<\/div><\/div><\/div><\/div>\n\n            <h4><a href=\"https:\/\/www.privatepropertymallorca.com\/en\/realestate\/plot-with-project-and-building-permit-in-cas-concos-with-views-as-far-as-the-tramuntana-mountains\/\" target=\"_self\">\n                Plot with project and building permit in Cas Concos with views as far as the Tramuntana mountains                <\/a> \n            <\/h4> \n        \n            <div class=\"property_listing_details\">\n                <div class=\"smallCol\"><div class=\"inforoom_unit_type2\"><\/div><div>5<\/div><\/div><div class=\"smallCol\"><div class=\"infobath_unit_type2\"><\/div><div>4<\/div><\/div><div class=\"smallCol\"><div class=\"infosize_unit_type2\"><\/div><div>0 m&sup2;<\/div><\/div><div class=\"smallCol\"><div class=\"infolotsize_unit_type2\"><\/div><div>25467 m&sup2;<\/div><\/div>            <\/div>\n\t\t\n            <div class=\"listing_unit_price_wrapper\">429.000 \u20ac <span class=\"price_label\"><\/span><\/div>               \n            <div class=\"property_location\">\n                    \n                    <div class=\"ownerNotes\">5414<\/div><div class=\"propertyArea\"><a href=\"https:\/\/www.privatepropertymallorca.com\/en\/state\/southeast\/\" rel=\"tag\">Southeast<\/a>, <a href=\"https:\/\/www.privatepropertymallorca.com\/en\/city\/cas-concos-en\/\" rel=\"tag\">Cas Concos<\/a><\/div>                        <\/div>        <\/div>             \n    <\/div>\n<div class=\"wpestate_listing_sh_loader\">\n       <div class=\"new_prelader\"><\/div>\n\n    <\/div><div class=\"listinglink-wrapper_sh_listings\">\n               <span class=\"wpresidence_button wpestate_item_list_sh\">load more listings <\/span>\n               <\/div><\/div><script type=\"text\/javascript\">\n                \/\/<![CDATA[\n                jQuery(document).ready(function(){\n                  \/\/  wpestate_anime(\"#wpestate_sh_anime_18\");\n                   \/\/ wpestate_property_list_sh(\"#wpestate_sh_anime_18 .wpestate_item_list_sh\", \"#wpestate_sh_anime_18 .control_tax_sh\");\n                });\n                \/\/]]>\n            <\/script>[\/vc_column][\/vc_row]<\/p>\n<div class=\"bellvueblock \"><img decoding=\"async\" src=\"https:\/\/www.privatepropertymallorca.com\/wp-content\/uploads\/2020\/02\/best_icon-159x300.png\" alt=\"bellvue\"><\/div><\/div>","protected":false},"excerpt":{"rendered":"<p>As the temperatures drop and the crowds thin out, the island transforms into a serene haven, providing the perfect backdrop for family bonding. In this article, we will explore some delightful family-friendly activities, including local workshops and small excursions, that you and your kids can enjoy during the winter months in Mallorca.<\/p>\n","protected":false},"author":13,"featured_media":1092430,"comment_status":"closed","ping_status":"closed","sticky":false,"template":"","format":"standard","meta":{"_seopress_robots_primary_cat":"none","_seopress_titles_title":"","_seopress_titles_desc":"","_seopress_robots_index":"","footnotes":""},"categories":[995],"tags":[2476,2479,2373,2478,2477,2219,2258,2377,2475,2480,2482,2206,2292,2387,2313,2315,2330,2481],"class_list":{"0":"post-1092424","1":"post","2":"type-post","3":"status-publish","4":"format-standard","5":"has-post-thumbnail","7":"category-culture","8":"tag-apartment-for-sale-mallorca-en","9":"tag-buy-a-house-in-mallorca","10":"tag-buy-property-in-mallorca","11":"tag-buy-property-in-mallorca-en","12":"tag-buy-villa-in-mallorca","13":"tag-luxury-properties","14":"tag-mallorca-magazin-en","15":"tag-properties-for-sale-mallorca-en","16":"tag-properties-in-mallorca-for-sale","17":"tag-real-estate-agent","18":"tag-real-estate-andratx-en","19":"tag-real-estate-in-mallorca","20":"tag-real-estate-mallorca-en","21":"tag-real-estate-palma-de-mallorca-en","22":"tag-real-estate-palma-de-mallorca","23":"tag-real-estate-santa-ponsa","24":"tag-real-estate-soller-en","25":"tag-real-estate-son-vida-en"},"_links":{"self":[{"href":"https:\/\/www.privatepropertymallorca.com\/en\/wp-json\/wp\/v2\/posts\/1092424","targetHints":{"allow":["GET"]}}],"collection":[{"href":"https:\/\/www.privatepropertymallorca.com\/en\/wp-json\/wp\/v2\/posts"}],"about":[{"href":"https:\/\/www.privatepropertymallorca.com\/en\/wp-json\/wp\/v2\/types\/post"}],"author":[{"embeddable":true,"href":"https:\/\/www.privatepropertymallorca.com\/en\/wp-json\/wp\/v2\/users\/13"}],"replies":[{"embeddable":true,"href":"https:\/\/www.privatepropertymallorca.com\/en\/wp-json\/wp\/v2\/comments?post=1092424"}],"version-history":[{"count":0,"href":"https:\/\/www.privatepropertymallorca.com\/en\/wp-json\/wp\/v2\/posts\/1092424\/revisions"}],"wp:featuredmedia":[{"embeddable":true,"href":"https:\/\/www.privatepropertymallorca.com\/en\/wp-json\/wp\/v2\/media\/1092430"}],"wp:attachment":[{"href":"https:\/\/www.privatepropertymallorca.com\/en\/wp-json\/wp\/v2\/media?parent=1092424"}],"wp:term":[{"taxonomy":"category","embeddable":true,"href":"https:\/\/www.privatepropertymallorca.com\/en\/wp-json\/wp\/v2\/categories?post=1092424"},{"taxonomy":"post_tag","embeddable":true,"href":"https:\/\/www.privatepropertymallorca.com\/en\/wp-json\/wp\/v2\/tags?post=1092424"}],"curies":[{"name":"wp","href":"https:\/\/api.w.org\/{rel}","templated":true}]}}