{"id":1164709,"date":"2024-11-13T11:36:35","date_gmt":"2024-11-13T10:36:35","guid":{"rendered":"https:\/\/www.privatepropertymallorca.com\/a-guide-for-buyers-sellers-and-real-estate-professionals-with-new-real-estate-law-in-the-balearic-islands\/"},"modified":"2024-11-19T13:55:10","modified_gmt":"2024-11-19T12:55:10","slug":"a-guide-for-buyers-sellers-and-real-estate-professionals-with-new-real-estate-law-in-the-balearic-islands","status":"publish","type":"post","link":"https:\/\/www.privatepropertymallorca.com\/en\/magazin-en\/a-guide-for-buyers-sellers-and-real-estate-professionals-with-new-real-estate-law-in-the-balearic-islands\/","title":{"rendered":"A Guide for Buyers, Sellers, and Real Estate Professionals with New Real Estate Law in the Balearic Islands"},"content":{"rendered":"<div class=\"wpb-content-wrapper\"><p>[vc_row][vc_column width=&#8221;1\/4&#8243;][vc_single_image image=&#8221;559256&#8243; css=&#8221;&#8221;][\/vc_column][vc_column width=&#8221;3\/4&#8243;][vc_column_text css=&#8221;&#8221;]<\/p>\n<h3>A Guide for Buyers, Sellers, and Real Estate Professionals with New Real Estate Law in the Balearic Islands<\/h3>\n<p>The Balearic Islands\u2019 property market has taken a significant step forward with the introduction of Ley 3\/2024. This new law mandates that all real estate agencies and independent agents operating in the region must register with the Official Real Estate Registry of the Balearic Islands (ROAIIB) to legally conduct property transactions. This law, designed to enhance consumer protection and enforce professional standards, marks a pivotal moment for property buyers, sellers, and real estate professionals alike in Mallorca and the broader Balearic Islands. Here\u2019s a look at why this law matters, what it entails, and how it benefits those involved in real estate transactions.<\/p>\n<p><strong>Why Is This New Law Important?<\/strong><br \/>\nLey 3\/2024 was established as a response to the growing demand for more transparency, accountability, and consumer protection in the Balearic Islands&#8217; real estate market. With tourism and foreign investment consistently driving up property demand, the region has witnessed a sharp rise in the number of real estate transactions. However, this rapid growth has also led to concerns about unqualified agents, insufficient oversight, and a lack of accountability among some real estate professionals. The law\u2019s primary objective is to bring increased structure and security to this vibrant market, ensuring clients can confidently and safely engage in property transactions.<\/p>\n<p><strong>The New ROAIIB Registry: A Game-Changer<\/strong><br \/>\nThe introduction of the Official Real Estate Registry (ROAIIB) is central to this law. The registry functions as a list of authorized agents and agencies who meet stringent qualifications and standards, creating a safer environment for property transactions. Now, only agents and agencies officially registered with the ROAIIB can legally operate in the region. This system ensures clients are dealing with professionals who have passed a rigorous vetting process, adhere to high ethical standards, and maintain proper insurance.<\/p>\n<p><strong>What Ley 3\/2024 Means for Buyers and Sellers<\/strong><br \/>\nIf you\u2019re planning to buy, sell, or invest in property in the Balearic Islands, Ley 3\/2024 offers several important benefits designed to protect you and enhance your experience.<\/p>\n<p><strong>1. Increased Trust and Legal Assurance<\/strong><br \/>\nCertified real estate agencies under the ROAIIB must adhere to comprehensive legal standards, including mandatory insurance coverage. This means you are protected against possible mishaps during transactions, reducing risk and enhancing trust in the buying or selling process. When you work with an agency registered with the ROAIIB, you can be assured of compliance with all regional legal standards, including those concerning transparency, security, and client rights.<\/p>\n<p><strong>2. Commitment to Quality and Professionalism<\/strong><br \/>\nROAIIB registration is only granted to agencies and agents who demonstrate a commitment to high standards, particularly in training, accountability, and ethics. By ensuring only qualified professionals can conduct real estate business, this registry raises the quality of service for clients. You\u2019ll know that your agent has the knowledge and resources to guide you through the complexities of the local property market, helping you make well-informed decisions.<\/p>\n<p><strong>3. Expertise You Can Rely On<\/strong><br \/>\nWith the new registration process, real estate professionals are not only well-informed about the legal landscape but also better equipped to provide clients with detailed, up-to-date information on everything from property laws to tax implications and insurance options. Certified agencies offer more reliable guidance, knowing they are held accountable to strict professional standards. This ensures clients benefit from qualified expertise at every stage of their transaction.<\/p>\n<p><strong>The Impact on the <a href=\"https:\/\/www.privatepropertymallorca.com\/en\/property-search\/\">Real Estate Market in Mallorca<\/a><\/strong><br \/>\nLey 3\/2024 has introduced several positive changes to the property market, setting a new industry standard that has already begun to elevate the Balearic Islands\u2019 reputation for quality, professionalism, and client safety. Here are a few key ways this regulation is transforming the local market:<\/p>\n<p><strong>1. Increased Market Transparency<\/strong><br \/>\nA certified registry adds a layer of transparency to the real estate industry, making it easier for clients to verify that the professionals they work with are licensed, qualified, and trustworthy. By requiring real estate agents and agencies to register with the ROAIIB, the law enables consumers to make more informed decisions about who they work with, fostering a safer and more transparent environment for property transactions.<\/p>\n<p><strong>2. Reduced Risk of Fraud and Malpractice<\/strong><br \/>\nReal estate fraud and unethical practices have been issues in many high-demand markets. With Ley 3\/2024 in effect, the ROAIIB registry helps minimize these risks by weeding out unqualified or unscrupulous agents. Clients can be more confident that their interests are safeguarded by professionals who are legally accountable and compliant with ethical standards.<\/p>\n<p><strong>3. Higher Standards for Training and Development<\/strong><br \/>\nThe new law also indirectly promotes better education and training for real estate agents. In order to qualify for ROAIIB certification, agencies must demonstrate their commitment to training and professional development. This encourages agencies to invest in their teams, creating a workforce that is not only legally compliant but also well-equipped with knowledge and skills tailored to the Balearic Islands\u2019 market.<\/p>\n<p><strong>4. Boosting Confidence for Foreign Buyers and Investors<\/strong><br \/>\nMallorca and the Balearic Islands are popular destinations for international buyers, who often face additional concerns about legality, language barriers, and unfamiliar real estate practices. With the ROAIIB\u2019s introduction, foreign investors can feel more secure in their transactions, knowing that the agents they work with are bound by local law and meet high standards of professional conduct. This added protection is a significant advantage for attracting foreign investment, which benefits the region\u2019s overall economy.<\/p>\n<p><strong>The Bottom Line: A Stronger, Safer Real Estate Market<\/strong><\/p>\n<p>The implementation of Ley 3\/2024 reflects the Balearic Islands&#8217; commitment to building a secure, transparent, and professionally regulated property market. By requiring agencies and agents to register with the ROAIIB, this law brings a sense of order and accountability that has long been needed in the region\u2019s real estate sector. Whether you\u2019re a local buyer, an international investor, or someone looking to sell property in the Balearic Islands, this law provides new levels of security, confidence, and professionalism to help you make sound property decisions.<\/p>\n<p>Ley 3\/2024 and the creation of the ROAIIB have raised the standards for real estate in the Balearic Islands, benefiting both clients and professionals. For buyers and sellers, it means added layers of protection, trustworthy guidance, and assurance that agents meet high legal and ethical standards. For real estate agencies, it underscores the importance of professionalism, quality service, and accountability. These reforms position the Balearic Islands as a leading example of a well-regulated real estate market, prioritizing client interests and fostering a healthier, more resilient property sector.<\/p>\n<p>Original Ley 3\/2024 source:<br \/>\n<a href=\"https:\/\/www.boe.es\/diario_boe\/txt.php?id=BOE-A-2024-15575\">https:\/\/www.boe.es\/diario_boe\/txt.php?id=BOE-A-2024-15575<\/a>[\/vc_column_text][\/vc_column][\/vc_row][vc_row][vc_column][vc_empty_space][\/vc_column][\/vc_row][vc_row][vc_column]<div id=\"ultimate-heading-367169f5492d49b90\" class=\"uvc-heading ult-adjust-bottom-margin ultimate-heading-367169f5492d49b90 uvc-4139 \" data-hspacer=\"no_spacer\"  data-halign=\"center\" style=\"text-align:center\"><div class=\"uvc-heading-spacer no_spacer\" style=\"top\"><\/div><div class=\"uvc-main-heading ult-responsive\"  data-ultimate-target='.uvc-heading.ultimate-heading-367169f5492d49b90 h2'  data-responsive-json-new='{\"font-size\":\"\",\"line-height\":\"\"}' ><h2 style=\"font-weight:normal;\">Properties for sale in Mallorca<\/h2><\/div><\/div>[\/vc_column][\/vc_row][vc_row][vc_column]<div id=\"wpestate_sh_anime_591\" class=\"article_container wpestate_anime wpestate_latest_listings_sh bottom-estate_property \"  data-type=\"estate_property\" data-category_ids=\"\" data-action_ids=\"\" data-city_ids=\"\" data-area_ids=\"\" data-state_ids=\"\" data-status_ids=\"\" data-number=\"40\" data-row-number=\"4\" data-align=\"vertical\" data-show_featured_only=\"no\"  data-random_pick=\"yes\"  data-featured_first=\"no\" data-page=\"1\" >  \n\n\n\n<div class=\"col-md-3 shortcode-col has_4per_row  listing_wrapper property_unit_type2\" data-org=\"4\" data-listid=\"1167141\" > \n    <div class=\"property_listing property_unit_type2  \" data-link=\"https:\/\/www.privatepropertymallorca.com\/en\/realestate\/project-high-end-villa-in-port-dandratx-with-views-of-the-harbor-and-the-sea\/\">\n        \n        <div class=\"listing-unit-img-wrapper\"><a href=\"https:\/\/www.privatepropertymallorca.com\/en\/realestate\/project-high-end-villa-in-port-dandratx-with-views-of-the-harbor-and-the-sea\/\" target=\"_self\"><img fetchpriority=\"high\" decoding=\"async\" width=\"525\" height=\"328\" src=\"https:\/\/www.privatepropertymallorca.com\/wp-content\/uploads\/2024\/11\/985ae102-efb8-4cd9-889e-ddb6254c0e6b-1-525x328.jpg\" class=\"lazyload img-responsive wp-post-image\" alt=\"V-4602 PROJEKT! Villa in Port d&#039;Andratx auf High-End-Niveau mit Blick auf den Hafen und das Meer\" data-original=\"https:\/\/www.privatepropertymallorca.com\/wp-content\/uploads\/2024\/11\/985ae102-efb8-4cd9-889e-ddb6254c0e6b-1-525x328.jpg\" srcset=\"https:\/\/www.privatepropertymallorca.com\/wp-content\/uploads\/2024\/11\/985ae102-efb8-4cd9-889e-ddb6254c0e6b-1-525x328.jpg 525w, https:\/\/www.privatepropertymallorca.com\/wp-content\/uploads\/2024\/11\/985ae102-efb8-4cd9-889e-ddb6254c0e6b-1-1200x749.jpg 1200w, https:\/\/www.privatepropertymallorca.com\/wp-content\/uploads\/2024\/11\/985ae102-efb8-4cd9-889e-ddb6254c0e6b-1-600x375.jpg 600w, https:\/\/www.privatepropertymallorca.com\/wp-content\/uploads\/2024\/11\/985ae102-efb8-4cd9-889e-ddb6254c0e6b-1-768x480.jpg 768w, https:\/\/www.privatepropertymallorca.com\/wp-content\/uploads\/2024\/11\/985ae102-efb8-4cd9-889e-ddb6254c0e6b-1-1536x959.jpg 1536w, https:\/\/www.privatepropertymallorca.com\/wp-content\/uploads\/2024\/11\/985ae102-efb8-4cd9-889e-ddb6254c0e6b-1.jpg 1640w\" sizes=\"(max-width: 525px) 100vw, 525px\" \/><\/a><div class=\"tag-wrapper\"><div class=\"status-wrapper\"><\/div><\/div><\/div>\n\n            <h4><a href=\"https:\/\/www.privatepropertymallorca.com\/en\/realestate\/project-high-end-villa-in-port-dandratx-with-views-of-the-harbor-and-the-sea\/\" target=\"_self\">\n                PROJECT! High-end villa in Port d&#8217;Andratx with views of the harbor and the sea                <\/a> \n            <\/h4> \n        \n            <div class=\"property_listing_details\">\n                <div class=\"smallCol\"><div class=\"inforoom_unit_type2\"><\/div><div>5<\/div><\/div><div class=\"smallCol\"><div class=\"infobath_unit_type2\"><\/div><div>5<\/div><\/div><div class=\"smallCol\"><div class=\"infosize_unit_type2\"><\/div><div>750 m&sup2;<\/div><\/div><div class=\"smallCol\"><div class=\"infolotsize_unit_type2\"><\/div><div>1350 m&sup2;<\/div><\/div>            <\/div>\n\t\t\n            <div class=\"listing_unit_price_wrapper\">6.900.000 \u20ac <span class=\"price_label\"><\/span><\/div>               \n            <div class=\"property_location\">\n                    \n                    <div class=\"ownerNotes\">V-4602<\/div><div class=\"propertyArea\"><a href=\"https:\/\/www.privatepropertymallorca.com\/en\/state\/southwest\/\" rel=\"tag\">Southwest<\/a>, <a href=\"https:\/\/www.privatepropertymallorca.com\/en\/city\/port-andratx-en\/\" rel=\"tag\">Port Andratx<\/a><\/div>                        <\/div>        <\/div>             \n    <\/div>\n  \n\n\n\n<div class=\"col-md-3 shortcode-col has_4per_row  listing_wrapper property_unit_type2\" data-org=\"4\" data-listid=\"1144705\" > \n    <div class=\"property_listing property_unit_type2  \" data-link=\"https:\/\/www.privatepropertymallorca.com\/en\/realestate\/duplex-penthouse-in-palma-with-huge-terrace-and-stunning-views\/\">\n        \n        <div class=\"listing-unit-img-wrapper\"><a href=\"https:\/\/www.privatepropertymallorca.com\/en\/realestate\/duplex-penthouse-in-palma-with-huge-terrace-and-stunning-views\/\" target=\"_self\"><img decoding=\"async\" width=\"525\" height=\"328\" src=\"https:\/\/www.privatepropertymallorca.com\/wp-content\/uploads\/2026\/04\/3bc0f37c-7b95-482e-aa67-de72b1d53e1e-1-525x328.jpg\" class=\"lazyload img-responsive wp-post-image\" alt=\"5130-125 Duplex Penthouse in Palma mit riesen Terrasse und herrlichem Ausblick 4\" data-original=\"https:\/\/www.privatepropertymallorca.com\/wp-content\/uploads\/2026\/04\/3bc0f37c-7b95-482e-aa67-de72b1d53e1e-1-525x328.jpg\" \/><\/a><div class=\"tag-wrapper\"><div class=\"status-wrapper\"><\/div><\/div><\/div>\n\n            <h4><a href=\"https:\/\/www.privatepropertymallorca.com\/en\/realestate\/duplex-penthouse-in-palma-with-huge-terrace-and-stunning-views\/\" target=\"_self\">\n                Duplex penthouse for sale in Palma with large terrace and stunning views                <\/a> \n            <\/h4> \n        \n            <div class=\"property_listing_details\">\n                <div class=\"smallCol\"><div class=\"inforoom_unit_type2\"><\/div><div>2<\/div><\/div><div class=\"smallCol\"><div class=\"infobath_unit_type2\"><\/div><div>2<\/div><\/div><div class=\"smallCol\"><div class=\"infosize_unit_type2\"><\/div><div>208 m&sup2;<\/div><\/div><div class=\"smallCol\"><div class=\"infolotsize_unit_type2\"><\/div><div>0 m&sup2;<\/div><\/div>            <\/div>\n\t\t\n            <div class=\"listing_unit_price_wrapper\">2.950.000 \u20ac <span class=\"price_label\"><\/span><\/div>               \n            <div class=\"property_location\">\n                    \n                    <div class=\"ownerNotes\">5130-125<\/div><div class=\"propertyArea\"><a href=\"https:\/\/www.privatepropertymallorca.com\/en\/state\/palma-surroundings\/\" rel=\"tag\">Palma &amp; Surroundings<\/a>, <a href=\"https:\/\/www.privatepropertymallorca.com\/en\/city\/palma-oldtown-en\/\" rel=\"tag\">Palma Oldtown<\/a><\/div>                        <\/div>        <\/div>             \n    <\/div>\n  \n\n\n\n<div class=\"col-md-3 shortcode-col has_4per_row  listing_wrapper property_unit_type2\" data-org=\"4\" data-listid=\"1256515\" > \n    <div class=\"property_listing property_unit_type2  \" data-link=\"https:\/\/www.privatepropertymallorca.com\/en\/realestate\/beautiful-sea-view-finca-in-camp-de-mar-with-many-possibilities\/\">\n        \n        <div class=\"listing-unit-img-wrapper\"><a href=\"https:\/\/www.privatepropertymallorca.com\/en\/realestate\/beautiful-sea-view-finca-in-camp-de-mar-with-many-possibilities\/\" target=\"_self\"><img decoding=\"async\" width=\"525\" height=\"328\" src=\"https:\/\/www.privatepropertymallorca.com\/wp-content\/uploads\/2026\/01\/15e415e9-6077-454f-a7c3-776f331ac76d-2-525x328.jpg\" class=\"lazyload img-responsive wp-post-image\" alt=\"5420 - Sea view villa in Camp de Mar6\" data-original=\"https:\/\/www.privatepropertymallorca.com\/wp-content\/uploads\/2026\/01\/15e415e9-6077-454f-a7c3-776f331ac76d-2-525x328.jpg\" \/><\/a><div class=\"tag-wrapper\"><div class=\"status-wrapper\"><\/div><\/div><\/div>\n\n            <h4><a href=\"https:\/\/www.privatepropertymallorca.com\/en\/realestate\/beautiful-sea-view-finca-in-camp-de-mar-with-many-possibilities\/\" target=\"_self\">\n                Beautiful sea view finca in Camp de Mar with many possibilities                <\/a> \n            <\/h4> \n        \n            <div class=\"property_listing_details\">\n                <div class=\"smallCol\"><div class=\"inforoom_unit_type2\"><\/div><div>6<\/div><\/div><div class=\"smallCol\"><div class=\"infobath_unit_type2\"><\/div><div>4<\/div><\/div><div class=\"smallCol\"><div class=\"infosize_unit_type2\"><\/div><div>390 m&sup2;<\/div><\/div><div class=\"smallCol\"><div class=\"infolotsize_unit_type2\"><\/div><div>7201 m&sup2;<\/div><\/div>            <\/div>\n\t\t\n            <div class=\"listing_unit_price_wrapper\">6.480.000 \u20ac <span class=\"price_label\"><\/span><\/div>               \n            <div class=\"property_location\">\n                    \n                    <div class=\"ownerNotes\">5420-66<\/div><div class=\"propertyArea\"><a href=\"https:\/\/www.privatepropertymallorca.com\/en\/state\/southwest\/\" rel=\"tag\">Southwest<\/a>, <a href=\"https:\/\/www.privatepropertymallorca.com\/en\/city\/camp-de-mar-en\/\" rel=\"tag\">Camp de Mar<\/a><\/div>                        <\/div>        <\/div>             \n    <\/div>\n  \n\n\n\n<div class=\"col-md-3 shortcode-col has_4per_row  listing_wrapper property_unit_type2\" data-org=\"4\" data-listid=\"1246948\" > \n    <div class=\"property_listing property_unit_type2  \" data-link=\"https:\/\/www.privatepropertymallorca.com\/en\/realestate\/modern-penthouse-in-bendinat-with-roof-terrace\/\">\n        \n        <div class=\"listing-unit-img-wrapper\"><a href=\"https:\/\/www.privatepropertymallorca.com\/en\/realestate\/modern-penthouse-in-bendinat-with-roof-terrace\/\" target=\"_self\"><img loading=\"lazy\" decoding=\"async\" width=\"525\" height=\"328\" src=\"https:\/\/www.privatepropertymallorca.com\/wp-content\/uploads\/2025\/07\/4be1f477-7522-447d-bb8b-7d9480c76c79-1-525x328.jpg\" class=\"lazyload img-responsive wp-post-image\" alt=\"5310 - Penthouse in Bendinat20\" data-original=\"https:\/\/www.privatepropertymallorca.com\/wp-content\/uploads\/2025\/07\/4be1f477-7522-447d-bb8b-7d9480c76c79-1-525x328.jpg\" \/><\/a><div class=\"tag-wrapper\"><div class=\"status-wrapper\"><\/div><\/div><\/div>\n\n            <h4><a href=\"https:\/\/www.privatepropertymallorca.com\/en\/realestate\/modern-penthouse-in-bendinat-with-roof-terrace\/\" target=\"_self\">\n                Modern penthouse in Bendinat with roof terrace                <\/a> \n            <\/h4> \n        \n            <div class=\"property_listing_details\">\n                <div class=\"smallCol\"><div class=\"inforoom_unit_type2\"><\/div><div>3<\/div><\/div><div class=\"smallCol\"><div class=\"infobath_unit_type2\"><\/div><div>2<\/div><\/div><div class=\"smallCol\"><div class=\"infosize_unit_type2\"><\/div><div>167 m&sup2;<\/div><\/div><div class=\"smallCol\"><div class=\"infolotsize_unit_type2\"><\/div><div>0 m&sup2;<\/div><\/div>            <\/div>\n\t\t\n            <div class=\"listing_unit_price_wrapper\">2.250.000 \u20ac <span class=\"price_label\"><\/span><\/div>               \n            <div class=\"property_location\">\n                    \n                    <div class=\"ownerNotes\">5310<\/div><div class=\"propertyArea\"><a href=\"https:\/\/www.privatepropertymallorca.com\/en\/state\/southwest\/\" rel=\"tag\">Southwest<\/a>, <a href=\"https:\/\/www.privatepropertymallorca.com\/en\/city\/bendinat-en\/\" rel=\"tag\">Bendinat<\/a><\/div>                        <\/div>        <\/div>             \n    <\/div>\n  \n\n\n\n<div class=\"col-md-3 shortcode-col has_4per_row  listing_wrapper property_unit_type2\" data-org=\"4\" data-listid=\"1040944\" > \n    <div class=\"property_listing property_unit_type2  \" data-link=\"https:\/\/www.privatepropertymallorca.com\/en\/realestate\/beautiful-apartment-in-1st-sea-line-with-direct-sea-access-in-illetas\/\">\n        \n        <div class=\"listing-unit-img-wrapper\"><a href=\"https:\/\/www.privatepropertymallorca.com\/en\/realestate\/beautiful-apartment-in-1st-sea-line-with-direct-sea-access-in-illetas\/\" target=\"_self\"><img loading=\"lazy\" decoding=\"async\" width=\"525\" height=\"328\" src=\"https:\/\/www.privatepropertymallorca.com\/wp-content\/uploads\/2023\/08\/Foto_101829-3-525x328.jpg\" class=\"lazyload img-responsive wp-post-image\" alt=\"A-1962 Wundersch\u00f6nes Apartment in 1. Meereslinie mit direktem Meerzugang in Illetas\" data-original=\"https:\/\/www.privatepropertymallorca.com\/wp-content\/uploads\/2023\/08\/Foto_101829-3-525x328.jpg\" \/><\/a><div class=\"tag-wrapper\"><div class=\"status-wrapper\"><\/div><\/div><\/div>\n\n            <h4><a href=\"https:\/\/www.privatepropertymallorca.com\/en\/realestate\/beautiful-apartment-in-1st-sea-line-with-direct-sea-access-in-illetas\/\" target=\"_self\">\n                Apartment for sale in Illetas, in 1st sea line with direct sea access                <\/a> \n            <\/h4> \n        \n            <div class=\"property_listing_details\">\n                <div class=\"smallCol\"><div class=\"inforoom_unit_type2\"><\/div><div>2<\/div><\/div><div class=\"smallCol\"><div class=\"infobath_unit_type2\"><\/div><div>2<\/div><\/div><div class=\"smallCol\"><div class=\"infosize_unit_type2\"><\/div><div>113 m&sup2;<\/div><\/div><div class=\"smallCol\"><div class=\"infolotsize_unit_type2\"><\/div><div>0 m&sup2;<\/div><\/div>            <\/div>\n\t\t\n            <div class=\"listing_unit_price_wrapper\">848.000 \u20ac <span class=\"price_label\"><\/span><\/div>               \n            <div class=\"property_location\">\n                    \n                    <div class=\"ownerNotes\">A-1962<\/div><div class=\"propertyArea\"><a href=\"https:\/\/www.privatepropertymallorca.com\/en\/state\/southwest\/\" rel=\"tag\">Southwest<\/a>, <a href=\"https:\/\/www.privatepropertymallorca.com\/en\/city\/illetas-en\/\" rel=\"tag\">Illetas<\/a><\/div>                        <\/div>        <\/div>             \n    <\/div>\n  \n\n\n\n<div class=\"col-md-3 shortcode-col has_4per_row  listing_wrapper property_unit_type2\" data-org=\"4\" data-listid=\"1255740\" > \n    <div class=\"property_listing property_unit_type2  \" data-link=\"https:\/\/www.privatepropertymallorca.com\/en\/realestate\/plot-with-project-and-building-permit-in-cas-concos-with-views-as-far-as-the-tramuntana-mountains\/\">\n        \n        <div class=\"listing-unit-img-wrapper\"><a href=\"https:\/\/www.privatepropertymallorca.com\/en\/realestate\/plot-with-project-and-building-permit-in-cas-concos-with-views-as-far-as-the-tramuntana-mountains\/\" target=\"_self\"><img loading=\"lazy\" decoding=\"async\" width=\"525\" height=\"328\" src=\"https:\/\/www.privatepropertymallorca.com\/wp-content\/uploads\/2025\/11\/ec946f4e-d29b-4744-b577-eeed0108ac3e-1-525x328.jpg\" class=\"lazyload img-responsive wp-post-image\" alt=\"5414 - Projekt in Cas Concos2\" data-original=\"https:\/\/www.privatepropertymallorca.com\/wp-content\/uploads\/2025\/11\/ec946f4e-d29b-4744-b577-eeed0108ac3e-1-525x328.jpg\" \/><\/a><div class=\"tag-wrapper\"><div class=\"status-wrapper\"><div class=\"ribbon-inside project\">Project<\/div><\/div><\/div><\/div>\n\n            <h4><a href=\"https:\/\/www.privatepropertymallorca.com\/en\/realestate\/plot-with-project-and-building-permit-in-cas-concos-with-views-as-far-as-the-tramuntana-mountains\/\" target=\"_self\">\n                Plot with project and building permit in Cas Concos with views as far as the Tramuntana mountains                <\/a> \n            <\/h4> \n        \n            <div class=\"property_listing_details\">\n                <div class=\"smallCol\"><div class=\"inforoom_unit_type2\"><\/div><div>5<\/div><\/div><div class=\"smallCol\"><div class=\"infobath_unit_type2\"><\/div><div>4<\/div><\/div><div class=\"smallCol\"><div class=\"infosize_unit_type2\"><\/div><div>0 m&sup2;<\/div><\/div><div class=\"smallCol\"><div class=\"infolotsize_unit_type2\"><\/div><div>25467 m&sup2;<\/div><\/div>            <\/div>\n\t\t\n            <div class=\"listing_unit_price_wrapper\">429.000 \u20ac <span class=\"price_label\"><\/span><\/div>               \n            <div class=\"property_location\">\n                    \n                    <div class=\"ownerNotes\">5414<\/div><div class=\"propertyArea\"><a href=\"https:\/\/www.privatepropertymallorca.com\/en\/state\/southeast\/\" rel=\"tag\">Southeast<\/a>, <a href=\"https:\/\/www.privatepropertymallorca.com\/en\/city\/cas-concos-en\/\" rel=\"tag\">Cas Concos<\/a><\/div>                        <\/div>        <\/div>             \n    <\/div>\n  \n\n\n\n<div class=\"col-md-3 shortcode-col has_4per_row  listing_wrapper property_unit_type2\" data-org=\"4\" data-listid=\"1022260\" > \n    <div class=\"property_listing property_unit_type2  \" data-link=\"https:\/\/www.privatepropertymallorca.com\/en\/realestate\/first-current-impressive-new-construction-natural-stone-finca-near-the-popular-beach-es-trenc\/\">\n        \n        <div class=\"listing-unit-img-wrapper\"><a href=\"https:\/\/www.privatepropertymallorca.com\/en\/realestate\/first-current-impressive-new-construction-natural-stone-finca-near-the-popular-beach-es-trenc\/\" target=\"_self\"><img loading=\"lazy\" decoding=\"async\" width=\"525\" height=\"328\" src=\"https:\/\/www.privatepropertymallorca.com\/wp-content\/uploads\/2026\/01\/3fbddd41-de51-4eed-90f8-57c95c4f3e75-1-525x328.jpg\" class=\"lazyload img-responsive wp-post-image\" alt=\"4730  -Villa in Sa Rapita25\" data-original=\"https:\/\/www.privatepropertymallorca.com\/wp-content\/uploads\/2026\/01\/3fbddd41-de51-4eed-90f8-57c95c4f3e75-1-525x328.jpg\" \/><\/a><div class=\"tag-wrapper\"><div class=\"status-wrapper\"><\/div><\/div><\/div>\n\n            <h4><a href=\"https:\/\/www.privatepropertymallorca.com\/en\/realestate\/first-current-impressive-new-construction-natural-stone-finca-near-the-popular-beach-es-trenc\/\" target=\"_self\">\n                Impressive natural stone finca in Sa Rapita on a large plot, close to Es Trenc beach                <\/a> \n            <\/h4> \n        \n            <div class=\"property_listing_details\">\n                <div class=\"smallCol\"><div class=\"inforoom_unit_type2\"><\/div><div>5<\/div><\/div><div class=\"smallCol\"><div class=\"infobath_unit_type2\"><\/div><div>6<\/div><\/div><div class=\"smallCol\"><div class=\"infosize_unit_type2\"><\/div><div>509 m&sup2;<\/div><\/div><div class=\"smallCol\"><div class=\"infolotsize_unit_type2\"><\/div><div>30000 m&sup2;<\/div><\/div>            <\/div>\n\t\t\n            <div class=\"listing_unit_price_wrapper\">3.950.000 \u20ac <span class=\"price_label\"><\/span><\/div>               \n            <div class=\"property_location\">\n                    \n                    <div class=\"ownerNotes\">F-4730<\/div><div class=\"propertyArea\"><a href=\"https:\/\/www.privatepropertymallorca.com\/en\/state\/southeast\/\" rel=\"tag\">Southeast<\/a>, <a href=\"https:\/\/www.privatepropertymallorca.com\/en\/city\/sa-rapita-en\/\" rel=\"tag\">Sa Rapita<\/a><\/div>                        <\/div>        <\/div>             \n    <\/div>\n  \n\n\n\n<div class=\"col-md-3 shortcode-col has_4per_row  listing_wrapper property_unit_type2\" data-org=\"4\" data-listid=\"1052292\" > \n    <div class=\"property_listing property_unit_type2  \" data-link=\"https:\/\/www.privatepropertymallorca.com\/en\/realestate\/well-maintained-natural-stone-finca-with-large-pool-panoramic-views-and-lots-of-privacy-between-campos-and-felanitx\/\">\n        \n        <div class=\"listing-unit-img-wrapper\"><a href=\"https:\/\/www.privatepropertymallorca.com\/en\/realestate\/well-maintained-natural-stone-finca-with-large-pool-panoramic-views-and-lots-of-privacy-between-campos-and-felanitx\/\" target=\"_self\"><img loading=\"lazy\" decoding=\"async\" width=\"525\" height=\"328\" src=\"https:\/\/www.privatepropertymallorca.com\/wp-content\/uploads\/2023\/08\/Titelbild_343197-1-525x328.jpg\" class=\"lazyload img-responsive wp-post-image\" alt=\"F-2088 Gepflegte Naturstein Finca mit grossem Pool, Weitblick und viel Privatsph\u00e4re zwischen Campos und Felanitx\" data-original=\"https:\/\/www.privatepropertymallorca.com\/wp-content\/uploads\/2023\/08\/Titelbild_343197-1-525x328.jpg\" \/><\/a><div class=\"tag-wrapper\"><div class=\"status-wrapper\"><div class=\"ribbon-inside holiday-rental-licence\">Holiday rental licence<\/div><\/div><\/div><\/div>\n\n            <h4><a href=\"https:\/\/www.privatepropertymallorca.com\/en\/realestate\/well-maintained-natural-stone-finca-with-large-pool-panoramic-views-and-lots-of-privacy-between-campos-and-felanitx\/\" target=\"_self\">\n                Natural stone finca with large pool, panoramic views and lots of privacy between Campos and Felanitx                <\/a> \n            <\/h4> \n        \n            <div class=\"property_listing_details\">\n                <div class=\"smallCol\"><div class=\"inforoom_unit_type2\"><\/div><div>3<\/div><\/div><div class=\"smallCol\"><div class=\"infobath_unit_type2\"><\/div><div>2<\/div><\/div><div class=\"smallCol\"><div class=\"infosize_unit_type2\"><\/div><div>300 m&sup2;<\/div><\/div><div class=\"smallCol\"><div class=\"infolotsize_unit_type2\"><\/div><div>21000 m&sup2;<\/div><\/div>            <\/div>\n\t\t\n            <div class=\"listing_unit_price_wrapper\">1.790.000 \u20ac <span class=\"price_label\"><\/span><\/div>               \n            <div class=\"property_location\">\n                    \n                    <div class=\"ownerNotes\">F-2088<\/div><div class=\"propertyArea\"><a href=\"https:\/\/www.privatepropertymallorca.com\/en\/state\/southeast\/\" rel=\"tag\">Southeast<\/a>, <a href=\"https:\/\/www.privatepropertymallorca.com\/en\/city\/campos-en\/\" rel=\"tag\">Campos<\/a><\/div>                        <\/div>        <\/div>             \n    <\/div>\n  \n\n\n\n<div class=\"col-md-3 shortcode-col has_4per_row  listing_wrapper property_unit_type2\" data-org=\"4\" data-listid=\"1255758\" > \n    <div class=\"property_listing property_unit_type2  \" data-link=\"https:\/\/www.privatepropertymallorca.com\/en\/realestate\/plot-with-project-and-building-permit-between-campos-porreres-and-felanitx\/\">\n        \n        <div class=\"listing-unit-img-wrapper\"><a href=\"https:\/\/www.privatepropertymallorca.com\/en\/realestate\/plot-with-project-and-building-permit-between-campos-porreres-and-felanitx\/\" target=\"_self\"><img loading=\"lazy\" decoding=\"async\" width=\"525\" height=\"328\" src=\"https:\/\/www.privatepropertymallorca.com\/wp-content\/uploads\/2025\/08\/8b2684d9-9e3c-4362-9392-62b2cd539d94-1-525x328.jpg\" class=\"lazyload img-responsive wp-post-image\" alt=\"WhatsApp Bild 2025-08-28 um 16.35.55_42d81afd\" data-original=\"https:\/\/www.privatepropertymallorca.com\/wp-content\/uploads\/2025\/08\/8b2684d9-9e3c-4362-9392-62b2cd539d94-1-525x328.jpg\" \/><\/a><div class=\"tag-wrapper\"><div class=\"status-wrapper\"><div class=\"ribbon-inside project\">Project<\/div><\/div><\/div><\/div>\n\n            <h4><a href=\"https:\/\/www.privatepropertymallorca.com\/en\/realestate\/plot-with-project-and-building-permit-between-campos-porreres-and-felanitx\/\" target=\"_self\">\n                Plot with project and building permit between Campos, Porreres and Felanitx                <\/a> \n            <\/h4> \n        \n            <div class=\"property_listing_details\">\n                <div class=\"smallCol\"><div class=\"inforoom_unit_type2\"><\/div><div>6<\/div><\/div><div class=\"smallCol\"><div class=\"infobath_unit_type2\"><\/div><div>6<\/div><\/div><div class=\"smallCol\"><div class=\"infosize_unit_type2\"><\/div><div>0 m&sup2;<\/div><\/div><div class=\"smallCol\"><div class=\"infolotsize_unit_type2\"><\/div><div>27537 m&sup2;<\/div><\/div>            <\/div>\n\t\t\n            <div class=\"listing_unit_price_wrapper\">419.000 \u20ac <span class=\"price_label\"><\/span><\/div>               \n            <div class=\"property_location\">\n                    \n                    <div class=\"ownerNotes\">5415<\/div><div class=\"propertyArea\"><a href=\"https:\/\/www.privatepropertymallorca.com\/en\/state\/southeast\/\" rel=\"tag\">Southeast<\/a>, <a href=\"https:\/\/www.privatepropertymallorca.com\/en\/city\/felanitx-en\/\" rel=\"tag\">Felanitx<\/a><\/div>                        <\/div>        <\/div>             \n    <\/div>\n  \n\n\n\n<div class=\"col-md-3 shortcode-col has_4per_row  listing_wrapper property_unit_type2\" data-org=\"4\" data-listid=\"1225501\" > \n    <div class=\"property_listing property_unit_type2  \" data-link=\"https:\/\/www.privatepropertymallorca.com\/en\/realestate\/unique-villa-project-in-alaro\/\">\n        \n        <div class=\"listing-unit-img-wrapper\"><a href=\"https:\/\/www.privatepropertymallorca.com\/en\/realestate\/unique-villa-project-in-alaro\/\" target=\"_self\"><img loading=\"lazy\" decoding=\"async\" width=\"525\" height=\"328\" src=\"https:\/\/www.privatepropertymallorca.com\/wp-content\/uploads\/2025\/06\/43dbb256-0908-478a-8dde-ecc47417c5df-1-525x328.jpg\" class=\"lazyload img-responsive wp-post-image\" alt=\"_11-01_Piscina002_20\" data-original=\"https:\/\/www.privatepropertymallorca.com\/wp-content\/uploads\/2025\/06\/43dbb256-0908-478a-8dde-ecc47417c5df-1-525x328.jpg\" \/><\/a><div class=\"tag-wrapper\"><div class=\"status-wrapper\"><\/div><\/div><\/div>\n\n            <h4><a href=\"https:\/\/www.privatepropertymallorca.com\/en\/realestate\/unique-villa-project-in-alaro\/\" target=\"_self\">\n                Unique villa project in Alar\u00f3                <\/a> \n            <\/h4> \n        \n            <div class=\"property_listing_details\">\n                <div class=\"smallCol\"><div class=\"inforoom_unit_type2\"><\/div><div>4<\/div><\/div><div class=\"smallCol\"><div class=\"infobath_unit_type2\"><\/div><div>4<\/div><\/div><div class=\"smallCol\"><div class=\"infosize_unit_type2\"><\/div><div>362 m&sup2;<\/div><\/div><div class=\"smallCol\"><div class=\"infolotsize_unit_type2\"><\/div><div>23000 m&sup2;<\/div><\/div>            <\/div>\n\t\t\n            <div class=\"listing_unit_price_wrapper\">5.750.000 \u20ac <span class=\"price_label\"><\/span><\/div>               \n            <div class=\"property_location\">\n                    \n                    <div class=\"ownerNotes\">5299 -126<\/div><div class=\"propertyArea\"><a href=\"https:\/\/www.privatepropertymallorca.com\/en\/state\/center-of-island\/\" rel=\"tag\">Center of Island<\/a>, <a href=\"https:\/\/www.privatepropertymallorca.com\/en\/city\/alaro-en\/\" rel=\"tag\">Alaro<\/a><\/div>                        <\/div>        <\/div>             \n    <\/div>\n  \n\n\n\n<div class=\"col-md-3 shortcode-col has_4per_row  listing_wrapper property_unit_type2\" data-org=\"4\" data-listid=\"1301542\" > \n    <div class=\"property_listing property_unit_type2  \" data-link=\"https:\/\/www.privatepropertymallorca.com\/en\/realestate\/luxurious-newly-built-finca-in-llucmajor-for-rent\/\">\n        \n        <div class=\"listing-unit-img-wrapper\"><a href=\"https:\/\/www.privatepropertymallorca.com\/en\/realestate\/luxurious-newly-built-finca-in-llucmajor-for-rent\/\" target=\"_self\"><img loading=\"lazy\" decoding=\"async\" width=\"525\" height=\"328\" src=\"https:\/\/www.privatepropertymallorca.com\/wp-content\/uploads\/2026\/04\/426219-1-525x328.jpg\" class=\"lazyload img-responsive wp-post-image\" alt=\"5412- Finca in Llucmajor21\" data-original=\"https:\/\/www.privatepropertymallorca.com\/wp-content\/uploads\/2026\/04\/426219-1-525x328.jpg\" \/><\/a><div class=\"tag-wrapper\"><div class=\"status-wrapper\"><\/div><\/div><\/div>\n\n            <h4><a href=\"https:\/\/www.privatepropertymallorca.com\/en\/realestate\/luxurious-newly-built-finca-in-llucmajor-for-rent\/\" target=\"_self\">\n                Luxurious newly built finca in Llucmajor for rent                <\/a> \n            <\/h4> \n        \n            <div class=\"property_listing_details\">\n                <div class=\"smallCol\"><div class=\"inforoom_unit_type2\"><\/div><div>5<\/div><\/div><div class=\"smallCol\"><div class=\"infobath_unit_type2\"><\/div><div>4<\/div><\/div><div class=\"smallCol\"><div class=\"infosize_unit_type2\"><\/div><div>361 m&sup2;<\/div><\/div><div class=\"smallCol\"><div class=\"infolotsize_unit_type2\"><\/div><div>15000 m&sup2;<\/div><\/div>            <\/div>\n\t\t\n            <div class=\"listing_unit_price_wrapper\">5.750 \u20ac <span class=\"price_label\"><\/span><\/div>               \n            <div class=\"property_location\">\n                    \n                    <div class=\"ownerNotes\">5570<\/div><div class=\"propertyArea\"><a href=\"https:\/\/www.privatepropertymallorca.com\/en\/state\/south\/\" rel=\"tag\">South<\/a>, <a href=\"https:\/\/www.privatepropertymallorca.com\/en\/city\/llucmajor-en\/\" rel=\"tag\">Llucmajor<\/a><\/div>                        <\/div>        <\/div>             \n    <\/div>\n  \n\n\n\n<div class=\"col-md-3 shortcode-col has_4per_row  listing_wrapper property_unit_type2\" data-org=\"4\" data-listid=\"1188212\" > \n    <div class=\"property_listing property_unit_type2  \" data-link=\"https:\/\/www.privatepropertymallorca.com\/en\/realestate\/mediterranean-finca-with-large-pool-garden-in-quiet-area-of-bunyola-very-close-to-palma\/\">\n        \n        <div class=\"listing-unit-img-wrapper\"><a href=\"https:\/\/www.privatepropertymallorca.com\/en\/realestate\/mediterranean-finca-with-large-pool-garden-in-quiet-area-of-bunyola-very-close-to-palma\/\" target=\"_self\"><img loading=\"lazy\" decoding=\"async\" width=\"525\" height=\"328\" src=\"https:\/\/www.privatepropertymallorca.com\/wp-content\/uploads\/2025\/05\/f292e3c2-daab-4437-90e3-ab7d6eaac22b-2-525x328.jpg\" class=\"lazyload img-responsive wp-post-image\" alt=\"4508 - Finca in Bunyola 18\" data-original=\"https:\/\/www.privatepropertymallorca.com\/wp-content\/uploads\/2025\/05\/f292e3c2-daab-4437-90e3-ab7d6eaac22b-2-525x328.jpg\" \/><\/a><div class=\"tag-wrapper\"><div class=\"status-wrapper\"><\/div><\/div><\/div>\n\n            <h4><a href=\"https:\/\/www.privatepropertymallorca.com\/en\/realestate\/mediterranean-finca-with-large-pool-garden-in-quiet-area-of-bunyola-very-close-to-palma\/\" target=\"_self\">\n                Mediterranean finca in Bunyola with large pool &amp; garden, very close to Palma                <\/a> \n            <\/h4> \n        \n            <div class=\"property_listing_details\">\n                <div class=\"smallCol\"><div class=\"inforoom_unit_type2\"><\/div><div>4<\/div><\/div><div class=\"smallCol\"><div class=\"infobath_unit_type2\"><\/div><div>3<\/div><\/div><div class=\"smallCol\"><div class=\"infosize_unit_type2\"><\/div><div>334 m&sup2;<\/div><\/div><div class=\"smallCol\"><div class=\"infolotsize_unit_type2\"><\/div><div>2202 m&sup2;<\/div><\/div>            <\/div>\n\t\t\n            <div class=\"listing_unit_price_wrapper\">1.840.000 \u20ac <span class=\"price_label\"><\/span><\/div>               \n            <div class=\"property_location\">\n                    \n                    <div class=\"ownerNotes\">F-4508<\/div><div class=\"propertyArea\"><a href=\"https:\/\/www.privatepropertymallorca.com\/en\/state\/west\/\" rel=\"tag\">West<\/a>, <a href=\"https:\/\/www.privatepropertymallorca.com\/en\/city\/bunyola-en\/\" rel=\"tag\">Bunyola<\/a><\/div>                        <\/div>        <\/div>             \n    <\/div>\n  \n\n\n\n<div class=\"col-md-3 shortcode-col has_4per_row  listing_wrapper property_unit_type2\" data-org=\"4\" data-listid=\"1302276\" > \n    <div class=\"property_listing property_unit_type2  \" data-link=\"https:\/\/www.privatepropertymallorca.com\/en\/realestate\/mediterranean-villa-with-partial-sea-views-in-costa-de-la-calma\/\">\n        \n        <div class=\"listing-unit-img-wrapper\"><a href=\"https:\/\/www.privatepropertymallorca.com\/en\/realestate\/mediterranean-villa-with-partial-sea-views-in-costa-de-la-calma\/\" target=\"_self\"><img loading=\"lazy\" decoding=\"async\" width=\"525\" height=\"328\" src=\"https:\/\/www.privatepropertymallorca.com\/wp-content\/uploads\/2026\/04\/22536140-d17c-4eb3-a86f-3f2e0fc77071-1-525x328.jpg\" class=\"lazyload img-responsive wp-post-image\" alt=\"5510-Villa in Costa de la Calma 5\" data-original=\"https:\/\/www.privatepropertymallorca.com\/wp-content\/uploads\/2026\/04\/22536140-d17c-4eb3-a86f-3f2e0fc77071-1-525x328.jpg\" \/><\/a><div class=\"tag-wrapper\"><div class=\"status-wrapper\"><\/div><\/div><\/div>\n\n            <h4><a href=\"https:\/\/www.privatepropertymallorca.com\/en\/realestate\/mediterranean-villa-with-partial-sea-views-in-costa-de-la-calma\/\" target=\"_self\">\n                Mediterranean villa for sale in Costa de la Calma with partial sea views                <\/a> \n            <\/h4> \n        \n            <div class=\"property_listing_details\">\n                <div class=\"smallCol\"><div class=\"inforoom_unit_type2\"><\/div><div>2<\/div><\/div><div class=\"smallCol\"><div class=\"infobath_unit_type2\"><\/div><div>2<\/div><\/div><div class=\"smallCol\"><div class=\"infosize_unit_type2\"><\/div><div>252 m&sup2;<\/div><\/div><div class=\"smallCol\"><div class=\"infolotsize_unit_type2\"><\/div><div>941 m&sup2;<\/div><\/div>            <\/div>\n\t\t\n            <div class=\"listing_unit_price_wrapper\">1.690.000 \u20ac <span class=\"price_label\"><\/span><\/div>               \n            <div class=\"property_location\">\n                    \n                    <div class=\"ownerNotes\">5510<\/div><div class=\"propertyArea\"><a href=\"https:\/\/www.privatepropertymallorca.com\/en\/state\/southwest\/\" rel=\"tag\">Southwest<\/a>, <a href=\"https:\/\/www.privatepropertymallorca.com\/en\/city\/costa-de-la-calma-en\/\" rel=\"tag\">Costa de la Calma<\/a><\/div>                        <\/div>        <\/div>             \n    <\/div>\n  \n\n\n\n<div class=\"col-md-3 shortcode-col has_4per_row  listing_wrapper property_unit_type2\" data-org=\"4\" data-listid=\"1115029\" > \n    <div class=\"property_listing property_unit_type2  \" data-link=\"https:\/\/www.privatepropertymallorca.com\/en\/realestate\/high-quality-renovated-penthouse-in-bonanova-with-distant-sea-views-in-an-absolutely-quiet-location\/\">\n        \n        <div class=\"listing-unit-img-wrapper\"><a href=\"https:\/\/www.privatepropertymallorca.com\/en\/realestate\/high-quality-renovated-penthouse-in-bonanova-with-distant-sea-views-in-an-absolutely-quiet-location\/\" target=\"_self\"><img loading=\"lazy\" decoding=\"async\" width=\"525\" height=\"328\" src=\"https:\/\/www.privatepropertymallorca.com\/wp-content\/uploads\/2024\/04\/f6bd1b3b-fae3-4507-9a78-3c039cd073fe-525x328.jpg\" class=\"lazyload img-responsive wp-post-image\" alt=\"5051 Edle Duplex Dachgeschosswohnung in Bonanova mit Fern-Meerblick\" data-original=\"https:\/\/www.privatepropertymallorca.com\/wp-content\/uploads\/2024\/04\/f6bd1b3b-fae3-4507-9a78-3c039cd073fe-525x328.jpg\" \/><\/a><div class=\"tag-wrapper\"><div class=\"status-wrapper\"><\/div><\/div><\/div>\n\n            <h4><a href=\"https:\/\/www.privatepropertymallorca.com\/en\/realestate\/high-quality-renovated-penthouse-in-bonanova-with-distant-sea-views-in-an-absolutely-quiet-location\/\" target=\"_self\">\n                Elegant duplex penthouse for sale in Bonanova with distant sea views                <\/a> \n            <\/h4> \n        \n            <div class=\"property_listing_details\">\n                <div class=\"smallCol\"><div class=\"inforoom_unit_type2\"><\/div><div>4<\/div><\/div><div class=\"smallCol\"><div class=\"infobath_unit_type2\"><\/div><div>3<\/div><\/div><div class=\"smallCol\"><div class=\"infosize_unit_type2\"><\/div><div>230 m&sup2;<\/div><\/div><div class=\"smallCol\"><div class=\"infolotsize_unit_type2\"><\/div><div>0 m&sup2;<\/div><\/div>            <\/div>\n\t\t\n            <div class=\"listing_unit_price_wrapper\">1.800.000 \u20ac <span class=\"price_label\"><\/span><\/div>               \n            <div class=\"property_location\">\n                    \n                    <div class=\"ownerNotes\">5051<\/div><div class=\"propertyArea\"><a href=\"https:\/\/www.privatepropertymallorca.com\/en\/state\/palma-surroundings\/\" rel=\"tag\">Palma &amp; Surroundings<\/a>, <a href=\"https:\/\/www.privatepropertymallorca.com\/en\/city\/bonanova-en\/\" rel=\"tag\">Bonanova<\/a><\/div>                        <\/div>        <\/div>             \n    <\/div>\n  \n\n\n\n<div class=\"col-md-3 shortcode-col has_4per_row  listing_wrapper property_unit_type2\" data-org=\"4\" data-listid=\"595696\" > \n    <div class=\"property_listing property_unit_type2  \" data-link=\"https:\/\/www.privatepropertymallorca.com\/en\/realestate\/project-new-construction-luxury-villa-with-stunning-views-of-the-bay-of-santa-ponca\/\">\n        \n        <div class=\"listing-unit-img-wrapper\"><a href=\"https:\/\/www.privatepropertymallorca.com\/en\/realestate\/project-new-construction-luxury-villa-with-stunning-views-of-the-bay-of-santa-ponca\/\" target=\"_self\"><img loading=\"lazy\" decoding=\"async\" width=\"525\" height=\"328\" src=\"https:\/\/www.privatepropertymallorca.com\/wp-content\/uploads\/2022\/08\/287029-1-525x328.jpg\" class=\"lazyload img-responsive wp-post-image\" alt=\"V-4072 PROJEKT: Neubau Luxus Villa mit traumhaftem Blick auf die Bucht von Santa Ponsa\" data-original=\"https:\/\/www.privatepropertymallorca.com\/wp-content\/uploads\/2022\/08\/287029-1-525x328.jpg\" \/><\/a><div class=\"tag-wrapper\"><div class=\"status-wrapper\"><\/div><\/div><\/div>\n\n            <h4><a href=\"https:\/\/www.privatepropertymallorca.com\/en\/realestate\/project-new-construction-luxury-villa-with-stunning-views-of-the-bay-of-santa-ponca\/\" target=\"_self\">\n                UNDER CONSTRUCTION! Luxury villa in Santa Ponsa with fantastic views of the bay                <\/a> \n            <\/h4> \n        \n            <div class=\"property_listing_details\">\n                <div class=\"smallCol\"><div class=\"inforoom_unit_type2\"><\/div><div>4<\/div><\/div><div class=\"smallCol\"><div class=\"infobath_unit_type2\"><\/div><div>4<\/div><\/div><div class=\"smallCol\"><div class=\"infosize_unit_type2\"><\/div><div>498 m&sup2;<\/div><\/div><div class=\"smallCol\"><div class=\"infolotsize_unit_type2\"><\/div><div>1253 m&sup2;<\/div><\/div>            <\/div>\n\t\t\n            <div class=\"listing_unit_price_wrapper\"><span class=\"price_label price_label_before\">on request<\/span>  <span class=\"price_label\"><\/span><\/div>               \n            <div class=\"property_location\">\n                    \n                    <div class=\"ownerNotes\">V-4072<\/div><div class=\"propertyArea\"><a href=\"https:\/\/www.privatepropertymallorca.com\/en\/state\/southwest\/\" rel=\"tag\">Southwest<\/a>, <a href=\"https:\/\/www.privatepropertymallorca.com\/en\/city\/santa-ponsa-en\/\" rel=\"tag\">Santa Ponsa<\/a><\/div>                        <\/div>        <\/div>             \n    <\/div>\n  \n\n\n\n<div class=\"col-md-3 shortcode-col has_4per_row  listing_wrapper property_unit_type2\" data-org=\"4\" data-listid=\"741653\" > \n    <div class=\"property_listing property_unit_type2  \" data-link=\"https:\/\/www.privatepropertymallorca.com\/en\/realestate\/modern-south-facing-villa-with-vacation-rental-license-next-to-the-golf-club-of-canyamel\/\">\n        \n        <div class=\"listing-unit-img-wrapper\"><a href=\"https:\/\/www.privatepropertymallorca.com\/en\/realestate\/modern-south-facing-villa-with-vacation-rental-license-next-to-the-golf-club-of-canyamel\/\" target=\"_self\"><img loading=\"lazy\" decoding=\"async\" width=\"525\" height=\"328\" src=\"https:\/\/www.privatepropertymallorca.com\/wp-content\/uploads\/2026\/03\/ab222fd5-3790-479f-97df-d878bd589c1d-1-525x328.jpg\" class=\"lazyload img-responsive wp-post-image\" alt=\"ETV LOGO PPM  (4)\" data-original=\"https:\/\/www.privatepropertymallorca.com\/wp-content\/uploads\/2026\/03\/ab222fd5-3790-479f-97df-d878bd589c1d-1-525x328.jpg\" \/><\/a><div class=\"tag-wrapper\"><div class=\"status-wrapper\"><div class=\"ribbon-inside holiday-rental-licence\">Holiday rental licence<\/div><\/div><\/div><\/div>\n\n            <h4><a href=\"https:\/\/www.privatepropertymallorca.com\/en\/realestate\/modern-south-facing-villa-with-vacation-rental-license-next-to-the-golf-club-of-canyamel\/\" target=\"_self\">\n                Modern south facing villa with vacation rental license, next to the golf club of Canyamel                <\/a> \n            <\/h4> \n        \n            <div class=\"property_listing_details\">\n                <div class=\"smallCol\"><div class=\"inforoom_unit_type2\"><\/div><div>5<\/div><\/div><div class=\"smallCol\"><div class=\"infobath_unit_type2\"><\/div><div>5<\/div><\/div><div class=\"smallCol\"><div class=\"infosize_unit_type2\"><\/div><div>444 m&sup2;<\/div><\/div><div class=\"smallCol\"><div class=\"infolotsize_unit_type2\"><\/div><div>1800 m&sup2;<\/div><\/div>            <\/div>\n\t\t\n            <div class=\"listing_unit_price_wrapper\">3.760.000 \u20ac <span class=\"price_label\"><\/span><\/div>               \n            <div class=\"property_location\">\n                    \n                    <div class=\"ownerNotes\">V-2080<\/div><div class=\"propertyArea\"><a href=\"https:\/\/www.privatepropertymallorca.com\/en\/state\/northeast\/\" rel=\"tag\">Northeast<\/a>, <a href=\"https:\/\/www.privatepropertymallorca.com\/en\/city\/canyamel-en\/\" rel=\"tag\">Canyamel<\/a><\/div>                        <\/div>        <\/div>             \n    <\/div>\n  \n\n\n\n<div class=\"col-md-3 shortcode-col has_4per_row  listing_wrapper property_unit_type2\" data-org=\"4\" data-listid=\"1226382\" > \n    <div class=\"property_listing property_unit_type2  \" data-link=\"https:\/\/www.privatepropertymallorca.com\/en\/realestate\/plot-with-project-for-a-unique-villa-in-puerto-andratx\/\">\n        \n        <div class=\"listing-unit-img-wrapper\"><a href=\"https:\/\/www.privatepropertymallorca.com\/en\/realestate\/plot-with-project-for-a-unique-villa-in-puerto-andratx\/\" target=\"_self\"><img loading=\"lazy\" decoding=\"async\" width=\"525\" height=\"328\" src=\"https:\/\/www.privatepropertymallorca.com\/wp-content\/uploads\/2025\/06\/d1d6c340-ef96-45a3-918a-1b423dfb6353-1-525x328.jpg\" class=\"lazyload img-responsive wp-post-image\" alt=\"5307 - 66 Grundst\u00fcck mit Projekt in Port Andratx1\" data-original=\"https:\/\/www.privatepropertymallorca.com\/wp-content\/uploads\/2025\/06\/d1d6c340-ef96-45a3-918a-1b423dfb6353-1-525x328.jpg\" \/><\/a><div class=\"tag-wrapper\"><div class=\"status-wrapper\"><\/div><\/div><\/div>\n\n            <h4><a href=\"https:\/\/www.privatepropertymallorca.com\/en\/realestate\/plot-with-project-for-a-unique-villa-in-puerto-andratx\/\" target=\"_self\">\n                Plot with project for a unique villa in Puerto Andratx                <\/a> \n            <\/h4> \n        \n            <div class=\"property_listing_details\">\n                <div class=\"smallCol\"><div class=\"inforoom_unit_type2\"><\/div><div>5<\/div><\/div><div class=\"smallCol\"><div class=\"infobath_unit_type2\"><\/div><div>6<\/div><\/div><div class=\"smallCol\"><div class=\"infosize_unit_type2\"><\/div><div>784 m&sup2;<\/div><\/div><div class=\"smallCol\"><div class=\"infolotsize_unit_type2\"><\/div><div>1338 m&sup2;<\/div><\/div>            <\/div>\n\t\t\n            <div class=\"listing_unit_price_wrapper\">3.480.000 \u20ac <span class=\"price_label\"><\/span><\/div>               \n            <div class=\"property_location\">\n                    \n                    <div class=\"ownerNotes\">5307 - 66<\/div><div class=\"propertyArea\"><a href=\"https:\/\/www.privatepropertymallorca.com\/en\/state\/southwest\/\" rel=\"tag\">Southwest<\/a>, <a href=\"https:\/\/www.privatepropertymallorca.com\/en\/city\/port-andratx-en\/\" rel=\"tag\">Port Andratx<\/a><\/div>                        <\/div>        <\/div>             \n    <\/div>\n  \n\n\n\n<div class=\"col-md-3 shortcode-col has_4per_row  listing_wrapper property_unit_type2\" data-org=\"4\" data-listid=\"1099010\" > \n    <div class=\"property_listing property_unit_type2  \" data-link=\"https:\/\/www.privatepropertymallorca.com\/en\/realestate\/investment-cozy-villa-in-costa-den-blanes-with-pool-and-lots-of-potential-as-a-renovation-project\/\">\n        \n        <div class=\"listing-unit-img-wrapper\"><a href=\"https:\/\/www.privatepropertymallorca.com\/en\/realestate\/investment-cozy-villa-in-costa-den-blanes-with-pool-and-lots-of-potential-as-a-renovation-project\/\" target=\"_self\"><img loading=\"lazy\" decoding=\"async\" width=\"525\" height=\"328\" src=\"https:\/\/www.privatepropertymallorca.com\/wp-content\/uploads\/2024\/01\/a313ffad-01d9-473b-bd38-eb7b7f68d1b3-1-525x328.jpg\" class=\"lazyload img-responsive wp-post-image\" alt=\"4920 INVESTMENT! Gem\u00fctliche Villa in Costa d&#039;en Blanes mit Pool und viel Potenzial f\u00fcr ein Renovierungsprojekt\" data-original=\"https:\/\/www.privatepropertymallorca.com\/wp-content\/uploads\/2024\/01\/a313ffad-01d9-473b-bd38-eb7b7f68d1b3-1-525x328.jpg\" srcset=\"https:\/\/www.privatepropertymallorca.com\/wp-content\/uploads\/2024\/01\/a313ffad-01d9-473b-bd38-eb7b7f68d1b3-1-525x328.jpg 525w, https:\/\/www.privatepropertymallorca.com\/wp-content\/uploads\/2024\/01\/a313ffad-01d9-473b-bd38-eb7b7f68d1b3-1-1200x749.jpg 1200w, https:\/\/www.privatepropertymallorca.com\/wp-content\/uploads\/2024\/01\/a313ffad-01d9-473b-bd38-eb7b7f68d1b3-1-600x375.jpg 600w, https:\/\/www.privatepropertymallorca.com\/wp-content\/uploads\/2024\/01\/a313ffad-01d9-473b-bd38-eb7b7f68d1b3-1-768x480.jpg 768w, https:\/\/www.privatepropertymallorca.com\/wp-content\/uploads\/2024\/01\/a313ffad-01d9-473b-bd38-eb7b7f68d1b3-1-1536x959.jpg 1536w, https:\/\/www.privatepropertymallorca.com\/wp-content\/uploads\/2024\/01\/a313ffad-01d9-473b-bd38-eb7b7f68d1b3-1.jpg 1640w\" sizes=\"(max-width: 525px) 100vw, 525px\" \/><\/a><div class=\"tag-wrapper\"><div class=\"status-wrapper\"><\/div><\/div><\/div>\n\n            <h4><a href=\"https:\/\/www.privatepropertymallorca.com\/en\/realestate\/investment-cozy-villa-in-costa-den-blanes-with-pool-and-lots-of-potential-as-a-renovation-project\/\" target=\"_self\">\n                INVESTMENT! Cozy villa in Costa d&#8217;en Blanes with pool and lots of potential as a renovation project                <\/a> \n            <\/h4> \n        \n            <div class=\"property_listing_details\">\n                <div class=\"smallCol\"><div class=\"inforoom_unit_type2\"><\/div><div>5<\/div><\/div><div class=\"smallCol\"><div class=\"infobath_unit_type2\"><\/div><div>4<\/div><\/div><div class=\"smallCol\"><div class=\"infosize_unit_type2\"><\/div><div>269 m&sup2;<\/div><\/div><div class=\"smallCol\"><div class=\"infolotsize_unit_type2\"><\/div><div>1591 m&sup2;<\/div><\/div>            <\/div>\n\t\t\n            <div class=\"listing_unit_price_wrapper\">1.850.000 \u20ac <span class=\"price_label\"><\/span><\/div>               \n            <div class=\"property_location\">\n                    \n                    <div class=\"ownerNotes\">4920<\/div><div class=\"propertyArea\">, <a href=\"https:\/\/www.privatepropertymallorca.com\/en\/city\/costa-den-blanes-en\/\" rel=\"tag\">Costa d'en Blanes<\/a><\/div>                        <\/div>        <\/div>             \n    <\/div>\n  \n\n\n\n<div class=\"col-md-3 shortcode-col has_4per_row  listing_wrapper property_unit_type2\" data-org=\"4\" data-listid=\"905226\" > \n    <div class=\"property_listing property_unit_type2  \" data-link=\"https:\/\/www.privatepropertymallorca.com\/en\/realestate\/superbly-renovated-apartment-in-the-best-location-in-the-heart-of-the-old-town-of-palma-calatrava\/\">\n        \n        <div class=\"listing-unit-img-wrapper\"><a href=\"https:\/\/www.privatepropertymallorca.com\/en\/realestate\/superbly-renovated-apartment-in-the-best-location-in-the-heart-of-the-old-town-of-palma-calatrava\/\" target=\"_self\"><img loading=\"lazy\" decoding=\"async\" width=\"525\" height=\"328\" src=\"https:\/\/www.privatepropertymallorca.com\/wp-content\/uploads\/2026\/04\/0781476e-e24e-4a3f-8441-7e899d433788-1-525x328.jpg\" class=\"lazyload img-responsive wp-post-image\" alt=\"A-3105, Palma 12\" data-original=\"https:\/\/www.privatepropertymallorca.com\/wp-content\/uploads\/2026\/04\/0781476e-e24e-4a3f-8441-7e899d433788-1-525x328.jpg\" \/><\/a><div class=\"tag-wrapper\"><div class=\"status-wrapper\"><\/div><\/div><\/div>\n\n            <h4><a href=\"https:\/\/www.privatepropertymallorca.com\/en\/realestate\/superbly-renovated-apartment-in-the-best-location-in-the-heart-of-the-old-town-of-palma-calatrava\/\" target=\"_self\">\n                Excellently refurbished apartment for sale in Palma &#8211; Calatrava                <\/a> \n            <\/h4> \n        \n            <div class=\"property_listing_details\">\n                <div class=\"smallCol\"><div class=\"inforoom_unit_type2\"><\/div><div>3<\/div><\/div><div class=\"smallCol\"><div class=\"infobath_unit_type2\"><\/div><div>2<\/div><\/div><div class=\"smallCol\"><div class=\"infosize_unit_type2\"><\/div><div>116 m&sup2;<\/div><\/div><div class=\"smallCol\"><div class=\"infolotsize_unit_type2\"><\/div><div>0 m&sup2;<\/div><\/div>            <\/div>\n\t\t\n            <div class=\"listing_unit_price_wrapper\">800.000 \u20ac <span class=\"price_label\"><\/span><\/div>               \n            <div class=\"property_location\">\n                    \n                    <div class=\"ownerNotes\">A-3105<\/div><div class=\"propertyArea\"><a href=\"https:\/\/www.privatepropertymallorca.com\/en\/state\/palma-surroundings\/\" rel=\"tag\">Palma &amp; Surroundings<\/a>, <a href=\"https:\/\/www.privatepropertymallorca.com\/en\/city\/palma-oldtown-en\/\" rel=\"tag\">Palma Oldtown<\/a><\/div>                        <\/div>        <\/div>             \n    <\/div>\n  \n\n\n\n<div class=\"col-md-3 shortcode-col has_4per_row  listing_wrapper property_unit_type2\" data-org=\"4\" data-listid=\"1000926\" > \n    <div class=\"property_listing property_unit_type2  \" data-link=\"https:\/\/www.privatepropertymallorca.com\/en\/realestate\/project-magnificent-luxury-villa-with-stunning-sea-views-in-old-bendinat-in-the-southwest-of-the-island\/\">\n        \n        <div class=\"listing-unit-img-wrapper\"><a href=\"https:\/\/www.privatepropertymallorca.com\/en\/realestate\/project-magnificent-luxury-villa-with-stunning-sea-views-in-old-bendinat-in-the-southwest-of-the-island\/\" target=\"_self\"><img loading=\"lazy\" decoding=\"async\" width=\"525\" height=\"328\" src=\"https:\/\/www.privatepropertymallorca.com\/wp-content\/uploads\/2023\/07\/670baec9-9fe5-4a92-86b5-5bea52758644-1-525x328.jpg\" class=\"lazyload img-responsive wp-post-image\" alt=\"V-4217 PROJEKT! Prachtvolle Luxus-Villa mit atemberaubenden Meerblick, in Alt Bendinat, im S\u00fcdwesten der Insel 1\" data-original=\"https:\/\/www.privatepropertymallorca.com\/wp-content\/uploads\/2023\/07\/670baec9-9fe5-4a92-86b5-5bea52758644-1-525x328.jpg\" \/><\/a><div class=\"tag-wrapper\"><div class=\"status-wrapper\"><\/div><\/div><\/div>\n\n            <h4><a href=\"https:\/\/www.privatepropertymallorca.com\/en\/realestate\/project-magnificent-luxury-villa-with-stunning-sea-views-in-old-bendinat-in-the-southwest-of-the-island\/\" target=\"_self\">\n                PROJECT! Magnificent luxury villa with stunning sea views, in Old Bendinat, in the southwest of the island                <\/a> \n            <\/h4> \n        \n            <div class=\"property_listing_details\">\n                <div class=\"smallCol\"><div class=\"inforoom_unit_type2\"><\/div><div>6<\/div><\/div><div class=\"smallCol\"><div class=\"infobath_unit_type2\"><\/div><div>6<\/div><\/div><div class=\"smallCol\"><div class=\"infosize_unit_type2\"><\/div><div>1029 m&sup2;<\/div><\/div><div class=\"smallCol\"><div class=\"infolotsize_unit_type2\"><\/div><div>2363 m&sup2;<\/div><\/div>            <\/div>\n\t\t\n            <div class=\"listing_unit_price_wrapper\"><span class=\"price_label price_label_before\">on request<\/span>  <span class=\"price_label\"><\/span><\/div>               \n            <div class=\"property_location\">\n                    \n                    <div class=\"ownerNotes\">V-4217<\/div><div class=\"propertyArea\"><a href=\"https:\/\/www.privatepropertymallorca.com\/en\/state\/southwest\/\" rel=\"tag\">Southwest<\/a>, <a href=\"https:\/\/www.privatepropertymallorca.com\/en\/city\/bendinat-en\/\" rel=\"tag\">Bendinat<\/a><\/div>                        <\/div>        <\/div>             \n    <\/div>\n  \n\n\n\n<div class=\"col-md-3 shortcode-col has_4per_row  listing_wrapper property_unit_type2\" data-org=\"4\" data-listid=\"1189672\" > \n    <div class=\"property_listing property_unit_type2  \" data-link=\"https:\/\/www.privatepropertymallorca.com\/en\/realestate\/project-luxurious-townhouse-in-santa-maria\/\">\n        \n        <div class=\"listing-unit-img-wrapper\"><a href=\"https:\/\/www.privatepropertymallorca.com\/en\/realestate\/project-luxurious-townhouse-in-santa-maria\/\" target=\"_self\"><img loading=\"lazy\" decoding=\"async\" width=\"525\" height=\"328\" src=\"https:\/\/www.privatepropertymallorca.com\/wp-content\/uploads\/2025\/03\/24188a78-b216-48d1-b227-759916f701c4-525x328.jpg\" class=\"lazyload img-responsive wp-post-image\" alt=\"5217 PROJEKT! Luxuri\u00f6ses Dorfhaus in Santa Maria mit Pool\" data-original=\"https:\/\/www.privatepropertymallorca.com\/wp-content\/uploads\/2025\/03\/24188a78-b216-48d1-b227-759916f701c4-525x328.jpg\" \/><\/a><div class=\"tag-wrapper\"><div class=\"status-wrapper\"><\/div><\/div><\/div>\n\n            <h4><a href=\"https:\/\/www.privatepropertymallorca.com\/en\/realestate\/project-luxurious-townhouse-in-santa-maria\/\" target=\"_self\">\n                PROJECT! Luxurious village house in Santa Maria with pool                <\/a> \n            <\/h4> \n        \n            <div class=\"property_listing_details\">\n                <div class=\"smallCol\"><div class=\"inforoom_unit_type2\"><\/div><div>3<\/div><\/div><div class=\"smallCol\"><div class=\"infobath_unit_type2\"><\/div><div>2<\/div><\/div><div class=\"smallCol\"><div class=\"infosize_unit_type2\"><\/div><div>414 m&sup2;<\/div><\/div><div class=\"smallCol\"><div class=\"infolotsize_unit_type2\"><\/div><div>0 m&sup2;<\/div><\/div>            <\/div>\n\t\t\n            <div class=\"listing_unit_price_wrapper\">2.150.000 \u20ac <span class=\"price_label\"><\/span><\/div>               \n            <div class=\"property_location\">\n                    \n                    <div class=\"ownerNotes\">5217<\/div><div class=\"propertyArea\"><a href=\"https:\/\/www.privatepropertymallorca.com\/en\/state\/center-of-island\/\" rel=\"tag\">Center of Island<\/a>, <a href=\"https:\/\/www.privatepropertymallorca.com\/en\/city\/santa-maria-en\/\" rel=\"tag\">Santa Maria<\/a><\/div>                        <\/div>        <\/div>             \n    <\/div>\n  \n\n\n\n<div class=\"col-md-3 shortcode-col has_4per_row  listing_wrapper property_unit_type2\" data-org=\"4\" data-listid=\"1143773\" > \n    <div class=\"property_listing property_unit_type2  \" data-link=\"https:\/\/www.privatepropertymallorca.com\/en\/realestate\/charming-finca-in-andratx-with-pool-lots-of-privacy-and-distant-sea-views\/\">\n        \n        <div class=\"listing-unit-img-wrapper\"><a href=\"https:\/\/www.privatepropertymallorca.com\/en\/realestate\/charming-finca-in-andratx-with-pool-lots-of-privacy-and-distant-sea-views\/\" target=\"_self\"><img loading=\"lazy\" decoding=\"async\" width=\"525\" height=\"328\" src=\"https:\/\/www.privatepropertymallorca.com\/wp-content\/uploads\/2026\/03\/390f42f8-b637-4331-828c-5892591a7b34-1-525x328.jpg\" class=\"lazyload img-responsive wp-post-image\" alt=\"F-4366-98 Charmante Finca in Andratx mit Pool, viel Privatsph\u00e4re und Fern-Meerblick\" data-original=\"https:\/\/www.privatepropertymallorca.com\/wp-content\/uploads\/2026\/03\/390f42f8-b637-4331-828c-5892591a7b34-1-525x328.jpg\" \/><\/a><div class=\"tag-wrapper\"><div class=\"status-wrapper\"><\/div><\/div><\/div>\n\n            <h4><a href=\"https:\/\/www.privatepropertymallorca.com\/en\/realestate\/charming-finca-in-andratx-with-pool-lots-of-privacy-and-distant-sea-views\/\" target=\"_self\">\n                Charming finca in Andratx with pool, lots of privacy and distant sea views                <\/a> \n            <\/h4> \n        \n            <div class=\"property_listing_details\">\n                <div class=\"smallCol\"><div class=\"inforoom_unit_type2\"><\/div><div>5<\/div><\/div><div class=\"smallCol\"><div class=\"infobath_unit_type2\"><\/div><div>4<\/div><\/div><div class=\"smallCol\"><div class=\"infosize_unit_type2\"><\/div><div>496 m&sup2;<\/div><\/div><div class=\"smallCol\"><div class=\"infolotsize_unit_type2\"><\/div><div>62507 m&sup2;<\/div><\/div>            <\/div>\n\t\t\n            <div class=\"listing_unit_price_wrapper\">3.900.000 \u20ac <span class=\"price_label\"><\/span><\/div>               \n            <div class=\"property_location\">\n                    \n                    <div class=\"ownerNotes\">F-4366-98<\/div><div class=\"propertyArea\"><a href=\"https:\/\/www.privatepropertymallorca.com\/en\/state\/southwest\/\" rel=\"tag\">Southwest<\/a>, <a href=\"https:\/\/www.privatepropertymallorca.com\/en\/city\/andratx-en\/\" rel=\"tag\">Andratx<\/a><\/div>                        <\/div>        <\/div>             \n    <\/div>\n  \n\n\n\n<div class=\"col-md-3 shortcode-col has_4per_row  listing_wrapper property_unit_type2\" data-org=\"4\" data-listid=\"1221243\" > \n    <div class=\"property_listing property_unit_type2  \" data-link=\"https:\/\/www.privatepropertymallorca.com\/en\/realestate\/impressive-townhouse-in-the-heart-of-ses-salines\/\">\n        \n        <div class=\"listing-unit-img-wrapper\"><a href=\"https:\/\/www.privatepropertymallorca.com\/en\/realestate\/impressive-townhouse-in-the-heart-of-ses-salines\/\" target=\"_self\"><img loading=\"lazy\" decoding=\"async\" width=\"525\" height=\"328\" src=\"https:\/\/www.privatepropertymallorca.com\/wp-content\/uploads\/2026\/03\/bc2e1508-e765-4faa-9835-8c327afa2bf3-1-525x328.jpg\" class=\"lazyload img-responsive wp-post-image\" alt=\"5275 Stadthaus in Ses Salines12\" data-original=\"https:\/\/www.privatepropertymallorca.com\/wp-content\/uploads\/2026\/03\/bc2e1508-e765-4faa-9835-8c327afa2bf3-1-525x328.jpg\" \/><\/a><div class=\"tag-wrapper\"><div class=\"status-wrapper\"><\/div><\/div><\/div>\n\n            <h4><a href=\"https:\/\/www.privatepropertymallorca.com\/en\/realestate\/impressive-townhouse-in-the-heart-of-ses-salines\/\" target=\"_self\">\n                Impressive townhouse for sale in the heart of Ses Salines with pool                <\/a> \n            <\/h4> \n        \n            <div class=\"property_listing_details\">\n                <div class=\"smallCol\"><div class=\"inforoom_unit_type2\"><\/div><div>2<\/div><\/div><div class=\"smallCol\"><div class=\"infobath_unit_type2\"><\/div><div>3<\/div><\/div><div class=\"smallCol\"><div class=\"infosize_unit_type2\"><\/div><div>402 m&sup2;<\/div><\/div><div class=\"smallCol\"><div class=\"infolotsize_unit_type2\"><\/div><div>363 m&sup2;<\/div><\/div>            <\/div>\n\t\t\n            <div class=\"listing_unit_price_wrapper\">1.750.000 \u20ac <span class=\"price_label\"><\/span><\/div>               \n            <div class=\"property_location\">\n                    \n                    <div class=\"ownerNotes\">5275<\/div><div class=\"propertyArea\"><a href=\"https:\/\/www.privatepropertymallorca.com\/en\/state\/southeast\/\" rel=\"tag\">Southeast<\/a>, <a href=\"https:\/\/www.privatepropertymallorca.com\/en\/city\/ses-salines-en\/\" rel=\"tag\">Ses Salines<\/a><\/div>                        <\/div>        <\/div>             \n    <\/div>\n  \n\n\n\n<div class=\"col-md-3 shortcode-col has_4per_row  listing_wrapper property_unit_type2\" data-org=\"4\" data-listid=\"1052418\" > \n    <div class=\"property_listing property_unit_type2  \" data-link=\"https:\/\/www.privatepropertymallorca.com\/en\/realestate\/finca-with-three-guest-houses-with-large-pool-landscape-in-cala-san-vicente\/\">\n        \n        <div class=\"listing-unit-img-wrapper\"><a href=\"https:\/\/www.privatepropertymallorca.com\/en\/realestate\/finca-with-three-guest-houses-with-large-pool-landscape-in-cala-san-vicente\/\" target=\"_self\"><img loading=\"lazy\" decoding=\"async\" width=\"525\" height=\"328\" src=\"https:\/\/www.privatepropertymallorca.com\/wp-content\/uploads\/2024\/09\/343529-1-525x328.jpg\" class=\"lazyload img-responsive wp-post-image\" alt=\"F-2301 Finca mit drei G\u00e4steh\u00e4usern mit gro\u00dfer Pool-Landschaft und Ferienvermietungslizenz in Cala San Vicente\" data-original=\"https:\/\/www.privatepropertymallorca.com\/wp-content\/uploads\/2024\/09\/343529-1-525x328.jpg\" \/><\/a><div class=\"tag-wrapper\"><div class=\"status-wrapper\"><\/div><\/div><\/div>\n\n            <h4><a href=\"https:\/\/www.privatepropertymallorca.com\/en\/realestate\/finca-with-three-guest-houses-with-large-pool-landscape-in-cala-san-vicente\/\" target=\"_self\">\n                Finca with three guest houses with large pool landscape in Cala San Vicente                <\/a> \n            <\/h4> \n        \n            <div class=\"property_listing_details\">\n                <div class=\"smallCol\"><div class=\"inforoom_unit_type2\"><\/div><div>12<\/div><\/div><div class=\"smallCol\"><div class=\"infobath_unit_type2\"><\/div><div>9<\/div><\/div><div class=\"smallCol\"><div class=\"infosize_unit_type2\"><\/div><div>1328 m&sup2;<\/div><\/div><div class=\"smallCol\"><div class=\"infolotsize_unit_type2\"><\/div><div>37000 m&sup2;<\/div><\/div>            <\/div>\n\t\t\n            <div class=\"listing_unit_price_wrapper\">9.000.000 \u20ac <span class=\"price_label\"><\/span><\/div>               \n            <div class=\"property_location\">\n                    \n                    <div class=\"ownerNotes\">F-2301<\/div><div class=\"propertyArea\"><a href=\"https:\/\/www.privatepropertymallorca.com\/en\/state\/north\/\" rel=\"tag\">North<\/a>, <a href=\"https:\/\/www.privatepropertymallorca.com\/en\/city\/pollensa-en\/\" rel=\"tag\">Pollensa<\/a><\/div>                        <\/div>        <\/div>             \n    <\/div>\n  \n\n\n\n<div class=\"col-md-3 shortcode-col has_4per_row  listing_wrapper property_unit_type2\" data-org=\"4\" data-listid=\"1254269\" > \n    <div class=\"property_listing property_unit_type2  \" data-link=\"https:\/\/www.privatepropertymallorca.com\/en\/realestate\/stylish-family-terraced-house-near-the-beach-in-colonia-de-sant-jordi-with-pool-and-garage\/\">\n        \n        <div class=\"listing-unit-img-wrapper\"><a href=\"https:\/\/www.privatepropertymallorca.com\/en\/realestate\/stylish-family-terraced-house-near-the-beach-in-colonia-de-sant-jordi-with-pool-and-garage\/\" target=\"_self\"><img loading=\"lazy\" decoding=\"async\" width=\"525\" height=\"328\" src=\"https:\/\/www.privatepropertymallorca.com\/wp-content\/uploads\/2026\/02\/796d7b42-cee0-4da1-b3ac-141cff643fe7-1-525x328.jpg\" class=\"lazyload img-responsive wp-post-image\" alt=\"5403 Stadthaus in Es Trenc2\" data-original=\"https:\/\/www.privatepropertymallorca.com\/wp-content\/uploads\/2026\/02\/796d7b42-cee0-4da1-b3ac-141cff643fe7-1-525x328.jpg\" \/><\/a><div class=\"tag-wrapper\"><div class=\"status-wrapper\"><\/div><\/div><\/div>\n\n            <h4><a href=\"https:\/\/www.privatepropertymallorca.com\/en\/realestate\/stylish-family-terraced-house-near-the-beach-in-colonia-de-sant-jordi-with-pool-and-garage\/\" target=\"_self\">\n                Stylish family townhouse for sale in Col\u00f2nia de Sant Jordi with pool and garage                <\/a> \n            <\/h4> \n        \n            <div class=\"property_listing_details\">\n                <div class=\"smallCol\"><div class=\"inforoom_unit_type2\"><\/div><div>3<\/div><\/div><div class=\"smallCol\"><div class=\"infobath_unit_type2\"><\/div><div>2<\/div><\/div><div class=\"smallCol\"><div class=\"infosize_unit_type2\"><\/div><div>104 m&sup2;<\/div><\/div><div class=\"smallCol\"><div class=\"infolotsize_unit_type2\"><\/div><div>120 m&sup2;<\/div><\/div>            <\/div>\n\t\t\n            <div class=\"listing_unit_price_wrapper\">640.000 \u20ac <span class=\"price_label\"><\/span><\/div>               \n            <div class=\"property_location\">\n                    \n                    <div class=\"ownerNotes\">5403<\/div><div class=\"propertyArea\"><a href=\"https:\/\/www.privatepropertymallorca.com\/en\/state\/south\/\" rel=\"tag\">South<\/a>, <a href=\"https:\/\/www.privatepropertymallorca.com\/en\/city\/colonia-de-sant-jordi-en\/\" rel=\"tag\">Colonia de Sant Jordi<\/a><\/div>                        <\/div>        <\/div>             \n    <\/div>\n  \n\n\n\n<div class=\"col-md-3 shortcode-col has_4per_row  listing_wrapper property_unit_type2\" data-org=\"4\" data-listid=\"1297185\" > \n    <div class=\"property_listing property_unit_type2  \" data-link=\"https:\/\/www.privatepropertymallorca.com\/en\/realestate\/new-build-houses-in-cala-romantica-semi-detached-house-or-villa-with-bookable-extras\/\">\n        \n        <div class=\"listing-unit-img-wrapper\"><a href=\"https:\/\/www.privatepropertymallorca.com\/en\/realestate\/new-build-houses-in-cala-romantica-semi-detached-house-or-villa-with-bookable-extras\/\" target=\"_self\"><img loading=\"lazy\" decoding=\"async\" width=\"525\" height=\"328\" src=\"https:\/\/www.privatepropertymallorca.com\/wp-content\/uploads\/2026\/03\/14fedb81-5451-4d2c-b1c6-e8966c331a24-1-525x328.jpg\" class=\"lazyload img-responsive wp-post-image\" alt=\"2- Piscina (1)\" data-original=\"https:\/\/www.privatepropertymallorca.com\/wp-content\/uploads\/2026\/03\/14fedb81-5451-4d2c-b1c6-e8966c331a24-1-525x328.jpg\" \/><\/a><div class=\"tag-wrapper\"><div class=\"status-wrapper\"><\/div><\/div><\/div>\n\n            <h4><a href=\"https:\/\/www.privatepropertymallorca.com\/en\/realestate\/new-build-houses-in-cala-romantica-semi-detached-house-or-villa-with-bookable-extras\/\" target=\"_self\">\n                New build houses for sale in Cala Romantica &#8211; semi-detached house or villa with bookable extras                <\/a> \n            <\/h4> \n        \n            <div class=\"property_listing_details\">\n                <div class=\"smallCol\"><div class=\"inforoom_unit_type2\"><\/div><div>2<\/div><\/div><div class=\"smallCol\"><div class=\"infobath_unit_type2\"><\/div><div>2<\/div><\/div><div class=\"smallCol\"><div class=\"infosize_unit_type2\"><\/div><div>0 m&sup2;<\/div><\/div><div class=\"smallCol\"><div class=\"infolotsize_unit_type2\"><\/div><div>237 m&sup2;<\/div><\/div>            <\/div>\n\t\t\n            <div class=\"listing_unit_price_wrapper\">399.000 \u20ac <span class=\"price_label\"><\/span><\/div>               \n            <div class=\"property_location\">\n                    \n                    <div class=\"ownerNotes\">5336<\/div><div class=\"propertyArea\"><a href=\"https:\/\/www.privatepropertymallorca.com\/en\/state\/southeast\/\" rel=\"tag\">Southeast<\/a>, <a href=\"https:\/\/www.privatepropertymallorca.com\/en\/city\/cala-romantica-en\/\" rel=\"tag\">Cala Romantica<\/a><\/div>                        <\/div>        <\/div>             \n    <\/div>\n  \n\n\n\n<div class=\"col-md-3 shortcode-col has_4per_row  listing_wrapper property_unit_type2\" data-org=\"4\" data-listid=\"1137772\" > \n    <div class=\"property_listing property_unit_type2  \" data-link=\"https:\/\/www.privatepropertymallorca.com\/en\/realestate\/designer-duplex-penthouse-with-terrace-impressive-light-design-and-sea-view-in-the-heart-of-palma\/\">\n        \n        <div class=\"listing-unit-img-wrapper\"><a href=\"https:\/\/www.privatepropertymallorca.com\/en\/realestate\/designer-duplex-penthouse-with-terrace-impressive-light-design-and-sea-view-in-the-heart-of-palma\/\" target=\"_self\"><img loading=\"lazy\" decoding=\"async\" width=\"525\" height=\"328\" src=\"https:\/\/www.privatepropertymallorca.com\/wp-content\/uploads\/2026\/01\/5ac6ddd8-efe0-4c16-8dc1-5669221e9157-1-525x328.jpg\" class=\"lazyload img-responsive wp-post-image\" alt=\"P-3864 Designer Duplex Penthouse in Palma mit gr. Terrasse, beeindruckendem Lichtdesign und Meerblick\" data-original=\"https:\/\/www.privatepropertymallorca.com\/wp-content\/uploads\/2026\/01\/5ac6ddd8-efe0-4c16-8dc1-5669221e9157-1-525x328.jpg\" \/><\/a><div class=\"tag-wrapper\"><div class=\"status-wrapper\"><\/div><\/div><\/div>\n\n            <h4><a href=\"https:\/\/www.privatepropertymallorca.com\/en\/realestate\/designer-duplex-penthouse-with-terrace-impressive-light-design-and-sea-view-in-the-heart-of-palma\/\" target=\"_self\">\n                Designer duplex penthouse in Palma with large terrace, impressive light design and sea views                <\/a> \n            <\/h4> \n        \n            <div class=\"property_listing_details\">\n                <div class=\"smallCol\"><div class=\"inforoom_unit_type2\"><\/div><div>2<\/div><\/div><div class=\"smallCol\"><div class=\"infobath_unit_type2\"><\/div><div>2<\/div><\/div><div class=\"smallCol\"><div class=\"infosize_unit_type2\"><\/div><div>225 m&sup2;<\/div><\/div><div class=\"smallCol\"><div class=\"infolotsize_unit_type2\"><\/div><div>0 m&sup2;<\/div><\/div>            <\/div>\n\t\t\n            <div class=\"listing_unit_price_wrapper\">3.775.000 \u20ac <span class=\"price_label\"><\/span><\/div>               \n            <div class=\"property_location\">\n                    \n                    <div class=\"ownerNotes\">P-3864<\/div><div class=\"propertyArea\"><a href=\"https:\/\/www.privatepropertymallorca.com\/en\/state\/palma-surroundings\/\" rel=\"tag\">Palma &amp; Surroundings<\/a>, <a href=\"https:\/\/www.privatepropertymallorca.com\/en\/city\/palma-en\/\" rel=\"tag\">Palma<\/a><\/div>                        <\/div>        <\/div>             \n    <\/div>\n  \n\n\n\n<div class=\"col-md-3 shortcode-col has_4per_row  listing_wrapper property_unit_type2\" data-org=\"4\" data-listid=\"1224137\" > \n    <div class=\"property_listing property_unit_type2  \" data-link=\"https:\/\/www.privatepropertymallorca.com\/en\/realestate\/unique-penthouse-in-port-andratx-with-sea-views\/\">\n        \n        <div class=\"listing-unit-img-wrapper\"><a href=\"https:\/\/www.privatepropertymallorca.com\/en\/realestate\/unique-penthouse-in-port-andratx-with-sea-views\/\" target=\"_self\"><img loading=\"lazy\" decoding=\"async\" width=\"525\" height=\"328\" src=\"https:\/\/www.privatepropertymallorca.com\/wp-content\/uploads\/2025\/06\/3ccbf3ce-0a5a-4f8a-b0be-471486895185-1-525x328.jpg\" class=\"lazyload img-responsive wp-post-image\" alt=\"5288 Penthouse in Port Andratx21\" data-original=\"https:\/\/www.privatepropertymallorca.com\/wp-content\/uploads\/2025\/06\/3ccbf3ce-0a5a-4f8a-b0be-471486895185-1-525x328.jpg\" \/><\/a><div class=\"tag-wrapper\"><div class=\"status-wrapper\"><\/div><\/div><\/div>\n\n            <h4><a href=\"https:\/\/www.privatepropertymallorca.com\/en\/realestate\/unique-penthouse-in-port-andratx-with-sea-views\/\" target=\"_self\">\n                Unique penthouse for sale in Port Andratx with sea views                <\/a> \n            <\/h4> \n        \n            <div class=\"property_listing_details\">\n                <div class=\"smallCol\"><div class=\"inforoom_unit_type2\"><\/div><div>3<\/div><\/div><div class=\"smallCol\"><div class=\"infobath_unit_type2\"><\/div><div>3<\/div><\/div><div class=\"smallCol\"><div class=\"infosize_unit_type2\"><\/div><div>242 m&sup2;<\/div><\/div><div class=\"smallCol\"><div class=\"infolotsize_unit_type2\"><\/div><div>0 m&sup2;<\/div><\/div>            <\/div>\n\t\t\n            <div class=\"listing_unit_price_wrapper\">1.980.000 \u20ac <span class=\"price_label\"><\/span><\/div>               \n            <div class=\"property_location\">\n                    \n                    <div class=\"ownerNotes\">5288-66<\/div><div class=\"propertyArea\"><a href=\"https:\/\/www.privatepropertymallorca.com\/en\/state\/southwest\/\" rel=\"tag\">Southwest<\/a>, <a href=\"https:\/\/www.privatepropertymallorca.com\/en\/city\/port-andratx-en\/\" rel=\"tag\">Port Andratx<\/a><\/div>                        <\/div>        <\/div>             \n    <\/div>\n  \n\n\n\n<div class=\"col-md-3 shortcode-col has_4per_row  listing_wrapper property_unit_type2\" data-org=\"4\" data-listid=\"1136129\" > \n    <div class=\"property_listing property_unit_type2  \" data-link=\"https:\/\/www.privatepropertymallorca.com\/en\/realestate\/new-construction-luxurious-penthouse-with-two-terraces-and-magnificent-views-in-the-heart-of-palma\/\">\n        \n        <div class=\"listing-unit-img-wrapper\"><a href=\"https:\/\/www.privatepropertymallorca.com\/en\/realestate\/new-construction-luxurious-penthouse-with-two-terraces-and-magnificent-views-in-the-heart-of-palma\/\" target=\"_self\"><img loading=\"lazy\" decoding=\"async\" width=\"525\" height=\"328\" src=\"https:\/\/www.privatepropertymallorca.com\/wp-content\/uploads\/2024\/05\/ff820301-491a-444e-bac4-5c411618475c-1-525x328.jpg\" class=\"lazyload img-responsive wp-post-image\" alt=\"A-4137_ 24 NEUBAU! Luxuri\u00f6ses Penthouse mit zwei Terrassen und herrlichem Ausblick mitten im Herzen von Palma\" data-original=\"https:\/\/www.privatepropertymallorca.com\/wp-content\/uploads\/2024\/05\/ff820301-491a-444e-bac4-5c411618475c-1-525x328.jpg\" \/><\/a><div class=\"tag-wrapper\"><div class=\"status-wrapper\"><div class=\"ribbon-inside project\">Project<\/div><\/div><\/div><\/div>\n\n            <h4><a href=\"https:\/\/www.privatepropertymallorca.com\/en\/realestate\/new-construction-luxurious-penthouse-with-two-terraces-and-magnificent-views-in-the-heart-of-palma\/\" target=\"_self\">\n                NEW BUILD! Luxurious penthouse for sale in the heart of Palma with two terraces and stunning views                <\/a> \n            <\/h4> \n        \n            <div class=\"property_listing_details\">\n                <div class=\"smallCol\"><div class=\"inforoom_unit_type2\"><\/div><div>2<\/div><\/div><div class=\"smallCol\"><div class=\"infobath_unit_type2\"><\/div><div>2<\/div><\/div><div class=\"smallCol\"><div class=\"infosize_unit_type2\"><\/div><div>234 m&sup2;<\/div><\/div><div class=\"smallCol\"><div class=\"infolotsize_unit_type2\"><\/div><div>0 m&sup2;<\/div><\/div>            <\/div>\n\t\t\n            <div class=\"listing_unit_price_wrapper\">2.399.000 \u20ac <span class=\"price_label\"><\/span><\/div>               \n            <div class=\"property_location\">\n                    \n                    <div class=\"ownerNotes\">P-4137_24<\/div><div class=\"propertyArea\"><a href=\"https:\/\/www.privatepropertymallorca.com\/en\/state\/palma-surroundings\/\" rel=\"tag\">Palma &amp; Surroundings<\/a>, <a href=\"https:\/\/www.privatepropertymallorca.com\/en\/city\/son-espanyolet-en\/\" rel=\"tag\">Son Espanyolet<\/a><\/div>                        <\/div>        <\/div>             \n    <\/div>\n  \n\n\n\n<div class=\"col-md-3 shortcode-col has_4per_row  listing_wrapper property_unit_type2\" data-org=\"4\" data-listid=\"1255025\" > \n    <div class=\"property_listing property_unit_type2  \" data-link=\"https:\/\/www.privatepropertymallorca.com\/en\/realestate\/impressive-townhouse-with-vacation-rental-license-in-muro\/\">\n        \n        <div class=\"listing-unit-img-wrapper\"><a href=\"https:\/\/www.privatepropertymallorca.com\/en\/realestate\/impressive-townhouse-with-vacation-rental-license-in-muro\/\" target=\"_self\"><img loading=\"lazy\" decoding=\"async\" width=\"525\" height=\"328\" src=\"https:\/\/www.privatepropertymallorca.com\/wp-content\/uploads\/2025\/09\/98ecc354-98dd-4de1-9552-c26f53cd3a94-3-525x328.jpg\" class=\"lazyload img-responsive wp-post-image\" alt=\"ETV LOGO PPM  (2)\" data-original=\"https:\/\/www.privatepropertymallorca.com\/wp-content\/uploads\/2025\/09\/98ecc354-98dd-4de1-9552-c26f53cd3a94-3-525x328.jpg\" \/><\/a><div class=\"tag-wrapper\"><div class=\"status-wrapper\"><div class=\"ribbon-inside holiday-rental-licence\">Holiday rental licence<\/div><\/div><\/div><\/div>\n\n            <h4><a href=\"https:\/\/www.privatepropertymallorca.com\/en\/realestate\/impressive-townhouse-with-vacation-rental-license-in-muro\/\" target=\"_self\">\n                Impressive townhouse with vacation rental license in Muro                <\/a> \n            <\/h4> \n        \n            <div class=\"property_listing_details\">\n                <div class=\"smallCol\"><div class=\"inforoom_unit_type2\"><\/div><div>5<\/div><\/div><div class=\"smallCol\"><div class=\"infobath_unit_type2\"><\/div><div>4<\/div><\/div><div class=\"smallCol\"><div class=\"infosize_unit_type2\"><\/div><div>1051 m&sup2;<\/div><\/div><div class=\"smallCol\"><div class=\"infolotsize_unit_type2\"><\/div><div>3374 m&sup2;<\/div><\/div>            <\/div>\n\t\t\n            <div class=\"listing_unit_price_wrapper\">1.300.000 \u20ac <span class=\"price_label\"><\/span><\/div>               \n            <div class=\"property_location\">\n                    \n                    <div class=\"ownerNotes\">V-3962<\/div><div class=\"propertyArea\"><a href=\"https:\/\/www.privatepropertymallorca.com\/en\/state\/north\/\" rel=\"tag\">North<\/a>, <a href=\"https:\/\/www.privatepropertymallorca.com\/en\/city\/muro-en\/\" rel=\"tag\">Muro<\/a><\/div>                        <\/div>        <\/div>             \n    <\/div>\n  \n\n\n\n<div class=\"col-md-3 shortcode-col has_4per_row  listing_wrapper property_unit_type2\" data-org=\"4\" data-listid=\"1221702\" > \n    <div class=\"property_listing property_unit_type2  \" data-link=\"https:\/\/www.privatepropertymallorca.com\/en\/realestate\/under-construction-renovated-apartment-in-santa-catalina-in-a-quiet-location-with-terrace\/\">\n        \n        <div class=\"listing-unit-img-wrapper\"><a href=\"https:\/\/www.privatepropertymallorca.com\/en\/realestate\/under-construction-renovated-apartment-in-santa-catalina-in-a-quiet-location-with-terrace\/\" target=\"_self\"><img loading=\"lazy\" decoding=\"async\" width=\"525\" height=\"328\" src=\"https:\/\/www.privatepropertymallorca.com\/wp-content\/uploads\/2025\/05\/b0342d91-9205-4696-80f9-f9ad6c878189-1-525x328.jpg\" class=\"lazyload img-responsive wp-post-image\" alt=\"5282 Wohnung in Santa Catalina 5\" data-original=\"https:\/\/www.privatepropertymallorca.com\/wp-content\/uploads\/2025\/05\/b0342d91-9205-4696-80f9-f9ad6c878189-1-525x328.jpg\" \/><\/a><div class=\"tag-wrapper\"><div class=\"status-wrapper\"><\/div><\/div><\/div>\n\n            <h4><a href=\"https:\/\/www.privatepropertymallorca.com\/en\/realestate\/under-construction-renovated-apartment-in-santa-catalina-in-a-quiet-location-with-terrace\/\" target=\"_self\">\n                UNDER CONSTRUCTION! Renovated apartment for sale in Santa Catalina, in a quiet location, with terrace                <\/a> \n            <\/h4> \n        \n            <div class=\"property_listing_details\">\n                <div class=\"smallCol\"><div class=\"inforoom_unit_type2\"><\/div><div>3<\/div><\/div><div class=\"smallCol\"><div class=\"infobath_unit_type2\"><\/div><div>2<\/div><\/div><div class=\"smallCol\"><div class=\"infosize_unit_type2\"><\/div><div>140 m&sup2;<\/div><\/div><div class=\"smallCol\"><div class=\"infolotsize_unit_type2\"><\/div><div>0 m&sup2;<\/div><\/div>            <\/div>\n\t\t\n            <div class=\"listing_unit_price_wrapper\">695.000 \u20ac <span class=\"price_label\"><\/span><\/div>               \n            <div class=\"property_location\">\n                    \n                    <div class=\"ownerNotes\">5282<\/div><div class=\"propertyArea\"><a href=\"https:\/\/www.privatepropertymallorca.com\/en\/state\/palma-surroundings\/\" rel=\"tag\">Palma &amp; Surroundings<\/a>, <a href=\"https:\/\/www.privatepropertymallorca.com\/en\/city\/santa-catalina-en\/\" rel=\"tag\">Santa Catalina<\/a><\/div>                        <\/div>        <\/div>             \n    <\/div>\n  \n\n\n\n<div class=\"col-md-3 shortcode-col has_4per_row  listing_wrapper property_unit_type2\" data-org=\"4\" data-listid=\"1001506\" > \n    <div class=\"property_listing property_unit_type2  \" data-link=\"https:\/\/www.privatepropertymallorca.com\/en\/realestate\/project-newly-built-finca-with-infinity-pool-and-panoramic-views-near-lloret-de-vistalegre\/\">\n        \n        <div class=\"listing-unit-img-wrapper\"><a href=\"https:\/\/www.privatepropertymallorca.com\/en\/realestate\/project-newly-built-finca-with-infinity-pool-and-panoramic-views-near-lloret-de-vistalegre\/\" target=\"_self\"><img loading=\"lazy\" decoding=\"async\" width=\"525\" height=\"328\" src=\"https:\/\/www.privatepropertymallorca.com\/wp-content\/uploads\/2023\/07\/e191cdbe-9f37-46d8-a35b-bfc37110fba4-1-525x328.jpg\" class=\"lazyload img-responsive wp-post-image\" alt=\"F-3973 PROJEKT! Neubau Finca mit Infinitypool und Panoramablick nahe Lloret de Vistalegre\" data-original=\"https:\/\/www.privatepropertymallorca.com\/wp-content\/uploads\/2023\/07\/e191cdbe-9f37-46d8-a35b-bfc37110fba4-1-525x328.jpg\" \/><\/a><div class=\"tag-wrapper\"><div class=\"status-wrapper\"><div class=\"ribbon-inside project\">Project<\/div><\/div><\/div><\/div>\n\n            <h4><a href=\"https:\/\/www.privatepropertymallorca.com\/en\/realestate\/project-newly-built-finca-with-infinity-pool-and-panoramic-views-near-lloret-de-vistalegre\/\" target=\"_self\">\n                PROJECT! New construction finca with infinity pool and panoramic views near Lloret de Vistalegre                <\/a> \n            <\/h4> \n        \n            <div class=\"property_listing_details\">\n                <div class=\"smallCol\"><div class=\"inforoom_unit_type2\"><\/div><div>3<\/div><\/div><div class=\"smallCol\"><div class=\"infobath_unit_type2\"><\/div><div>3<\/div><\/div><div class=\"smallCol\"><div class=\"infosize_unit_type2\"><\/div><div>264 m&sup2;<\/div><\/div><div class=\"smallCol\"><div class=\"infolotsize_unit_type2\"><\/div><div>14630 m&sup2;<\/div><\/div>            <\/div>\n\t\t\n            <div class=\"listing_unit_price_wrapper\">2.550.000 \u20ac <span class=\"price_label\"><\/span><\/div>               \n            <div class=\"property_location\">\n                    \n                    <div class=\"ownerNotes\">F-3973<\/div><div class=\"propertyArea\"><a href=\"https:\/\/www.privatepropertymallorca.com\/en\/state\/center-of-island\/\" rel=\"tag\">Center of Island<\/a>, <a href=\"https:\/\/www.privatepropertymallorca.com\/en\/city\/lloret-de-vista-alegre-en\/\" rel=\"tag\">Lloret de Vista Alegre<\/a><\/div>                        <\/div>        <\/div>             \n    <\/div>\n  \n\n\n\n<div class=\"col-md-3 shortcode-col has_4per_row  listing_wrapper property_unit_type2\" data-org=\"4\" data-listid=\"1149032\" > \n    <div class=\"property_listing property_unit_type2  \" data-link=\"https:\/\/www.privatepropertymallorca.com\/en\/realestate\/unique-finca-in-bunyola-with-spectacular-views-and-vacation-rental-license\/\">\n        \n        <div class=\"listing-unit-img-wrapper\"><a href=\"https:\/\/www.privatepropertymallorca.com\/en\/realestate\/unique-finca-in-bunyola-with-spectacular-views-and-vacation-rental-license\/\" target=\"_self\"><img loading=\"lazy\" decoding=\"async\" width=\"525\" height=\"328\" src=\"https:\/\/www.privatepropertymallorca.com\/wp-content\/uploads\/2026\/03\/54ae329d-b24c-41ca-81dd-6b1114897642-1-525x328.jpg\" class=\"lazyload img-responsive wp-post-image\" alt=\"ETV LOGO PPM  (2)\" data-original=\"https:\/\/www.privatepropertymallorca.com\/wp-content\/uploads\/2026\/03\/54ae329d-b24c-41ca-81dd-6b1114897642-1-525x328.jpg\" \/><\/a><div class=\"tag-wrapper\"><div class=\"status-wrapper\"><div class=\"ribbon-inside holiday-rental-licence\">Holiday rental licence<\/div><\/div><\/div><\/div>\n\n            <h4><a href=\"https:\/\/www.privatepropertymallorca.com\/en\/realestate\/unique-finca-in-bunyola-with-spectacular-views-and-vacation-rental-license\/\" target=\"_self\">\n                Unique finca in Bunyola with spectacular views and vacation rental license                <\/a> \n            <\/h4> \n        \n            <div class=\"property_listing_details\">\n                <div class=\"smallCol\"><div class=\"inforoom_unit_type2\"><\/div><div>5<\/div><\/div><div class=\"smallCol\"><div class=\"infobath_unit_type2\"><\/div><div>5<\/div><\/div><div class=\"smallCol\"><div class=\"infosize_unit_type2\"><\/div><div>800 m&sup2;<\/div><\/div><div class=\"smallCol\"><div class=\"infolotsize_unit_type2\"><\/div><div>30100 m&sup2;<\/div><\/div>            <\/div>\n\t\t\n            <div class=\"listing_unit_price_wrapper\">6.500.000 \u20ac <span class=\"price_label\"><\/span><\/div>               \n            <div class=\"property_location\">\n                    \n                    <div class=\"ownerNotes\">F-4190<\/div><div class=\"propertyArea\"><a href=\"https:\/\/www.privatepropertymallorca.com\/en\/state\/west\/\" rel=\"tag\">West<\/a>, <a href=\"https:\/\/www.privatepropertymallorca.com\/en\/city\/bunyola-en\/\" rel=\"tag\">Bunyola<\/a><\/div>                        <\/div>        <\/div>             \n    <\/div>\n  \n\n\n\n<div class=\"col-md-3 shortcode-col has_4per_row  listing_wrapper property_unit_type2\" data-org=\"4\" data-listid=\"1280535\" > \n    <div class=\"property_listing property_unit_type2  \" data-link=\"https:\/\/www.privatepropertymallorca.com\/en\/realestate\/stylish-renovated-apartment-in-the-heart-of-palma-right-on-the-popular-paseo-mallorca-2\/\">\n        \n        <div class=\"listing-unit-img-wrapper\"><a href=\"https:\/\/www.privatepropertymallorca.com\/en\/realestate\/stylish-renovated-apartment-in-the-heart-of-palma-right-on-the-popular-paseo-mallorca-2\/\" target=\"_self\"><img loading=\"lazy\" decoding=\"async\" width=\"525\" height=\"328\" src=\"https:\/\/www.privatepropertymallorca.com\/wp-content\/uploads\/2026\/02\/419615-1-525x328.jpg\" class=\"lazyload img-responsive wp-post-image\" alt=\"5297 - Apartment Paseo Mallorca11\" data-original=\"https:\/\/www.privatepropertymallorca.com\/wp-content\/uploads\/2026\/02\/419615-1-525x328.jpg\" \/><\/a><div class=\"tag-wrapper\"><div class=\"status-wrapper\"><\/div><\/div><\/div>\n\n            <h4><a href=\"https:\/\/www.privatepropertymallorca.com\/en\/realestate\/stylish-renovated-apartment-in-the-heart-of-palma-right-on-the-popular-paseo-mallorca-2\/\" target=\"_self\">\n                Stylish renovated apartment for sale in the center of Palma                <\/a> \n            <\/h4> \n        \n            <div class=\"property_listing_details\">\n                <div class=\"smallCol\"><div class=\"inforoom_unit_type2\"><\/div><div>3<\/div><\/div><div class=\"smallCol\"><div class=\"infobath_unit_type2\"><\/div><div>4<\/div><\/div><div class=\"smallCol\"><div class=\"infosize_unit_type2\"><\/div><div>142 m&sup2;<\/div><\/div><div class=\"smallCol\"><div class=\"infolotsize_unit_type2\"><\/div><div>0 m&sup2;<\/div><\/div>            <\/div>\n\t\t\n            <div class=\"listing_unit_price_wrapper\">850.000 \u20ac <span class=\"price_label\"><\/span><\/div>               \n            <div class=\"property_location\">\n                    \n                    <div class=\"ownerNotes\">5470<\/div><div class=\"propertyArea\"><a href=\"https:\/\/www.privatepropertymallorca.com\/en\/state\/palma-surroundings\/\" rel=\"tag\">Palma &amp; Surroundings<\/a>, <a href=\"https:\/\/www.privatepropertymallorca.com\/en\/city\/palma-oldtown-en\/\" rel=\"tag\">Palma Oldtown<\/a><\/div>                        <\/div>        <\/div>             \n    <\/div>\n  \n\n\n\n<div class=\"col-md-3 shortcode-col has_4per_row  listing_wrapper property_unit_type2\" data-org=\"4\" data-listid=\"1140461\" > \n    <div class=\"property_listing property_unit_type2  \" data-link=\"https:\/\/www.privatepropertymallorca.com\/en\/realestate\/luxury-villa-project-in-moscari-under-old-building-law-at-the-foot-of-the-tramuntana-mountains\/\">\n        \n        <div class=\"listing-unit-img-wrapper\"><a href=\"https:\/\/www.privatepropertymallorca.com\/en\/realestate\/luxury-villa-project-in-moscari-under-old-building-law-at-the-foot-of-the-tramuntana-mountains\/\" target=\"_self\"><img loading=\"lazy\" decoding=\"async\" width=\"525\" height=\"328\" src=\"https:\/\/www.privatepropertymallorca.com\/wp-content\/uploads\/2025\/06\/2cd6d9e6-81d8-457b-9097-04380e24800c-2-525x328.jpg\" class=\"lazyload img-responsive wp-post-image\" alt=\"4650 Luxus Villa Projekt in Moscari am Fu\u00dfe des Tramuntana Gebirges, Schl\u00fcsselfertig auf h\u00f6chsten Niveau!\" data-original=\"https:\/\/www.privatepropertymallorca.com\/wp-content\/uploads\/2025\/06\/2cd6d9e6-81d8-457b-9097-04380e24800c-2-525x328.jpg\" \/><\/a><div class=\"tag-wrapper\"><div class=\"status-wrapper\"><\/div><\/div><\/div>\n\n            <h4><a href=\"https:\/\/www.privatepropertymallorca.com\/en\/realestate\/luxury-villa-project-in-moscari-under-old-building-law-at-the-foot-of-the-tramuntana-mountains\/\" target=\"_self\">\n                Villa project in Moscari at the foot of the Tramuntana mountains, designed to the highest standard!                <\/a> \n            <\/h4> \n        \n            <div class=\"property_listing_details\">\n                <div class=\"smallCol\"><div class=\"inforoom_unit_type2\"><\/div><div>5<\/div><\/div><div class=\"smallCol\"><div class=\"infobath_unit_type2\"><\/div><div>5<\/div><\/div><div class=\"smallCol\"><div class=\"infosize_unit_type2\"><\/div><div>680 m&sup2;<\/div><\/div><div class=\"smallCol\"><div class=\"infolotsize_unit_type2\"><\/div><div>21156 m&sup2;<\/div><\/div>            <\/div>\n\t\t\n            <div class=\"listing_unit_price_wrapper\">5.900.000 \u20ac <span class=\"price_label\"><\/span><\/div>               \n            <div class=\"property_location\">\n                    \n                    <div class=\"ownerNotes\">4650<\/div><div class=\"propertyArea\"><a href=\"https:\/\/www.privatepropertymallorca.com\/en\/state\/center-of-island\/\" rel=\"tag\">Center of Island<\/a>, <a href=\"https:\/\/www.privatepropertymallorca.com\/en\/city\/selva-en\/\" rel=\"tag\">Selva<\/a><\/div>                        <\/div>        <\/div>             \n    <\/div>\n  \n\n\n\n<div class=\"col-md-3 shortcode-col has_4per_row  listing_wrapper property_unit_type2\" data-org=\"4\" data-listid=\"975834\" > \n    <div class=\"property_listing property_unit_type2  \" data-link=\"https:\/\/www.privatepropertymallorca.com\/en\/realestate\/renovated-luxury-apartment-in-1st-sea-line-with-fantastic-panoramic-sea-view\/\">\n        \n        <div class=\"listing-unit-img-wrapper\"><a href=\"https:\/\/www.privatepropertymallorca.com\/en\/realestate\/renovated-luxury-apartment-in-1st-sea-line-with-fantastic-panoramic-sea-view\/\" target=\"_self\"><img loading=\"lazy\" decoding=\"async\" width=\"525\" height=\"328\" src=\"https:\/\/www.privatepropertymallorca.com\/wp-content\/uploads\/2023\/06\/6e9e6ec4-11cb-4d02-81ba-5626e3c998a2-1-525x328.jpg\" class=\"lazyload img-responsive wp-post-image\" alt=\"A-4691 Renoviertes Luxus Apartment in 1. Meereslinie mit  fantastischem Rundum Ausblick  9\" data-original=\"https:\/\/www.privatepropertymallorca.com\/wp-content\/uploads\/2023\/06\/6e9e6ec4-11cb-4d02-81ba-5626e3c998a2-1-525x328.jpg\" \/><\/a><div class=\"tag-wrapper\"><div class=\"status-wrapper\"><\/div><\/div><\/div>\n\n            <h4><a href=\"https:\/\/www.privatepropertymallorca.com\/en\/realestate\/renovated-luxury-apartment-in-1st-sea-line-with-fantastic-panoramic-sea-view\/\" target=\"_self\">\n                Renovated luxury apartment in 1st sea line with fantastic panoramic sea view                <\/a> \n            <\/h4> \n        \n            <div class=\"property_listing_details\">\n                <div class=\"smallCol\"><div class=\"inforoom_unit_type2\"><\/div><div>2<\/div><\/div><div class=\"smallCol\"><div class=\"infobath_unit_type2\"><\/div><div>2<\/div><\/div><div class=\"smallCol\"><div class=\"infosize_unit_type2\"><\/div><div>0 m&sup2;<\/div><\/div><div class=\"smallCol\"><div class=\"infolotsize_unit_type2\"><\/div><div>0 m&sup2;<\/div><\/div>            <\/div>\n\t\t\n            <div class=\"listing_unit_price_wrapper\">1.560.000 \u20ac <span class=\"price_label\"><\/span><\/div>               \n            <div class=\"property_location\">\n                    \n                    <div class=\"ownerNotes\">A-4691<\/div><div class=\"propertyArea\"><a href=\"https:\/\/www.privatepropertymallorca.com\/en\/state\/southwest\/\" rel=\"tag\">Southwest<\/a>, <a href=\"https:\/\/www.privatepropertymallorca.com\/en\/city\/magaluf-en\/\" rel=\"tag\">Magaluf<\/a><\/div>                        <\/div>        <\/div>             \n    <\/div>\n  \n\n\n\n<div class=\"col-md-3 shortcode-col has_4per_row  listing_wrapper property_unit_type2\" data-org=\"4\" data-listid=\"1254022\" > \n    <div class=\"property_listing property_unit_type2  \" data-link=\"https:\/\/www.privatepropertymallorca.com\/en\/realestate\/elegant-corner-house-with-roof-terrace-pool-near-es-trend-quiet-location\/\">\n        \n        <div class=\"listing-unit-img-wrapper\"><a href=\"https:\/\/www.privatepropertymallorca.com\/en\/realestate\/elegant-corner-house-with-roof-terrace-pool-near-es-trend-quiet-location\/\" target=\"_self\"><img loading=\"lazy\" decoding=\"async\" width=\"525\" height=\"328\" src=\"https:\/\/www.privatepropertymallorca.com\/wp-content\/uploads\/2026\/04\/96b04720-3fac-4627-ac90-1255edaecaba-1-525x328.jpg\" class=\"lazyload img-responsive wp-post-image\" alt=\"5401 Stadthaus in Es Trenc49\" data-original=\"https:\/\/www.privatepropertymallorca.com\/wp-content\/uploads\/2026\/04\/96b04720-3fac-4627-ac90-1255edaecaba-1-525x328.jpg\" \/><\/a><div class=\"tag-wrapper\"><div class=\"status-wrapper\"><\/div><\/div><\/div>\n\n            <h4><a href=\"https:\/\/www.privatepropertymallorca.com\/en\/realestate\/elegant-corner-house-with-roof-terrace-pool-near-es-trend-quiet-location\/\" target=\"_self\">\n                Elegant corner house for sale near Es Trenc with roof terrace &amp; pool Quiet location                <\/a> \n            <\/h4> \n        \n            <div class=\"property_listing_details\">\n                <div class=\"smallCol\"><div class=\"inforoom_unit_type2\"><\/div><div>2<\/div><\/div><div class=\"smallCol\"><div class=\"infobath_unit_type2\"><\/div><div>2<\/div><\/div><div class=\"smallCol\"><div class=\"infosize_unit_type2\"><\/div><div>110 m&sup2;<\/div><\/div><div class=\"smallCol\"><div class=\"infolotsize_unit_type2\"><\/div><div>120 m&sup2;<\/div><\/div>            <\/div>\n\t\t\n            <div class=\"listing_unit_price_wrapper\">660.000 \u20ac <span class=\"price_label\"><\/span><\/div>               \n            <div class=\"property_location\">\n                    \n                    <div class=\"ownerNotes\">5401<\/div><div class=\"propertyArea\"><a href=\"https:\/\/www.privatepropertymallorca.com\/en\/state\/south\/\" rel=\"tag\">South<\/a>, <a href=\"https:\/\/www.privatepropertymallorca.com\/en\/city\/colonia-de-sant-jordi-en\/\" rel=\"tag\">Colonia de Sant Jordi<\/a><\/div>                        <\/div>        <\/div>             \n    <\/div>\n  \n\n\n\n<div class=\"col-md-3 shortcode-col has_4per_row  listing_wrapper property_unit_type2\" data-org=\"4\" data-listid=\"635639\" > \n    <div class=\"property_listing property_unit_type2  \" data-link=\"https:\/\/www.privatepropertymallorca.com\/en\/realestate\/new-construction-impressive-luxury-penthouse-with-two-terraces-to-design-in-the-heart-of-palma\/\">\n        \n        <div class=\"listing-unit-img-wrapper\"><a href=\"https:\/\/www.privatepropertymallorca.com\/en\/realestate\/new-construction-impressive-luxury-penthouse-with-two-terraces-to-design-in-the-heart-of-palma\/\" target=\"_self\"><img loading=\"lazy\" decoding=\"async\" width=\"525\" height=\"328\" src=\"https:\/\/www.privatepropertymallorca.com\/wp-content\/uploads\/2022\/09\/e1564c1c-dd96-48a6-a866-5378d1732fa4-1-525x328.jpg\" class=\"lazyload img-responsive wp-post-image\" alt=\"A-4137_ 25 NEUBAU! Beeindruckendes Luxus Penthouse mit zwei Terrassen, zum mitgestalten, im Herzen von Palma\" data-original=\"https:\/\/www.privatepropertymallorca.com\/wp-content\/uploads\/2022\/09\/e1564c1c-dd96-48a6-a866-5378d1732fa4-1-525x328.jpg\" \/><\/a><div class=\"tag-wrapper\"><div class=\"status-wrapper\"><\/div><\/div><\/div>\n\n            <h4><a href=\"https:\/\/www.privatepropertymallorca.com\/en\/realestate\/new-construction-impressive-luxury-penthouse-with-two-terraces-to-design-in-the-heart-of-palma\/\" target=\"_self\">\n                NEW BUILD! Impressive luxury penthouse for sale in Palma with two terraces to share                <\/a> \n            <\/h4> \n        \n            <div class=\"property_listing_details\">\n                <div class=\"smallCol\"><div class=\"inforoom_unit_type2\"><\/div><div>3<\/div><\/div><div class=\"smallCol\"><div class=\"infobath_unit_type2\"><\/div><div>2<\/div><\/div><div class=\"smallCol\"><div class=\"infosize_unit_type2\"><\/div><div>266 m&sup2;<\/div><\/div><div class=\"smallCol\"><div class=\"infolotsize_unit_type2\"><\/div><div>0 m&sup2;<\/div><\/div>            <\/div>\n\t\t\n            <div class=\"listing_unit_price_wrapper\">2.599.000 \u20ac <span class=\"price_label\"><\/span><\/div>               \n            <div class=\"property_location\">\n                    \n                    <div class=\"ownerNotes\">P-4137_25<\/div><div class=\"propertyArea\"><a href=\"https:\/\/www.privatepropertymallorca.com\/en\/state\/palma-surroundings\/\" rel=\"tag\">Palma &amp; Surroundings<\/a>, <a href=\"https:\/\/www.privatepropertymallorca.com\/en\/city\/son-espanyolet-en\/\" rel=\"tag\">Son Espanyolet<\/a><\/div>                        <\/div>        <\/div>             \n    <\/div>\n  \n\n\n\n<div class=\"col-md-3 shortcode-col has_4per_row  listing_wrapper property_unit_type2\" data-org=\"4\" data-listid=\"1205002\" > \n    <div class=\"property_listing property_unit_type2  \" data-link=\"https:\/\/www.privatepropertymallorca.com\/en\/realestate\/impressive-designer-villa-in-old-bendinat-with-partial-sea-views-very-close-to-the-beach\/\">\n        \n        <div class=\"listing-unit-img-wrapper\"><a href=\"https:\/\/www.privatepropertymallorca.com\/en\/realestate\/impressive-designer-villa-in-old-bendinat-with-partial-sea-views-very-close-to-the-beach\/\" target=\"_self\"><img loading=\"lazy\" decoding=\"async\" width=\"525\" height=\"328\" src=\"https:\/\/www.privatepropertymallorca.com\/wp-content\/uploads\/2026\/03\/8d62f600-5e21-4c53-86e6-d22bbb5d3845-1-525x328.jpg\" class=\"lazyload img-responsive wp-post-image\" alt=\"V-4610 Villa in Alt Bendinat 6\" data-original=\"https:\/\/www.privatepropertymallorca.com\/wp-content\/uploads\/2026\/03\/8d62f600-5e21-4c53-86e6-d22bbb5d3845-1-525x328.jpg\" \/><\/a><div class=\"tag-wrapper\"><div class=\"status-wrapper\"><\/div><\/div><\/div>\n\n            <h4><a href=\"https:\/\/www.privatepropertymallorca.com\/en\/realestate\/impressive-designer-villa-in-old-bendinat-with-partial-sea-views-very-close-to-the-beach\/\" target=\"_self\">\n                Impressive designer villa in Old Bendinat with partial sea views, very close to the beach                <\/a> \n            <\/h4> \n        \n            <div class=\"property_listing_details\">\n                <div class=\"smallCol\"><div class=\"inforoom_unit_type2\"><\/div><div>5<\/div><\/div><div class=\"smallCol\"><div class=\"infobath_unit_type2\"><\/div><div>5<\/div><\/div><div class=\"smallCol\"><div class=\"infosize_unit_type2\"><\/div><div>480 m&sup2;<\/div><\/div><div class=\"smallCol\"><div class=\"infolotsize_unit_type2\"><\/div><div>824 m&sup2;<\/div><\/div>            <\/div>\n\t\t\n            <div class=\"listing_unit_price_wrapper\">7.475.000 \u20ac <span class=\"price_label\"><\/span><\/div>               \n            <div class=\"property_location\">\n                    \n                    <div class=\"ownerNotes\">V-4610<\/div><div class=\"propertyArea\"><a href=\"https:\/\/www.privatepropertymallorca.com\/en\/state\/southwest\/\" rel=\"tag\">Southwest<\/a>, <a href=\"https:\/\/www.privatepropertymallorca.com\/en\/city\/bendinat-en\/\" rel=\"tag\">Bendinat<\/a><\/div>                        <\/div>        <\/div>             \n    <\/div>\n  \n\n\n\n<div class=\"col-md-3 shortcode-col has_4per_row  listing_wrapper property_unit_type2\" data-org=\"4\" data-listid=\"1164867\" > \n    <div class=\"property_listing property_unit_type2  \" data-link=\"https:\/\/www.privatepropertymallorca.com\/en\/realestate\/stylish-semi-detached-house-in-genova-palma-de-mallorca\/\">\n        \n        <div class=\"listing-unit-img-wrapper\"><a href=\"https:\/\/www.privatepropertymallorca.com\/en\/realestate\/stylish-semi-detached-house-in-genova-palma-de-mallorca\/\" target=\"_self\"><img loading=\"lazy\" decoding=\"async\" width=\"525\" height=\"328\" src=\"https:\/\/www.privatepropertymallorca.com\/wp-content\/uploads\/2024\/11\/e4405830-5661-4433-86d5-49008cdd1de1-1-525x328.jpg\" class=\"lazyload img-responsive wp-post-image\" alt=\"5175, Stilvolles Doppelhaus in Genova, Palma de Mallorca\" data-original=\"https:\/\/www.privatepropertymallorca.com\/wp-content\/uploads\/2024\/11\/e4405830-5661-4433-86d5-49008cdd1de1-1-525x328.jpg\" \/><\/a><div class=\"tag-wrapper\"><div class=\"status-wrapper\"><\/div><\/div><\/div>\n\n            <h4><a href=\"https:\/\/www.privatepropertymallorca.com\/en\/realestate\/stylish-semi-detached-house-in-genova-palma-de-mallorca\/\" target=\"_self\">\n                Semi-detached house in Genova with pool and distant sea views                <\/a> \n            <\/h4> \n        \n            <div class=\"property_listing_details\">\n                <div class=\"smallCol\"><div class=\"inforoom_unit_type2\"><\/div><div>4<\/div><\/div><div class=\"smallCol\"><div class=\"infobath_unit_type2\"><\/div><div>3<\/div><\/div><div class=\"smallCol\"><div class=\"infosize_unit_type2\"><\/div><div>332 m&sup2;<\/div><\/div><div class=\"smallCol\"><div class=\"infolotsize_unit_type2\"><\/div><div>0 m&sup2;<\/div><\/div>            <\/div>\n\t\t\n            <div class=\"listing_unit_price_wrapper\">1.380.000 \u20ac <span class=\"price_label\"><\/span><\/div>               \n            <div class=\"property_location\">\n                    \n                    <div class=\"ownerNotes\">5175<\/div><div class=\"propertyArea\"><a href=\"https:\/\/www.privatepropertymallorca.com\/en\/state\/palma-surroundings\/\" rel=\"tag\">Palma &amp; Surroundings<\/a>, <a href=\"https:\/\/www.privatepropertymallorca.com\/en\/city\/genova-en\/\" rel=\"tag\">Genova<\/a><\/div>                        <\/div>        <\/div>             \n    <\/div>\n<div class=\"wpestate_listing_sh_loader\">\n       <div class=\"new_prelader\"><\/div>\n\n    <\/div><div class=\"listinglink-wrapper_sh_listings\">\n               <span class=\"wpresidence_button wpestate_item_list_sh\">load more listings <\/span>\n               <\/div><\/div><script type=\"text\/javascript\">\n                \/\/<![CDATA[\n                jQuery(document).ready(function(){\n                  \/\/  wpestate_anime(\"#wpestate_sh_anime_591\");\n                   \/\/ wpestate_property_list_sh(\"#wpestate_sh_anime_591 .wpestate_item_list_sh\", \"#wpestate_sh_anime_591 .control_tax_sh\");\n                });\n                \/\/]]>\n            <\/script>[\/vc_column][\/vc_row]<\/p>\n<div class=\"bellvueblock \"><img decoding=\"async\" src=\"https:\/\/www.privatepropertymallorca.com\/wp-content\/uploads\/2020\/02\/best_icon-159x300.png\" alt=\"bellvue\"><\/div><\/div>","protected":false},"excerpt":{"rendered":"<p>The Balearic Islands\u2019 property market has taken a significant step forward with the introduction of Ley 3\/2024. This new law mandates that all real estate agencies and independent agents operating in the region must register with the Official Real Estate Registry of the Balearic Islands (ROAIIB) to legally conduct property transactions. This law, designed to enhance consumer protection and enforce professional standards, marks a pivotal moment for property buyers, sellers, and real estate professionals alike in Mallorca and the broader Balearic Islands. Here\u2019s a look at why this law matters, what it entails, and how it benefits those involved in real estate transactions.<\/p>\n","protected":false},"author":13,"featured_media":1164715,"comment_status":"closed","ping_status":"closed","sticky":false,"template":"","format":"standard","meta":{"_seopress_robots_primary_cat":"none","_seopress_titles_title":"","_seopress_titles_desc":"","_seopress_robots_index":"","footnotes":""},"categories":[993],"tags":[2721,2719,2720,2722,2718,2717],"class_list":{"0":"post-1164709","1":"post","2":"type-post","3":"status-publish","4":"format-standard","5":"has-post-thumbnail","7":"category-magazin-en","8":"tag-properties-for-sale-mallorca-en-2","9":"tag-properties-for-sale-palma-de-mallorca-en","10":"tag-properties-for-sale-santa-ponsa-en","11":"tag-real-estate-mallorca-en-4","12":"tag-real-estate-palma-de-mallorca-en-3","13":"tag-real-estate-santa-ponsa-en-2"},"_links":{"self":[{"href":"https:\/\/www.privatepropertymallorca.com\/en\/wp-json\/wp\/v2\/posts\/1164709","targetHints":{"allow":["GET"]}}],"collection":[{"href":"https:\/\/www.privatepropertymallorca.com\/en\/wp-json\/wp\/v2\/posts"}],"about":[{"href":"https:\/\/www.privatepropertymallorca.com\/en\/wp-json\/wp\/v2\/types\/post"}],"author":[{"embeddable":true,"href":"https:\/\/www.privatepropertymallorca.com\/en\/wp-json\/wp\/v2\/users\/13"}],"replies":[{"embeddable":true,"href":"https:\/\/www.privatepropertymallorca.com\/en\/wp-json\/wp\/v2\/comments?post=1164709"}],"version-history":[{"count":0,"href":"https:\/\/www.privatepropertymallorca.com\/en\/wp-json\/wp\/v2\/posts\/1164709\/revisions"}],"wp:featuredmedia":[{"embeddable":true,"href":"https:\/\/www.privatepropertymallorca.com\/en\/wp-json\/wp\/v2\/media\/1164715"}],"wp:attachment":[{"href":"https:\/\/www.privatepropertymallorca.com\/en\/wp-json\/wp\/v2\/media?parent=1164709"}],"wp:term":[{"taxonomy":"category","embeddable":true,"href":"https:\/\/www.privatepropertymallorca.com\/en\/wp-json\/wp\/v2\/categories?post=1164709"},{"taxonomy":"post_tag","embeddable":true,"href":"https:\/\/www.privatepropertymallorca.com\/en\/wp-json\/wp\/v2\/tags?post=1164709"}],"curies":[{"name":"wp","href":"https:\/\/api.w.org\/{rel}","templated":true}]}}