{"id":1164800,"date":"2024-11-12T12:21:13","date_gmt":"2024-11-12T11:21:13","guid":{"rendered":"https:\/\/www.privatepropertymallorca.com\/vision-of-the-future-2025-mallorca-in-focus-at-the-turn-of-the-year\/"},"modified":"2024-11-13T13:19:58","modified_gmt":"2024-11-13T12:19:58","slug":"vision-of-the-future-2025-mallorca-in-focus-at-the-turn-of-the-year","status":"publish","type":"post","link":"https:\/\/www.privatepropertymallorca.com\/en\/magazin-en\/vision-of-the-future-2025-mallorca-in-focus-at-the-turn-of-the-year\/","title":{"rendered":"Vision of the future 2025: Mallorca in focus at the turn of the year"},"content":{"rendered":"<div class=\"wpb-content-wrapper\"><p>[vc_row][vc_column width=&#8221;1\/4&#8243;][vc_single_image][\/vc_column][vc_column width=&#8221;3\/4&#8243;][vc_column_text css=&#8221;&#8221;]<br \/>\n<strong>Vision for the Future 2025: Mallorca in Focus at Year-End<\/strong><\/p>\n<p>An in-person event on <strong>November 26, 2024<\/strong>, at the Mallorca Zeitung Club will provide a comprehensive update on real estate, tourism, taxes, and legal matters.<\/p>\n<p>While no one can predict the developments of the coming year with certainty, the framework for 2025 is already becoming clear. How will Mallorca\u2019s real estate market evolve? What changes are anticipated in tourism policy, particularly regarding vacation rentals? And what role will e-invoices and artificial intelligence play in accounting and tax consulting on the island?<\/p>\n<p>The <strong>PlattesGroup<\/strong> is organizing an event on these topics to offer an overview of the key updates. Experts from politics, business, and law will present essential information and provide guidance for the coming year. Key questions about dates, decisions, and regulations\u2014especially concerning taxes, law, real estate, and tourism\u2014will be answered.<\/p>\n<h3>Tourism and Real Estate Market: Expectations for 2025<\/h3>\n<p>Following extensive discussions about the impact of over-tourism in the Balearics, the regional government plans to introduce measures in 2025 to better manage tourist flows. The ruling conservatives have announced potential changes, such as adjustments to the tourist tax and possible restrictions on vacation rental licenses for apartments, although no details have been released yet.<\/p>\n<p>These developments directly impact the real estate market. What effects will new housing laws have? How is the luxury real estate market changing? And what new options are available to protect German investors in case of damages?<\/p>\n<p>Answers to these questions will be provided by experts like <strong>Susanna Sciacovelli<\/strong>, Deputy Director of Tourism for the Island Council; <strong>Hans Lenz<\/strong>, Chairman of the Association of International Real Estate Agents; <strong>Marvin Bonitz<\/strong> from Minkner &amp; Bonitz; and <strong>Leon Glaser<\/strong>, Underwriter for Art and Private Clients at Hiscox.<\/p>\n<h3>Tax Updates, Cybersecurity, and Digitalization<\/h3>\n<p>Changes are also on the horizon in taxation, focusing on residency, exit tax, and wealth tax. The PlattesGroup offers comprehensive informational packages such as the <strong>\u201cGuardian Angel Package\u201d<\/strong> and <strong>\u201cTest Death\u201d<\/strong>, which cover topics like estate planning, inheritance, and gifting.<\/p>\n<p>Additionally, technological innovations will shape the new year: the introduction of the <strong>EU Directive NIS2<\/strong> makes cybersecurity a central issue. Simultaneously, e-invoices and artificial intelligence are gaining importance, posing challenges for companies in change management but also offering opportunities for greater efficiency.<\/p>\n<h3>Networking with Experts<\/h3>\n<p>After the presentations, the event will provide opportunities for networking over snacks, wine, and traditional currywurst. Attendees can connect with speakers and partners and establish valuable contacts.<\/p>\n<p>Join us as we set the course for 2025\u2014with deep insights and practical knowledge to ensure a successful start to the new year.<\/p>\n<p>\u27a1 When registering, please enter this keyword in the field <strong>\u201cHow did you hear about this event?\u201d<\/strong> for free participation: <strong>Private Property<\/strong><\/p>\n<p><strong>Event Link:<\/strong> <a href=\"https:\/\/willipedia.plattes.net\/events\/vorwaertsdenken-2025-mallorca-update-zum-jahreswechsel\" target=\"_new\" rel=\"noopener\">https:\/\/willipedia.plattes.net\/events\/vorwaertsdenken-2025-mallorca-update-zum-jahreswechsel<\/a><br \/>\n[\/vc_column_text][\/vc_column][\/vc_row][vc_row][vc_column][vc_empty_space][\/vc_column][\/vc_row][vc_row source=&#8221;&#8221; main_heading=&#8221;OBJEKTE DER REGION&#8221; heading_tag=&#8221;h2&#8243; main_heading_color=&#8221;&#8221; sub_heading_color=&#8221;&#8221; alignment=&#8221;center&#8221; spacer=&#8221;line_only&#8221; spacer_position=&#8221;bottom&#8221; spacer_img_width=&#8221;48&#8243; line_style=&#8221;solid&#8221; line_height=&#8221;1&#8243; line_color=&#8221;#4d6b87&#8243; line_icon_fixer=&#8221;10&#8243; line_width=&#8221;200&#8243; spacer_margin=&#8221;margin-top:30px;margin-bottom:40px;&#8221; main_heading_typograpy=&#8221;&#8221; main_heading_font_family=&#8221;&#8221; main_heading_style=&#8221;&#8221; main_heading_font_size=&#8221;&#8221; main_heading_line_height=&#8221;&#8221; margin_design_tab_text=&#8221;&#8221; main_heading_margin=&#8221;&#8221; sub_heading_typograpy=&#8221;&#8221; sub_heading_font_family=&#8221;&#8221; sub_heading_style=&#8221;&#8221; sub_heading_font_size=&#8221;&#8221; sub_heading_line_height=&#8221;&#8221; sub_heading_margin=&#8221;&#8221; spacer_img=&#8221;&#8221;][vc_column]<div id=\"ultimate-heading-597269f22e09ba925\" class=\"uvc-heading ult-adjust-bottom-margin ultimate-heading-597269f22e09ba925 uvc-9196 \" data-hspacer=\"line_only\"  data-halign=\"center\" style=\"text-align:center\"><div class=\"uvc-main-heading ult-responsive\"  data-ultimate-target='.uvc-heading.ultimate-heading-597269f22e09ba925 h2'  data-responsive-json-new='{\"font-size\":\"\",\"line-height\":\"\"}' ><h2 style=\"font-weight:normal;\">Properties for sale in Mallorca<\/h2><\/div><div class=\"uvc-heading-spacer line_only\" style=\"margin-top:30px;margin-bottom:40px;height:1px;\"><span class=\"uvc-headings-line\" style=\"border-style:solid;border-bottom-width:1px;border-color:#4d6b87;width:200px;\"><\/span><\/div><\/div>[\/vc_column][\/vc_row][vc_row][vc_column]<div id=\"wpestate_sh_anime_717\" class=\"article_container wpestate_anime wpestate_latest_listings_sh bottom-estate_property \"  data-type=\"estate_property\" data-category_ids=\"\" data-action_ids=\"\" data-city_ids=\"\" data-area_ids=\"\" data-state_ids=\"\" data-status_ids=\"\" data-number=\"40\" data-row-number=\"4\" data-align=\"vertical\" data-show_featured_only=\"no\"  data-random_pick=\"yes\"  data-featured_first=\"no\" data-page=\"1\" >  \n\n\n\n<div class=\"col-md-3 shortcode-col has_4per_row  listing_wrapper property_unit_type2\" data-org=\"4\" data-listid=\"1254269\" > \n    <div class=\"property_listing property_unit_type2  \" data-link=\"https:\/\/www.privatepropertymallorca.com\/en\/realestate\/stylish-family-terraced-house-near-the-beach-in-colonia-de-sant-jordi-with-pool-and-garage\/\">\n        \n        <div class=\"listing-unit-img-wrapper\"><a href=\"https:\/\/www.privatepropertymallorca.com\/en\/realestate\/stylish-family-terraced-house-near-the-beach-in-colonia-de-sant-jordi-with-pool-and-garage\/\" target=\"_self\"><img fetchpriority=\"high\" decoding=\"async\" width=\"525\" height=\"328\" src=\"https:\/\/www.privatepropertymallorca.com\/wp-content\/uploads\/2026\/02\/796d7b42-cee0-4da1-b3ac-141cff643fe7-1-525x328.jpg\" class=\"lazyload img-responsive wp-post-image\" alt=\"5403 Stadthaus in Es Trenc2\" data-original=\"https:\/\/www.privatepropertymallorca.com\/wp-content\/uploads\/2026\/02\/796d7b42-cee0-4da1-b3ac-141cff643fe7-1-525x328.jpg\" \/><\/a><div class=\"tag-wrapper\"><div class=\"status-wrapper\"><\/div><\/div><\/div>\n\n            <h4><a href=\"https:\/\/www.privatepropertymallorca.com\/en\/realestate\/stylish-family-terraced-house-near-the-beach-in-colonia-de-sant-jordi-with-pool-and-garage\/\" target=\"_self\">\n                Stylish family townhouse for sale in Col\u00f2nia de Sant Jordi with pool and garage                <\/a> \n            <\/h4> \n        \n            <div class=\"property_listing_details\">\n                <div class=\"smallCol\"><div class=\"inforoom_unit_type2\"><\/div><div>3<\/div><\/div><div class=\"smallCol\"><div class=\"infobath_unit_type2\"><\/div><div>2<\/div><\/div><div class=\"smallCol\"><div class=\"infosize_unit_type2\"><\/div><div>104 m&sup2;<\/div><\/div><div class=\"smallCol\"><div class=\"infolotsize_unit_type2\"><\/div><div>120 m&sup2;<\/div><\/div>            <\/div>\n\t\t\n            <div class=\"listing_unit_price_wrapper\">640.000 \u20ac <span class=\"price_label\"><\/span><\/div>               \n            <div class=\"property_location\">\n                    \n                    <div class=\"ownerNotes\">5403<\/div><div class=\"propertyArea\"><a href=\"https:\/\/www.privatepropertymallorca.com\/en\/state\/south\/\" rel=\"tag\">South<\/a>, <a href=\"https:\/\/www.privatepropertymallorca.com\/en\/city\/colonia-de-sant-jordi-en\/\" rel=\"tag\">Colonia de Sant Jordi<\/a><\/div>                        <\/div>        <\/div>             \n    <\/div>\n  \n\n\n\n<div class=\"col-md-3 shortcode-col has_4per_row  listing_wrapper property_unit_type2\" data-org=\"4\" data-listid=\"1101788\" > \n    <div class=\"property_listing property_unit_type2  \" data-link=\"https:\/\/www.privatepropertymallorca.com\/en\/realestate\/under-construction-unique-villa-in-finca-style-directly-on-the-golf-course-of-nova-santa-ponsa\/\">\n        \n        <div class=\"listing-unit-img-wrapper\"><a href=\"https:\/\/www.privatepropertymallorca.com\/en\/realestate\/under-construction-unique-villa-in-finca-style-directly-on-the-golf-course-of-nova-santa-ponsa\/\" target=\"_self\"><img decoding=\"async\" width=\"525\" height=\"328\" src=\"https:\/\/www.privatepropertymallorca.com\/wp-content\/uploads\/2024\/02\/73545860-1a6f-4fcb-81e7-f147c6c96024-1-525x328.jpg\" class=\"lazyload img-responsive wp-post-image\" alt=\"V-4851 IM BAU! Einzigartige Villa im Finca Stil, direkt am Golfplatz von Nova Santa Ponsa\" data-original=\"https:\/\/www.privatepropertymallorca.com\/wp-content\/uploads\/2024\/02\/73545860-1a6f-4fcb-81e7-f147c6c96024-1-525x328.jpg\" srcset=\"https:\/\/www.privatepropertymallorca.com\/wp-content\/uploads\/2024\/02\/73545860-1a6f-4fcb-81e7-f147c6c96024-1-525x328.jpg 525w, https:\/\/www.privatepropertymallorca.com\/wp-content\/uploads\/2024\/02\/73545860-1a6f-4fcb-81e7-f147c6c96024-1-1200x749.jpg 1200w, https:\/\/www.privatepropertymallorca.com\/wp-content\/uploads\/2024\/02\/73545860-1a6f-4fcb-81e7-f147c6c96024-1-600x375.jpg 600w, https:\/\/www.privatepropertymallorca.com\/wp-content\/uploads\/2024\/02\/73545860-1a6f-4fcb-81e7-f147c6c96024-1-768x480.jpg 768w, https:\/\/www.privatepropertymallorca.com\/wp-content\/uploads\/2024\/02\/73545860-1a6f-4fcb-81e7-f147c6c96024-1-1536x959.jpg 1536w, https:\/\/www.privatepropertymallorca.com\/wp-content\/uploads\/2024\/02\/73545860-1a6f-4fcb-81e7-f147c6c96024-1.jpg 1640w\" sizes=\"(max-width: 525px) 100vw, 525px\" \/><\/a><div class=\"tag-wrapper\"><div class=\"status-wrapper\"><\/div><\/div><\/div>\n\n            <h4><a href=\"https:\/\/www.privatepropertymallorca.com\/en\/realestate\/under-construction-unique-villa-in-finca-style-directly-on-the-golf-course-of-nova-santa-ponsa\/\" target=\"_self\">\n                UNDER CONSTRUCTION! Unique villa in finca style, directly on the golf course of Nova Santa Ponsa                <\/a> \n            <\/h4> \n        \n            <div class=\"property_listing_details\">\n                <div class=\"smallCol\"><div class=\"inforoom_unit_type2\"><\/div><div>5<\/div><\/div><div class=\"smallCol\"><div class=\"infobath_unit_type2\"><\/div><div>5<\/div><\/div><div class=\"smallCol\"><div class=\"infosize_unit_type2\"><\/div><div>864 m&sup2;<\/div><\/div><div class=\"smallCol\"><div class=\"infolotsize_unit_type2\"><\/div><div>2494 m&sup2;<\/div><\/div>            <\/div>\n\t\t\n            <div class=\"listing_unit_price_wrapper\">12.600.000 \u20ac <span class=\"price_label\"><\/span><\/div>               \n            <div class=\"property_location\">\n                    \n                    <div class=\"ownerNotes\">V-4851<\/div><div class=\"propertyArea\"><a href=\"https:\/\/www.privatepropertymallorca.com\/en\/state\/southwest\/\" rel=\"tag\">Southwest<\/a>, <a href=\"https:\/\/www.privatepropertymallorca.com\/en\/city\/santa-ponsa-en\/\" rel=\"tag\">Santa Ponsa<\/a><\/div>                        <\/div>        <\/div>             \n    <\/div>\n  \n\n\n\n<div class=\"col-md-3 shortcode-col has_4per_row  listing_wrapper property_unit_type2\" data-org=\"4\" data-listid=\"741653\" > \n    <div class=\"property_listing property_unit_type2  \" data-link=\"https:\/\/www.privatepropertymallorca.com\/en\/realestate\/modern-south-facing-villa-with-vacation-rental-license-next-to-the-golf-club-of-canyamel\/\">\n        \n        <div class=\"listing-unit-img-wrapper\"><a href=\"https:\/\/www.privatepropertymallorca.com\/en\/realestate\/modern-south-facing-villa-with-vacation-rental-license-next-to-the-golf-club-of-canyamel\/\" target=\"_self\"><img decoding=\"async\" width=\"525\" height=\"328\" src=\"https:\/\/www.privatepropertymallorca.com\/wp-content\/uploads\/2026\/03\/ab222fd5-3790-479f-97df-d878bd589c1d-1-525x328.jpg\" class=\"lazyload img-responsive wp-post-image\" alt=\"ETV LOGO PPM  (4)\" data-original=\"https:\/\/www.privatepropertymallorca.com\/wp-content\/uploads\/2026\/03\/ab222fd5-3790-479f-97df-d878bd589c1d-1-525x328.jpg\" \/><\/a><div class=\"tag-wrapper\"><div class=\"status-wrapper\"><div class=\"ribbon-inside holiday-rental-licence\">Holiday rental licence<\/div><\/div><\/div><\/div>\n\n            <h4><a href=\"https:\/\/www.privatepropertymallorca.com\/en\/realestate\/modern-south-facing-villa-with-vacation-rental-license-next-to-the-golf-club-of-canyamel\/\" target=\"_self\">\n                Modern south facing villa with vacation rental license, next to the golf club of Canyamel                <\/a> \n            <\/h4> \n        \n            <div class=\"property_listing_details\">\n                <div class=\"smallCol\"><div class=\"inforoom_unit_type2\"><\/div><div>5<\/div><\/div><div class=\"smallCol\"><div class=\"infobath_unit_type2\"><\/div><div>5<\/div><\/div><div class=\"smallCol\"><div class=\"infosize_unit_type2\"><\/div><div>444 m&sup2;<\/div><\/div><div class=\"smallCol\"><div class=\"infolotsize_unit_type2\"><\/div><div>1800 m&sup2;<\/div><\/div>            <\/div>\n\t\t\n            <div class=\"listing_unit_price_wrapper\">3.760.000 \u20ac <span class=\"price_label\"><\/span><\/div>               \n            <div class=\"property_location\">\n                    \n                    <div class=\"ownerNotes\">V-2080<\/div><div class=\"propertyArea\"><a href=\"https:\/\/www.privatepropertymallorca.com\/en\/state\/northeast\/\" rel=\"tag\">Northeast<\/a>, <a href=\"https:\/\/www.privatepropertymallorca.com\/en\/city\/canyamel-en\/\" rel=\"tag\">Canyamel<\/a><\/div>                        <\/div>        <\/div>             \n    <\/div>\n  \n\n\n\n<div class=\"col-md-3 shortcode-col has_4per_row  listing_wrapper property_unit_type2\" data-org=\"4\" data-listid=\"1255740\" > \n    <div class=\"property_listing property_unit_type2  \" data-link=\"https:\/\/www.privatepropertymallorca.com\/en\/realestate\/plot-with-project-and-building-permit-in-cas-concos-with-views-as-far-as-the-tramuntana-mountains\/\">\n        \n        <div class=\"listing-unit-img-wrapper\"><a href=\"https:\/\/www.privatepropertymallorca.com\/en\/realestate\/plot-with-project-and-building-permit-in-cas-concos-with-views-as-far-as-the-tramuntana-mountains\/\" target=\"_self\"><img loading=\"lazy\" decoding=\"async\" width=\"525\" height=\"328\" src=\"https:\/\/www.privatepropertymallorca.com\/wp-content\/uploads\/2025\/11\/ec946f4e-d29b-4744-b577-eeed0108ac3e-1-525x328.jpg\" class=\"lazyload img-responsive wp-post-image\" alt=\"5414 - Projekt in Cas Concos2\" data-original=\"https:\/\/www.privatepropertymallorca.com\/wp-content\/uploads\/2025\/11\/ec946f4e-d29b-4744-b577-eeed0108ac3e-1-525x328.jpg\" \/><\/a><div class=\"tag-wrapper\"><div class=\"status-wrapper\"><div class=\"ribbon-inside project\">Project<\/div><\/div><\/div><\/div>\n\n            <h4><a href=\"https:\/\/www.privatepropertymallorca.com\/en\/realestate\/plot-with-project-and-building-permit-in-cas-concos-with-views-as-far-as-the-tramuntana-mountains\/\" target=\"_self\">\n                Plot with project and building permit in Cas Concos with views as far as the Tramuntana mountains                <\/a> \n            <\/h4> \n        \n            <div class=\"property_listing_details\">\n                <div class=\"smallCol\"><div class=\"inforoom_unit_type2\"><\/div><div>5<\/div><\/div><div class=\"smallCol\"><div class=\"infobath_unit_type2\"><\/div><div>4<\/div><\/div><div class=\"smallCol\"><div class=\"infosize_unit_type2\"><\/div><div>0 m&sup2;<\/div><\/div><div class=\"smallCol\"><div class=\"infolotsize_unit_type2\"><\/div><div>25467 m&sup2;<\/div><\/div>            <\/div>\n\t\t\n            <div class=\"listing_unit_price_wrapper\">429.000 \u20ac <span class=\"price_label\"><\/span><\/div>               \n            <div class=\"property_location\">\n                    \n                    <div class=\"ownerNotes\">5414<\/div><div class=\"propertyArea\"><a href=\"https:\/\/www.privatepropertymallorca.com\/en\/state\/southeast\/\" rel=\"tag\">Southeast<\/a>, <a href=\"https:\/\/www.privatepropertymallorca.com\/en\/city\/cas-concos-en\/\" rel=\"tag\">Cas Concos<\/a><\/div>                        <\/div>        <\/div>             \n    <\/div>\n  \n\n\n\n<div class=\"col-md-3 shortcode-col has_4per_row  listing_wrapper property_unit_type2\" data-org=\"4\" data-listid=\"1301122\" > \n    <div class=\"property_listing property_unit_type2  \" data-link=\"https:\/\/www.privatepropertymallorca.com\/en\/realestate\/charming-house-with-pool-and-garden-in-cala-blava-bellavista\/\">\n        \n        <div class=\"listing-unit-img-wrapper\"><a href=\"https:\/\/www.privatepropertymallorca.com\/en\/realestate\/charming-house-with-pool-and-garden-in-cala-blava-bellavista\/\" target=\"_self\"><img loading=\"lazy\" decoding=\"async\" width=\"525\" height=\"328\" src=\"https:\/\/www.privatepropertymallorca.com\/wp-content\/uploads\/2026\/04\/5bd8004d-a796-4d40-b302-5356dd3647ed-1-525x328.jpg\" class=\"lazyload img-responsive wp-post-image\" alt=\"5552 - Villa in Cala Blava 8\" data-original=\"https:\/\/www.privatepropertymallorca.com\/wp-content\/uploads\/2026\/04\/5bd8004d-a796-4d40-b302-5356dd3647ed-1-525x328.jpg\" \/><\/a><div class=\"tag-wrapper\"><div class=\"status-wrapper\"><\/div><\/div><\/div>\n\n            <h4><a href=\"https:\/\/www.privatepropertymallorca.com\/en\/realestate\/charming-house-with-pool-and-garden-in-cala-blava-bellavista\/\" target=\"_self\">\n                Charming house with pool and garden in Cala Blava, Bellavista                <\/a> \n            <\/h4> \n        \n            <div class=\"property_listing_details\">\n                <div class=\"smallCol\"><div class=\"inforoom_unit_type2\"><\/div><div>3<\/div><\/div><div class=\"smallCol\"><div class=\"infobath_unit_type2\"><\/div><div>2<\/div><\/div><div class=\"smallCol\"><div class=\"infosize_unit_type2\"><\/div><div>0 m&sup2;<\/div><\/div><div class=\"smallCol\"><div class=\"infolotsize_unit_type2\"><\/div><div>988 m&sup2;<\/div><\/div>            <\/div>\n\t\t\n            <div class=\"listing_unit_price_wrapper\">955.000 \u20ac <span class=\"price_label\"><\/span><\/div>               \n            <div class=\"property_location\">\n                    \n                    <div class=\"ownerNotes\">5552<\/div><div class=\"propertyArea\"><a href=\"https:\/\/www.privatepropertymallorca.com\/en\/state\/south\/\" rel=\"tag\">South<\/a>, <a href=\"https:\/\/www.privatepropertymallorca.com\/en\/city\/bahia-blava-en\/\" rel=\"tag\">Bahia Blava<\/a><\/div>                        <\/div>        <\/div>             \n    <\/div>\n  \n\n\n\n<div class=\"col-md-3 shortcode-col has_4per_row  listing_wrapper property_unit_type2\" data-org=\"4\" data-listid=\"1096525\" > \n    <div class=\"property_listing property_unit_type2  \" data-link=\"https:\/\/www.privatepropertymallorca.com\/en\/realestate\/investment-impressive-first-line-house-in-calanova-with-stunning-sea-views\/\">\n        \n        <div class=\"listing-unit-img-wrapper\"><a href=\"https:\/\/www.privatepropertymallorca.com\/en\/realestate\/investment-impressive-first-line-house-in-calanova-with-stunning-sea-views\/\" target=\"_self\"><img loading=\"lazy\" decoding=\"async\" width=\"525\" height=\"328\" src=\"https:\/\/www.privatepropertymallorca.com\/wp-content\/uploads\/2024\/01\/9c47091a-6806-40e7-bfbd-304324edd476-1-525x328.jpg\" class=\"lazyload img-responsive wp-post-image\" alt=\"4949 INVESTITION!  Beeindruckendes Haus in erster Linie in Calanova mit herrlichem Meerblick\" data-original=\"https:\/\/www.privatepropertymallorca.com\/wp-content\/uploads\/2024\/01\/9c47091a-6806-40e7-bfbd-304324edd476-1-525x328.jpg\" \/><\/a><div class=\"tag-wrapper\"><div class=\"status-wrapper\"><\/div><\/div><\/div>\n\n            <h4><a href=\"https:\/\/www.privatepropertymallorca.com\/en\/realestate\/investment-impressive-first-line-house-in-calanova-with-stunning-sea-views\/\" target=\"_self\">\n                INVESTMENT! House in Cala Nova, first line with magnificent harbor and sea views                <\/a> \n            <\/h4> \n        \n            <div class=\"property_listing_details\">\n                <div class=\"smallCol\"><div class=\"inforoom_unit_type2\"><\/div><div>11<\/div><\/div><div class=\"smallCol\"><div class=\"infobath_unit_type2\"><\/div><div>2<\/div><\/div><div class=\"smallCol\"><div class=\"infosize_unit_type2\"><\/div><div>532 m&sup2;<\/div><\/div><div class=\"smallCol\"><div class=\"infolotsize_unit_type2\"><\/div><div>364 m&sup2;<\/div><\/div>            <\/div>\n\t\t\n            <div class=\"listing_unit_price_wrapper\">3.500.000 \u20ac <span class=\"price_label\"><\/span><\/div>               \n            <div class=\"property_location\">\n                    \n                    <div class=\"ownerNotes\">4949<\/div><div class=\"propertyArea\"><a href=\"https:\/\/www.privatepropertymallorca.com\/en\/state\/palma-surroundings\/\" rel=\"tag\">Palma &amp; Surroundings<\/a>, <a href=\"https:\/\/www.privatepropertymallorca.com\/en\/city\/san-agustin-en\/\" rel=\"tag\">San Agustin<\/a><\/div>                        <\/div>        <\/div>             \n    <\/div>\n  \n\n\n\n<div class=\"col-md-3 shortcode-col has_4per_row  listing_wrapper property_unit_type2\" data-org=\"4\" data-listid=\"1093542\" > \n    <div class=\"property_listing property_unit_type2  \" data-link=\"https:\/\/www.privatepropertymallorca.com\/en\/realestate\/beautiful-plot-with-basic-project-for-2-modern-mediterranean-villas-in-es-capdella\/\">\n        \n        <div class=\"listing-unit-img-wrapper\"><a href=\"https:\/\/www.privatepropertymallorca.com\/en\/realestate\/beautiful-plot-with-basic-project-for-2-modern-mediterranean-villas-in-es-capdella\/\" target=\"_self\"><img loading=\"lazy\" decoding=\"async\" width=\"525\" height=\"328\" src=\"https:\/\/www.privatepropertymallorca.com\/wp-content\/uploads\/2023\/12\/b26c66ea-c8ab-4240-ab44-dc65c17728f4-1-525x328.jpg\" class=\"lazyload img-responsive wp-post-image\" alt=\"4939-97 Wundersch\u00f6nes Grundst\u00fcck mit Basisprojekt f\u00fcr 2 Villen im Finca Stil in Es Capdella\" data-original=\"https:\/\/www.privatepropertymallorca.com\/wp-content\/uploads\/2023\/12\/b26c66ea-c8ab-4240-ab44-dc65c17728f4-1-525x328.jpg\" \/><\/a><div class=\"tag-wrapper\"><div class=\"status-wrapper\"><\/div><\/div><\/div>\n\n            <h4><a href=\"https:\/\/www.privatepropertymallorca.com\/en\/realestate\/beautiful-plot-with-basic-project-for-2-modern-mediterranean-villas-in-es-capdella\/\" target=\"_self\">\n                Beautiful plot for sale in Es Capdella with basic project for 2 finca-style villas                <\/a> \n            <\/h4> \n        \n            <div class=\"property_listing_details\">\n                <div class=\"smallCol\"><div class=\"inforoom_unit_type2\"><\/div><div>-<\/div><\/div><div class=\"smallCol\"><div class=\"infobath_unit_type2\"><\/div><div>-<\/div><\/div><div class=\"smallCol\"><div class=\"infosize_unit_type2\"><\/div><div>450 m&sup2;<\/div><\/div><div class=\"smallCol\"><div class=\"infolotsize_unit_type2\"><\/div><div>2364 m&sup2;<\/div><\/div>            <\/div>\n\t\t\n            <div class=\"listing_unit_price_wrapper\">1.750.000 \u20ac <span class=\"price_label\"><\/span><\/div>               \n            <div class=\"property_location\">\n                    \n                    <div class=\"ownerNotes\">4939-97<\/div><div class=\"propertyArea\"><a href=\"https:\/\/www.privatepropertymallorca.com\/en\/state\/southwest\/\" rel=\"tag\">Southwest<\/a>, <a href=\"https:\/\/www.privatepropertymallorca.com\/en\/city\/capdella-en\/\" rel=\"tag\">Capdella<\/a><\/div>                        <\/div>        <\/div>             \n    <\/div>\n  \n\n\n\n<div class=\"col-md-3 shortcode-col has_4per_row  listing_wrapper property_unit_type2\" data-org=\"4\" data-listid=\"635639\" > \n    <div class=\"property_listing property_unit_type2  \" data-link=\"https:\/\/www.privatepropertymallorca.com\/en\/realestate\/new-construction-impressive-luxury-penthouse-with-two-terraces-to-design-in-the-heart-of-palma\/\">\n        \n        <div class=\"listing-unit-img-wrapper\"><a href=\"https:\/\/www.privatepropertymallorca.com\/en\/realestate\/new-construction-impressive-luxury-penthouse-with-two-terraces-to-design-in-the-heart-of-palma\/\" target=\"_self\"><img loading=\"lazy\" decoding=\"async\" width=\"525\" height=\"328\" src=\"https:\/\/www.privatepropertymallorca.com\/wp-content\/uploads\/2022\/09\/e1564c1c-dd96-48a6-a866-5378d1732fa4-1-525x328.jpg\" class=\"lazyload img-responsive wp-post-image\" alt=\"A-4137_ 25 NEUBAU! Beeindruckendes Luxus Penthouse mit zwei Terrassen, zum mitgestalten, im Herzen von Palma\" data-original=\"https:\/\/www.privatepropertymallorca.com\/wp-content\/uploads\/2022\/09\/e1564c1c-dd96-48a6-a866-5378d1732fa4-1-525x328.jpg\" \/><\/a><div class=\"tag-wrapper\"><div class=\"status-wrapper\"><\/div><\/div><\/div>\n\n            <h4><a href=\"https:\/\/www.privatepropertymallorca.com\/en\/realestate\/new-construction-impressive-luxury-penthouse-with-two-terraces-to-design-in-the-heart-of-palma\/\" target=\"_self\">\n                NEW BUILD! Impressive luxury penthouse for sale in Palma with two terraces to share                <\/a> \n            <\/h4> \n        \n            <div class=\"property_listing_details\">\n                <div class=\"smallCol\"><div class=\"inforoom_unit_type2\"><\/div><div>3<\/div><\/div><div class=\"smallCol\"><div class=\"infobath_unit_type2\"><\/div><div>2<\/div><\/div><div class=\"smallCol\"><div class=\"infosize_unit_type2\"><\/div><div>266 m&sup2;<\/div><\/div><div class=\"smallCol\"><div class=\"infolotsize_unit_type2\"><\/div><div>0 m&sup2;<\/div><\/div>            <\/div>\n\t\t\n            <div class=\"listing_unit_price_wrapper\">2.599.000 \u20ac <span class=\"price_label\"><\/span><\/div>               \n            <div class=\"property_location\">\n                    \n                    <div class=\"ownerNotes\">P-4137_25<\/div><div class=\"propertyArea\"><a href=\"https:\/\/www.privatepropertymallorca.com\/en\/state\/palma-surroundings\/\" rel=\"tag\">Palma &amp; Surroundings<\/a>, <a href=\"https:\/\/www.privatepropertymallorca.com\/en\/city\/son-espanyolet-en\/\" rel=\"tag\">Son Espanyolet<\/a><\/div>                        <\/div>        <\/div>             \n    <\/div>\n  \n\n\n\n<div class=\"col-md-3 shortcode-col has_4per_row  listing_wrapper property_unit_type2\" data-org=\"4\" data-listid=\"1172983\" > \n    <div class=\"property_listing property_unit_type2  \" data-link=\"https:\/\/www.privatepropertymallorca.com\/en\/realestate\/historic-art-nouveau-building-with-seven-luxury-apartments-in-the-heart-of-the-old-town-of-palma\/\">\n        \n        <div class=\"listing-unit-img-wrapper\"><a href=\"https:\/\/www.privatepropertymallorca.com\/en\/realestate\/historic-art-nouveau-building-with-seven-luxury-apartments-in-the-heart-of-the-old-town-of-palma\/\" target=\"_self\"><img loading=\"lazy\" decoding=\"async\" width=\"525\" height=\"328\" src=\"https:\/\/www.privatepropertymallorca.com\/wp-content\/uploads\/2025\/07\/0d923778-6167-4fd3-886b-7f7e40f8d195-2-525x328.jpg\" class=\"lazyload img-responsive wp-post-image\" alt=\"B-4162-28 Luxus Penthaus in der Altstadt von Palma 97\" data-original=\"https:\/\/www.privatepropertymallorca.com\/wp-content\/uploads\/2025\/07\/0d923778-6167-4fd3-886b-7f7e40f8d195-2-525x328.jpg\" \/><\/a><div class=\"tag-wrapper\"><div class=\"status-wrapper\"><\/div><\/div><\/div>\n\n            <h4><a href=\"https:\/\/www.privatepropertymallorca.com\/en\/realestate\/historic-art-nouveau-building-with-seven-luxury-apartments-in-the-heart-of-the-old-town-of-palma\/\" target=\"_self\">\n                Historic Art Nouveau building with seven luxury apartments in the heart of the Old Town of Palma                <\/a> \n            <\/h4> \n        \n            <div class=\"property_listing_details\">\n                <div class=\"smallCol\"><div class=\"inforoom_unit_type2\"><\/div><div>3<\/div><\/div><div class=\"smallCol\"><div class=\"infobath_unit_type2\"><\/div><div>3<\/div><\/div><div class=\"smallCol\"><div class=\"infosize_unit_type2\"><\/div><div>328 m&sup2;<\/div><\/div><div class=\"smallCol\"><div class=\"infolotsize_unit_type2\"><\/div><div>1807 m&sup2;<\/div><\/div>            <\/div>\n\t\t\n            <div class=\"listing_unit_price_wrapper\">4.250.000 \u20ac <span class=\"price_label\"><\/span><\/div>               \n            <div class=\"property_location\">\n                    \n                    <div class=\"ownerNotes\">B-4162-28<\/div><div class=\"propertyArea\"><a href=\"https:\/\/www.privatepropertymallorca.com\/en\/state\/palma-surroundings\/\" rel=\"tag\">Palma &amp; Surroundings<\/a>, <a href=\"https:\/\/www.privatepropertymallorca.com\/en\/city\/palma-oldtown-en\/\" rel=\"tag\">Palma Oldtown<\/a><\/div>                        <\/div>        <\/div>             \n    <\/div>\n  \n\n\n\n<div class=\"col-md-3 shortcode-col has_4per_row  listing_wrapper property_unit_type2\" data-org=\"4\" data-listid=\"1295138\" > \n    <div class=\"property_listing property_unit_type2  \" data-link=\"https:\/\/www.privatepropertymallorca.com\/en\/realestate\/beautifully-situated-rustic-finca-in-calvia\/\">\n        \n        <div class=\"listing-unit-img-wrapper\"><a href=\"https:\/\/www.privatepropertymallorca.com\/en\/realestate\/beautifully-situated-rustic-finca-in-calvia\/\" target=\"_self\"><img decoding=\"async\" src=\"https:\/\/www.privatepropertymallorca.com\/wp-content\/themes\/wpresidence\/img\/defaults\/default_property_listings.jpg\" class=\"b-lazy img-responsive wp-post-image  lazy-hidden\" alt=user image\" \/><\/a><div class=\"tag-wrapper\"><div class=\"status-wrapper\"><\/div><\/div><\/div>\n\n            <h4><a href=\"https:\/\/www.privatepropertymallorca.com\/en\/realestate\/beautifully-situated-rustic-finca-in-calvia\/\" target=\"_self\">\n                Beautifully situated, rustic finca for sale in Calvia!                <\/a> \n            <\/h4> \n        \n            <div class=\"property_listing_details\">\n                <div class=\"smallCol\"><div class=\"inforoom_unit_type2\"><\/div><div>4<\/div><\/div><div class=\"smallCol\"><div class=\"infobath_unit_type2\"><\/div><div>2<\/div><\/div><div class=\"smallCol\"><div class=\"infosize_unit_type2\"><\/div><div>0 m&sup2;<\/div><\/div><div class=\"smallCol\"><div class=\"infolotsize_unit_type2\"><\/div><div>7200 m&sup2;<\/div><\/div>            <\/div>\n\t\t\n            <div class=\"listing_unit_price_wrapper\">1.350.000 \u20ac <span class=\"price_label\"><\/span><\/div>               \n            <div class=\"property_location\">\n                    \n                    <div class=\"ownerNotes\">5517<\/div><div class=\"propertyArea\"><a href=\"https:\/\/www.privatepropertymallorca.com\/en\/state\/southwest\/\" rel=\"tag\">Southwest<\/a>, <a href=\"https:\/\/www.privatepropertymallorca.com\/en\/city\/calvia-en\/\" rel=\"tag\">Calvia<\/a><\/div>                        <\/div>        <\/div>             \n    <\/div>\n  \n\n\n\n<div class=\"col-md-3 shortcode-col has_4per_row  listing_wrapper property_unit_type2\" data-org=\"4\" data-listid=\"1053291\" > \n    <div class=\"property_listing property_unit_type2  \" data-link=\"https:\/\/www.privatepropertymallorca.com\/en\/realestate\/impressive-mediterranean-villa-in-camp-de-mar-with-stunning-sea-views\/\">\n        \n        <div class=\"listing-unit-img-wrapper\"><a href=\"https:\/\/www.privatepropertymallorca.com\/en\/realestate\/impressive-mediterranean-villa-in-camp-de-mar-with-stunning-sea-views\/\" target=\"_self\"><img loading=\"lazy\" decoding=\"async\" width=\"525\" height=\"328\" src=\"https:\/\/www.privatepropertymallorca.com\/wp-content\/uploads\/2025\/05\/01b16e81-1f42-4bf6-b72a-0a8bffac9672-525x328.jpg\" class=\"lazyload img-responsive wp-post-image\" alt=\"V-4761 Beeindruckende, mediterrane Villa in Camp de Mar mit traumhaftem Meerblick\" data-original=\"https:\/\/www.privatepropertymallorca.com\/wp-content\/uploads\/2025\/05\/01b16e81-1f42-4bf6-b72a-0a8bffac9672-525x328.jpg\" \/><\/a><div class=\"tag-wrapper\"><div class=\"status-wrapper\"><\/div><\/div><\/div>\n\n            <h4><a href=\"https:\/\/www.privatepropertymallorca.com\/en\/realestate\/impressive-mediterranean-villa-in-camp-de-mar-with-stunning-sea-views\/\" target=\"_self\">\n                Impressive Mediterranean villa in Camp de Mar with stunning sea views                <\/a> \n            <\/h4> \n        \n            <div class=\"property_listing_details\">\n                <div class=\"smallCol\"><div class=\"inforoom_unit_type2\"><\/div><div>4<\/div><\/div><div class=\"smallCol\"><div class=\"infobath_unit_type2\"><\/div><div>5<\/div><\/div><div class=\"smallCol\"><div class=\"infosize_unit_type2\"><\/div><div>566 m&sup2;<\/div><\/div><div class=\"smallCol\"><div class=\"infolotsize_unit_type2\"><\/div><div>916 m&sup2;<\/div><\/div>            <\/div>\n\t\t\n            <div class=\"listing_unit_price_wrapper\">10.500.000 \u20ac <span class=\"price_label\"><\/span><\/div>               \n            <div class=\"property_location\">\n                    \n                    <div class=\"ownerNotes\">V-4761<\/div><div class=\"propertyArea\"><a href=\"https:\/\/www.privatepropertymallorca.com\/en\/state\/southwest\/\" rel=\"tag\">Southwest<\/a>, <a href=\"https:\/\/www.privatepropertymallorca.com\/en\/city\/camp-de-mar-en\/\" rel=\"tag\">Camp de Mar<\/a><\/div>                        <\/div>        <\/div>             \n    <\/div>\n  \n\n\n\n<div class=\"col-md-3 shortcode-col has_4per_row  listing_wrapper property_unit_type2\" data-org=\"4\" data-listid=\"1284918\" > \n    <div class=\"property_listing property_unit_type2  \" data-link=\"https:\/\/www.privatepropertymallorca.com\/en\/realestate\/luxury-villa-with-vacation-rental-license-in-can-pastilla\/\">\n        \n        <div class=\"listing-unit-img-wrapper\"><a href=\"https:\/\/www.privatepropertymallorca.com\/en\/realestate\/luxury-villa-with-vacation-rental-license-in-can-pastilla\/\" target=\"_self\"><img loading=\"lazy\" decoding=\"async\" width=\"525\" height=\"328\" src=\"https:\/\/www.privatepropertymallorca.com\/wp-content\/uploads\/2026\/03\/0dd53483-9d55-4d27-be09-a4b6829fcf41-1-525x328.jpg\" class=\"lazyload img-responsive wp-post-image\" alt=\"ETV LOGO PPM  (2)\" data-original=\"https:\/\/www.privatepropertymallorca.com\/wp-content\/uploads\/2026\/03\/0dd53483-9d55-4d27-be09-a4b6829fcf41-1-525x328.jpg\" \/><\/a><div class=\"tag-wrapper\"><div class=\"status-wrapper\"><div class=\"ribbon-inside holiday-rental-licence\">Holiday rental licence<\/div><\/div><\/div><\/div>\n\n            <h4><a href=\"https:\/\/www.privatepropertymallorca.com\/en\/realestate\/luxury-villa-with-vacation-rental-license-in-can-pastilla\/\" target=\"_self\">\n                Luxury villa with vacation rental license in Can Pastilla                <\/a> \n            <\/h4> \n        \n            <div class=\"property_listing_details\">\n                <div class=\"smallCol\"><div class=\"inforoom_unit_type2\"><\/div><div>7<\/div><\/div><div class=\"smallCol\"><div class=\"infobath_unit_type2\"><\/div><div>4<\/div><\/div><div class=\"smallCol\"><div class=\"infosize_unit_type2\"><\/div><div>0 m&sup2;<\/div><\/div><div class=\"smallCol\"><div class=\"infolotsize_unit_type2\"><\/div><div>727 m&sup2;<\/div><\/div>            <\/div>\n\t\t\n            <div class=\"listing_unit_price_wrapper\">1.600.000 \u20ac <span class=\"price_label\"><\/span><\/div>               \n            <div class=\"property_location\">\n                    \n                    <div class=\"ownerNotes\">5460<\/div><div class=\"propertyArea\"><a href=\"https:\/\/www.privatepropertymallorca.com\/en\/state\/palma-surroundings\/\" rel=\"tag\">Palma &amp; Surroundings<\/a>, <a href=\"https:\/\/www.privatepropertymallorca.com\/en\/city\/playa-de-palma-en\/\" rel=\"tag\">Playa de Palma<\/a><\/div>                        <\/div>        <\/div>             \n    <\/div>\n  \n\n\n\n<div class=\"col-md-3 shortcode-col has_4per_row  listing_wrapper property_unit_type2\" data-org=\"4\" data-listid=\"1207856\" > \n    <div class=\"property_listing property_unit_type2  \" data-link=\"https:\/\/www.privatepropertymallorca.com\/en\/realestate\/exclusive-penthouse-in-superpep-location\/\">\n        \n        <div class=\"listing-unit-img-wrapper\"><a href=\"https:\/\/www.privatepropertymallorca.com\/en\/realestate\/exclusive-penthouse-in-superpep-location\/\" target=\"_self\"><img loading=\"lazy\" decoding=\"async\" width=\"525\" height=\"328\" src=\"https:\/\/www.privatepropertymallorca.com\/wp-content\/uploads\/2026\/03\/fde53559-4859-40db-aaee-dda73a75f0d9-1-525x328.jpg\" class=\"lazyload img-responsive wp-post-image\" alt=\"PPM_Penthaus Bendinat_07\" data-original=\"https:\/\/www.privatepropertymallorca.com\/wp-content\/uploads\/2026\/03\/fde53559-4859-40db-aaee-dda73a75f0d9-1-525x328.jpg\" \/><\/a><div class=\"tag-wrapper\"><div class=\"status-wrapper\"><\/div><\/div><\/div>\n\n            <h4><a href=\"https:\/\/www.privatepropertymallorca.com\/en\/realestate\/exclusive-penthouse-in-superpep-location\/\" target=\"_self\">\n                Exclusive penthouse for sale in Bendinat in a prime location                <\/a> \n            <\/h4> \n        \n            <div class=\"property_listing_details\">\n                <div class=\"smallCol\"><div class=\"inforoom_unit_type2\"><\/div><div>2<\/div><\/div><div class=\"smallCol\"><div class=\"infobath_unit_type2\"><\/div><div>3<\/div><\/div><div class=\"smallCol\"><div class=\"infosize_unit_type2\"><\/div><div>210 m&sup2;<\/div><\/div><div class=\"smallCol\"><div class=\"infolotsize_unit_type2\"><\/div><div>0 m&sup2;<\/div><\/div>            <\/div>\n\t\t\n            <div class=\"listing_unit_price_wrapper\">2.995.000 \u20ac <span class=\"price_label\"><\/span><\/div>               \n            <div class=\"property_location\">\n                    \n                    <div class=\"ownerNotes\">5225<\/div><div class=\"propertyArea\"><a href=\"https:\/\/www.privatepropertymallorca.com\/en\/state\/southwest\/\" rel=\"tag\">Southwest<\/a>, <a href=\"https:\/\/www.privatepropertymallorca.com\/en\/city\/bendinat-en\/\" rel=\"tag\">Bendinat<\/a><\/div>                        <\/div>        <\/div>             \n    <\/div>\n  \n\n\n\n<div class=\"col-md-3 shortcode-col has_4per_row  listing_wrapper property_unit_type2\" data-org=\"4\" data-listid=\"1300079\" > \n    <div class=\"property_listing property_unit_type2  \" data-link=\"https:\/\/www.privatepropertymallorca.com\/en\/realestate\/apartment-in-portixol-with-fantastic-sea-views\/\">\n        \n        <div class=\"listing-unit-img-wrapper\"><a href=\"https:\/\/www.privatepropertymallorca.com\/en\/realestate\/apartment-in-portixol-with-fantastic-sea-views\/\" target=\"_self\"><img decoding=\"async\" src=\"https:\/\/www.privatepropertymallorca.com\/wp-content\/themes\/wpresidence\/img\/defaults\/default_property_listings.jpg\" class=\"b-lazy img-responsive wp-post-image  lazy-hidden\" alt=user image\" \/><\/a><div class=\"tag-wrapper\"><div class=\"status-wrapper\"><\/div><\/div><\/div>\n\n            <h4><a href=\"https:\/\/www.privatepropertymallorca.com\/en\/realestate\/apartment-in-portixol-with-fantastic-sea-views\/\" target=\"_self\">\n                First line apartment for sale in Portixol with fantastic sea views                <\/a> \n            <\/h4> \n        \n            <div class=\"property_listing_details\">\n                <div class=\"smallCol\"><div class=\"inforoom_unit_type2\"><\/div><div>2<\/div><\/div><div class=\"smallCol\"><div class=\"infobath_unit_type2\"><\/div><div>2<\/div><\/div><div class=\"smallCol\"><div class=\"infosize_unit_type2\"><\/div><div>212 m&sup2;<\/div><\/div><div class=\"smallCol\"><div class=\"infolotsize_unit_type2\"><\/div><div>0 m&sup2;<\/div><\/div>            <\/div>\n\t\t\n            <div class=\"listing_unit_price_wrapper\">2.950.000 \u20ac <span class=\"price_label\"><\/span><\/div>               \n            <div class=\"property_location\">\n                    \n                    <div class=\"ownerNotes\">5139<\/div><div class=\"propertyArea\"><a href=\"https:\/\/www.privatepropertymallorca.com\/en\/state\/palma-surroundings\/\" rel=\"tag\">Palma &amp; Surroundings<\/a>, <a href=\"https:\/\/www.privatepropertymallorca.com\/en\/city\/portixol-en\/\" rel=\"tag\">Portixol<\/a><\/div>                        <\/div>        <\/div>             \n    <\/div>\n  \n\n\n\n<div class=\"col-md-3 shortcode-col has_4per_row  listing_wrapper property_unit_type2\" data-org=\"4\" data-listid=\"1189843\" > \n    <div class=\"property_listing property_unit_type2  \" data-link=\"https:\/\/www.privatepropertymallorca.com\/en\/realestate\/finca-close-to-campos\/\">\n        \n        <div class=\"listing-unit-img-wrapper\"><a href=\"https:\/\/www.privatepropertymallorca.com\/en\/realestate\/finca-close-to-campos\/\" target=\"_self\"><img loading=\"lazy\" decoding=\"async\" width=\"525\" height=\"328\" src=\"https:\/\/www.privatepropertymallorca.com\/wp-content\/uploads\/2025\/05\/252dff15-8a21-4d3e-ab2d-9d55d6350a9c-1-525x328.jpg\" class=\"lazyload img-responsive wp-post-image\" alt=\"5208 Naturstein-Finca in Campos mit Weingut und einzigartigem Charme\" data-original=\"https:\/\/www.privatepropertymallorca.com\/wp-content\/uploads\/2025\/05\/252dff15-8a21-4d3e-ab2d-9d55d6350a9c-1-525x328.jpg\" \/><\/a><div class=\"tag-wrapper\"><div class=\"status-wrapper\"><\/div><\/div><\/div>\n\n            <h4><a href=\"https:\/\/www.privatepropertymallorca.com\/en\/realestate\/finca-close-to-campos\/\" target=\"_self\">\n                Beautiful finca in Campos with vineyard, many possibilities and unique charm                <\/a> \n            <\/h4> \n        \n            <div class=\"property_listing_details\">\n                <div class=\"smallCol\"><div class=\"inforoom_unit_type2\"><\/div><div>8<\/div><\/div><div class=\"smallCol\"><div class=\"infobath_unit_type2\"><\/div><div>9<\/div><\/div><div class=\"smallCol\"><div class=\"infosize_unit_type2\"><\/div><div>560 m&sup2;<\/div><\/div><div class=\"smallCol\"><div class=\"infolotsize_unit_type2\"><\/div><div>15449 m&sup2;<\/div><\/div>            <\/div>\n\t\t\n            <div class=\"listing_unit_price_wrapper\">2.250.000 \u20ac <span class=\"price_label\"><\/span><\/div>               \n            <div class=\"property_location\">\n                    \n                    <div class=\"ownerNotes\">5208<\/div><div class=\"propertyArea\"><a href=\"https:\/\/www.privatepropertymallorca.com\/en\/state\/southeast\/\" rel=\"tag\">Southeast<\/a>, <a href=\"https:\/\/www.privatepropertymallorca.com\/en\/city\/campos-en\/\" rel=\"tag\">Campos<\/a><\/div>                        <\/div>        <\/div>             \n    <\/div>\n  \n\n\n\n<div class=\"col-md-3 shortcode-col has_4per_row  listing_wrapper property_unit_type2\" data-org=\"4\" data-listid=\"1221567\" > \n    <div class=\"property_listing property_unit_type2  \" data-link=\"https:\/\/www.privatepropertymallorca.com\/en\/realestate\/luxury-duplex-penthouse-in-the-old-town-of-palma-with-numerous-historical-elements\/\">\n        \n        <div class=\"listing-unit-img-wrapper\"><a href=\"https:\/\/www.privatepropertymallorca.com\/en\/realestate\/luxury-duplex-penthouse-in-the-old-town-of-palma-with-numerous-historical-elements\/\" target=\"_self\"><img loading=\"lazy\" decoding=\"async\" width=\"525\" height=\"328\" src=\"https:\/\/www.privatepropertymallorca.com\/wp-content\/uploads\/2025\/05\/a5ed86c5-7a07-45c7-bcaf-e4372c298b1a-1-525x328.jpg\" class=\"lazyload img-responsive wp-post-image\" alt=\"P-4162_6-28 Duplex Penthouse in Palma\" data-original=\"https:\/\/www.privatepropertymallorca.com\/wp-content\/uploads\/2025\/05\/a5ed86c5-7a07-45c7-bcaf-e4372c298b1a-1-525x328.jpg\" \/><\/a><div class=\"tag-wrapper\"><div class=\"status-wrapper\"><\/div><\/div><\/div>\n\n            <h4><a href=\"https:\/\/www.privatepropertymallorca.com\/en\/realestate\/luxury-duplex-penthouse-in-the-old-town-of-palma-with-numerous-historical-elements\/\" target=\"_self\">\n                Luxury duplex penthouse in the Old Town of Palma with numerous historical elements                <\/a> \n            <\/h4> \n        \n            <div class=\"property_listing_details\">\n                <div class=\"smallCol\"><div class=\"inforoom_unit_type2\"><\/div><div>3<\/div><\/div><div class=\"smallCol\"><div class=\"infobath_unit_type2\"><\/div><div>3<\/div><\/div><div class=\"smallCol\"><div class=\"infosize_unit_type2\"><\/div><div>243 m&sup2;<\/div><\/div><div class=\"smallCol\"><div class=\"infolotsize_unit_type2\"><\/div><div>0 m&sup2;<\/div><\/div>            <\/div>\n\t\t\n            <div class=\"listing_unit_price_wrapper\">3.450.000 \u20ac <span class=\"price_label\"><\/span><\/div>               \n            <div class=\"property_location\">\n                    \n                    <div class=\"ownerNotes\">P-4162_6-28<\/div><div class=\"propertyArea\"><a href=\"https:\/\/www.privatepropertymallorca.com\/en\/state\/palma-surroundings\/\" rel=\"tag\">Palma &amp; Surroundings<\/a>, <a href=\"https:\/\/www.privatepropertymallorca.com\/en\/city\/palma-oldtown-en\/\" rel=\"tag\">Palma Oldtown<\/a><\/div>                        <\/div>        <\/div>             \n    <\/div>\n  \n\n\n\n<div class=\"col-md-3 shortcode-col has_4per_row  listing_wrapper property_unit_type2\" data-org=\"4\" data-listid=\"1144705\" > \n    <div class=\"property_listing property_unit_type2  \" data-link=\"https:\/\/www.privatepropertymallorca.com\/en\/realestate\/duplex-penthouse-in-palma-with-huge-terrace-and-stunning-views\/\">\n        \n        <div class=\"listing-unit-img-wrapper\"><a href=\"https:\/\/www.privatepropertymallorca.com\/en\/realestate\/duplex-penthouse-in-palma-with-huge-terrace-and-stunning-views\/\" target=\"_self\"><img loading=\"lazy\" decoding=\"async\" width=\"525\" height=\"328\" src=\"https:\/\/www.privatepropertymallorca.com\/wp-content\/uploads\/2026\/04\/3bc0f37c-7b95-482e-aa67-de72b1d53e1e-1-525x328.jpg\" class=\"lazyload img-responsive wp-post-image\" alt=\"5130-125 Duplex Penthouse in Palma mit riesen Terrasse und herrlichem Ausblick 4\" data-original=\"https:\/\/www.privatepropertymallorca.com\/wp-content\/uploads\/2026\/04\/3bc0f37c-7b95-482e-aa67-de72b1d53e1e-1-525x328.jpg\" \/><\/a><div class=\"tag-wrapper\"><div class=\"status-wrapper\"><\/div><\/div><\/div>\n\n            <h4><a href=\"https:\/\/www.privatepropertymallorca.com\/en\/realestate\/duplex-penthouse-in-palma-with-huge-terrace-and-stunning-views\/\" target=\"_self\">\n                Duplex penthouse for sale in Palma with large terrace and stunning views                <\/a> \n            <\/h4> \n        \n            <div class=\"property_listing_details\">\n                <div class=\"smallCol\"><div class=\"inforoom_unit_type2\"><\/div><div>2<\/div><\/div><div class=\"smallCol\"><div class=\"infobath_unit_type2\"><\/div><div>2<\/div><\/div><div class=\"smallCol\"><div class=\"infosize_unit_type2\"><\/div><div>208 m&sup2;<\/div><\/div><div class=\"smallCol\"><div class=\"infolotsize_unit_type2\"><\/div><div>0 m&sup2;<\/div><\/div>            <\/div>\n\t\t\n            <div class=\"listing_unit_price_wrapper\">2.950.000 \u20ac <span class=\"price_label\"><\/span><\/div>               \n            <div class=\"property_location\">\n                    \n                    <div class=\"ownerNotes\">5130-125<\/div><div class=\"propertyArea\"><a href=\"https:\/\/www.privatepropertymallorca.com\/en\/state\/palma-surroundings\/\" rel=\"tag\">Palma &amp; Surroundings<\/a>, <a href=\"https:\/\/www.privatepropertymallorca.com\/en\/city\/palma-oldtown-en\/\" rel=\"tag\">Palma Oldtown<\/a><\/div>                        <\/div>        <\/div>             \n    <\/div>\n  \n\n\n\n<div class=\"col-md-3 shortcode-col has_4per_row  listing_wrapper property_unit_type2\" data-org=\"4\" data-listid=\"560469\" > \n    <div class=\"property_listing property_unit_type2  \" data-link=\"https:\/\/www.privatepropertymallorca.com\/en\/realestate\/modern-villa-with-stunning-sea-views-in-quiet-area-of-costa-den-blanes\/\">\n        \n        <div class=\"listing-unit-img-wrapper\"><a href=\"https:\/\/www.privatepropertymallorca.com\/en\/realestate\/modern-villa-with-stunning-sea-views-in-quiet-area-of-costa-den-blanes\/\" target=\"_self\"><img loading=\"lazy\" decoding=\"async\" width=\"525\" height=\"328\" src=\"https:\/\/www.privatepropertymallorca.com\/wp-content\/uploads\/2022\/05\/09d459c8-c827-4251-a5c5-e427613a4a4d-1-525x328.jpg\" class=\"lazyload img-responsive wp-post-image\" alt=\"V-3902 Costa d&#039;en Blanes Moderne Villa mit traumhaftem Meerblick in ruhiger Lage von Costa d&#039;en Blanes und Pool\" data-original=\"https:\/\/www.privatepropertymallorca.com\/wp-content\/uploads\/2022\/05\/09d459c8-c827-4251-a5c5-e427613a4a4d-1-525x328.jpg\" \/><\/a><div class=\"tag-wrapper\"><div class=\"status-wrapper\"><\/div><\/div><\/div>\n\n            <h4><a href=\"https:\/\/www.privatepropertymallorca.com\/en\/realestate\/modern-villa-with-stunning-sea-views-in-quiet-area-of-costa-den-blanes\/\" target=\"_self\">\n                Modern villa with stunning sea views in quiet area of Costa d&#8217;en Blanes                <\/a> \n            <\/h4> \n        \n            <div class=\"property_listing_details\">\n                <div class=\"smallCol\"><div class=\"inforoom_unit_type2\"><\/div><div>4<\/div><\/div><div class=\"smallCol\"><div class=\"infobath_unit_type2\"><\/div><div>4<\/div><\/div><div class=\"smallCol\"><div class=\"infosize_unit_type2\"><\/div><div>850 m&sup2;<\/div><\/div><div class=\"smallCol\"><div class=\"infolotsize_unit_type2\"><\/div><div>826 m&sup2;<\/div><\/div>            <\/div>\n\t\t\n            <div class=\"listing_unit_price_wrapper\">4.950.000 \u20ac <span class=\"price_label\"><\/span><\/div>               \n            <div class=\"property_location\">\n                    \n                    <div class=\"ownerNotes\">V-3902<\/div><div class=\"propertyArea\">, <a href=\"https:\/\/www.privatepropertymallorca.com\/en\/city\/costa-den-blanes-en\/\" rel=\"tag\">Costa d'en Blanes<\/a><\/div>                        <\/div>        <\/div>             \n    <\/div>\n  \n\n\n\n<div class=\"col-md-3 shortcode-col has_4per_row  listing_wrapper property_unit_type2\" data-org=\"4\" data-listid=\"1224665\" > \n    <div class=\"property_listing property_unit_type2  \" data-link=\"https:\/\/www.privatepropertymallorca.com\/en\/realestate\/modern-luxury-villa-with-magnificent-technical-equipment-in-sol-de-mallorca\/\">\n        \n        <div class=\"listing-unit-img-wrapper\"><a href=\"https:\/\/www.privatepropertymallorca.com\/en\/realestate\/modern-luxury-villa-with-magnificent-technical-equipment-in-sol-de-mallorca\/\" target=\"_self\"><img loading=\"lazy\" decoding=\"async\" width=\"525\" height=\"328\" src=\"https:\/\/www.privatepropertymallorca.com\/wp-content\/uploads\/2025\/06\/357927ab-4542-4783-bfa7-c19925b3559b-1-525x328.jpg\" class=\"lazyload img-responsive wp-post-image\" alt=\"secretmarketing\" data-original=\"https:\/\/www.privatepropertymallorca.com\/wp-content\/uploads\/2025\/06\/357927ab-4542-4783-bfa7-c19925b3559b-1-525x328.jpg\" srcset=\"https:\/\/www.privatepropertymallorca.com\/wp-content\/uploads\/2025\/06\/357927ab-4542-4783-bfa7-c19925b3559b-1-525x328.jpg 525w, https:\/\/www.privatepropertymallorca.com\/wp-content\/uploads\/2025\/06\/357927ab-4542-4783-bfa7-c19925b3559b-1-1200x749.jpg 1200w, https:\/\/www.privatepropertymallorca.com\/wp-content\/uploads\/2025\/06\/357927ab-4542-4783-bfa7-c19925b3559b-1-600x375.jpg 600w, https:\/\/www.privatepropertymallorca.com\/wp-content\/uploads\/2025\/06\/357927ab-4542-4783-bfa7-c19925b3559b-1-768x480.jpg 768w, https:\/\/www.privatepropertymallorca.com\/wp-content\/uploads\/2025\/06\/357927ab-4542-4783-bfa7-c19925b3559b-1-1536x959.jpg 1536w, https:\/\/www.privatepropertymallorca.com\/wp-content\/uploads\/2025\/06\/357927ab-4542-4783-bfa7-c19925b3559b-1.jpg 1640w\" sizes=\"(max-width: 525px) 100vw, 525px\" \/><\/a><div class=\"tag-wrapper\"><div class=\"status-wrapper\"><\/div><\/div><\/div>\n\n            <h4><a href=\"https:\/\/www.privatepropertymallorca.com\/en\/realestate\/modern-luxury-villa-with-magnificent-technical-equipment-in-sol-de-mallorca\/\" target=\"_self\">\n                Modern luxury villa with magnificent technical equipment in Sol de Mallorca                <\/a> \n            <\/h4> \n        \n            <div class=\"property_listing_details\">\n                <div class=\"smallCol\"><div class=\"inforoom_unit_type2\"><\/div><div>5<\/div><\/div><div class=\"smallCol\"><div class=\"infobath_unit_type2\"><\/div><div>5<\/div><\/div><div class=\"smallCol\"><div class=\"infosize_unit_type2\"><\/div><div>727 m&sup2;<\/div><\/div><div class=\"smallCol\"><div class=\"infolotsize_unit_type2\"><\/div><div>1990 m&sup2;<\/div><\/div>            <\/div>\n\t\t\n            <div class=\"listing_unit_price_wrapper\">13.500.000 \u20ac <span class=\"price_label\"><\/span><\/div>               \n            <div class=\"property_location\">\n                    \n                    <div class=\"ownerNotes\">V-873<\/div><div class=\"propertyArea\"><a href=\"https:\/\/www.privatepropertymallorca.com\/en\/state\/southwest\/\" rel=\"tag\">Southwest<\/a>, <a href=\"https:\/\/www.privatepropertymallorca.com\/en\/city\/sol-de-mallorca-en\/\" rel=\"tag\">Sol de Mallorca<\/a><\/div>                        <\/div>        <\/div>             \n    <\/div>\n  \n\n\n\n<div class=\"col-md-3 shortcode-col has_4per_row  listing_wrapper property_unit_type2\" data-org=\"4\" data-listid=\"929399\" > \n    <div class=\"property_listing property_unit_type2  \" data-link=\"https:\/\/www.privatepropertymallorca.com\/en\/realestate\/luxurious-penthouse-with-large-roof-terrace-and-stunning-sea-views-in-prime-location-of-bendinat\/\">\n        \n        <div class=\"listing-unit-img-wrapper\"><a href=\"https:\/\/www.privatepropertymallorca.com\/en\/realestate\/luxurious-penthouse-with-large-roof-terrace-and-stunning-sea-views-in-prime-location-of-bendinat\/\" target=\"_self\"><img loading=\"lazy\" decoding=\"async\" width=\"525\" height=\"328\" src=\"https:\/\/www.privatepropertymallorca.com\/wp-content\/uploads\/2026\/02\/9f2d3ecb-5a93-4297-8d5c-02cd03dae6ba-1-525x328.jpg\" class=\"lazyload img-responsive wp-post-image\" alt=\"P-2026 Luxuri\u00f6ses Penthouse mit gro\u00dfer Dachterrasse und umwerfendem Meerblick in bester Lage von Bendinat\" data-original=\"https:\/\/www.privatepropertymallorca.com\/wp-content\/uploads\/2026\/02\/9f2d3ecb-5a93-4297-8d5c-02cd03dae6ba-1-525x328.jpg\" \/><\/a><div class=\"tag-wrapper\"><div class=\"status-wrapper\"><\/div><\/div><\/div>\n\n            <h4><a href=\"https:\/\/www.privatepropertymallorca.com\/en\/realestate\/luxurious-penthouse-with-large-roof-terrace-and-stunning-sea-views-in-prime-location-of-bendinat\/\" target=\"_self\">\n                Luxurious penthouse with large roof terrace and stunning sea views in prime location of Bendinat                <\/a> \n            <\/h4> \n        \n            <div class=\"property_listing_details\">\n                <div class=\"smallCol\"><div class=\"inforoom_unit_type2\"><\/div><div>3<\/div><\/div><div class=\"smallCol\"><div class=\"infobath_unit_type2\"><\/div><div>2<\/div><\/div><div class=\"smallCol\"><div class=\"infosize_unit_type2\"><\/div><div>383 m&sup2;<\/div><\/div><div class=\"smallCol\"><div class=\"infolotsize_unit_type2\"><\/div><div>0 m&sup2;<\/div><\/div>            <\/div>\n\t\t\n            <div class=\"listing_unit_price_wrapper\">2.950.000 \u20ac <span class=\"price_label\"><\/span><\/div>               \n            <div class=\"property_location\">\n                    \n                    <div class=\"ownerNotes\">P-2026<\/div><div class=\"propertyArea\"><a href=\"https:\/\/www.privatepropertymallorca.com\/en\/state\/southwest\/\" rel=\"tag\">Southwest<\/a>, <a href=\"https:\/\/www.privatepropertymallorca.com\/en\/city\/bendinat-en\/\" rel=\"tag\">Bendinat<\/a><\/div>                        <\/div>        <\/div>             \n    <\/div>\n  \n\n\n\n<div class=\"col-md-3 shortcode-col has_4per_row  listing_wrapper property_unit_type2\" data-org=\"4\" data-listid=\"1102708\" > \n    <div class=\"property_listing property_unit_type2  \" data-link=\"https:\/\/www.privatepropertymallorca.com\/en\/realestate\/investment-plot-in-son-vida-in-a-quiet-location-magnificent-views-of-the-sea-and-the-bay-of-palma\/\">\n        \n        <div class=\"listing-unit-img-wrapper\"><a href=\"https:\/\/www.privatepropertymallorca.com\/en\/realestate\/investment-plot-in-son-vida-in-a-quiet-location-magnificent-views-of-the-sea-and-the-bay-of-palma\/\" target=\"_self\"><img loading=\"lazy\" decoding=\"async\" width=\"525\" height=\"328\" src=\"https:\/\/www.privatepropertymallorca.com\/wp-content\/uploads\/2024\/02\/9dac4b1f-e07d-4274-a663-1dbb49c58cb5-1-525x328.jpg\" class=\"lazyload img-responsive wp-post-image\" alt=\"4987 INVESTITION! Grundst\u00fcck in Son Vida in Ruhelage &amp; herrlichem Blick auf das Meer und die Bucht von Palma 5\" data-original=\"https:\/\/www.privatepropertymallorca.com\/wp-content\/uploads\/2024\/02\/9dac4b1f-e07d-4274-a663-1dbb49c58cb5-1-525x328.jpg\" \/><\/a><div class=\"tag-wrapper\"><div class=\"status-wrapper\"><\/div><\/div><\/div>\n\n            <h4><a href=\"https:\/\/www.privatepropertymallorca.com\/en\/realestate\/investment-plot-in-son-vida-in-a-quiet-location-magnificent-views-of-the-sea-and-the-bay-of-palma\/\" target=\"_self\">\n                INVESTMENT! Plot in Son Vida with magnificent views of the bay of Palma                <\/a> \n            <\/h4> \n        \n            <div class=\"property_listing_details\">\n                <div class=\"smallCol\"><div class=\"inforoom_unit_type2\"><\/div><div>-<\/div><\/div><div class=\"smallCol\"><div class=\"infobath_unit_type2\"><\/div><div>-<\/div><\/div><div class=\"smallCol\"><div class=\"infosize_unit_type2\"><\/div><div>0 m&sup2;<\/div><\/div><div class=\"smallCol\"><div class=\"infolotsize_unit_type2\"><\/div><div>2235 m&sup2;<\/div><\/div>            <\/div>\n\t\t\n            <div class=\"listing_unit_price_wrapper\">3.500.000 \u20ac <span class=\"price_label\"><\/span><\/div>               \n            <div class=\"property_location\">\n                    \n                    <div class=\"ownerNotes\">4987<\/div><div class=\"propertyArea\"><a href=\"https:\/\/www.privatepropertymallorca.com\/en\/state\/palma-surroundings\/\" rel=\"tag\">Palma &amp; Surroundings<\/a>, <a href=\"https:\/\/www.privatepropertymallorca.com\/en\/city\/son-vida-en\/\" rel=\"tag\">Son Vida<\/a><\/div>                        <\/div>        <\/div>             \n    <\/div>\n  \n\n\n\n<div class=\"col-md-3 shortcode-col has_4per_row  listing_wrapper property_unit_type2\" data-org=\"4\" data-listid=\"1246546\" > \n    <div class=\"property_listing property_unit_type2  \" data-link=\"https:\/\/www.privatepropertymallorca.com\/en\/realestate\/exclusive-investment-hotel-in-arenal-yield-potential-of-10-plus\/\">\n        \n        <div class=\"listing-unit-img-wrapper\"><a href=\"https:\/\/www.privatepropertymallorca.com\/en\/realestate\/exclusive-investment-hotel-in-arenal-yield-potential-of-10-plus\/\" target=\"_self\"><img loading=\"lazy\" decoding=\"async\" width=\"525\" height=\"328\" src=\"https:\/\/www.privatepropertymallorca.com\/wp-content\/uploads\/2026\/02\/2958feeb-1245-4485-8a8a-d8dc0f6aff70-1-525x328.jpg\" class=\"lazyload img-responsive wp-post-image\" alt=\"IH-4672 Hotel Arenal 32\" data-original=\"https:\/\/www.privatepropertymallorca.com\/wp-content\/uploads\/2026\/02\/2958feeb-1245-4485-8a8a-d8dc0f6aff70-1-525x328.jpg\" \/><\/a><div class=\"tag-wrapper\"><div class=\"status-wrapper\"><\/div><\/div><\/div>\n\n            <h4><a href=\"https:\/\/www.privatepropertymallorca.com\/en\/realestate\/exclusive-investment-hotel-in-arenal-yield-potential-of-10-plus\/\" target=\"_self\">\n                Exclusive investment: Hotel in Arenal                <\/a> \n            <\/h4> \n        \n            <div class=\"property_listing_details\">\n                <div class=\"smallCol\"><div class=\"inforoom_unit_type2\"><\/div><div>24<\/div><\/div><div class=\"smallCol\"><div class=\"infobath_unit_type2\"><\/div><div>25<\/div><\/div><div class=\"smallCol\"><div class=\"infosize_unit_type2\"><\/div><div>857 m&sup2;<\/div><\/div><div class=\"smallCol\"><div class=\"infolotsize_unit_type2\"><\/div><div>350 m&sup2;<\/div><\/div>            <\/div>\n\t\t\n            <div class=\"listing_unit_price_wrapper\"><span class=\"price_label price_label_before\">on request<\/span>  <span class=\"price_label\"><\/span><\/div>               \n            <div class=\"property_location\">\n                    \n                    <div class=\"ownerNotes\">IH-4672<\/div><div class=\"propertyArea\"><a href=\"https:\/\/www.privatepropertymallorca.com\/en\/state\/south\/\" rel=\"tag\">South<\/a>, <a href=\"https:\/\/www.privatepropertymallorca.com\/en\/city\/llucmajor-en\/\" rel=\"tag\">Llucmajor<\/a><\/div>                        <\/div>        <\/div>             \n    <\/div>\n  \n\n\n\n<div class=\"col-md-3 shortcode-col has_4per_row  listing_wrapper property_unit_type2\" data-org=\"4\" data-listid=\"1167171\" > \n    <div class=\"property_listing property_unit_type2  \" data-link=\"https:\/\/www.privatepropertymallorca.com\/en\/realestate\/unique-finca-in-lalqueria-blanca-situated-in-a-nature-reserve\/\">\n        \n        <div class=\"listing-unit-img-wrapper\"><a href=\"https:\/\/www.privatepropertymallorca.com\/en\/realestate\/unique-finca-in-lalqueria-blanca-situated-in-a-nature-reserve\/\" target=\"_self\"><img loading=\"lazy\" decoding=\"async\" width=\"525\" height=\"328\" src=\"https:\/\/www.privatepropertymallorca.com\/wp-content\/uploads\/2025\/09\/9a4d93fe-96aa-4cf6-b749-18e3976e3831-1-525x328.jpg\" class=\"lazyload img-responsive wp-post-image\" alt=\"ETV LOGO PPM  (2)\" data-original=\"https:\/\/www.privatepropertymallorca.com\/wp-content\/uploads\/2025\/09\/9a4d93fe-96aa-4cf6-b749-18e3976e3831-1-525x328.jpg\" \/><\/a><div class=\"tag-wrapper\"><div class=\"status-wrapper\"><div class=\"ribbon-inside holiday-rental-licence\">Holiday rental licence<\/div><\/div><\/div><\/div>\n\n            <h4><a href=\"https:\/\/www.privatepropertymallorca.com\/en\/realestate\/unique-finca-in-lalqueria-blanca-situated-in-a-nature-reserve\/\" target=\"_self\">\n                Unique Finca in L&#8217;Alqueria Blanca located in a nature reserve                <\/a> \n            <\/h4> \n        \n            <div class=\"property_listing_details\">\n                <div class=\"smallCol\"><div class=\"inforoom_unit_type2\"><\/div><div>5<\/div><\/div><div class=\"smallCol\"><div class=\"infobath_unit_type2\"><\/div><div>5<\/div><\/div><div class=\"smallCol\"><div class=\"infosize_unit_type2\"><\/div><div>800 m&sup2;<\/div><\/div><div class=\"smallCol\"><div class=\"infolotsize_unit_type2\"><\/div><div>28000 m&sup2;<\/div><\/div>            <\/div>\n\t\t\n            <div class=\"listing_unit_price_wrapper\">3.150.000 \u20ac <span class=\"price_label\"><\/span><\/div>               \n            <div class=\"property_location\">\n                    \n                    <div class=\"ownerNotes\">5159<\/div><div class=\"propertyArea\"><a href=\"https:\/\/www.privatepropertymallorca.com\/en\/state\/southeast\/\" rel=\"tag\">Southeast<\/a>, <a href=\"https:\/\/www.privatepropertymallorca.com\/en\/city\/alqueria-blanca-en\/\" rel=\"tag\">Alqueria Blanca<\/a><\/div>                        <\/div>        <\/div>             \n    <\/div>\n  \n\n\n\n<div class=\"col-md-3 shortcode-col has_4per_row  listing_wrapper property_unit_type2\" data-org=\"4\" data-listid=\"1295331\" > \n    <div class=\"property_listing property_unit_type2  \" data-link=\"https:\/\/www.privatepropertymallorca.com\/en\/realestate\/new-build-semi-detached-house-in-sa-cabaneta-with-private-pool\/\">\n        \n        <div class=\"listing-unit-img-wrapper\"><a href=\"https:\/\/www.privatepropertymallorca.com\/en\/realestate\/new-build-semi-detached-house-in-sa-cabaneta-with-private-pool\/\" target=\"_self\"><img loading=\"lazy\" decoding=\"async\" width=\"525\" height=\"328\" src=\"https:\/\/www.privatepropertymallorca.com\/wp-content\/uploads\/2026\/04\/844fdcd9-07cc-4930-a28a-11e46fc2eae7-1-525x328.jpg\" class=\"lazyload img-responsive wp-post-image\" alt=\"\" data-original=\"https:\/\/www.privatepropertymallorca.com\/wp-content\/uploads\/2026\/04\/844fdcd9-07cc-4930-a28a-11e46fc2eae7-1-525x328.jpg\" \/><\/a><div class=\"tag-wrapper\"><div class=\"status-wrapper\"><\/div><\/div><\/div>\n\n            <h4><a href=\"https:\/\/www.privatepropertymallorca.com\/en\/realestate\/new-build-semi-detached-house-in-sa-cabaneta-with-private-pool\/\" target=\"_self\">\n                New build semi-detached house for sale in Sa Cabaneta with private pool                <\/a> \n            <\/h4> \n        \n            <div class=\"property_listing_details\">\n                <div class=\"smallCol\"><div class=\"inforoom_unit_type2\"><\/div><div>4<\/div><\/div><div class=\"smallCol\"><div class=\"infobath_unit_type2\"><\/div><div>3<\/div><\/div><div class=\"smallCol\"><div class=\"infosize_unit_type2\"><\/div><div>160 m&sup2;<\/div><\/div><div class=\"smallCol\"><div class=\"infolotsize_unit_type2\"><\/div><div>220 m&sup2;<\/div><\/div>            <\/div>\n\t\t\n            <div class=\"listing_unit_price_wrapper\">849.000 \u20ac <span class=\"price_label\"><\/span><\/div>               \n            <div class=\"property_location\">\n                    \n                    <div class=\"ownerNotes\">5519<\/div><div class=\"propertyArea\"><a href=\"https:\/\/www.privatepropertymallorca.com\/en\/state\/palma-surroundings\/\" rel=\"tag\">Palma &amp; Surroundings<\/a>, <a href=\"https:\/\/www.privatepropertymallorca.com\/en\/city\/marratxi-en\/\" rel=\"tag\">Marratxi<\/a><\/div>                        <\/div>        <\/div>             \n    <\/div>\n  \n\n\n\n<div class=\"col-md-3 shortcode-col has_4per_row  listing_wrapper property_unit_type2\" data-org=\"4\" data-listid=\"1255130\" > \n    <div class=\"property_listing property_unit_type2  \" data-link=\"https:\/\/www.privatepropertymallorca.com\/en\/realestate\/spacious-villa-in-sa-torre-with-vacation-rental-license-sea-views-lots-of-potential\/\">\n        \n        <div class=\"listing-unit-img-wrapper\"><a href=\"https:\/\/www.privatepropertymallorca.com\/en\/realestate\/spacious-villa-in-sa-torre-with-vacation-rental-license-sea-views-lots-of-potential\/\" target=\"_self\"><img loading=\"lazy\" decoding=\"async\" width=\"525\" height=\"328\" src=\"https:\/\/www.privatepropertymallorca.com\/wp-content\/uploads\/2026\/04\/bac3de36-f01b-4b0e-803a-229cef49fc0e-2-525x328.jpg\" class=\"lazyload img-responsive wp-post-image\" alt=\"ETV LOGO PPM  (2)\" data-original=\"https:\/\/www.privatepropertymallorca.com\/wp-content\/uploads\/2026\/04\/bac3de36-f01b-4b0e-803a-229cef49fc0e-2-525x328.jpg\" \/><\/a><div class=\"tag-wrapper\"><div class=\"status-wrapper\"><div class=\"ribbon-inside holiday-rental-licence\">Holiday rental licence<\/div><\/div><\/div><\/div>\n\n            <h4><a href=\"https:\/\/www.privatepropertymallorca.com\/en\/realestate\/spacious-villa-in-sa-torre-with-vacation-rental-license-sea-views-lots-of-potential\/\" target=\"_self\">\n                Spacious villa for sale in Sa Torre with vacation rental license, sea views &amp; lots of potential                <\/a> \n            <\/h4> \n        \n            <div class=\"property_listing_details\">\n                <div class=\"smallCol\"><div class=\"inforoom_unit_type2\"><\/div><div>5<\/div><\/div><div class=\"smallCol\"><div class=\"infobath_unit_type2\"><\/div><div>5<\/div><\/div><div class=\"smallCol\"><div class=\"infosize_unit_type2\"><\/div><div>583 m&sup2;<\/div><\/div><div class=\"smallCol\"><div class=\"infolotsize_unit_type2\"><\/div><div>1807 m&sup2;<\/div><\/div>            <\/div>\n\t\t\n            <div class=\"listing_unit_price_wrapper\">3.000.000 \u20ac <span class=\"price_label\"><\/span><\/div>               \n            <div class=\"property_location\">\n                    \n                    <div class=\"ownerNotes\">V-3515<\/div><div class=\"propertyArea\"><a href=\"https:\/\/www.privatepropertymallorca.com\/en\/state\/south\/\" rel=\"tag\">South<\/a>, <a href=\"https:\/\/www.privatepropertymallorca.com\/en\/city\/sa-torre-en\/\" rel=\"tag\">Sa Torre<\/a><\/div>                        <\/div>        <\/div>             \n    <\/div>\n  \n\n\n\n<div class=\"col-md-3 shortcode-col has_4per_row  listing_wrapper property_unit_type2\" data-org=\"4\" data-listid=\"1296077\" > \n    <div class=\"property_listing property_unit_type2  \" data-link=\"https:\/\/www.privatepropertymallorca.com\/en\/realestate\/first-purchase-stunning-new-villa-with-elegant-pool-landscape-and-direct-sea-view-in-santa-ponsa\/\">\n        \n        <div class=\"listing-unit-img-wrapper\"><a href=\"https:\/\/www.privatepropertymallorca.com\/en\/realestate\/first-purchase-stunning-new-villa-with-elegant-pool-landscape-and-direct-sea-view-in-santa-ponsa\/\" target=\"_self\"><img loading=\"lazy\" decoding=\"async\" width=\"525\" height=\"328\" src=\"https:\/\/www.privatepropertymallorca.com\/wp-content\/uploads\/2026\/04\/140af3f5-2695-4661-b850-66824aa5b056-2-525x328.jpg\" class=\"lazyload img-responsive wp-post-image\" alt=\"BellaVista GK HQ-41\" data-original=\"https:\/\/www.privatepropertymallorca.com\/wp-content\/uploads\/2026\/04\/140af3f5-2695-4661-b850-66824aa5b056-2-525x328.jpg\" \/><\/a><div class=\"tag-wrapper\"><div class=\"status-wrapper\"><\/div><\/div><\/div>\n\n            <h4><a href=\"https:\/\/www.privatepropertymallorca.com\/en\/realestate\/first-purchase-stunning-new-villa-with-elegant-pool-landscape-and-direct-sea-view-in-santa-ponsa\/\" target=\"_self\">\n                FIRST OCCUPANCY! Stunning new build villa for sale in Santa Ponsa with sensational sea views                <\/a> \n            <\/h4> \n        \n            <div class=\"property_listing_details\">\n                <div class=\"smallCol\"><div class=\"inforoom_unit_type2\"><\/div><div>4<\/div><\/div><div class=\"smallCol\"><div class=\"infobath_unit_type2\"><\/div><div>4<\/div><\/div><div class=\"smallCol\"><div class=\"infosize_unit_type2\"><\/div><div>615 m&sup2;<\/div><\/div><div class=\"smallCol\"><div class=\"infolotsize_unit_type2\"><\/div><div>1506 m&sup2;<\/div><\/div>            <\/div>\n\t\t\n            <div class=\"listing_unit_price_wrapper\">14.900.000 \u20ac <span class=\"price_label\"><\/span><\/div>               \n            <div class=\"property_location\">\n                    \n                    <div class=\"ownerNotes\">V-4001<\/div><div class=\"propertyArea\"><a href=\"https:\/\/www.privatepropertymallorca.com\/en\/state\/southwest\/\" rel=\"tag\">Southwest<\/a>, <a href=\"https:\/\/www.privatepropertymallorca.com\/en\/city\/santa-ponsa-en\/\" rel=\"tag\">Santa Ponsa<\/a><\/div>                        <\/div>        <\/div>             \n    <\/div>\n  \n\n\n\n<div class=\"col-md-3 shortcode-col has_4per_row  listing_wrapper property_unit_type2\" data-org=\"4\" data-listid=\"1301755\" > \n    <div class=\"property_listing property_unit_type2  \" data-link=\"https:\/\/www.privatepropertymallorca.com\/en\/realestate\/stylish-villa-with-pool-in-son-gual\/\">\n        \n        <div class=\"listing-unit-img-wrapper\"><a href=\"https:\/\/www.privatepropertymallorca.com\/en\/realestate\/stylish-villa-with-pool-in-son-gual\/\" target=\"_self\"><img loading=\"lazy\" decoding=\"async\" width=\"525\" height=\"328\" src=\"https:\/\/www.privatepropertymallorca.com\/wp-content\/uploads\/2026\/04\/153e2bc0-e83d-4298-ab5d-4d0a4bf89d4b-1-525x328.jpg\" class=\"lazyload img-responsive wp-post-image\" alt=\"5568 -Villa in Son Gual 6\" data-original=\"https:\/\/www.privatepropertymallorca.com\/wp-content\/uploads\/2026\/04\/153e2bc0-e83d-4298-ab5d-4d0a4bf89d4b-1-525x328.jpg\" \/><\/a><div class=\"tag-wrapper\"><div class=\"status-wrapper\"><\/div><\/div><\/div>\n\n            <h4><a href=\"https:\/\/www.privatepropertymallorca.com\/en\/realestate\/stylish-villa-with-pool-in-son-gual\/\" target=\"_self\">\n                Stylish villa for sale in Son Gual with pool                <\/a> \n            <\/h4> \n        \n            <div class=\"property_listing_details\">\n                <div class=\"smallCol\"><div class=\"inforoom_unit_type2\"><\/div><div>4<\/div><\/div><div class=\"smallCol\"><div class=\"infobath_unit_type2\"><\/div><div>2<\/div><\/div><div class=\"smallCol\"><div class=\"infosize_unit_type2\"><\/div><div>503 m&sup2;<\/div><\/div><div class=\"smallCol\"><div class=\"infolotsize_unit_type2\"><\/div><div>2006 m&sup2;<\/div><\/div>            <\/div>\n\t\t\n            <div class=\"listing_unit_price_wrapper\">2.690.000 \u20ac <span class=\"price_label\"><\/span><\/div>               \n            <div class=\"property_location\">\n                    \n                    <div class=\"ownerNotes\">5568<\/div><div class=\"propertyArea\"><a href=\"https:\/\/www.privatepropertymallorca.com\/en\/state\/palma-surroundings\/\" rel=\"tag\">Palma &amp; Surroundings<\/a>, <a href=\"https:\/\/www.privatepropertymallorca.com\/en\/city\/son-gual-en\/\" rel=\"tag\">Son Gual<\/a><\/div>                        <\/div>        <\/div>             \n    <\/div>\n  \n\n\n\n<div class=\"col-md-3 shortcode-col has_4per_row  listing_wrapper property_unit_type2\" data-org=\"4\" data-listid=\"1205782\" > \n    <div class=\"property_listing property_unit_type2  \" data-link=\"https:\/\/www.privatepropertymallorca.com\/en\/realestate\/spectacular-designer-villa-in-port-adriano-with-harbor-and-sea-views\/\">\n        \n        <div class=\"listing-unit-img-wrapper\"><a href=\"https:\/\/www.privatepropertymallorca.com\/en\/realestate\/spectacular-designer-villa-in-port-adriano-with-harbor-and-sea-views\/\" target=\"_self\"><img loading=\"lazy\" decoding=\"async\" width=\"525\" height=\"328\" src=\"https:\/\/www.privatepropertymallorca.com\/wp-content\/uploads\/2026\/02\/75990cd5-e7e0-409f-96de-349fd3e9bd50-1-525x328.jpg\" class=\"lazyload img-responsive wp-post-image\" alt=\"V-2650 Port Adriano Spektakul\u00e4re Designer-Villa mit Hafen und Meerblick, in Port Adriano\" data-original=\"https:\/\/www.privatepropertymallorca.com\/wp-content\/uploads\/2026\/02\/75990cd5-e7e0-409f-96de-349fd3e9bd50-1-525x328.jpg\" \/><\/a><div class=\"tag-wrapper\"><div class=\"status-wrapper\"><\/div><\/div><\/div>\n\n            <h4><a href=\"https:\/\/www.privatepropertymallorca.com\/en\/realestate\/spectacular-designer-villa-in-port-adriano-with-harbor-and-sea-views\/\" target=\"_self\">\n                Spectacular designer villa in Port Adriano with harbor and sea views                <\/a> \n            <\/h4> \n        \n            <div class=\"property_listing_details\">\n                <div class=\"smallCol\"><div class=\"inforoom_unit_type2\"><\/div><div>4<\/div><\/div><div class=\"smallCol\"><div class=\"infobath_unit_type2\"><\/div><div>4<\/div><\/div><div class=\"smallCol\"><div class=\"infosize_unit_type2\"><\/div><div>715 m&sup2;<\/div><\/div><div class=\"smallCol\"><div class=\"infolotsize_unit_type2\"><\/div><div>890 m&sup2;<\/div><\/div>            <\/div>\n\t\t\n            <div class=\"listing_unit_price_wrapper\">9.850.000 \u20ac <span class=\"price_label\"><\/span><\/div>               \n            <div class=\"property_location\">\n                    \n                    <div class=\"ownerNotes\">V-2650<\/div><div class=\"propertyArea\"><a href=\"https:\/\/www.privatepropertymallorca.com\/en\/state\/southwest\/\" rel=\"tag\">Southwest<\/a>, <a href=\"https:\/\/www.privatepropertymallorca.com\/en\/city\/port-adriano-en\/\" rel=\"tag\">Port Adriano<\/a><\/div>                        <\/div>        <\/div>             \n    <\/div>\n  \n\n\n\n<div class=\"col-md-3 shortcode-col has_4per_row  listing_wrapper property_unit_type2\" data-org=\"4\" data-listid=\"1143773\" > \n    <div class=\"property_listing property_unit_type2  \" data-link=\"https:\/\/www.privatepropertymallorca.com\/en\/realestate\/charming-finca-in-andratx-with-pool-lots-of-privacy-and-distant-sea-views\/\">\n        \n        <div class=\"listing-unit-img-wrapper\"><a href=\"https:\/\/www.privatepropertymallorca.com\/en\/realestate\/charming-finca-in-andratx-with-pool-lots-of-privacy-and-distant-sea-views\/\" target=\"_self\"><img loading=\"lazy\" decoding=\"async\" width=\"525\" height=\"328\" src=\"https:\/\/www.privatepropertymallorca.com\/wp-content\/uploads\/2026\/03\/390f42f8-b637-4331-828c-5892591a7b34-1-525x328.jpg\" class=\"lazyload img-responsive wp-post-image\" alt=\"F-4366-98 Charmante Finca in Andratx mit Pool, viel Privatsph\u00e4re und Fern-Meerblick\" data-original=\"https:\/\/www.privatepropertymallorca.com\/wp-content\/uploads\/2026\/03\/390f42f8-b637-4331-828c-5892591a7b34-1-525x328.jpg\" \/><\/a><div class=\"tag-wrapper\"><div class=\"status-wrapper\"><\/div><\/div><\/div>\n\n            <h4><a href=\"https:\/\/www.privatepropertymallorca.com\/en\/realestate\/charming-finca-in-andratx-with-pool-lots-of-privacy-and-distant-sea-views\/\" target=\"_self\">\n                Charming finca in Andratx with pool, lots of privacy and distant sea views                <\/a> \n            <\/h4> \n        \n            <div class=\"property_listing_details\">\n                <div class=\"smallCol\"><div class=\"inforoom_unit_type2\"><\/div><div>5<\/div><\/div><div class=\"smallCol\"><div class=\"infobath_unit_type2\"><\/div><div>4<\/div><\/div><div class=\"smallCol\"><div class=\"infosize_unit_type2\"><\/div><div>496 m&sup2;<\/div><\/div><div class=\"smallCol\"><div class=\"infolotsize_unit_type2\"><\/div><div>62507 m&sup2;<\/div><\/div>            <\/div>\n\t\t\n            <div class=\"listing_unit_price_wrapper\">3.900.000 \u20ac <span class=\"price_label\"><\/span><\/div>               \n            <div class=\"property_location\">\n                    \n                    <div class=\"ownerNotes\">F-4366-98<\/div><div class=\"propertyArea\"><a href=\"https:\/\/www.privatepropertymallorca.com\/en\/state\/southwest\/\" rel=\"tag\">Southwest<\/a>, <a href=\"https:\/\/www.privatepropertymallorca.com\/en\/city\/andratx-en\/\" rel=\"tag\">Andratx<\/a><\/div>                        <\/div>        <\/div>             \n    <\/div>\n  \n\n\n\n<div class=\"col-md-3 shortcode-col has_4per_row  listing_wrapper property_unit_type2\" data-org=\"4\" data-listid=\"512189\" > \n    <div class=\"property_listing property_unit_type2  \" data-link=\"https:\/\/www.privatepropertymallorca.com\/en\/realestate\/spacious-family-villa-with-mediterranean-garden-and-pool-in-quiet-location-of-sol-de-mallorca\/\">\n        \n        <div class=\"listing-unit-img-wrapper\"><a href=\"https:\/\/www.privatepropertymallorca.com\/en\/realestate\/spacious-family-villa-with-mediterranean-garden-and-pool-in-quiet-location-of-sol-de-mallorca\/\" target=\"_self\"><img loading=\"lazy\" decoding=\"async\" width=\"525\" height=\"328\" src=\"https:\/\/www.privatepropertymallorca.com\/wp-content\/uploads\/2025\/02\/7842ff4c-ce7f-4c7a-b554-42977d353ca3-1-525x328.jpg\" class=\"lazyload img-responsive wp-post-image\" alt=\"V-3621 Stylische Villa in Sol de Mallorca mit gem\u00fctlicher Pool Terrasse, Ruhelage &amp; Privatsph\u00e4re 23\" data-original=\"https:\/\/www.privatepropertymallorca.com\/wp-content\/uploads\/2025\/02\/7842ff4c-ce7f-4c7a-b554-42977d353ca3-1-525x328.jpg\" \/><\/a><div class=\"tag-wrapper\"><div class=\"status-wrapper\"><\/div><\/div><\/div>\n\n            <h4><a href=\"https:\/\/www.privatepropertymallorca.com\/en\/realestate\/spacious-family-villa-with-mediterranean-garden-and-pool-in-quiet-location-of-sol-de-mallorca\/\" target=\"_self\">\n                Stylish villa in Sol de Mallorca with cozy pool terrace, quiet location &amp; privacy                <\/a> \n            <\/h4> \n        \n            <div class=\"property_listing_details\">\n                <div class=\"smallCol\"><div class=\"inforoom_unit_type2\"><\/div><div>4<\/div><\/div><div class=\"smallCol\"><div class=\"infobath_unit_type2\"><\/div><div>4<\/div><\/div><div class=\"smallCol\"><div class=\"infosize_unit_type2\"><\/div><div>577 m&sup2;<\/div><\/div><div class=\"smallCol\"><div class=\"infolotsize_unit_type2\"><\/div><div>1266 m&sup2;<\/div><\/div>            <\/div>\n\t\t\n            <div class=\"listing_unit_price_wrapper\">3.350.000 \u20ac <span class=\"price_label\"><\/span><\/div>               \n            <div class=\"property_location\">\n                    \n                    <div class=\"ownerNotes\">V-3621<\/div><div class=\"propertyArea\"><a href=\"https:\/\/www.privatepropertymallorca.com\/en\/state\/southwest\/\" rel=\"tag\">Southwest<\/a>, <a href=\"https:\/\/www.privatepropertymallorca.com\/en\/city\/sol-de-mallorca-en\/\" rel=\"tag\">Sol de Mallorca<\/a><\/div>                        <\/div>        <\/div>             \n    <\/div>\n  \n\n\n\n<div class=\"col-md-3 shortcode-col has_4per_row  listing_wrapper property_unit_type2\" data-org=\"4\" data-listid=\"402043\" > \n    <div class=\"property_listing property_unit_type2  \" data-link=\"https:\/\/www.privatepropertymallorca.com\/en\/realestate\/wonderful-spacious-finca-property-also-for-horse-lovers-near-llucmajor\/\">\n        \n        <div class=\"listing-unit-img-wrapper\"><a href=\"https:\/\/www.privatepropertymallorca.com\/en\/realestate\/wonderful-spacious-finca-property-also-for-horse-lovers-near-llucmajor\/\" target=\"_self\"><img loading=\"lazy\" decoding=\"async\" width=\"525\" height=\"328\" src=\"https:\/\/www.privatepropertymallorca.com\/wp-content\/uploads\/2026\/03\/78fc0926-f3c7-4dca-af01-738b365707c4-1-525x328.jpg\" class=\"lazyload img-responsive wp-post-image\" alt=\"ETV LOGO PPM  (4)\" data-original=\"https:\/\/www.privatepropertymallorca.com\/wp-content\/uploads\/2026\/03\/78fc0926-f3c7-4dca-af01-738b365707c4-1-525x328.jpg\" \/><\/a><div class=\"tag-wrapper\"><div class=\"status-wrapper\"><div class=\"ribbon-inside holiday-rental-licence\">Holiday rental licence<\/div><\/div><\/div><\/div>\n\n            <h4><a href=\"https:\/\/www.privatepropertymallorca.com\/en\/realestate\/wonderful-spacious-finca-property-also-for-horse-lovers-near-llucmajor\/\" target=\"_self\">\n                Spacious finca property in Llucmajor also for horse lovers                <\/a> \n            <\/h4> \n        \n            <div class=\"property_listing_details\">\n                <div class=\"smallCol\"><div class=\"inforoom_unit_type2\"><\/div><div>9<\/div><\/div><div class=\"smallCol\"><div class=\"infobath_unit_type2\"><\/div><div>9<\/div><\/div><div class=\"smallCol\"><div class=\"infosize_unit_type2\"><\/div><div>1350 m&sup2;<\/div><\/div><div class=\"smallCol\"><div class=\"infolotsize_unit_type2\"><\/div><div>375533 m&sup2;<\/div><\/div>            <\/div>\n\t\t\n            <div class=\"listing_unit_price_wrapper\">4.500.000 \u20ac <span class=\"price_label\"><\/span><\/div>               \n            <div class=\"property_location\">\n                    \n                    <div class=\"ownerNotes\">F-3073<\/div><div class=\"propertyArea\"><a href=\"https:\/\/www.privatepropertymallorca.com\/en\/state\/south\/\" rel=\"tag\">South<\/a>, <a href=\"https:\/\/www.privatepropertymallorca.com\/en\/city\/sa-torre-en\/\" rel=\"tag\">Sa Torre<\/a><\/div>                        <\/div>        <\/div>             \n    <\/div>\n  \n\n\n\n<div class=\"col-md-3 shortcode-col has_4per_row  listing_wrapper property_unit_type2\" data-org=\"4\" data-listid=\"1205002\" > \n    <div class=\"property_listing property_unit_type2  \" data-link=\"https:\/\/www.privatepropertymallorca.com\/en\/realestate\/impressive-designer-villa-in-old-bendinat-with-partial-sea-views-very-close-to-the-beach\/\">\n        \n        <div class=\"listing-unit-img-wrapper\"><a href=\"https:\/\/www.privatepropertymallorca.com\/en\/realestate\/impressive-designer-villa-in-old-bendinat-with-partial-sea-views-very-close-to-the-beach\/\" target=\"_self\"><img loading=\"lazy\" decoding=\"async\" width=\"525\" height=\"328\" src=\"https:\/\/www.privatepropertymallorca.com\/wp-content\/uploads\/2026\/03\/8d62f600-5e21-4c53-86e6-d22bbb5d3845-1-525x328.jpg\" class=\"lazyload img-responsive wp-post-image\" alt=\"V-4610 Villa in Alt Bendinat 6\" data-original=\"https:\/\/www.privatepropertymallorca.com\/wp-content\/uploads\/2026\/03\/8d62f600-5e21-4c53-86e6-d22bbb5d3845-1-525x328.jpg\" \/><\/a><div class=\"tag-wrapper\"><div class=\"status-wrapper\"><\/div><\/div><\/div>\n\n            <h4><a href=\"https:\/\/www.privatepropertymallorca.com\/en\/realestate\/impressive-designer-villa-in-old-bendinat-with-partial-sea-views-very-close-to-the-beach\/\" target=\"_self\">\n                Impressive designer villa in Old Bendinat with partial sea views, very close to the beach                <\/a> \n            <\/h4> \n        \n            <div class=\"property_listing_details\">\n                <div class=\"smallCol\"><div class=\"inforoom_unit_type2\"><\/div><div>5<\/div><\/div><div class=\"smallCol\"><div class=\"infobath_unit_type2\"><\/div><div>5<\/div><\/div><div class=\"smallCol\"><div class=\"infosize_unit_type2\"><\/div><div>480 m&sup2;<\/div><\/div><div class=\"smallCol\"><div class=\"infolotsize_unit_type2\"><\/div><div>824 m&sup2;<\/div><\/div>            <\/div>\n\t\t\n            <div class=\"listing_unit_price_wrapper\">7.475.000 \u20ac <span class=\"price_label\"><\/span><\/div>               \n            <div class=\"property_location\">\n                    \n                    <div class=\"ownerNotes\">V-4610<\/div><div class=\"propertyArea\"><a href=\"https:\/\/www.privatepropertymallorca.com\/en\/state\/southwest\/\" rel=\"tag\">Southwest<\/a>, <a href=\"https:\/\/www.privatepropertymallorca.com\/en\/city\/bendinat-en\/\" rel=\"tag\">Bendinat<\/a><\/div>                        <\/div>        <\/div>             \n    <\/div>\n  \n\n\n\n<div class=\"col-md-3 shortcode-col has_4per_row  listing_wrapper property_unit_type2\" data-org=\"4\" data-listid=\"1076870\" > \n    <div class=\"property_listing property_unit_type2  \" data-link=\"https:\/\/www.privatepropertymallorca.com\/en\/realestate\/majorcan-finca-with-stunning-views-over-the-countryside-and-lots-of-privacy-in-santanyi\/\">\n        \n        <div class=\"listing-unit-img-wrapper\"><a href=\"https:\/\/www.privatepropertymallorca.com\/en\/realestate\/majorcan-finca-with-stunning-views-over-the-countryside-and-lots-of-privacy-in-santanyi\/\" target=\"_self\"><img loading=\"lazy\" decoding=\"async\" width=\"525\" height=\"328\" src=\"https:\/\/www.privatepropertymallorca.com\/wp-content\/uploads\/2025\/09\/362855-1-525x328.jpg\" class=\"lazyload img-responsive wp-post-image\" alt=\"F-4065 Idyllische Finca in Santanyi mit mallorquinischem Charme und Panoramablick\" data-original=\"https:\/\/www.privatepropertymallorca.com\/wp-content\/uploads\/2025\/09\/362855-1-525x328.jpg\" \/><\/a><div class=\"tag-wrapper\"><div class=\"status-wrapper\"><\/div><\/div><\/div>\n\n            <h4><a href=\"https:\/\/www.privatepropertymallorca.com\/en\/realestate\/majorcan-finca-with-stunning-views-over-the-countryside-and-lots-of-privacy-in-santanyi\/\" target=\"_self\">\n                Idyllic finca in Santanyi with Mallorcan charm and panoramic views                <\/a> \n            <\/h4> \n        \n            <div class=\"property_listing_details\">\n                <div class=\"smallCol\"><div class=\"inforoom_unit_type2\"><\/div><div>6<\/div><\/div><div class=\"smallCol\"><div class=\"infobath_unit_type2\"><\/div><div>6<\/div><\/div><div class=\"smallCol\"><div class=\"infosize_unit_type2\"><\/div><div>650 m&sup2;<\/div><\/div><div class=\"smallCol\"><div class=\"infolotsize_unit_type2\"><\/div><div>14955 m&sup2;<\/div><\/div>            <\/div>\n\t\t\n            <div class=\"listing_unit_price_wrapper\">3.300.000 \u20ac <span class=\"price_label\"><\/span><\/div>               \n            <div class=\"property_location\">\n                    \n                    <div class=\"ownerNotes\">F-4065<\/div><div class=\"propertyArea\"><a href=\"https:\/\/www.privatepropertymallorca.com\/en\/state\/southeast\/\" rel=\"tag\">Southeast<\/a>, <a href=\"https:\/\/www.privatepropertymallorca.com\/en\/city\/santanyi-en\/\" rel=\"tag\">Santanyi<\/a><\/div>                        <\/div>        <\/div>             \n    <\/div>\n  \n\n\n\n<div class=\"col-md-3 shortcode-col has_4per_row  listing_wrapper property_unit_type2\" data-org=\"4\" data-listid=\"1280535\" > \n    <div class=\"property_listing property_unit_type2  \" data-link=\"https:\/\/www.privatepropertymallorca.com\/en\/realestate\/stylish-renovated-apartment-in-the-heart-of-palma-right-on-the-popular-paseo-mallorca-2\/\">\n        \n        <div class=\"listing-unit-img-wrapper\"><a href=\"https:\/\/www.privatepropertymallorca.com\/en\/realestate\/stylish-renovated-apartment-in-the-heart-of-palma-right-on-the-popular-paseo-mallorca-2\/\" target=\"_self\"><img loading=\"lazy\" decoding=\"async\" width=\"525\" height=\"328\" src=\"https:\/\/www.privatepropertymallorca.com\/wp-content\/uploads\/2026\/02\/419615-1-525x328.jpg\" class=\"lazyload img-responsive wp-post-image\" alt=\"5297 - Apartment Paseo Mallorca11\" data-original=\"https:\/\/www.privatepropertymallorca.com\/wp-content\/uploads\/2026\/02\/419615-1-525x328.jpg\" \/><\/a><div class=\"tag-wrapper\"><div class=\"status-wrapper\"><\/div><\/div><\/div>\n\n            <h4><a href=\"https:\/\/www.privatepropertymallorca.com\/en\/realestate\/stylish-renovated-apartment-in-the-heart-of-palma-right-on-the-popular-paseo-mallorca-2\/\" target=\"_self\">\n                Stylish renovated apartment for sale in the center of Palma                <\/a> \n            <\/h4> \n        \n            <div class=\"property_listing_details\">\n                <div class=\"smallCol\"><div class=\"inforoom_unit_type2\"><\/div><div>3<\/div><\/div><div class=\"smallCol\"><div class=\"infobath_unit_type2\"><\/div><div>4<\/div><\/div><div class=\"smallCol\"><div class=\"infosize_unit_type2\"><\/div><div>142 m&sup2;<\/div><\/div><div class=\"smallCol\"><div class=\"infolotsize_unit_type2\"><\/div><div>0 m&sup2;<\/div><\/div>            <\/div>\n\t\t\n            <div class=\"listing_unit_price_wrapper\">850.000 \u20ac <span class=\"price_label\"><\/span><\/div>               \n            <div class=\"property_location\">\n                    \n                    <div class=\"ownerNotes\">5470<\/div><div class=\"propertyArea\"><a href=\"https:\/\/www.privatepropertymallorca.com\/en\/state\/palma-surroundings\/\" rel=\"tag\">Palma &amp; Surroundings<\/a>, <a href=\"https:\/\/www.privatepropertymallorca.com\/en\/city\/palma-oldtown-en\/\" rel=\"tag\">Palma Oldtown<\/a><\/div>                        <\/div>        <\/div>             \n    <\/div>\n  \n\n\n\n<div class=\"col-md-3 shortcode-col has_4per_row  listing_wrapper property_unit_type2\" data-org=\"4\" data-listid=\"753802\" > \n    <div class=\"property_listing property_unit_type2  \" data-link=\"https:\/\/www.privatepropertymallorca.com\/en\/realestate\/new-construction-villa-with-panoramic-sea-view-in-galilea\/\">\n        \n        <div class=\"listing-unit-img-wrapper\"><a href=\"https:\/\/www.privatepropertymallorca.com\/en\/realestate\/new-construction-villa-with-panoramic-sea-view-in-galilea\/\" target=\"_self\"><img loading=\"lazy\" decoding=\"async\" width=\"525\" height=\"328\" src=\"https:\/\/www.privatepropertymallorca.com\/wp-content\/uploads\/2023\/10\/c80a5e7e-91c3-4ba7-b64a-ee38d88aa33c-1-525x328.jpg\" class=\"lazyload img-responsive wp-post-image\" alt=\"V-4444 PROJEKT! Exklusive Villa mit Pool und Panoramablick auf das Meer im Dorf Galilea im Tramuntana Gebirge 5\" data-original=\"https:\/\/www.privatepropertymallorca.com\/wp-content\/uploads\/2023\/10\/c80a5e7e-91c3-4ba7-b64a-ee38d88aa33c-1-525x328.jpg\" \/><\/a><div class=\"tag-wrapper\"><div class=\"status-wrapper\"><\/div><\/div><\/div>\n\n            <h4><a href=\"https:\/\/www.privatepropertymallorca.com\/en\/realestate\/new-construction-villa-with-panoramic-sea-view-in-galilea\/\" target=\"_self\">\n                PROJECT! Villa with pool and panoramic sea views in the village of Galilea in the Tramuntana Mountains                <\/a> \n            <\/h4> \n        \n            <div class=\"property_listing_details\">\n                <div class=\"smallCol\"><div class=\"inforoom_unit_type2\"><\/div><div>3<\/div><\/div><div class=\"smallCol\"><div class=\"infobath_unit_type2\"><\/div><div>3<\/div><\/div><div class=\"smallCol\"><div class=\"infosize_unit_type2\"><\/div><div>500 m&sup2;<\/div><\/div><div class=\"smallCol\"><div class=\"infolotsize_unit_type2\"><\/div><div>1380 m&sup2;<\/div><\/div>            <\/div>\n\t\t\n            <div class=\"listing_unit_price_wrapper\">2.750.000 \u20ac <span class=\"price_label\"><\/span><\/div>               \n            <div class=\"property_location\">\n                    \n                    <div class=\"ownerNotes\">V-4444<\/div><div class=\"propertyArea\"><a href=\"https:\/\/www.privatepropertymallorca.com\/en\/state\/southwest\/\" rel=\"tag\">Southwest<\/a>, <a href=\"https:\/\/www.privatepropertymallorca.com\/en\/city\/galilea-en-2\/\" rel=\"tag\">Galilea<\/a><\/div>                        <\/div>        <\/div>             \n    <\/div>\n  \n\n\n\n<div class=\"col-md-3 shortcode-col has_4per_row  listing_wrapper property_unit_type2\" data-org=\"4\" data-listid=\"1130275\" > \n    <div class=\"property_listing property_unit_type2  \" data-link=\"https:\/\/www.privatepropertymallorca.com\/en\/realestate\/elegant-modernized-penthouse-with-stunning-sea-views-in-cas-catala\/\">\n        \n        <div class=\"listing-unit-img-wrapper\"><a href=\"https:\/\/www.privatepropertymallorca.com\/en\/realestate\/elegant-modernized-penthouse-with-stunning-sea-views-in-cas-catala\/\" target=\"_self\"><img loading=\"lazy\" decoding=\"async\" width=\"525\" height=\"328\" src=\"https:\/\/www.privatepropertymallorca.com\/wp-content\/uploads\/2026\/04\/4eb0590e-87f8-4cc3-964a-543e019b1ccf-1-525x328.jpg\" class=\"lazyload img-responsive wp-post-image\" alt=\"P4713 Exklusives Penthouse in Cas Catala mit Meerblick: Modernisiert und elegant 1\" data-original=\"https:\/\/www.privatepropertymallorca.com\/wp-content\/uploads\/2026\/04\/4eb0590e-87f8-4cc3-964a-543e019b1ccf-1-525x328.jpg\" \/><\/a><div class=\"tag-wrapper\"><div class=\"status-wrapper\"><\/div><\/div><\/div>\n\n            <h4><a href=\"https:\/\/www.privatepropertymallorca.com\/en\/realestate\/elegant-modernized-penthouse-with-stunning-sea-views-in-cas-catala\/\" target=\"_self\">\n                Exclusive penthouse for sale in Cas Catala with sea views: Modernized and elegant                <\/a> \n            <\/h4> \n        \n            <div class=\"property_listing_details\">\n                <div class=\"smallCol\"><div class=\"inforoom_unit_type2\"><\/div><div>3<\/div><\/div><div class=\"smallCol\"><div class=\"infobath_unit_type2\"><\/div><div>2<\/div><\/div><div class=\"smallCol\"><div class=\"infosize_unit_type2\"><\/div><div>173 m&sup2;<\/div><\/div><div class=\"smallCol\"><div class=\"infolotsize_unit_type2\"><\/div><div>0 m&sup2;<\/div><\/div>            <\/div>\n\t\t\n            <div class=\"listing_unit_price_wrapper\">1.650.000 \u20ac <span class=\"price_label\"><\/span><\/div>               \n            <div class=\"property_location\">\n                    \n                    <div class=\"ownerNotes\">P-4713<\/div><div class=\"propertyArea\"><a href=\"https:\/\/www.privatepropertymallorca.com\/en\/state\/southwest\/\" rel=\"tag\">Southwest<\/a>, <a href=\"https:\/\/www.privatepropertymallorca.com\/en\/city\/cas-catala-en\/\" rel=\"tag\">Cas Catala<\/a><\/div>                        <\/div>        <\/div>             \n    <\/div>\n  \n\n\n\n<div class=\"col-md-3 shortcode-col has_4per_row  listing_wrapper property_unit_type2\" data-org=\"4\" data-listid=\"1074479\" > \n    <div class=\"property_listing property_unit_type2  \" data-link=\"https:\/\/www.privatepropertymallorca.com\/en\/realestate\/project-fantastic-garden-apartment-in-palma-in-luxurious-residential-complex-near-palma-harbor\/\">\n        \n        <div class=\"listing-unit-img-wrapper\"><a href=\"https:\/\/www.privatepropertymallorca.com\/en\/realestate\/project-fantastic-garden-apartment-in-palma-in-luxurious-residential-complex-near-palma-harbor\/\" target=\"_self\"><img loading=\"lazy\" decoding=\"async\" width=\"525\" height=\"328\" src=\"https:\/\/www.privatepropertymallorca.com\/wp-content\/uploads\/2025\/03\/3876d162-5ad4-452c-8193-7c231b9f4840-525x328.jpg\" class=\"lazyload img-responsive wp-post-image\" alt=\"A-4826_1 Traumhaftes Garten Apartment in Palma in luxuri\u00f6ser Wohnanlage gleich beim Palma Hafen 1\" data-original=\"https:\/\/www.privatepropertymallorca.com\/wp-content\/uploads\/2025\/03\/3876d162-5ad4-452c-8193-7c231b9f4840-525x328.jpg\" \/><\/a><div class=\"tag-wrapper\"><div class=\"status-wrapper\"><\/div><\/div><\/div>\n\n            <h4><a href=\"https:\/\/www.privatepropertymallorca.com\/en\/realestate\/project-fantastic-garden-apartment-in-palma-in-luxurious-residential-complex-near-palma-harbor\/\" target=\"_self\">\n                Fantastic garden apartment on Palma harbor in luxurious residential complex                <\/a> \n            <\/h4> \n        \n            <div class=\"property_listing_details\">\n                <div class=\"smallCol\"><div class=\"inforoom_unit_type2\"><\/div><div>3<\/div><\/div><div class=\"smallCol\"><div class=\"infobath_unit_type2\"><\/div><div>3<\/div><\/div><div class=\"smallCol\"><div class=\"infosize_unit_type2\"><\/div><div>188 m&sup2;<\/div><\/div><div class=\"smallCol\"><div class=\"infolotsize_unit_type2\"><\/div><div>0 m&sup2;<\/div><\/div>            <\/div>\n\t\t\n            <div class=\"listing_unit_price_wrapper\">2.200.000 \u20ac <span class=\"price_label\"><\/span><\/div>               \n            <div class=\"property_location\">\n                    \n                    <div class=\"ownerNotes\">A-4826_1<\/div><div class=\"propertyArea\"><a href=\"https:\/\/www.privatepropertymallorca.com\/en\/state\/palma-surroundings\/\" rel=\"tag\">Palma &amp; Surroundings<\/a>, <a href=\"https:\/\/www.privatepropertymallorca.com\/en\/city\/bonanova-en\/\" rel=\"tag\">Bonanova<\/a><\/div>                        <\/div>        <\/div>             \n    <\/div>\n  \n\n\n\n<div class=\"col-md-3 shortcode-col has_4per_row  listing_wrapper property_unit_type2\" data-org=\"4\" data-listid=\"1148722\" > \n    <div class=\"property_listing property_unit_type2  \" data-link=\"https:\/\/www.privatepropertymallorca.com\/en\/realestate\/charming-finca-in-calonge-with-beautiful-park-like-garden\/\">\n        \n        <div class=\"listing-unit-img-wrapper\"><a href=\"https:\/\/www.privatepropertymallorca.com\/en\/realestate\/charming-finca-in-calonge-with-beautiful-park-like-garden\/\" target=\"_self\"><img loading=\"lazy\" decoding=\"async\" width=\"525\" height=\"328\" src=\"https:\/\/www.privatepropertymallorca.com\/wp-content\/uploads\/2026\/03\/af981b4e-2977-4b9a-adae-d3e81caaa41f-1-525x328.jpg\" class=\"lazyload img-responsive wp-post-image\" alt=\"ETV LOGO PPM  (4)\" data-original=\"https:\/\/www.privatepropertymallorca.com\/wp-content\/uploads\/2026\/03\/af981b4e-2977-4b9a-adae-d3e81caaa41f-1-525x328.jpg\" \/><\/a><div class=\"tag-wrapper\"><div class=\"status-wrapper\"><div class=\"ribbon-inside holiday-rental-licence\">Holiday rental licence<\/div><\/div><\/div><\/div>\n\n            <h4><a href=\"https:\/\/www.privatepropertymallorca.com\/en\/realestate\/charming-finca-in-calonge-with-beautiful-park-like-garden\/\" target=\"_self\">\n                Charming finca in Calonge with beautiful, park-like garden                <\/a> \n            <\/h4> \n        \n            <div class=\"property_listing_details\">\n                <div class=\"smallCol\"><div class=\"inforoom_unit_type2\"><\/div><div>6<\/div><\/div><div class=\"smallCol\"><div class=\"infobath_unit_type2\"><\/div><div>6<\/div><\/div><div class=\"smallCol\"><div class=\"infosize_unit_type2\"><\/div><div>444 m&sup2;<\/div><\/div><div class=\"smallCol\"><div class=\"infolotsize_unit_type2\"><\/div><div>5287 m&sup2;<\/div><\/div>            <\/div>\n\t\t\n            <div class=\"listing_unit_price_wrapper\">2.800.000 \u20ac <span class=\"price_label\"><\/span><\/div>               \n            <div class=\"property_location\">\n                    \n                    <div class=\"ownerNotes\">F-3925<\/div><div class=\"propertyArea\">, <a href=\"https:\/\/www.privatepropertymallorca.com\/en\/city\/calonge-en\/\" rel=\"tag\">Calonge<\/a><\/div>                        <\/div>        <\/div>             \n    <\/div>\n  \n\n\n\n<div class=\"col-md-3 shortcode-col has_4per_row  listing_wrapper property_unit_type2\" data-org=\"4\" data-listid=\"1110121\" > \n    <div class=\"property_listing property_unit_type2  \" data-link=\"https:\/\/www.privatepropertymallorca.com\/en\/realestate\/stately-natural-stone-finca-in-llucmajor-with-large-garden-pool-and-vacation-rental-license\/\">\n        \n        <div class=\"listing-unit-img-wrapper\"><a href=\"https:\/\/www.privatepropertymallorca.com\/en\/realestate\/stately-natural-stone-finca-in-llucmajor-with-large-garden-pool-and-vacation-rental-license\/\" target=\"_self\"><img loading=\"lazy\" decoding=\"async\" width=\"525\" height=\"328\" src=\"https:\/\/www.privatepropertymallorca.com\/wp-content\/uploads\/2025\/09\/ecd96068-6cb6-4c85-95b7-6042e8cc3c62-2-525x328.jpg\" class=\"lazyload img-responsive wp-post-image\" alt=\"ETV LOGO PPM  (2)\" data-original=\"https:\/\/www.privatepropertymallorca.com\/wp-content\/uploads\/2025\/09\/ecd96068-6cb6-4c85-95b7-6042e8cc3c62-2-525x328.jpg\" \/><\/a><div class=\"tag-wrapper\"><div class=\"status-wrapper\"><div class=\"ribbon-inside holiday-rental-licence\">Holiday rental licence<\/div><\/div><\/div><\/div>\n\n            <h4><a href=\"https:\/\/www.privatepropertymallorca.com\/en\/realestate\/stately-natural-stone-finca-in-llucmajor-with-large-garden-pool-and-vacation-rental-license\/\" target=\"_self\">\n                Stately natural stone finca in Llucmajor with large garden &amp; pool and vacation rental license!                <\/a> \n            <\/h4> \n        \n            <div class=\"property_listing_details\">\n                <div class=\"smallCol\"><div class=\"inforoom_unit_type2\"><\/div><div>10<\/div><\/div><div class=\"smallCol\"><div class=\"infobath_unit_type2\"><\/div><div>10<\/div><\/div><div class=\"smallCol\"><div class=\"infosize_unit_type2\"><\/div><div>734 m&sup2;<\/div><\/div><div class=\"smallCol\"><div class=\"infolotsize_unit_type2\"><\/div><div>18500 m&sup2;<\/div><\/div>            <\/div>\n\t\t\n            <div class=\"listing_unit_price_wrapper\">3.400.000 \u20ac <span class=\"price_label\"><\/span><\/div>               \n            <div class=\"property_location\">\n                    \n                    <div class=\"ownerNotes\">5030<\/div><div class=\"propertyArea\"><a href=\"https:\/\/www.privatepropertymallorca.com\/en\/state\/south\/\" rel=\"tag\">South<\/a>, <a href=\"https:\/\/www.privatepropertymallorca.com\/en\/city\/llucmajor-en\/\" rel=\"tag\">Llucmajor<\/a><\/div>                        <\/div>        <\/div>             \n    <\/div>\n  \n\n\n\n<div class=\"col-md-3 shortcode-col has_4per_row  listing_wrapper property_unit_type2\" data-org=\"4\" data-listid=\"619722\" > \n    <div class=\"property_listing property_unit_type2  \" data-link=\"https:\/\/www.privatepropertymallorca.com\/en\/realestate\/quietly-located-dream-villa-with-pool-and-lots-of-privacy-in-beautiful-nova-santa-ponca\/\">\n        \n        <div class=\"listing-unit-img-wrapper\"><a href=\"https:\/\/www.privatepropertymallorca.com\/en\/realestate\/quietly-located-dream-villa-with-pool-and-lots-of-privacy-in-beautiful-nova-santa-ponca\/\" target=\"_self\"><img loading=\"lazy\" decoding=\"async\" width=\"525\" height=\"328\" src=\"https:\/\/www.privatepropertymallorca.com\/wp-content\/uploads\/2024\/04\/44e0b9de-5f20-4d28-a003-1fd523d4a725-1-525x328.jpg\" class=\"lazyload img-responsive wp-post-image\" alt=\"V-4135 NEUBAU! Ruhig gelegene Traum-Villa in Nova Santa Pon\u00e7a mit Pool, Garten und Privatsph\u00e4re 1\" data-original=\"https:\/\/www.privatepropertymallorca.com\/wp-content\/uploads\/2024\/04\/44e0b9de-5f20-4d28-a003-1fd523d4a725-1-525x328.jpg\" \/><\/a><div class=\"tag-wrapper\"><div class=\"status-wrapper\"><\/div><\/div><\/div>\n\n            <h4><a href=\"https:\/\/www.privatepropertymallorca.com\/en\/realestate\/quietly-located-dream-villa-with-pool-and-lots-of-privacy-in-beautiful-nova-santa-ponca\/\" target=\"_self\">\n                High-quality renovated villa in Nova Santa Ponsa, in a quiet and private location                <\/a> \n            <\/h4> \n        \n            <div class=\"property_listing_details\">\n                <div class=\"smallCol\"><div class=\"inforoom_unit_type2\"><\/div><div>6<\/div><\/div><div class=\"smallCol\"><div class=\"infobath_unit_type2\"><\/div><div>5<\/div><\/div><div class=\"smallCol\"><div class=\"infosize_unit_type2\"><\/div><div>408 m&sup2;<\/div><\/div><div class=\"smallCol\"><div class=\"infolotsize_unit_type2\"><\/div><div>1561 m&sup2;<\/div><\/div>            <\/div>\n\t\t\n            <div class=\"listing_unit_price_wrapper\">4.495.000 \u20ac <span class=\"price_label\"><\/span><\/div>               \n            <div class=\"property_location\">\n                    \n                    <div class=\"ownerNotes\">V-4135<\/div><div class=\"propertyArea\"><a href=\"https:\/\/www.privatepropertymallorca.com\/en\/state\/southwest\/\" rel=\"tag\">Southwest<\/a>, <a href=\"https:\/\/www.privatepropertymallorca.com\/en\/city\/santa-ponsa-en\/\" rel=\"tag\">Santa Ponsa<\/a><\/div>                        <\/div>        <\/div>             \n    <\/div>\n<div class=\"wpestate_listing_sh_loader\">\n       <div class=\"new_prelader\"><\/div>\n\n    <\/div><div class=\"listinglink-wrapper_sh_listings\">\n               <span class=\"wpresidence_button wpestate_item_list_sh\">load more listings <\/span>\n               <\/div><\/div><script type=\"text\/javascript\">\n                \/\/<![CDATA[\n                jQuery(document).ready(function(){\n                  \/\/  wpestate_anime(\"#wpestate_sh_anime_717\");\n                   \/\/ wpestate_property_list_sh(\"#wpestate_sh_anime_717 .wpestate_item_list_sh\", \"#wpestate_sh_anime_717 .control_tax_sh\");\n                });\n                \/\/]]>\n            <\/script>[\/vc_column][\/vc_row]<\/p>\n<div class=\"bellvueblock \"><img decoding=\"async\" src=\"https:\/\/www.privatepropertymallorca.com\/wp-content\/uploads\/2020\/02\/best_icon-159x300.png\" alt=\"bellvue\"><\/div><\/div>","protected":false},"excerpt":{"rendered":"<p>An in-person event on November 26, 2024 in the Mallorca Zeitung Club will provide a comprehensive update on real estate, tourism, taxes and law. Although no one can predict the developments of the coming year with certainty, the framework for 2025 is already apparent. How will the real estate market develop in Mallorca? What changes are coming in tourism policy, especially in holiday rentals? And what role will e-invoicing and artificial intelligence play in accounting and tax advice on the island?<\/p>\n","protected":false},"author":13,"featured_media":1164806,"comment_status":"closed","ping_status":"closed","sticky":false,"template":"","format":"standard","meta":{"_seopress_robots_primary_cat":"none","_seopress_titles_title":"","_seopress_titles_desc":"","_seopress_robots_index":"","footnotes":""},"categories":[993],"tags":[],"class_list":{"0":"post-1164800","1":"post","2":"type-post","3":"status-publish","4":"format-standard","5":"has-post-thumbnail","7":"category-magazin-en"},"_links":{"self":[{"href":"https:\/\/www.privatepropertymallorca.com\/en\/wp-json\/wp\/v2\/posts\/1164800","targetHints":{"allow":["GET"]}}],"collection":[{"href":"https:\/\/www.privatepropertymallorca.com\/en\/wp-json\/wp\/v2\/posts"}],"about":[{"href":"https:\/\/www.privatepropertymallorca.com\/en\/wp-json\/wp\/v2\/types\/post"}],"author":[{"embeddable":true,"href":"https:\/\/www.privatepropertymallorca.com\/en\/wp-json\/wp\/v2\/users\/13"}],"replies":[{"embeddable":true,"href":"https:\/\/www.privatepropertymallorca.com\/en\/wp-json\/wp\/v2\/comments?post=1164800"}],"version-history":[{"count":0,"href":"https:\/\/www.privatepropertymallorca.com\/en\/wp-json\/wp\/v2\/posts\/1164800\/revisions"}],"wp:featuredmedia":[{"embeddable":true,"href":"https:\/\/www.privatepropertymallorca.com\/en\/wp-json\/wp\/v2\/media\/1164806"}],"wp:attachment":[{"href":"https:\/\/www.privatepropertymallorca.com\/en\/wp-json\/wp\/v2\/media?parent=1164800"}],"wp:term":[{"taxonomy":"category","embeddable":true,"href":"https:\/\/www.privatepropertymallorca.com\/en\/wp-json\/wp\/v2\/categories?post=1164800"},{"taxonomy":"post_tag","embeddable":true,"href":"https:\/\/www.privatepropertymallorca.com\/en\/wp-json\/wp\/v2\/tags?post=1164800"}],"curies":[{"name":"wp","href":"https:\/\/api.w.org\/{rel}","templated":true}]}}