{"id":1169889,"date":"2024-11-27T11:44:32","date_gmt":"2024-11-27T10:44:32","guid":{"rendered":"https:\/\/www.privatepropertymallorca.com\/a-christmas-wonderland-at-son-amar-a-festive-delight-in-mallorca\/"},"modified":"2024-11-27T11:59:49","modified_gmt":"2024-11-27T10:59:49","slug":"a-christmas-wonderland-at-son-amar-a-festive-delight-in-mallorca","status":"publish","type":"post","link":"https:\/\/www.privatepropertymallorca.com\/en\/culture\/a-christmas-wonderland-at-son-amar-a-festive-delight-in-mallorca\/","title":{"rendered":"A Christmas Wonderland at Son Amar: A Festive Delight in Mallorca"},"content":{"rendered":"<div class=\"wpb-content-wrapper\"><p>[vc_row][vc_column width=&#8221;1\/4&#8243;][vc_single_image image=&#8221;559256&#8243; css=&#8221;&#8221;][\/vc_column][vc_column width=&#8221;3\/4&#8243;][vc_column_text css=&#8221;&#8221;]<\/p>\n<article class=\"w-full scroll-mb-[var(--thread-trailing-height,150px)] text-token-text-primary focus-visible:outline-2 focus-visible:outline-offset-[-4px]\" dir=\"auto\" data-testid=\"conversation-turn-3\" data-scroll-anchor=\"false\">\n<div class=\"m-auto text-base py-[18px] px-3 md:px-4 w-full md:px-5 lg:px-4 xl:px-5\">\n<div class=\"mx-auto flex flex-1 gap-4 text-base md:gap-5 lg:gap-6 md:max-w-3xl lg:max-w-[40rem] xl:max-w-[48rem]\">\n<div class=\"group\/conversation-turn relative flex w-full min-w-0 flex-col agent-turn\">\n<div class=\"flex-col gap-1 md:gap-3\">\n<div class=\"flex max-w-full flex-col flex-grow\">\n<div class=\"min-h-8 text-message flex w-full flex-col items-end gap-2 whitespace-normal break-words [.text-message+&amp;]:mt-5\" dir=\"auto\" data-message-author-role=\"assistant\" data-message-id=\"abf982db-2eb1-4cd5-bcdc-4397a8bef950\" data-message-model-slug=\"gpt-4o\">\n<div class=\"flex w-full flex-col gap-1 empty:hidden first:pt-[3px]\">\n<div class=\"markdown prose w-full break-words dark:prose-invert light\">\n<h3>A Christmas Wonderland at Son Amar: A Festive Delight in Mallorca<\/h3>\n<p>Photo source: SON AMAR<\/p>\n<p>&nbsp;<\/p>\n<p>The House of Son Amar in Mallorca transforms into a magical <strong>Christmas Wonderland<\/strong> each December, offering a festive escape for visitors of all ages. Located just a short drive from Palma, this historic venue is a hotspot for holiday cheer, boasting a wide array of attractions and activities that embody the spirit of Christmas.<\/p>\n<h4>The Heart of the Wonderland<\/h4>\n<p>At the core of the Christmas Wonderland is its <strong>Christmas Market<\/strong>, featuring over 25 beautifully decorated stalls. These stalls offer a treasure trove of local crafts, artisanal foods, and unique gifts perfect for the holiday season. The vibrant atmosphere is heightened by live music and the scent of roasted chestnuts and mulled wine wafting through the air, creating an immersive festive experience.<\/p>\n<p>A striking 50-foot Christmas tree adorned with dazzling lights and ornaments dominates the venue\u2019s central space, providing the perfect photo opportunity for families and friends.<\/p>\n<h4>Unmissable Experiences<\/h4>\n<p>Son Amar\u2019s Christmas Wonderland is much more than just a market. Visitors can enjoy:<\/p>\n<ul>\n<li><strong>A Spectacular Christmas Show<\/strong>: Performed by the talented cast of Exhibit and Ohal\u00e1, this family-friendly show combines music, dance, and storytelling, embodying the joy and wonder of the holiday season.<\/li>\n<li><strong>Skating Fun<\/strong>: A synthetic skating rink lets you glide and twirl in the historic Hall of Fountains. Suitable for all ages and skill levels, it\u2019s a unique activity that brings winter fun to sunny Mallorca.<\/li>\n<li><strong>Meet Santa Claus<\/strong>: Children can share their Christmas wishes with Santa and capture the moment with a special photo. This is a highlight for families looking to create lifelong memories.<\/li>\n<li><strong>Christmas Cinema<\/strong>: Enjoy timeless holiday films in an open-air cinema under the stars, perfect for soaking in festive nostalgia.<\/li>\n<\/ul>\n<h4>Food and Festivities<\/h4>\n<p>No Christmas celebration is complete without indulgent treats, and Son Amar delivers with an array of festive food and drink options. From traditional hot chocolate made with locally sourced cocoa to spiced mulled wine, the culinary offerings enhance the festive ambiance. Visitors can also enjoy savory delights like pretzels and sweet pastries, ensuring something for every palate.<\/p>\n<h4>Practical Details<\/h4>\n<p>The Christmas Wonderland runs from <strong>November 30 to December 22<\/strong>, operating Fridays through Sundays. Tickets are affordably priced at \u20ac5, which includes a complimentary glass of mulled wine for adults or hot chocolate for children. Visitors can take advantage of ample free parking, making it a stress-free outing.<\/p>\n<p>With its blend of entertainment, tradition, and festive charm, Son Amar\u2019s Christmas Wonderland has become a must-visit destination for both locals and tourists. It\u2019s a place to shop, play, and celebrate the most wonderful time of the year, all set against the picturesque backdrop of Mallorca\u2019s historic architecture.<\/p>\n<p>Plan your visit and immerse yourself in the magic of Christmas at Son Amar. For more details, visit their official website at <a href=\"https:\/\/christmas.sonamar.com\" target=\"_new\" rel=\"noopener\">Son Amar Christmas Wonderland<\/a>.<\/p>\n<\/div>\n<\/div>\n<\/div>\n<\/div>\n<\/div>\n<\/div>\n<\/div>\n<\/div>\n<\/article>\n<p>[\/vc_column_text][\/vc_column][\/vc_row][vc_row][vc_column][vc_empty_space][\/vc_column][\/vc_row][vc_row][vc_column]<div id=\"ultimate-heading-425669f24180c3147\" class=\"uvc-heading ult-adjust-bottom-margin ultimate-heading-425669f24180c3147 uvc-2982 \" data-hspacer=\"no_spacer\"  data-halign=\"center\" style=\"text-align:center\"><div class=\"uvc-heading-spacer no_spacer\" style=\"top\"><\/div><div class=\"uvc-main-heading ult-responsive\"  data-ultimate-target='.uvc-heading.ultimate-heading-425669f24180c3147 h2'  data-responsive-json-new='{\"font-size\":\"\",\"line-height\":\"\"}' ><h2 style=\"font-weight:normal;\">MALLORCA REAL ESTATES<\/h2><\/div><\/div>[\/vc_column][\/vc_row][vc_row][vc_column]<div id=\"wpestate_sh_anime_47\" class=\"article_container wpestate_anime wpestate_latest_listings_sh bottom-estate_property \"  data-type=\"estate_property\" data-category_ids=\"\" data-action_ids=\"\" data-city_ids=\"\" data-area_ids=\"\" data-state_ids=\"\" data-status_ids=\"\" data-number=\"40\" data-row-number=\"4\" data-align=\"vertical\" data-show_featured_only=\"no\"  data-random_pick=\"yes\"  data-featured_first=\"no\" data-page=\"1\" >  \n\n\n\n<div class=\"col-md-3 shortcode-col has_4per_row  listing_wrapper property_unit_type2\" data-org=\"4\" data-listid=\"1108917\" > \n    <div class=\"property_listing property_unit_type2  \" data-link=\"https:\/\/www.privatepropertymallorca.com\/en\/realestate\/exclusive-new-built-inca-in-the-heart-of-the-most-beautiful-countryside-of-mallorca-near-selva\/\">\n        \n        <div class=\"listing-unit-img-wrapper\"><a href=\"https:\/\/www.privatepropertymallorca.com\/en\/realestate\/exclusive-new-built-inca-in-the-heart-of-the-most-beautiful-countryside-of-mallorca-near-selva\/\" target=\"_self\"><img fetchpriority=\"high\" decoding=\"async\" width=\"525\" height=\"328\" src=\"https:\/\/www.privatepropertymallorca.com\/wp-content\/uploads\/2024\/07\/1eb21a5a-e1fb-4a48-bdb0-31e0bda20861-525x328.jpg\" class=\"lazyload img-responsive wp-post-image\" alt=\"F-3384 Exklusive Neubau Finca in Selva, im Herzen des sch\u00f6nsten Landstrichs Mallorcas\" data-original=\"https:\/\/www.privatepropertymallorca.com\/wp-content\/uploads\/2024\/07\/1eb21a5a-e1fb-4a48-bdb0-31e0bda20861-525x328.jpg\" \/><\/a><div class=\"tag-wrapper\"><div class=\"status-wrapper\"><\/div><\/div><\/div>\n\n            <h4><a href=\"https:\/\/www.privatepropertymallorca.com\/en\/realestate\/exclusive-new-built-inca-in-the-heart-of-the-most-beautiful-countryside-of-mallorca-near-selva\/\" target=\"_self\">\n                Exclusive newly built finca in Selva, in the heart of the most beautiful area of Mallorca                <\/a> \n            <\/h4> \n        \n            <div class=\"property_listing_details\">\n                <div class=\"smallCol\"><div class=\"inforoom_unit_type2\"><\/div><div>4<\/div><\/div><div class=\"smallCol\"><div class=\"infobath_unit_type2\"><\/div><div>4<\/div><\/div><div class=\"smallCol\"><div class=\"infosize_unit_type2\"><\/div><div>673 m&sup2;<\/div><\/div><div class=\"smallCol\"><div class=\"infolotsize_unit_type2\"><\/div><div>36190 m&sup2;<\/div><\/div>            <\/div>\n\t\t\n            <div class=\"listing_unit_price_wrapper\">4.900.000 \u20ac <span class=\"price_label\"><\/span><\/div>               \n            <div class=\"property_location\">\n                    \n                    <div class=\"ownerNotes\">F-3384<\/div><div class=\"propertyArea\"><a href=\"https:\/\/www.privatepropertymallorca.com\/en\/state\/center-of-island\/\" rel=\"tag\">Center of Island<\/a>, <a href=\"https:\/\/www.privatepropertymallorca.com\/en\/city\/selva-en\/\" rel=\"tag\">Selva<\/a><\/div>                        <\/div>        <\/div>             \n    <\/div>\n  \n\n\n\n<div class=\"col-md-3 shortcode-col has_4per_row  listing_wrapper property_unit_type2\" data-org=\"4\" data-listid=\"1255740\" > \n    <div class=\"property_listing property_unit_type2  \" data-link=\"https:\/\/www.privatepropertymallorca.com\/en\/realestate\/plot-with-project-and-building-permit-in-cas-concos-with-views-as-far-as-the-tramuntana-mountains\/\">\n        \n        <div class=\"listing-unit-img-wrapper\"><a href=\"https:\/\/www.privatepropertymallorca.com\/en\/realestate\/plot-with-project-and-building-permit-in-cas-concos-with-views-as-far-as-the-tramuntana-mountains\/\" target=\"_self\"><img decoding=\"async\" width=\"525\" height=\"328\" src=\"https:\/\/www.privatepropertymallorca.com\/wp-content\/uploads\/2025\/11\/ec946f4e-d29b-4744-b577-eeed0108ac3e-1-525x328.jpg\" class=\"lazyload img-responsive wp-post-image\" alt=\"5414 - Projekt in Cas Concos2\" data-original=\"https:\/\/www.privatepropertymallorca.com\/wp-content\/uploads\/2025\/11\/ec946f4e-d29b-4744-b577-eeed0108ac3e-1-525x328.jpg\" \/><\/a><div class=\"tag-wrapper\"><div class=\"status-wrapper\"><div class=\"ribbon-inside project\">Project<\/div><\/div><\/div><\/div>\n\n            <h4><a href=\"https:\/\/www.privatepropertymallorca.com\/en\/realestate\/plot-with-project-and-building-permit-in-cas-concos-with-views-as-far-as-the-tramuntana-mountains\/\" target=\"_self\">\n                Plot with project and building permit in Cas Concos with views as far as the Tramuntana mountains                <\/a> \n            <\/h4> \n        \n            <div class=\"property_listing_details\">\n                <div class=\"smallCol\"><div class=\"inforoom_unit_type2\"><\/div><div>5<\/div><\/div><div class=\"smallCol\"><div class=\"infobath_unit_type2\"><\/div><div>4<\/div><\/div><div class=\"smallCol\"><div class=\"infosize_unit_type2\"><\/div><div>0 m&sup2;<\/div><\/div><div class=\"smallCol\"><div class=\"infolotsize_unit_type2\"><\/div><div>25467 m&sup2;<\/div><\/div>            <\/div>\n\t\t\n            <div class=\"listing_unit_price_wrapper\">429.000 \u20ac <span class=\"price_label\"><\/span><\/div>               \n            <div class=\"property_location\">\n                    \n                    <div class=\"ownerNotes\">5414<\/div><div class=\"propertyArea\"><a href=\"https:\/\/www.privatepropertymallorca.com\/en\/state\/southeast\/\" rel=\"tag\">Southeast<\/a>, <a href=\"https:\/\/www.privatepropertymallorca.com\/en\/city\/cas-concos-en\/\" rel=\"tag\">Cas Concos<\/a><\/div>                        <\/div>        <\/div>             \n    <\/div>\n  \n\n\n\n<div class=\"col-md-3 shortcode-col has_4per_row  listing_wrapper property_unit_type2\" data-org=\"4\" data-listid=\"1221567\" > \n    <div class=\"property_listing property_unit_type2  \" data-link=\"https:\/\/www.privatepropertymallorca.com\/en\/realestate\/luxury-duplex-penthouse-in-the-old-town-of-palma-with-numerous-historical-elements\/\">\n        \n        <div class=\"listing-unit-img-wrapper\"><a href=\"https:\/\/www.privatepropertymallorca.com\/en\/realestate\/luxury-duplex-penthouse-in-the-old-town-of-palma-with-numerous-historical-elements\/\" target=\"_self\"><img decoding=\"async\" width=\"525\" height=\"328\" src=\"https:\/\/www.privatepropertymallorca.com\/wp-content\/uploads\/2025\/05\/a5ed86c5-7a07-45c7-bcaf-e4372c298b1a-1-525x328.jpg\" class=\"lazyload img-responsive wp-post-image\" alt=\"P-4162_6-28 Duplex Penthouse in Palma\" data-original=\"https:\/\/www.privatepropertymallorca.com\/wp-content\/uploads\/2025\/05\/a5ed86c5-7a07-45c7-bcaf-e4372c298b1a-1-525x328.jpg\" \/><\/a><div class=\"tag-wrapper\"><div class=\"status-wrapper\"><\/div><\/div><\/div>\n\n            <h4><a href=\"https:\/\/www.privatepropertymallorca.com\/en\/realestate\/luxury-duplex-penthouse-in-the-old-town-of-palma-with-numerous-historical-elements\/\" target=\"_self\">\n                Luxury duplex penthouse in the Old Town of Palma with numerous historical elements                <\/a> \n            <\/h4> \n        \n            <div class=\"property_listing_details\">\n                <div class=\"smallCol\"><div class=\"inforoom_unit_type2\"><\/div><div>3<\/div><\/div><div class=\"smallCol\"><div class=\"infobath_unit_type2\"><\/div><div>3<\/div><\/div><div class=\"smallCol\"><div class=\"infosize_unit_type2\"><\/div><div>243 m&sup2;<\/div><\/div><div class=\"smallCol\"><div class=\"infolotsize_unit_type2\"><\/div><div>0 m&sup2;<\/div><\/div>            <\/div>\n\t\t\n            <div class=\"listing_unit_price_wrapper\">3.450.000 \u20ac <span class=\"price_label\"><\/span><\/div>               \n            <div class=\"property_location\">\n                    \n                    <div class=\"ownerNotes\">P-4162_6-28<\/div><div class=\"propertyArea\"><a href=\"https:\/\/www.privatepropertymallorca.com\/en\/state\/palma-surroundings\/\" rel=\"tag\">Palma &amp; Surroundings<\/a>, <a href=\"https:\/\/www.privatepropertymallorca.com\/en\/city\/palma-oldtown-en\/\" rel=\"tag\">Palma Oldtown<\/a><\/div>                        <\/div>        <\/div>             \n    <\/div>\n  \n\n\n\n<div class=\"col-md-3 shortcode-col has_4per_row  listing_wrapper property_unit_type2\" data-org=\"4\" data-listid=\"1295138\" > \n    <div class=\"property_listing property_unit_type2  \" data-link=\"https:\/\/www.privatepropertymallorca.com\/en\/realestate\/beautifully-situated-rustic-finca-in-calvia\/\">\n        \n        <div class=\"listing-unit-img-wrapper\"><a href=\"https:\/\/www.privatepropertymallorca.com\/en\/realestate\/beautifully-situated-rustic-finca-in-calvia\/\" target=\"_self\"><img decoding=\"async\" src=\"https:\/\/www.privatepropertymallorca.com\/wp-content\/themes\/wpresidence\/img\/defaults\/default_property_listings.jpg\" class=\"b-lazy img-responsive wp-post-image  lazy-hidden\" alt=user image\" \/><\/a><div class=\"tag-wrapper\"><div class=\"status-wrapper\"><\/div><\/div><\/div>\n\n            <h4><a href=\"https:\/\/www.privatepropertymallorca.com\/en\/realestate\/beautifully-situated-rustic-finca-in-calvia\/\" target=\"_self\">\n                Beautifully situated, rustic finca for sale in Calvia!                <\/a> \n            <\/h4> \n        \n            <div class=\"property_listing_details\">\n                <div class=\"smallCol\"><div class=\"inforoom_unit_type2\"><\/div><div>4<\/div><\/div><div class=\"smallCol\"><div class=\"infobath_unit_type2\"><\/div><div>2<\/div><\/div><div class=\"smallCol\"><div class=\"infosize_unit_type2\"><\/div><div>0 m&sup2;<\/div><\/div><div class=\"smallCol\"><div class=\"infolotsize_unit_type2\"><\/div><div>7200 m&sup2;<\/div><\/div>            <\/div>\n\t\t\n            <div class=\"listing_unit_price_wrapper\">1.350.000 \u20ac <span class=\"price_label\"><\/span><\/div>               \n            <div class=\"property_location\">\n                    \n                    <div class=\"ownerNotes\">5517<\/div><div class=\"propertyArea\"><a href=\"https:\/\/www.privatepropertymallorca.com\/en\/state\/southwest\/\" rel=\"tag\">Southwest<\/a>, <a href=\"https:\/\/www.privatepropertymallorca.com\/en\/city\/calvia-en\/\" rel=\"tag\">Calvia<\/a><\/div>                        <\/div>        <\/div>             \n    <\/div>\n  \n\n\n\n<div class=\"col-md-3 shortcode-col has_4per_row  listing_wrapper property_unit_type2\" data-org=\"4\" data-listid=\"1001628\" > \n    <div class=\"property_listing property_unit_type2  \" data-link=\"https:\/\/www.privatepropertymallorca.com\/en\/realestate\/first-purchase-impressive-new-construction-villa-in-portals-nous-with-stunning-sea-views\/\">\n        \n        <div class=\"listing-unit-img-wrapper\"><a href=\"https:\/\/www.privatepropertymallorca.com\/en\/realestate\/first-purchase-impressive-new-construction-villa-in-portals-nous-with-stunning-sea-views\/\" target=\"_self\"><img loading=\"lazy\" decoding=\"async\" width=\"525\" height=\"328\" src=\"https:\/\/www.privatepropertymallorca.com\/wp-content\/uploads\/2024\/07\/e6dbf5e9-4c3a-4cc2-ab44-c61452c5824f-525x328.jpg\" class=\"lazyload img-responsive wp-post-image\" alt=\"V-4697 ERSTBEZUG! Beeindruckende Neubau Villa in Portals Nous mit herrlichem Meerblick\" data-original=\"https:\/\/www.privatepropertymallorca.com\/wp-content\/uploads\/2024\/07\/e6dbf5e9-4c3a-4cc2-ab44-c61452c5824f-525x328.jpg\" \/><\/a><div class=\"tag-wrapper\"><div class=\"status-wrapper\"><\/div><\/div><\/div>\n\n            <h4><a href=\"https:\/\/www.privatepropertymallorca.com\/en\/realestate\/first-purchase-impressive-new-construction-villa-in-portals-nous-with-stunning-sea-views\/\" target=\"_self\">\n                Impressive new-build villa in Portals Nous with stunning sea views                <\/a> \n            <\/h4> \n        \n            <div class=\"property_listing_details\">\n                <div class=\"smallCol\"><div class=\"inforoom_unit_type2\"><\/div><div>3<\/div><\/div><div class=\"smallCol\"><div class=\"infobath_unit_type2\"><\/div><div>4<\/div><\/div><div class=\"smallCol\"><div class=\"infosize_unit_type2\"><\/div><div>351 m&sup2;<\/div><\/div><div class=\"smallCol\"><div class=\"infolotsize_unit_type2\"><\/div><div>679 m&sup2;<\/div><\/div>            <\/div>\n\t\t\n            <div class=\"listing_unit_price_wrapper\">5.500.000 \u20ac <span class=\"price_label\"><\/span><\/div>               \n            <div class=\"property_location\">\n                    \n                    <div class=\"ownerNotes\">V-4697<\/div><div class=\"propertyArea\"><a href=\"https:\/\/www.privatepropertymallorca.com\/en\/state\/southwest\/\" rel=\"tag\">Southwest<\/a>, <a href=\"https:\/\/www.privatepropertymallorca.com\/en\/city\/portals-nous-en\/\" rel=\"tag\">Portals Nous<\/a><\/div>                        <\/div>        <\/div>             \n    <\/div>\n  \n\n\n\n<div class=\"col-md-3 shortcode-col has_4per_row  listing_wrapper property_unit_type2\" data-org=\"4\" data-listid=\"1254022\" > \n    <div class=\"property_listing property_unit_type2  \" data-link=\"https:\/\/www.privatepropertymallorca.com\/en\/realestate\/elegant-corner-house-with-roof-terrace-pool-near-es-trend-quiet-location\/\">\n        \n        <div class=\"listing-unit-img-wrapper\"><a href=\"https:\/\/www.privatepropertymallorca.com\/en\/realestate\/elegant-corner-house-with-roof-terrace-pool-near-es-trend-quiet-location\/\" target=\"_self\"><img loading=\"lazy\" decoding=\"async\" width=\"525\" height=\"328\" src=\"https:\/\/www.privatepropertymallorca.com\/wp-content\/uploads\/2026\/04\/96b04720-3fac-4627-ac90-1255edaecaba-1-525x328.jpg\" class=\"lazyload img-responsive wp-post-image\" alt=\"5401 Stadthaus in Es Trenc49\" data-original=\"https:\/\/www.privatepropertymallorca.com\/wp-content\/uploads\/2026\/04\/96b04720-3fac-4627-ac90-1255edaecaba-1-525x328.jpg\" \/><\/a><div class=\"tag-wrapper\"><div class=\"status-wrapper\"><\/div><\/div><\/div>\n\n            <h4><a href=\"https:\/\/www.privatepropertymallorca.com\/en\/realestate\/elegant-corner-house-with-roof-terrace-pool-near-es-trend-quiet-location\/\" target=\"_self\">\n                Elegant corner house for sale near Es Trenc with roof terrace &amp; pool Quiet location                <\/a> \n            <\/h4> \n        \n            <div class=\"property_listing_details\">\n                <div class=\"smallCol\"><div class=\"inforoom_unit_type2\"><\/div><div>2<\/div><\/div><div class=\"smallCol\"><div class=\"infobath_unit_type2\"><\/div><div>2<\/div><\/div><div class=\"smallCol\"><div class=\"infosize_unit_type2\"><\/div><div>110 m&sup2;<\/div><\/div><div class=\"smallCol\"><div class=\"infolotsize_unit_type2\"><\/div><div>120 m&sup2;<\/div><\/div>            <\/div>\n\t\t\n            <div class=\"listing_unit_price_wrapper\">660.000 \u20ac <span class=\"price_label\"><\/span><\/div>               \n            <div class=\"property_location\">\n                    \n                    <div class=\"ownerNotes\">5401<\/div><div class=\"propertyArea\"><a href=\"https:\/\/www.privatepropertymallorca.com\/en\/state\/south\/\" rel=\"tag\">South<\/a>, <a href=\"https:\/\/www.privatepropertymallorca.com\/en\/city\/colonia-de-sant-jordi-en\/\" rel=\"tag\">Colonia de Sant Jordi<\/a><\/div>                        <\/div>        <\/div>             \n    <\/div>\n  \n\n\n\n<div class=\"col-md-3 shortcode-col has_4per_row  listing_wrapper property_unit_type2\" data-org=\"4\" data-listid=\"1303617\" > \n    <div class=\"property_listing property_unit_type2  \" data-link=\"https:\/\/www.privatepropertymallorca.com\/en\/realestate\/spectacular-duplex-penthouse-on-the-paseo-maritimo-with-fantastic-sea-views\/\">\n        \n        <div class=\"listing-unit-img-wrapper\"><a href=\"https:\/\/www.privatepropertymallorca.com\/en\/realestate\/spectacular-duplex-penthouse-on-the-paseo-maritimo-with-fantastic-sea-views\/\" target=\"_self\"><img loading=\"lazy\" decoding=\"async\" width=\"525\" height=\"328\" src=\"https:\/\/www.privatepropertymallorca.com\/wp-content\/uploads\/2026\/04\/0fbfd96e-b77e-40e8-a1c4-fa754833b76f-1-525x328.jpg\" class=\"lazyload img-responsive wp-post-image\" alt=\"P-2148_15 Spektakul\u00e4res Duplex-Penthouse am Paseo Maritimo mit fantastischem Meerblick 7\" data-original=\"https:\/\/www.privatepropertymallorca.com\/wp-content\/uploads\/2026\/04\/0fbfd96e-b77e-40e8-a1c4-fa754833b76f-1-525x328.jpg\" \/><\/a><div class=\"tag-wrapper\"><div class=\"status-wrapper\"><\/div><\/div><\/div>\n\n            <h4><a href=\"https:\/\/www.privatepropertymallorca.com\/en\/realestate\/spectacular-duplex-penthouse-on-the-paseo-maritimo-with-fantastic-sea-views\/\" target=\"_self\">\n                Spectacular duplex penthouse on the Paseo Maritimo with fantastic sea views                <\/a> \n            <\/h4> \n        \n            <div class=\"property_listing_details\">\n                <div class=\"smallCol\"><div class=\"inforoom_unit_type2\"><\/div><div>3<\/div><\/div><div class=\"smallCol\"><div class=\"infobath_unit_type2\"><\/div><div>2<\/div><\/div><div class=\"smallCol\"><div class=\"infosize_unit_type2\"><\/div><div>230 m&sup2;<\/div><\/div><div class=\"smallCol\"><div class=\"infolotsize_unit_type2\"><\/div><div>0 m&sup2;<\/div><\/div>            <\/div>\n\t\t\n            <div class=\"listing_unit_price_wrapper\">5.100.000 \u20ac <span class=\"price_label\"><\/span><\/div>               \n            <div class=\"property_location\">\n                    \n                    <div class=\"ownerNotes\">P-2148_15<\/div><div class=\"propertyArea\"><a href=\"https:\/\/www.privatepropertymallorca.com\/en\/state\/palma-surroundings\/\" rel=\"tag\">Palma &amp; Surroundings<\/a>, <a href=\"https:\/\/www.privatepropertymallorca.com\/en\/city\/paseo-maritimo-en\/\" rel=\"tag\">Paseo Maritimo<\/a><\/div>                        <\/div>        <\/div>             \n    <\/div>\n  \n\n\n\n<div class=\"col-md-3 shortcode-col has_4per_row  listing_wrapper property_unit_type2\" data-org=\"4\" data-listid=\"1206127\" > \n    <div class=\"property_listing property_unit_type2  \" data-link=\"https:\/\/www.privatepropertymallorca.com\/en\/realestate\/charming-village-house-in-bunyola-with-guest-area-and-stunning-mountain-views\/\">\n        \n        <div class=\"listing-unit-img-wrapper\"><a href=\"https:\/\/www.privatepropertymallorca.com\/en\/realestate\/charming-village-house-in-bunyola-with-guest-area-and-stunning-mountain-views\/\" target=\"_self\"><img loading=\"lazy\" decoding=\"async\" width=\"525\" height=\"328\" src=\"https:\/\/www.privatepropertymallorca.com\/wp-content\/uploads\/2025\/06\/521d1b7e-b961-40f0-bd71-0829af99f99d-1-525x328.jpg\" class=\"lazyload img-responsive wp-post-image\" alt=\"5206 Entz\u00fcckendes Dorfhaus in Bunyola mit G\u00e4stebereich und herrlichem Bergblick 12\" data-original=\"https:\/\/www.privatepropertymallorca.com\/wp-content\/uploads\/2025\/06\/521d1b7e-b961-40f0-bd71-0829af99f99d-1-525x328.jpg\" \/><\/a><div class=\"tag-wrapper\"><div class=\"status-wrapper\"><\/div><\/div><\/div>\n\n            <h4><a href=\"https:\/\/www.privatepropertymallorca.com\/en\/realestate\/charming-village-house-in-bunyola-with-guest-area-and-stunning-mountain-views\/\" target=\"_self\">\n                Charming village house for sale in Bunyola with guest area and stunning mountain views                <\/a> \n            <\/h4> \n        \n            <div class=\"property_listing_details\">\n                <div class=\"smallCol\"><div class=\"inforoom_unit_type2\"><\/div><div>3<\/div><\/div><div class=\"smallCol\"><div class=\"infobath_unit_type2\"><\/div><div>2<\/div><\/div><div class=\"smallCol\"><div class=\"infosize_unit_type2\"><\/div><div>136 m&sup2;<\/div><\/div><div class=\"smallCol\"><div class=\"infolotsize_unit_type2\"><\/div><div>189 m&sup2;<\/div><\/div>            <\/div>\n\t\t\n            <div class=\"listing_unit_price_wrapper\">699.000 \u20ac <span class=\"price_label\"><\/span><\/div>               \n            <div class=\"property_location\">\n                    \n                    <div class=\"ownerNotes\">5206<\/div><div class=\"propertyArea\"><a href=\"https:\/\/www.privatepropertymallorca.com\/en\/state\/west\/\" rel=\"tag\">West<\/a>, <a href=\"https:\/\/www.privatepropertymallorca.com\/en\/city\/bunyola-en\/\" rel=\"tag\">Bunyola<\/a><\/div>                        <\/div>        <\/div>             \n    <\/div>\n  \n\n\n\n<div class=\"col-md-3 shortcode-col has_4per_row  listing_wrapper property_unit_type2\" data-org=\"4\" data-listid=\"789520\" > \n    <div class=\"property_listing property_unit_type2  \" data-link=\"https:\/\/www.privatepropertymallorca.com\/en\/realestate\/project-penthouse-with-private-pool-terrace-and-partial-sea-view-in-apartment-complex-of-santa-ponca\/\">\n        \n        <div class=\"listing-unit-img-wrapper\"><a href=\"https:\/\/www.privatepropertymallorca.com\/en\/realestate\/project-penthouse-with-private-pool-terrace-and-partial-sea-view-in-apartment-complex-of-santa-ponca\/\" target=\"_self\"><img loading=\"lazy\" decoding=\"async\" width=\"525\" height=\"328\" src=\"https:\/\/www.privatepropertymallorca.com\/wp-content\/uploads\/2023\/01\/0f2b335f-0392-4d7d-8d98-3ff6886f0dda-1-525x328.jpg\" class=\"lazyload img-responsive wp-post-image\" alt=\"P-3109_3 PROJEKT! Penthouse mit privater Pool-Terrasse und Meerblick in neuem Apartmentkomplex in Santa Ponsa\" data-original=\"https:\/\/www.privatepropertymallorca.com\/wp-content\/uploads\/2023\/01\/0f2b335f-0392-4d7d-8d98-3ff6886f0dda-1-525x328.jpg\" \/><\/a><div class=\"tag-wrapper\"><div class=\"status-wrapper\"><\/div><\/div><\/div>\n\n            <h4><a href=\"https:\/\/www.privatepropertymallorca.com\/en\/realestate\/project-penthouse-with-private-pool-terrace-and-partial-sea-view-in-apartment-complex-of-santa-ponca\/\" target=\"_self\">\n                Luxury penthouse in Santa Ponsa with private pool terrace and partial sea views                <\/a> \n            <\/h4> \n        \n            <div class=\"property_listing_details\">\n                <div class=\"smallCol\"><div class=\"inforoom_unit_type2\"><\/div><div>4<\/div><\/div><div class=\"smallCol\"><div class=\"infobath_unit_type2\"><\/div><div>3<\/div><\/div><div class=\"smallCol\"><div class=\"infosize_unit_type2\"><\/div><div>155 m&sup2;<\/div><\/div><div class=\"smallCol\"><div class=\"infolotsize_unit_type2\"><\/div><div>0 m&sup2;<\/div><\/div>            <\/div>\n\t\t\n            <div class=\"listing_unit_price_wrapper\">2.820.000 \u20ac <span class=\"price_label\"><\/span><\/div>               \n            <div class=\"property_location\">\n                    \n                    <div class=\"ownerNotes\">P-3109_4<\/div><div class=\"propertyArea\"><a href=\"https:\/\/www.privatepropertymallorca.com\/en\/state\/southwest\/\" rel=\"tag\">Southwest<\/a>, <a href=\"https:\/\/www.privatepropertymallorca.com\/en\/city\/santa-ponsa-en\/\" rel=\"tag\">Santa Ponsa<\/a><\/div>                        <\/div>        <\/div>             \n    <\/div>\n  \n\n\n\n<div class=\"col-md-3 shortcode-col has_4per_row  listing_wrapper property_unit_type2\" data-org=\"4\" data-listid=\"1224665\" > \n    <div class=\"property_listing property_unit_type2  \" data-link=\"https:\/\/www.privatepropertymallorca.com\/en\/realestate\/modern-luxury-villa-with-magnificent-technical-equipment-in-sol-de-mallorca\/\">\n        \n        <div class=\"listing-unit-img-wrapper\"><a href=\"https:\/\/www.privatepropertymallorca.com\/en\/realestate\/modern-luxury-villa-with-magnificent-technical-equipment-in-sol-de-mallorca\/\" target=\"_self\"><img loading=\"lazy\" decoding=\"async\" width=\"525\" height=\"328\" src=\"https:\/\/www.privatepropertymallorca.com\/wp-content\/uploads\/2025\/06\/357927ab-4542-4783-bfa7-c19925b3559b-1-525x328.jpg\" class=\"lazyload img-responsive wp-post-image\" alt=\"secretmarketing\" data-original=\"https:\/\/www.privatepropertymallorca.com\/wp-content\/uploads\/2025\/06\/357927ab-4542-4783-bfa7-c19925b3559b-1-525x328.jpg\" srcset=\"https:\/\/www.privatepropertymallorca.com\/wp-content\/uploads\/2025\/06\/357927ab-4542-4783-bfa7-c19925b3559b-1-525x328.jpg 525w, https:\/\/www.privatepropertymallorca.com\/wp-content\/uploads\/2025\/06\/357927ab-4542-4783-bfa7-c19925b3559b-1-1200x749.jpg 1200w, https:\/\/www.privatepropertymallorca.com\/wp-content\/uploads\/2025\/06\/357927ab-4542-4783-bfa7-c19925b3559b-1-600x375.jpg 600w, https:\/\/www.privatepropertymallorca.com\/wp-content\/uploads\/2025\/06\/357927ab-4542-4783-bfa7-c19925b3559b-1-768x480.jpg 768w, https:\/\/www.privatepropertymallorca.com\/wp-content\/uploads\/2025\/06\/357927ab-4542-4783-bfa7-c19925b3559b-1-1536x959.jpg 1536w, https:\/\/www.privatepropertymallorca.com\/wp-content\/uploads\/2025\/06\/357927ab-4542-4783-bfa7-c19925b3559b-1.jpg 1640w\" sizes=\"(max-width: 525px) 100vw, 525px\" \/><\/a><div class=\"tag-wrapper\"><div class=\"status-wrapper\"><\/div><\/div><\/div>\n\n            <h4><a href=\"https:\/\/www.privatepropertymallorca.com\/en\/realestate\/modern-luxury-villa-with-magnificent-technical-equipment-in-sol-de-mallorca\/\" target=\"_self\">\n                Modern luxury villa with magnificent technical equipment in Sol de Mallorca                <\/a> \n            <\/h4> \n        \n            <div class=\"property_listing_details\">\n                <div class=\"smallCol\"><div class=\"inforoom_unit_type2\"><\/div><div>5<\/div><\/div><div class=\"smallCol\"><div class=\"infobath_unit_type2\"><\/div><div>5<\/div><\/div><div class=\"smallCol\"><div class=\"infosize_unit_type2\"><\/div><div>727 m&sup2;<\/div><\/div><div class=\"smallCol\"><div class=\"infolotsize_unit_type2\"><\/div><div>1990 m&sup2;<\/div><\/div>            <\/div>\n\t\t\n            <div class=\"listing_unit_price_wrapper\">13.500.000 \u20ac <span class=\"price_label\"><\/span><\/div>               \n            <div class=\"property_location\">\n                    \n                    <div class=\"ownerNotes\">V-873<\/div><div class=\"propertyArea\"><a href=\"https:\/\/www.privatepropertymallorca.com\/en\/state\/southwest\/\" rel=\"tag\">Southwest<\/a>, <a href=\"https:\/\/www.privatepropertymallorca.com\/en\/city\/sol-de-mallorca-en\/\" rel=\"tag\">Sol de Mallorca<\/a><\/div>                        <\/div>        <\/div>             \n    <\/div>\n  \n\n\n\n<div class=\"col-md-3 shortcode-col has_4per_row  listing_wrapper property_unit_type2\" data-org=\"4\" data-listid=\"1130275\" > \n    <div class=\"property_listing property_unit_type2  \" data-link=\"https:\/\/www.privatepropertymallorca.com\/en\/realestate\/elegant-modernized-penthouse-with-stunning-sea-views-in-cas-catala\/\">\n        \n        <div class=\"listing-unit-img-wrapper\"><a href=\"https:\/\/www.privatepropertymallorca.com\/en\/realestate\/elegant-modernized-penthouse-with-stunning-sea-views-in-cas-catala\/\" target=\"_self\"><img loading=\"lazy\" decoding=\"async\" width=\"525\" height=\"328\" src=\"https:\/\/www.privatepropertymallorca.com\/wp-content\/uploads\/2026\/04\/4eb0590e-87f8-4cc3-964a-543e019b1ccf-1-525x328.jpg\" class=\"lazyload img-responsive wp-post-image\" alt=\"P4713 Exklusives Penthouse in Cas Catala mit Meerblick: Modernisiert und elegant 1\" data-original=\"https:\/\/www.privatepropertymallorca.com\/wp-content\/uploads\/2026\/04\/4eb0590e-87f8-4cc3-964a-543e019b1ccf-1-525x328.jpg\" \/><\/a><div class=\"tag-wrapper\"><div class=\"status-wrapper\"><\/div><\/div><\/div>\n\n            <h4><a href=\"https:\/\/www.privatepropertymallorca.com\/en\/realestate\/elegant-modernized-penthouse-with-stunning-sea-views-in-cas-catala\/\" target=\"_self\">\n                Exclusive penthouse for sale in Cas Catala with sea views: Modernized and elegant                <\/a> \n            <\/h4> \n        \n            <div class=\"property_listing_details\">\n                <div class=\"smallCol\"><div class=\"inforoom_unit_type2\"><\/div><div>3<\/div><\/div><div class=\"smallCol\"><div class=\"infobath_unit_type2\"><\/div><div>2<\/div><\/div><div class=\"smallCol\"><div class=\"infosize_unit_type2\"><\/div><div>173 m&sup2;<\/div><\/div><div class=\"smallCol\"><div class=\"infolotsize_unit_type2\"><\/div><div>0 m&sup2;<\/div><\/div>            <\/div>\n\t\t\n            <div class=\"listing_unit_price_wrapper\">1.650.000 \u20ac <span class=\"price_label\"><\/span><\/div>               \n            <div class=\"property_location\">\n                    \n                    <div class=\"ownerNotes\">P-4713<\/div><div class=\"propertyArea\"><a href=\"https:\/\/www.privatepropertymallorca.com\/en\/state\/southwest\/\" rel=\"tag\">Southwest<\/a>, <a href=\"https:\/\/www.privatepropertymallorca.com\/en\/city\/cas-catala-en\/\" rel=\"tag\">Cas Catala<\/a><\/div>                        <\/div>        <\/div>             \n    <\/div>\n  \n\n\n\n<div class=\"col-md-3 shortcode-col has_4per_row  listing_wrapper property_unit_type2\" data-org=\"4\" data-listid=\"1074479\" > \n    <div class=\"property_listing property_unit_type2  \" data-link=\"https:\/\/www.privatepropertymallorca.com\/en\/realestate\/project-fantastic-garden-apartment-in-palma-in-luxurious-residential-complex-near-palma-harbor\/\">\n        \n        <div class=\"listing-unit-img-wrapper\"><a href=\"https:\/\/www.privatepropertymallorca.com\/en\/realestate\/project-fantastic-garden-apartment-in-palma-in-luxurious-residential-complex-near-palma-harbor\/\" target=\"_self\"><img loading=\"lazy\" decoding=\"async\" width=\"525\" height=\"328\" src=\"https:\/\/www.privatepropertymallorca.com\/wp-content\/uploads\/2025\/03\/3876d162-5ad4-452c-8193-7c231b9f4840-525x328.jpg\" class=\"lazyload img-responsive wp-post-image\" alt=\"A-4826_1 Traumhaftes Garten Apartment in Palma in luxuri\u00f6ser Wohnanlage gleich beim Palma Hafen 1\" data-original=\"https:\/\/www.privatepropertymallorca.com\/wp-content\/uploads\/2025\/03\/3876d162-5ad4-452c-8193-7c231b9f4840-525x328.jpg\" \/><\/a><div class=\"tag-wrapper\"><div class=\"status-wrapper\"><\/div><\/div><\/div>\n\n            <h4><a href=\"https:\/\/www.privatepropertymallorca.com\/en\/realestate\/project-fantastic-garden-apartment-in-palma-in-luxurious-residential-complex-near-palma-harbor\/\" target=\"_self\">\n                Fantastic garden apartment on Palma harbor in luxurious residential complex                <\/a> \n            <\/h4> \n        \n            <div class=\"property_listing_details\">\n                <div class=\"smallCol\"><div class=\"inforoom_unit_type2\"><\/div><div>3<\/div><\/div><div class=\"smallCol\"><div class=\"infobath_unit_type2\"><\/div><div>3<\/div><\/div><div class=\"smallCol\"><div class=\"infosize_unit_type2\"><\/div><div>188 m&sup2;<\/div><\/div><div class=\"smallCol\"><div class=\"infolotsize_unit_type2\"><\/div><div>0 m&sup2;<\/div><\/div>            <\/div>\n\t\t\n            <div class=\"listing_unit_price_wrapper\">2.200.000 \u20ac <span class=\"price_label\"><\/span><\/div>               \n            <div class=\"property_location\">\n                    \n                    <div class=\"ownerNotes\">A-4826_1<\/div><div class=\"propertyArea\"><a href=\"https:\/\/www.privatepropertymallorca.com\/en\/state\/palma-surroundings\/\" rel=\"tag\">Palma &amp; Surroundings<\/a>, <a href=\"https:\/\/www.privatepropertymallorca.com\/en\/city\/bonanova-en\/\" rel=\"tag\">Bonanova<\/a><\/div>                        <\/div>        <\/div>             \n    <\/div>\n  \n\n\n\n<div class=\"col-md-3 shortcode-col has_4per_row  listing_wrapper property_unit_type2\" data-org=\"4\" data-listid=\"1189843\" > \n    <div class=\"property_listing property_unit_type2  \" data-link=\"https:\/\/www.privatepropertymallorca.com\/en\/realestate\/finca-close-to-campos\/\">\n        \n        <div class=\"listing-unit-img-wrapper\"><a href=\"https:\/\/www.privatepropertymallorca.com\/en\/realestate\/finca-close-to-campos\/\" target=\"_self\"><img loading=\"lazy\" decoding=\"async\" width=\"525\" height=\"328\" src=\"https:\/\/www.privatepropertymallorca.com\/wp-content\/uploads\/2025\/05\/252dff15-8a21-4d3e-ab2d-9d55d6350a9c-1-525x328.jpg\" class=\"lazyload img-responsive wp-post-image\" alt=\"5208 Naturstein-Finca in Campos mit Weingut und einzigartigem Charme\" data-original=\"https:\/\/www.privatepropertymallorca.com\/wp-content\/uploads\/2025\/05\/252dff15-8a21-4d3e-ab2d-9d55d6350a9c-1-525x328.jpg\" \/><\/a><div class=\"tag-wrapper\"><div class=\"status-wrapper\"><\/div><\/div><\/div>\n\n            <h4><a href=\"https:\/\/www.privatepropertymallorca.com\/en\/realestate\/finca-close-to-campos\/\" target=\"_self\">\n                Beautiful finca in Campos with vineyard, many possibilities and unique charm                <\/a> \n            <\/h4> \n        \n            <div class=\"property_listing_details\">\n                <div class=\"smallCol\"><div class=\"inforoom_unit_type2\"><\/div><div>8<\/div><\/div><div class=\"smallCol\"><div class=\"infobath_unit_type2\"><\/div><div>9<\/div><\/div><div class=\"smallCol\"><div class=\"infosize_unit_type2\"><\/div><div>560 m&sup2;<\/div><\/div><div class=\"smallCol\"><div class=\"infolotsize_unit_type2\"><\/div><div>15449 m&sup2;<\/div><\/div>            <\/div>\n\t\t\n            <div class=\"listing_unit_price_wrapper\">2.250.000 \u20ac <span class=\"price_label\"><\/span><\/div>               \n            <div class=\"property_location\">\n                    \n                    <div class=\"ownerNotes\">5208<\/div><div class=\"propertyArea\"><a href=\"https:\/\/www.privatepropertymallorca.com\/en\/state\/southeast\/\" rel=\"tag\">Southeast<\/a>, <a href=\"https:\/\/www.privatepropertymallorca.com\/en\/city\/campos-en\/\" rel=\"tag\">Campos<\/a><\/div>                        <\/div>        <\/div>             \n    <\/div>\n  \n\n\n\n<div class=\"col-md-3 shortcode-col has_4per_row  listing_wrapper property_unit_type2\" data-org=\"4\" data-listid=\"1047659\" > \n    <div class=\"property_listing property_unit_type2  \" data-link=\"https:\/\/www.privatepropertymallorca.com\/en\/realestate\/investment-finca-on-large-plot-with-fruit-trees-and-a-lot-of-potential-in-soller\/\">\n        \n        <div class=\"listing-unit-img-wrapper\"><a href=\"https:\/\/www.privatepropertymallorca.com\/en\/realestate\/investment-finca-on-large-plot-with-fruit-trees-and-a-lot-of-potential-in-soller\/\" target=\"_self\"><img loading=\"lazy\" decoding=\"async\" width=\"525\" height=\"328\" src=\"https:\/\/www.privatepropertymallorca.com\/wp-content\/uploads\/2025\/09\/5d0cb6ab-a382-4b4c-b91e-796ad193f913-1-525x328.jpg\" class=\"lazyload img-responsive wp-post-image\" alt=\"IF-4755 INVESTITION! Finca auf gro\u00dfem Grundst\u00fcck mit Obstb\u00e4umen und viel Potenzial in Soller\" data-original=\"https:\/\/www.privatepropertymallorca.com\/wp-content\/uploads\/2025\/09\/5d0cb6ab-a382-4b4c-b91e-796ad193f913-1-525x328.jpg\" \/><\/a><div class=\"tag-wrapper\"><div class=\"status-wrapper\"><\/div><\/div><\/div>\n\n            <h4><a href=\"https:\/\/www.privatepropertymallorca.com\/en\/realestate\/investment-finca-on-large-plot-with-fruit-trees-and-a-lot-of-potential-in-soller\/\" target=\"_self\">\n                INVESTMENT! Finca in Soller on a large plot with fruit trees and lots of potential                <\/a> \n            <\/h4> \n        \n            <div class=\"property_listing_details\">\n                <div class=\"smallCol\"><div class=\"inforoom_unit_type2\"><\/div><div>4<\/div><\/div><div class=\"smallCol\"><div class=\"infobath_unit_type2\"><\/div><div>1<\/div><\/div><div class=\"smallCol\"><div class=\"infosize_unit_type2\"><\/div><div>400 m&sup2;<\/div><\/div><div class=\"smallCol\"><div class=\"infolotsize_unit_type2\"><\/div><div>11309 m&sup2;<\/div><\/div>            <\/div>\n\t\t\n            <div class=\"listing_unit_price_wrapper\">1.400.000 \u20ac <span class=\"price_label\"><\/span><\/div>               \n            <div class=\"property_location\">\n                    \n                    <div class=\"ownerNotes\">IF-4755<\/div><div class=\"propertyArea\"><a href=\"https:\/\/www.privatepropertymallorca.com\/en\/state\/west\/\" rel=\"tag\">West<\/a>, <a href=\"https:\/\/www.privatepropertymallorca.com\/en\/city\/soller-en\/\" rel=\"tag\">Soller<\/a><\/div>                        <\/div>        <\/div>             \n    <\/div>\n  \n\n\n\n<div class=\"col-md-3 shortcode-col has_4per_row  listing_wrapper property_unit_type2\" data-org=\"4\" data-listid=\"1096525\" > \n    <div class=\"property_listing property_unit_type2  \" data-link=\"https:\/\/www.privatepropertymallorca.com\/en\/realestate\/investment-impressive-first-line-house-in-calanova-with-stunning-sea-views\/\">\n        \n        <div class=\"listing-unit-img-wrapper\"><a href=\"https:\/\/www.privatepropertymallorca.com\/en\/realestate\/investment-impressive-first-line-house-in-calanova-with-stunning-sea-views\/\" target=\"_self\"><img loading=\"lazy\" decoding=\"async\" width=\"525\" height=\"328\" src=\"https:\/\/www.privatepropertymallorca.com\/wp-content\/uploads\/2024\/01\/9c47091a-6806-40e7-bfbd-304324edd476-1-525x328.jpg\" class=\"lazyload img-responsive wp-post-image\" alt=\"4949 INVESTITION!  Beeindruckendes Haus in erster Linie in Calanova mit herrlichem Meerblick\" data-original=\"https:\/\/www.privatepropertymallorca.com\/wp-content\/uploads\/2024\/01\/9c47091a-6806-40e7-bfbd-304324edd476-1-525x328.jpg\" \/><\/a><div class=\"tag-wrapper\"><div class=\"status-wrapper\"><\/div><\/div><\/div>\n\n            <h4><a href=\"https:\/\/www.privatepropertymallorca.com\/en\/realestate\/investment-impressive-first-line-house-in-calanova-with-stunning-sea-views\/\" target=\"_self\">\n                INVESTMENT! House in Cala Nova, first line with magnificent harbor and sea views                <\/a> \n            <\/h4> \n        \n            <div class=\"property_listing_details\">\n                <div class=\"smallCol\"><div class=\"inforoom_unit_type2\"><\/div><div>11<\/div><\/div><div class=\"smallCol\"><div class=\"infobath_unit_type2\"><\/div><div>2<\/div><\/div><div class=\"smallCol\"><div class=\"infosize_unit_type2\"><\/div><div>532 m&sup2;<\/div><\/div><div class=\"smallCol\"><div class=\"infolotsize_unit_type2\"><\/div><div>364 m&sup2;<\/div><\/div>            <\/div>\n\t\t\n            <div class=\"listing_unit_price_wrapper\">3.500.000 \u20ac <span class=\"price_label\"><\/span><\/div>               \n            <div class=\"property_location\">\n                    \n                    <div class=\"ownerNotes\">4949<\/div><div class=\"propertyArea\"><a href=\"https:\/\/www.privatepropertymallorca.com\/en\/state\/palma-surroundings\/\" rel=\"tag\">Palma &amp; Surroundings<\/a>, <a href=\"https:\/\/www.privatepropertymallorca.com\/en\/city\/san-agustin-en\/\" rel=\"tag\">San Agustin<\/a><\/div>                        <\/div>        <\/div>             \n    <\/div>\n  \n\n\n\n<div class=\"col-md-3 shortcode-col has_4per_row  listing_wrapper property_unit_type2\" data-org=\"4\" data-listid=\"1100899\" > \n    <div class=\"property_listing property_unit_type2  \" data-link=\"https:\/\/www.privatepropertymallorca.com\/en\/realestate\/first-occupancy-stylish-duplex-penthouse-in-palma-close-to-santa-catalina-with-private-terrace\/\">\n        \n        <div class=\"listing-unit-img-wrapper\"><a href=\"https:\/\/www.privatepropertymallorca.com\/en\/realestate\/first-occupancy-stylish-duplex-penthouse-in-palma-close-to-santa-catalina-with-private-terrace\/\" target=\"_self\"><img loading=\"lazy\" decoding=\"async\" width=\"525\" height=\"328\" src=\"https:\/\/www.privatepropertymallorca.com\/wp-content\/uploads\/2026\/04\/bcc2a13f-9d76-4979-89e5-8451c5a27196-1-525x328.jpg\" class=\"lazyload img-responsive wp-post-image\" alt=\"4980-119 ERSTBEZUG! Stylisches Duplex-Penthaus in Palma, nah zu Santa Catalina, mit privater Terrasse 7\" data-original=\"https:\/\/www.privatepropertymallorca.com\/wp-content\/uploads\/2026\/04\/bcc2a13f-9d76-4979-89e5-8451c5a27196-1-525x328.jpg\" srcset=\"https:\/\/www.privatepropertymallorca.com\/wp-content\/uploads\/2026\/04\/bcc2a13f-9d76-4979-89e5-8451c5a27196-1-525x328.jpg 525w, https:\/\/www.privatepropertymallorca.com\/wp-content\/uploads\/2026\/04\/bcc2a13f-9d76-4979-89e5-8451c5a27196-1-1200x749.jpg 1200w, https:\/\/www.privatepropertymallorca.com\/wp-content\/uploads\/2026\/04\/bcc2a13f-9d76-4979-89e5-8451c5a27196-1-1900x1187.jpg 1900w, https:\/\/www.privatepropertymallorca.com\/wp-content\/uploads\/2026\/04\/bcc2a13f-9d76-4979-89e5-8451c5a27196-1-600x375.jpg 600w, https:\/\/www.privatepropertymallorca.com\/wp-content\/uploads\/2026\/04\/bcc2a13f-9d76-4979-89e5-8451c5a27196-1-768x480.jpg 768w, https:\/\/www.privatepropertymallorca.com\/wp-content\/uploads\/2026\/04\/bcc2a13f-9d76-4979-89e5-8451c5a27196-1-1536x959.jpg 1536w, https:\/\/www.privatepropertymallorca.com\/wp-content\/uploads\/2026\/04\/bcc2a13f-9d76-4979-89e5-8451c5a27196-1.jpg 1920w\" sizes=\"(max-width: 525px) 100vw, 525px\" \/><\/a><div class=\"tag-wrapper\"><div class=\"status-wrapper\"><\/div><\/div><\/div>\n\n            <h4><a href=\"https:\/\/www.privatepropertymallorca.com\/en\/realestate\/first-occupancy-stylish-duplex-penthouse-in-palma-close-to-santa-catalina-with-private-terrace\/\" target=\"_self\">\n                FIRST OCCUPANCY! Stylish duplex penthouse Santa Catalina for sale, with private terrace                <\/a> \n            <\/h4> \n        \n            <div class=\"property_listing_details\">\n                <div class=\"smallCol\"><div class=\"inforoom_unit_type2\"><\/div><div>2<\/div><\/div><div class=\"smallCol\"><div class=\"infobath_unit_type2\"><\/div><div>2<\/div><\/div><div class=\"smallCol\"><div class=\"infosize_unit_type2\"><\/div><div>95 m&sup2;<\/div><\/div><div class=\"smallCol\"><div class=\"infolotsize_unit_type2\"><\/div><div>0 m&sup2;<\/div><\/div>            <\/div>\n\t\t\n            <div class=\"listing_unit_price_wrapper\">529.000 \u20ac <span class=\"price_label\"><\/span><\/div>               \n            <div class=\"property_location\">\n                    \n                    <div class=\"ownerNotes\">4980-119<\/div><div class=\"propertyArea\"><a href=\"https:\/\/www.privatepropertymallorca.com\/en\/state\/palma-surroundings\/\" rel=\"tag\">Palma &amp; Surroundings<\/a>, <a href=\"https:\/\/www.privatepropertymallorca.com\/en\/city\/palma-en\/\" rel=\"tag\">Palma<\/a><\/div>                        <\/div>        <\/div>             \n    <\/div>\n  \n\n\n\n<div class=\"col-md-3 shortcode-col has_4per_row  listing_wrapper property_unit_type2\" data-org=\"4\" data-listid=\"1301674\" > \n    <div class=\"property_listing property_unit_type2  \" data-link=\"https:\/\/www.privatepropertymallorca.com\/en\/realestate\/modern-newly-built-villa-with-pool-in-son-gual\/\">\n        \n        <div class=\"listing-unit-img-wrapper\"><a href=\"https:\/\/www.privatepropertymallorca.com\/en\/realestate\/modern-newly-built-villa-with-pool-in-son-gual\/\" target=\"_self\"><img loading=\"lazy\" decoding=\"async\" width=\"525\" height=\"328\" src=\"https:\/\/www.privatepropertymallorca.com\/wp-content\/uploads\/2026\/04\/bee4f8de-5ddb-4d19-b85b-790cf1ac424f-1-525x328.jpg\" class=\"lazyload img-responsive wp-post-image\" alt=\"5564 - Villa in Son Gual 3\" data-original=\"https:\/\/www.privatepropertymallorca.com\/wp-content\/uploads\/2026\/04\/bee4f8de-5ddb-4d19-b85b-790cf1ac424f-1-525x328.jpg\" \/><\/a><div class=\"tag-wrapper\"><div class=\"status-wrapper\"><\/div><\/div><\/div>\n\n            <h4><a href=\"https:\/\/www.privatepropertymallorca.com\/en\/realestate\/modern-newly-built-villa-with-pool-in-son-gual\/\" target=\"_self\">\n                Modern newly built villa for sale in Son Gual with pool                <\/a> \n            <\/h4> \n        \n            <div class=\"property_listing_details\">\n                <div class=\"smallCol\"><div class=\"inforoom_unit_type2\"><\/div><div>3<\/div><\/div><div class=\"smallCol\"><div class=\"infobath_unit_type2\"><\/div><div>3<\/div><\/div><div class=\"smallCol\"><div class=\"infosize_unit_type2\"><\/div><div>396 m&sup2;<\/div><\/div><div class=\"smallCol\"><div class=\"infolotsize_unit_type2\"><\/div><div>2000 m&sup2;<\/div><\/div>            <\/div>\n\t\t\n            <div class=\"listing_unit_price_wrapper\">2.640.000 \u20ac <span class=\"price_label\"><\/span><\/div>               \n            <div class=\"property_location\">\n                    \n                    <div class=\"ownerNotes\">5564<\/div><div class=\"propertyArea\"><a href=\"https:\/\/www.privatepropertymallorca.com\/en\/state\/palma-surroundings\/\" rel=\"tag\">Palma &amp; Surroundings<\/a>, <a href=\"https:\/\/www.privatepropertymallorca.com\/en\/city\/son-gual-en\/\" rel=\"tag\">Son Gual<\/a><\/div>                        <\/div>        <\/div>             \n    <\/div>\n  \n\n\n\n<div class=\"col-md-3 shortcode-col has_4per_row  listing_wrapper property_unit_type2\" data-org=\"4\" data-listid=\"1283939\" > \n    <div class=\"property_listing property_unit_type2  \" data-link=\"https:\/\/www.privatepropertymallorca.com\/en\/realestate\/high-quality-townhouse-in-puerto-andratx\/\">\n        \n        <div class=\"listing-unit-img-wrapper\"><a href=\"https:\/\/www.privatepropertymallorca.com\/en\/realestate\/high-quality-townhouse-in-puerto-andratx\/\" target=\"_self\"><img loading=\"lazy\" decoding=\"async\" width=\"525\" height=\"328\" src=\"https:\/\/www.privatepropertymallorca.com\/wp-content\/uploads\/2026\/04\/2aa2bda3-2a3c-4d13-b1d0-cea8d99148c1-1-525x328.jpg\" class=\"lazyload img-responsive wp-post-image\" alt=\"5490 - 66 Townhouse in Port Andratx6\" data-original=\"https:\/\/www.privatepropertymallorca.com\/wp-content\/uploads\/2026\/04\/2aa2bda3-2a3c-4d13-b1d0-cea8d99148c1-1-525x328.jpg\" \/><\/a><div class=\"tag-wrapper\"><div class=\"status-wrapper\"><\/div><\/div><\/div>\n\n            <h4><a href=\"https:\/\/www.privatepropertymallorca.com\/en\/realestate\/high-quality-townhouse-in-puerto-andratx\/\" target=\"_self\">\n                High-quality townhouse in Puerto Andratx                <\/a> \n            <\/h4> \n        \n            <div class=\"property_listing_details\">\n                <div class=\"smallCol\"><div class=\"inforoom_unit_type2\"><\/div><div>4<\/div><\/div><div class=\"smallCol\"><div class=\"infobath_unit_type2\"><\/div><div>3<\/div><\/div><div class=\"smallCol\"><div class=\"infosize_unit_type2\"><\/div><div>186 m&sup2;<\/div><\/div><div class=\"smallCol\"><div class=\"infolotsize_unit_type2\"><\/div><div>0 m&sup2;<\/div><\/div>            <\/div>\n\t\t\n            <div class=\"listing_unit_price_wrapper\">3.280.000 \u20ac <span class=\"price_label\"><\/span><\/div>               \n            <div class=\"property_location\">\n                    \n                    <div class=\"ownerNotes\">5490 - 66<\/div><div class=\"propertyArea\"><a href=\"https:\/\/www.privatepropertymallorca.com\/en\/state\/southwest\/\" rel=\"tag\">Southwest<\/a>, <a href=\"https:\/\/www.privatepropertymallorca.com\/en\/city\/port-andratx-en\/\" rel=\"tag\">Port Andratx<\/a><\/div>                        <\/div>        <\/div>             \n    <\/div>\n  \n\n\n\n<div class=\"col-md-3 shortcode-col has_4per_row  listing_wrapper property_unit_type2\" data-org=\"4\" data-listid=\"1251844\" > \n    <div class=\"property_listing property_unit_type2  \" data-link=\"https:\/\/www.privatepropertymallorca.com\/en\/realestate\/apartment-complex-with-69-apartments-near-es-trenc\/\">\n        \n        <div class=\"listing-unit-img-wrapper\"><a href=\"https:\/\/www.privatepropertymallorca.com\/en\/realestate\/apartment-complex-with-69-apartments-near-es-trenc\/\" target=\"_self\"><img loading=\"lazy\" decoding=\"async\" width=\"525\" height=\"328\" src=\"https:\/\/www.privatepropertymallorca.com\/wp-content\/uploads\/2026\/04\/317083b7-7b64-4799-bca2-e176616c1b88-1-525x328.jpg\" class=\"lazyload img-responsive wp-post-image\" alt=\"4246 - Reihenhaus in Sa Rapita27\" data-original=\"https:\/\/www.privatepropertymallorca.com\/wp-content\/uploads\/2026\/04\/317083b7-7b64-4799-bca2-e176616c1b88-1-525x328.jpg\" \/><\/a><div class=\"tag-wrapper\"><div class=\"status-wrapper\"><\/div><\/div><\/div>\n\n            <h4><a href=\"https:\/\/www.privatepropertymallorca.com\/en\/realestate\/apartment-complex-with-69-apartments-near-es-trenc\/\" target=\"_self\">\n                Apartment complex near Es Trenc for sale with 69 apartments                <\/a> \n            <\/h4> \n        \n            <div class=\"property_listing_details\">\n                <div class=\"smallCol\"><div class=\"inforoom_unit_type2\"><\/div><div>3<\/div><\/div><div class=\"smallCol\"><div class=\"infobath_unit_type2\"><\/div><div>2<\/div><\/div><div class=\"smallCol\"><div class=\"infosize_unit_type2\"><\/div><div>0 m&sup2;<\/div><\/div><div class=\"smallCol\"><div class=\"infolotsize_unit_type2\"><\/div><div>0 m&sup2;<\/div><\/div>            <\/div>\n\t\t\n            <div class=\"listing_unit_price_wrapper\">899.000 \u20ac <span class=\"price_label\"><\/span><\/div>               \n            <div class=\"property_location\">\n                    \n                    <div class=\"ownerNotes\">B-4246<\/div><div class=\"propertyArea\"><a href=\"https:\/\/www.privatepropertymallorca.com\/en\/state\/southeast\/\" rel=\"tag\">Southeast<\/a>, <a href=\"https:\/\/www.privatepropertymallorca.com\/en\/city\/sa-rapita-en\/\" rel=\"tag\">Sa Rapita<\/a><\/div>                        <\/div>        <\/div>             \n    <\/div>\n  \n\n\n\n<div class=\"col-md-3 shortcode-col has_4per_row  listing_wrapper property_unit_type2\" data-org=\"4\" data-listid=\"1289925\" > \n    <div class=\"property_listing property_unit_type2  \" data-link=\"https:\/\/www.privatepropertymallorca.com\/en\/realestate\/beautiful-villa-directly-on-the-santa-ponsa-golf-course\/\">\n        \n        <div class=\"listing-unit-img-wrapper\"><a href=\"https:\/\/www.privatepropertymallorca.com\/en\/realestate\/beautiful-villa-directly-on-the-santa-ponsa-golf-course\/\" target=\"_self\"><img loading=\"lazy\" decoding=\"async\" width=\"525\" height=\"328\" src=\"https:\/\/www.privatepropertymallorca.com\/wp-content\/uploads\/2026\/01\/ec91e33b-be5b-404d-b36c-717345ebfcd6-1-525x328.jpg\" class=\"lazyload img-responsive wp-post-image\" alt=\"5494 - Villa in Santa Ponsa 30\" data-original=\"https:\/\/www.privatepropertymallorca.com\/wp-content\/uploads\/2026\/01\/ec91e33b-be5b-404d-b36c-717345ebfcd6-1-525x328.jpg\" \/><\/a><div class=\"tag-wrapper\"><div class=\"status-wrapper\"><\/div><\/div><\/div>\n\n            <h4><a href=\"https:\/\/www.privatepropertymallorca.com\/en\/realestate\/beautiful-villa-directly-on-the-santa-ponsa-golf-course\/\" target=\"_self\">\n                Beautiful villa directly on the Santa Ponsa golf course                <\/a> \n            <\/h4> \n        \n            <div class=\"property_listing_details\">\n                <div class=\"smallCol\"><div class=\"inforoom_unit_type2\"><\/div><div>7<\/div><\/div><div class=\"smallCol\"><div class=\"infobath_unit_type2\"><\/div><div>9<\/div><\/div><div class=\"smallCol\"><div class=\"infosize_unit_type2\"><\/div><div>913 m&sup2;<\/div><\/div><div class=\"smallCol\"><div class=\"infolotsize_unit_type2\"><\/div><div>2135 m&sup2;<\/div><\/div>            <\/div>\n\t\t\n            <div class=\"listing_unit_price_wrapper\">8.900.000 \u20ac <span class=\"price_label\"><\/span><\/div>               \n            <div class=\"property_location\">\n                    \n                    <div class=\"ownerNotes\">5494<\/div><div class=\"propertyArea\"><a href=\"https:\/\/www.privatepropertymallorca.com\/en\/state\/southwest\/\" rel=\"tag\">Southwest<\/a>, <a href=\"https:\/\/www.privatepropertymallorca.com\/en\/city\/santa-ponsa-en\/\" rel=\"tag\">Santa Ponsa<\/a><\/div>                        <\/div>        <\/div>             \n    <\/div>\n  \n\n\n\n<div class=\"col-md-3 shortcode-col has_4per_row  listing_wrapper property_unit_type2\" data-org=\"4\" data-listid=\"1278787\" > \n    <div class=\"property_listing property_unit_type2  \" data-link=\"https:\/\/www.privatepropertymallorca.com\/en\/realestate\/spectacular-villa-with-sea-views-in-port-andratx\/\">\n        \n        <div class=\"listing-unit-img-wrapper\"><a href=\"https:\/\/www.privatepropertymallorca.com\/en\/realestate\/spectacular-villa-with-sea-views-in-port-andratx\/\" target=\"_self\"><img loading=\"lazy\" decoding=\"async\" width=\"525\" height=\"328\" src=\"https:\/\/www.privatepropertymallorca.com\/wp-content\/uploads\/2025\/11\/ce43d8ae-fd7a-41cc-bc49-0ad9504d7adc-1-525x328.jpg\" class=\"lazyload img-responsive wp-post-image\" alt=\"5467 - 66 Villa in Port Andratx 20\" data-original=\"https:\/\/www.privatepropertymallorca.com\/wp-content\/uploads\/2025\/11\/ce43d8ae-fd7a-41cc-bc49-0ad9504d7adc-1-525x328.jpg\" \/><\/a><div class=\"tag-wrapper\"><div class=\"status-wrapper\"><\/div><\/div><\/div>\n\n            <h4><a href=\"https:\/\/www.privatepropertymallorca.com\/en\/realestate\/spectacular-villa-with-sea-views-in-port-andratx\/\" target=\"_self\">\n                Spectacular villa with sea views in Port Andratx                <\/a> \n            <\/h4> \n        \n            <div class=\"property_listing_details\">\n                <div class=\"smallCol\"><div class=\"inforoom_unit_type2\"><\/div><div>3<\/div><\/div><div class=\"smallCol\"><div class=\"infobath_unit_type2\"><\/div><div>3<\/div><\/div><div class=\"smallCol\"><div class=\"infosize_unit_type2\"><\/div><div>573 m&sup2;<\/div><\/div><div class=\"smallCol\"><div class=\"infolotsize_unit_type2\"><\/div><div>1823 m&sup2;<\/div><\/div>            <\/div>\n\t\t\n            <div class=\"listing_unit_price_wrapper\">9.995.000 \u20ac <span class=\"price_label\"><\/span><\/div>               \n            <div class=\"property_location\">\n                    \n                    <div class=\"ownerNotes\">5467 - 66<\/div><div class=\"propertyArea\"><a href=\"https:\/\/www.privatepropertymallorca.com\/en\/state\/southwest\/\" rel=\"tag\">Southwest<\/a>, <a href=\"https:\/\/www.privatepropertymallorca.com\/en\/city\/port-andratx-en\/\" rel=\"tag\">Port Andratx<\/a><\/div>                        <\/div>        <\/div>             \n    <\/div>\n  \n\n\n\n<div class=\"col-md-3 shortcode-col has_4per_row  listing_wrapper property_unit_type2\" data-org=\"4\" data-listid=\"1047913\" > \n    <div class=\"property_listing property_unit_type2  \" data-link=\"https:\/\/www.privatepropertymallorca.com\/en\/realestate\/cozy-semi-detached-house-in-camp-de-mar-in-exclusive-residential-community-next-to-the-golf-course\/\">\n        \n        <div class=\"listing-unit-img-wrapper\"><a href=\"https:\/\/www.privatepropertymallorca.com\/en\/realestate\/cozy-semi-detached-house-in-camp-de-mar-in-exclusive-residential-community-next-to-the-golf-course\/\" target=\"_self\"><img loading=\"lazy\" decoding=\"async\" width=\"525\" height=\"328\" src=\"https:\/\/www.privatepropertymallorca.com\/wp-content\/uploads\/2023\/12\/94e519cb-b21e-4f9d-a50c-4a217da12299-1-525x328.jpg\" class=\"lazyload img-responsive wp-post-image\" alt=\"D-4738 Gem\u00fctliche Doppelhaush\u00e4lfte in Camp de Mar in exklusiver Wohn-Gemeinschaft, neben dem Golfplatz 32\" data-original=\"https:\/\/www.privatepropertymallorca.com\/wp-content\/uploads\/2023\/12\/94e519cb-b21e-4f9d-a50c-4a217da12299-1-525x328.jpg\" \/><\/a><div class=\"tag-wrapper\"><div class=\"status-wrapper\"><\/div><\/div><\/div>\n\n            <h4><a href=\"https:\/\/www.privatepropertymallorca.com\/en\/realestate\/cozy-semi-detached-house-in-camp-de-mar-in-exclusive-residential-community-next-to-the-golf-course\/\" target=\"_self\">\n                Cozy semi-detached house for sale in Camp de Mar in an exclusive residential community                <\/a> \n            <\/h4> \n        \n            <div class=\"property_listing_details\">\n                <div class=\"smallCol\"><div class=\"inforoom_unit_type2\"><\/div><div>3<\/div><\/div><div class=\"smallCol\"><div class=\"infobath_unit_type2\"><\/div><div>2<\/div><\/div><div class=\"smallCol\"><div class=\"infosize_unit_type2\"><\/div><div>311 m&sup2;<\/div><\/div><div class=\"smallCol\"><div class=\"infolotsize_unit_type2\"><\/div><div>104 m&sup2;<\/div><\/div>            <\/div>\n\t\t\n            <div class=\"listing_unit_price_wrapper\">1.050.000 \u20ac <span class=\"price_label\"><\/span><\/div>               \n            <div class=\"property_location\">\n                    \n                    <div class=\"ownerNotes\">D-4738<\/div><div class=\"propertyArea\"><a href=\"https:\/\/www.privatepropertymallorca.com\/en\/state\/southwest\/\" rel=\"tag\">Southwest<\/a>, <a href=\"https:\/\/www.privatepropertymallorca.com\/en\/city\/camp-de-mar-en\/\" rel=\"tag\">Camp de Mar<\/a><\/div>                        <\/div>        <\/div>             \n    <\/div>\n  \n\n\n\n<div class=\"col-md-3 shortcode-col has_4per_row  listing_wrapper property_unit_type2\" data-org=\"4\" data-listid=\"1294922\" > \n    <div class=\"property_listing property_unit_type2  \" data-link=\"https:\/\/www.privatepropertymallorca.com\/en\/realestate\/exclusive-penthouse-with-roof-terrace-and-panoramic-views-over-the-bay-of-palma\/\">\n        \n        <div class=\"listing-unit-img-wrapper\"><a href=\"https:\/\/www.privatepropertymallorca.com\/en\/realestate\/exclusive-penthouse-with-roof-terrace-and-panoramic-views-over-the-bay-of-palma\/\" target=\"_self\"><img loading=\"lazy\" decoding=\"async\" width=\"525\" height=\"328\" src=\"https:\/\/www.privatepropertymallorca.com\/wp-content\/uploads\/2026\/02\/1565c33e-07b2-4f12-a6fa-e148ef40c62a-1-525x328.jpg\" class=\"lazyload img-responsive wp-post-image\" alt=\"5514 - Penthaus in Genova 12\" data-original=\"https:\/\/www.privatepropertymallorca.com\/wp-content\/uploads\/2026\/02\/1565c33e-07b2-4f12-a6fa-e148ef40c62a-1-525x328.jpg\" \/><\/a><div class=\"tag-wrapper\"><div class=\"status-wrapper\"><\/div><\/div><\/div>\n\n            <h4><a href=\"https:\/\/www.privatepropertymallorca.com\/en\/realestate\/exclusive-penthouse-with-roof-terrace-and-panoramic-views-over-the-bay-of-palma\/\" target=\"_self\">\n                Exclusive penthouse for sale in Palma with roof terrace and panoramic views                <\/a> \n            <\/h4> \n        \n            <div class=\"property_listing_details\">\n                <div class=\"smallCol\"><div class=\"inforoom_unit_type2\"><\/div><div>4<\/div><\/div><div class=\"smallCol\"><div class=\"infobath_unit_type2\"><\/div><div>3<\/div><\/div><div class=\"smallCol\"><div class=\"infosize_unit_type2\"><\/div><div>259 m&sup2;<\/div><\/div><div class=\"smallCol\"><div class=\"infolotsize_unit_type2\"><\/div><div>0 m&sup2;<\/div><\/div>            <\/div>\n\t\t\n            <div class=\"listing_unit_price_wrapper\">2.450.000 \u20ac <span class=\"price_label\"><\/span><\/div>               \n            <div class=\"property_location\">\n                    \n                    <div class=\"ownerNotes\">5514<\/div><div class=\"propertyArea\"><a href=\"https:\/\/www.privatepropertymallorca.com\/en\/state\/southwest\/\" rel=\"tag\">Southwest<\/a>, <a href=\"https:\/\/www.privatepropertymallorca.com\/en\/city\/bendinat-en\/\" rel=\"tag\">Bendinat<\/a><\/div>                        <\/div>        <\/div>             \n    <\/div>\n  \n\n\n\n<div class=\"col-md-3 shortcode-col has_4per_row  listing_wrapper property_unit_type2\" data-org=\"4\" data-listid=\"1273676\" > \n    <div class=\"property_listing property_unit_type2  \" data-link=\"https:\/\/www.privatepropertymallorca.com\/en\/realestate\/very-charming-townhouse-in-pueblo-espanol-palma\/\">\n        \n        <div class=\"listing-unit-img-wrapper\"><a href=\"https:\/\/www.privatepropertymallorca.com\/en\/realestate\/very-charming-townhouse-in-pueblo-espanol-palma\/\" target=\"_self\"><img loading=\"lazy\" decoding=\"async\" width=\"525\" height=\"328\" src=\"https:\/\/www.privatepropertymallorca.com\/wp-content\/uploads\/2026\/04\/0ce4d7bb-9be2-4c98-9782-0d39099f8e4c-1-525x328.jpg\" class=\"lazyload img-responsive wp-post-image\" alt=\"PPM_Palma5445\" data-original=\"https:\/\/www.privatepropertymallorca.com\/wp-content\/uploads\/2026\/04\/0ce4d7bb-9be2-4c98-9782-0d39099f8e4c-1-525x328.jpg\" \/><\/a><div class=\"tag-wrapper\"><div class=\"status-wrapper\"><\/div><\/div><\/div>\n\n            <h4><a href=\"https:\/\/www.privatepropertymallorca.com\/en\/realestate\/very-charming-townhouse-in-pueblo-espanol-palma\/\" target=\"_self\">\n                Very charming townhouse in Pueblo Espa\u00f1ol, Palma                <\/a> \n            <\/h4> \n        \n            <div class=\"property_listing_details\">\n                <div class=\"smallCol\"><div class=\"inforoom_unit_type2\"><\/div><div>4<\/div><\/div><div class=\"smallCol\"><div class=\"infobath_unit_type2\"><\/div><div>2<\/div><\/div><div class=\"smallCol\"><div class=\"infosize_unit_type2\"><\/div><div>338 m&sup2;<\/div><\/div><div class=\"smallCol\"><div class=\"infolotsize_unit_type2\"><\/div><div>0 m&sup2;<\/div><\/div>            <\/div>\n\t\t\n            <div class=\"listing_unit_price_wrapper\">2.290.000 \u20ac <span class=\"price_label\"><\/span><\/div>               \n            <div class=\"property_location\">\n                    \n                    <div class=\"ownerNotes\">5445<\/div><div class=\"propertyArea\"><a href=\"https:\/\/www.privatepropertymallorca.com\/en\/state\/palma-surroundings\/\" rel=\"tag\">Palma &amp; Surroundings<\/a>, <a href=\"https:\/\/www.privatepropertymallorca.com\/en\/city\/palma-en\/\" rel=\"tag\">Palma<\/a><\/div>                        <\/div>        <\/div>             \n    <\/div>\n  \n\n\n\n<div class=\"col-md-3 shortcode-col has_4per_row  listing_wrapper property_unit_type2\" data-org=\"4\" data-listid=\"753802\" > \n    <div class=\"property_listing property_unit_type2  \" data-link=\"https:\/\/www.privatepropertymallorca.com\/en\/realestate\/new-construction-villa-with-panoramic-sea-view-in-galilea\/\">\n        \n        <div class=\"listing-unit-img-wrapper\"><a href=\"https:\/\/www.privatepropertymallorca.com\/en\/realestate\/new-construction-villa-with-panoramic-sea-view-in-galilea\/\" target=\"_self\"><img loading=\"lazy\" decoding=\"async\" width=\"525\" height=\"328\" src=\"https:\/\/www.privatepropertymallorca.com\/wp-content\/uploads\/2023\/10\/c80a5e7e-91c3-4ba7-b64a-ee38d88aa33c-1-525x328.jpg\" class=\"lazyload img-responsive wp-post-image\" alt=\"V-4444 PROJEKT! Exklusive Villa mit Pool und Panoramablick auf das Meer im Dorf Galilea im Tramuntana Gebirge 5\" data-original=\"https:\/\/www.privatepropertymallorca.com\/wp-content\/uploads\/2023\/10\/c80a5e7e-91c3-4ba7-b64a-ee38d88aa33c-1-525x328.jpg\" \/><\/a><div class=\"tag-wrapper\"><div class=\"status-wrapper\"><\/div><\/div><\/div>\n\n            <h4><a href=\"https:\/\/www.privatepropertymallorca.com\/en\/realestate\/new-construction-villa-with-panoramic-sea-view-in-galilea\/\" target=\"_self\">\n                PROJECT! Villa with pool and panoramic sea views in the village of Galilea in the Tramuntana Mountains                <\/a> \n            <\/h4> \n        \n            <div class=\"property_listing_details\">\n                <div class=\"smallCol\"><div class=\"inforoom_unit_type2\"><\/div><div>3<\/div><\/div><div class=\"smallCol\"><div class=\"infobath_unit_type2\"><\/div><div>3<\/div><\/div><div class=\"smallCol\"><div class=\"infosize_unit_type2\"><\/div><div>500 m&sup2;<\/div><\/div><div class=\"smallCol\"><div class=\"infolotsize_unit_type2\"><\/div><div>1380 m&sup2;<\/div><\/div>            <\/div>\n\t\t\n            <div class=\"listing_unit_price_wrapper\">2.750.000 \u20ac <span class=\"price_label\"><\/span><\/div>               \n            <div class=\"property_location\">\n                    \n                    <div class=\"ownerNotes\">V-4444<\/div><div class=\"propertyArea\"><a href=\"https:\/\/www.privatepropertymallorca.com\/en\/state\/southwest\/\" rel=\"tag\">Southwest<\/a>, <a href=\"https:\/\/www.privatepropertymallorca.com\/en\/city\/galilea-en-2\/\" rel=\"tag\">Galilea<\/a><\/div>                        <\/div>        <\/div>             \n    <\/div>\n  \n\n\n\n<div class=\"col-md-3 shortcode-col has_4per_row  listing_wrapper property_unit_type2\" data-org=\"4\" data-listid=\"491449\" > \n    <div class=\"property_listing property_unit_type2  \" data-link=\"https:\/\/www.privatepropertymallorca.com\/en\/realestate\/impressive-mediterranean-villa-with-pool-sea-access-in-1st-line-of-cala-vinyas\/\">\n        \n        <div class=\"listing-unit-img-wrapper\"><a href=\"https:\/\/www.privatepropertymallorca.com\/en\/realestate\/impressive-mediterranean-villa-with-pool-sea-access-in-1st-line-of-cala-vinyas\/\" target=\"_self\"><img loading=\"lazy\" decoding=\"async\" width=\"525\" height=\"328\" src=\"https:\/\/www.privatepropertymallorca.com\/wp-content\/uploads\/2021\/07\/94f8203d-e0e0-45ab-baa8-4a0aecdde0af-1-525x328.jpg\" class=\"lazyload img-responsive wp-post-image\" alt=\"V-3097 Cala Vinyes_00005\" data-original=\"https:\/\/www.privatepropertymallorca.com\/wp-content\/uploads\/2021\/07\/94f8203d-e0e0-45ab-baa8-4a0aecdde0af-1-525x328.jpg\" \/><\/a><div class=\"tag-wrapper\"><div class=\"status-wrapper\"><\/div><\/div><\/div>\n\n            <h4><a href=\"https:\/\/www.privatepropertymallorca.com\/en\/realestate\/impressive-mediterranean-villa-with-pool-sea-access-in-1st-line-of-cala-vinyas\/\" target=\"_self\">\n                Impressive mediterranean villa with pool &amp; sea access in 1st line of Cala Vinyas                <\/a> \n            <\/h4> \n        \n            <div class=\"property_listing_details\">\n                <div class=\"smallCol\"><div class=\"inforoom_unit_type2\"><\/div><div>7<\/div><\/div><div class=\"smallCol\"><div class=\"infobath_unit_type2\"><\/div><div>7<\/div><\/div><div class=\"smallCol\"><div class=\"infosize_unit_type2\"><\/div><div>982 m&sup2;<\/div><\/div><div class=\"smallCol\"><div class=\"infolotsize_unit_type2\"><\/div><div>1294 m&sup2;<\/div><\/div>            <\/div>\n\t\t\n            <div class=\"listing_unit_price_wrapper\">9.900.000 \u20ac <span class=\"price_label\"><\/span><\/div>               \n            <div class=\"property_location\">\n                    \n                    <div class=\"ownerNotes\">V-3097<\/div><div class=\"propertyArea\"><a href=\"https:\/\/www.privatepropertymallorca.com\/en\/state\/southwest\/\" rel=\"tag\">Southwest<\/a>, <a href=\"https:\/\/www.privatepropertymallorca.com\/en\/city\/cala-vinyas-en\/\" rel=\"tag\">Cala Vinyas<\/a><\/div>                        <\/div>        <\/div>             \n    <\/div>\n  \n\n\n\n<div class=\"col-md-3 shortcode-col has_4per_row  listing_wrapper property_unit_type2\" data-org=\"4\" data-listid=\"1061372\" > \n    <div class=\"property_listing property_unit_type2  \" data-link=\"https:\/\/www.privatepropertymallorca.com\/en\/realestate\/project-unique-village-house-in-finca-style-with-large-garden-pool-in-ses-salines\/\">\n        \n        <div class=\"listing-unit-img-wrapper\"><a href=\"https:\/\/www.privatepropertymallorca.com\/en\/realestate\/project-unique-village-house-in-finca-style-with-large-garden-pool-in-ses-salines\/\" target=\"_self\"><img loading=\"lazy\" decoding=\"async\" width=\"525\" height=\"328\" src=\"https:\/\/www.privatepropertymallorca.com\/wp-content\/uploads\/2025\/04\/7baea2f1-6115-471a-837c-a233462b95e5-2-525x328.jpg\" class=\"lazyload img-responsive wp-post-image\" alt=\"D-4686 Einzigartiges Dorfhaus in Ses Salines mit riesigem Garten &amp; Pool\" data-original=\"https:\/\/www.privatepropertymallorca.com\/wp-content\/uploads\/2025\/04\/7baea2f1-6115-471a-837c-a233462b95e5-2-525x328.jpg\" srcset=\"https:\/\/www.privatepropertymallorca.com\/wp-content\/uploads\/2025\/04\/7baea2f1-6115-471a-837c-a233462b95e5-2-525x328.jpg 525w, https:\/\/www.privatepropertymallorca.com\/wp-content\/uploads\/2025\/04\/7baea2f1-6115-471a-837c-a233462b95e5-2-1200x750.jpg 1200w, https:\/\/www.privatepropertymallorca.com\/wp-content\/uploads\/2025\/04\/7baea2f1-6115-471a-837c-a233462b95e5-2-1900x1188.jpg 1900w, https:\/\/www.privatepropertymallorca.com\/wp-content\/uploads\/2025\/04\/7baea2f1-6115-471a-837c-a233462b95e5-2-600x375.jpg 600w, https:\/\/www.privatepropertymallorca.com\/wp-content\/uploads\/2025\/04\/7baea2f1-6115-471a-837c-a233462b95e5-2-768x480.jpg 768w, https:\/\/www.privatepropertymallorca.com\/wp-content\/uploads\/2025\/04\/7baea2f1-6115-471a-837c-a233462b95e5-2-1536x960.jpg 1536w, https:\/\/www.privatepropertymallorca.com\/wp-content\/uploads\/2025\/04\/7baea2f1-6115-471a-837c-a233462b95e5-2.jpg 1920w\" sizes=\"(max-width: 525px) 100vw, 525px\" \/><\/a><div class=\"tag-wrapper\"><div class=\"status-wrapper\"><\/div><\/div><\/div>\n\n            <h4><a href=\"https:\/\/www.privatepropertymallorca.com\/en\/realestate\/project-unique-village-house-in-finca-style-with-large-garden-pool-in-ses-salines\/\" target=\"_self\">\n                Unique village house in Ses Salines with huge garden &amp; pool                <\/a> \n            <\/h4> \n        \n            <div class=\"property_listing_details\">\n                <div class=\"smallCol\"><div class=\"inforoom_unit_type2\"><\/div><div>4<\/div><\/div><div class=\"smallCol\"><div class=\"infobath_unit_type2\"><\/div><div>4<\/div><\/div><div class=\"smallCol\"><div class=\"infosize_unit_type2\"><\/div><div>375 m&sup2;<\/div><\/div><div class=\"smallCol\"><div class=\"infolotsize_unit_type2\"><\/div><div>360 m&sup2;<\/div><\/div>            <\/div>\n\t\t\n            <div class=\"listing_unit_price_wrapper\">3.150.000 \u20ac <span class=\"price_label\"><\/span><\/div>               \n            <div class=\"property_location\">\n                    \n                    <div class=\"ownerNotes\">D-4686<\/div><div class=\"propertyArea\"><a href=\"https:\/\/www.privatepropertymallorca.com\/en\/state\/southeast\/\" rel=\"tag\">Southeast<\/a>, <a href=\"https:\/\/www.privatepropertymallorca.com\/en\/city\/ses-salines-en\/\" rel=\"tag\">Ses Salines<\/a><\/div>                        <\/div>        <\/div>             \n    <\/div>\n  \n\n\n\n<div class=\"col-md-3 shortcode-col has_4per_row  listing_wrapper property_unit_type2\" data-org=\"4\" data-listid=\"1226352\" > \n    <div class=\"property_listing property_unit_type2  \" data-link=\"https:\/\/www.privatepropertymallorca.com\/en\/realestate\/garden-apartment-with-charm-style-and-mountain-views-and-pool-in-establiments-palma-de-mallorca\/\">\n        \n        <div class=\"listing-unit-img-wrapper\"><a href=\"https:\/\/www.privatepropertymallorca.com\/en\/realestate\/garden-apartment-with-charm-style-and-mountain-views-and-pool-in-establiments-palma-de-mallorca\/\" target=\"_self\"><img loading=\"lazy\" decoding=\"async\" width=\"525\" height=\"328\" src=\"https:\/\/www.privatepropertymallorca.com\/wp-content\/uploads\/2025\/09\/ed9e9871-9454-4291-a91d-2fe8e9e3cbc1-1-525x328.jpg\" class=\"lazyload img-responsive wp-post-image\" alt=\"5303 Apartment Establiments25\" data-original=\"https:\/\/www.privatepropertymallorca.com\/wp-content\/uploads\/2025\/09\/ed9e9871-9454-4291-a91d-2fe8e9e3cbc1-1-525x328.jpg\" \/><\/a><div class=\"tag-wrapper\"><div class=\"status-wrapper\"><\/div><\/div><\/div>\n\n            <h4><a href=\"https:\/\/www.privatepropertymallorca.com\/en\/realestate\/garden-apartment-with-charm-style-and-mountain-views-and-pool-in-establiments-palma-de-mallorca\/\" target=\"_self\">\n                Garden apartment with charm, style and mountain views and pool in Establiments, Palma de Mallorca                <\/a> \n            <\/h4> \n        \n            <div class=\"property_listing_details\">\n                <div class=\"smallCol\"><div class=\"inforoom_unit_type2\"><\/div><div>3<\/div><\/div><div class=\"smallCol\"><div class=\"infobath_unit_type2\"><\/div><div>3<\/div><\/div><div class=\"smallCol\"><div class=\"infosize_unit_type2\"><\/div><div>190 m&sup2;<\/div><\/div><div class=\"smallCol\"><div class=\"infolotsize_unit_type2\"><\/div><div>1503 m&sup2;<\/div><\/div>            <\/div>\n\t\t\n            <div class=\"listing_unit_price_wrapper\">1.200.000 \u20ac <span class=\"price_label\"><\/span><\/div>               \n            <div class=\"property_location\">\n                    \n                    <div class=\"ownerNotes\">5303-123<\/div><div class=\"propertyArea\">, <a href=\"https:\/\/www.privatepropertymallorca.com\/en\/city\/establiments-en\/\" rel=\"tag\">Establiments<\/a><\/div>                        <\/div>        <\/div>             \n    <\/div>\n  \n\n\n\n<div class=\"col-md-3 shortcode-col has_4per_row  listing_wrapper property_unit_type2\" data-org=\"4\" data-listid=\"834645\" > \n    <div class=\"property_listing property_unit_type2  \" data-link=\"https:\/\/www.privatepropertymallorca.com\/en\/realestate\/impressive-villa-with-lots-of-potential-pool-and-fantastic-sea-and-harbor-views-in-port-dandratx\/\">\n        \n        <div class=\"listing-unit-img-wrapper\"><a href=\"https:\/\/www.privatepropertymallorca.com\/en\/realestate\/impressive-villa-with-lots-of-potential-pool-and-fantastic-sea-and-harbor-views-in-port-dandratx\/\" target=\"_self\"><img loading=\"lazy\" decoding=\"async\" width=\"525\" height=\"328\" src=\"https:\/\/www.privatepropertymallorca.com\/wp-content\/uploads\/2023\/02\/a1600297-3db1-4469-b7e0-810f96b32685-1-525x328.jpg\" class=\"lazyload img-responsive wp-post-image\" alt=\"V-4411-96 Villa mit viel Potenzial, Pool, fantastischem Meer- und Hafenblick im S\u00fcden von Andratx 17\" data-original=\"https:\/\/www.privatepropertymallorca.com\/wp-content\/uploads\/2023\/02\/a1600297-3db1-4469-b7e0-810f96b32685-1-525x328.jpg\" \/><\/a><div class=\"tag-wrapper\"><div class=\"status-wrapper\"><\/div><\/div><\/div>\n\n            <h4><a href=\"https:\/\/www.privatepropertymallorca.com\/en\/realestate\/impressive-villa-with-lots-of-potential-pool-and-fantastic-sea-and-harbor-views-in-port-dandratx\/\" target=\"_self\">\n                Impressive villa with lots of potential, pool and fantastic sea and harbor views in Port d&#8217;Andratx                <\/a> \n            <\/h4> \n        \n            <div class=\"property_listing_details\">\n                <div class=\"smallCol\"><div class=\"inforoom_unit_type2\"><\/div><div>5<\/div><\/div><div class=\"smallCol\"><div class=\"infobath_unit_type2\"><\/div><div>6<\/div><\/div><div class=\"smallCol\"><div class=\"infosize_unit_type2\"><\/div><div>321 m&sup2;<\/div><\/div><div class=\"smallCol\"><div class=\"infolotsize_unit_type2\"><\/div><div>878 m&sup2;<\/div><\/div>            <\/div>\n\t\t\n            <div class=\"listing_unit_price_wrapper\">7.900.000 \u20ac <span class=\"price_label\"><\/span><\/div>               \n            <div class=\"property_location\">\n                    \n                    <div class=\"ownerNotes\">V-4411-96<\/div><div class=\"propertyArea\"><a href=\"https:\/\/www.privatepropertymallorca.com\/en\/state\/southwest\/\" rel=\"tag\">Southwest<\/a>, <a href=\"https:\/\/www.privatepropertymallorca.com\/en\/city\/port-andratx-en\/\" rel=\"tag\">Port Andratx<\/a><\/div>                        <\/div>        <\/div>             \n    <\/div>\n  \n\n\n\n<div class=\"col-md-3 shortcode-col has_4per_row  listing_wrapper property_unit_type2\" data-org=\"4\" data-listid=\"1283632\" > \n    <div class=\"property_listing property_unit_type2  \" data-link=\"https:\/\/www.privatepropertymallorca.com\/en\/realestate\/beautiful-villa-with-rental-license-in-cala-dor\/\">\n        \n        <div class=\"listing-unit-img-wrapper\"><a href=\"https:\/\/www.privatepropertymallorca.com\/en\/realestate\/beautiful-villa-with-rental-license-in-cala-dor\/\" target=\"_self\"><img loading=\"lazy\" decoding=\"async\" width=\"525\" height=\"328\" src=\"https:\/\/www.privatepropertymallorca.com\/wp-content\/uploads\/2026\/03\/2d3f54bb-b348-4856-a81f-81e8c4a59fe1-1-525x328.jpg\" class=\"lazyload img-responsive wp-post-image\" alt=\"ing_2356\" data-original=\"https:\/\/www.privatepropertymallorca.com\/wp-content\/uploads\/2026\/03\/2d3f54bb-b348-4856-a81f-81e8c4a59fe1-1-525x328.jpg\" \/><\/a><div class=\"tag-wrapper\"><div class=\"status-wrapper\"><div class=\"ribbon-inside holiday-rental-licence\">Holiday rental licence<\/div><\/div><\/div><\/div>\n\n            <h4><a href=\"https:\/\/www.privatepropertymallorca.com\/en\/realestate\/beautiful-villa-with-rental-license-in-cala-dor\/\" target=\"_self\">\n                Beautiful villa with rental license in Cala d&#8217;Or                <\/a> \n            <\/h4> \n        \n            <div class=\"property_listing_details\">\n                <div class=\"smallCol\"><div class=\"inforoom_unit_type2\"><\/div><div>5<\/div><\/div><div class=\"smallCol\"><div class=\"infobath_unit_type2\"><\/div><div>4<\/div><\/div><div class=\"smallCol\"><div class=\"infosize_unit_type2\"><\/div><div>260 m&sup2;<\/div><\/div><div class=\"smallCol\"><div class=\"infolotsize_unit_type2\"><\/div><div>1083 m&sup2;<\/div><\/div>            <\/div>\n\t\t\n            <div class=\"listing_unit_price_wrapper\">2.000.000 \u20ac <span class=\"price_label\"><\/span><\/div>               \n            <div class=\"property_location\">\n                    \n                    <div class=\"ownerNotes\">5473<\/div><div class=\"propertyArea\"><a href=\"https:\/\/www.privatepropertymallorca.com\/en\/state\/southeast\/\" rel=\"tag\">Southeast<\/a>, <a href=\"https:\/\/www.privatepropertymallorca.com\/en\/city\/cala-dor-en\/\" rel=\"tag\">Cala D'or<\/a><\/div>                        <\/div>        <\/div>             \n    <\/div>\n  \n\n\n\n<div class=\"col-md-3 shortcode-col has_4per_row  listing_wrapper property_unit_type2\" data-org=\"4\" data-listid=\"1194365\" > \n    <div class=\"property_listing property_unit_type2  \" data-link=\"https:\/\/www.privatepropertymallorca.com\/en\/realestate\/exclusive-first-floor-apartment-in-bendinat-luxury-and-elegance-in-a-prime-location\/\">\n        \n        <div class=\"listing-unit-img-wrapper\"><a href=\"https:\/\/www.privatepropertymallorca.com\/en\/realestate\/exclusive-first-floor-apartment-in-bendinat-luxury-and-elegance-in-a-prime-location\/\" target=\"_self\"><img loading=\"lazy\" decoding=\"async\" width=\"525\" height=\"328\" src=\"https:\/\/www.privatepropertymallorca.com\/wp-content\/uploads\/2025\/04\/c85b821c-a83e-4b61-bd38-bcde756b16bd-525x328.jpg\" class=\"lazyload img-responsive wp-post-image\" alt=\"5226 Exklusives First-Floor-Apartment in Bendinat \u2013 Luxus und Eleganz in bester Lage 5\" data-original=\"https:\/\/www.privatepropertymallorca.com\/wp-content\/uploads\/2025\/04\/c85b821c-a83e-4b61-bd38-bcde756b16bd-525x328.jpg\" \/><\/a><div class=\"tag-wrapper\"><div class=\"status-wrapper\"><\/div><\/div><\/div>\n\n            <h4><a href=\"https:\/\/www.privatepropertymallorca.com\/en\/realestate\/exclusive-first-floor-apartment-in-bendinat-luxury-and-elegance-in-a-prime-location\/\" target=\"_self\">\n                Exclusive first-floor apartment in Bendinat &#8211; luxury and elegance in a prime location                <\/a> \n            <\/h4> \n        \n            <div class=\"property_listing_details\">\n                <div class=\"smallCol\"><div class=\"inforoom_unit_type2\"><\/div><div>3<\/div><\/div><div class=\"smallCol\"><div class=\"infobath_unit_type2\"><\/div><div>4<\/div><\/div><div class=\"smallCol\"><div class=\"infosize_unit_type2\"><\/div><div>255 m&sup2;<\/div><\/div><div class=\"smallCol\"><div class=\"infolotsize_unit_type2\"><\/div><div>0 m&sup2;<\/div><\/div>            <\/div>\n\t\t\n            <div class=\"listing_unit_price_wrapper\">1.995.000 \u20ac <span class=\"price_label\"><\/span><\/div>               \n            <div class=\"property_location\">\n                    \n                    <div class=\"ownerNotes\">5226<\/div><div class=\"propertyArea\"><a href=\"https:\/\/www.privatepropertymallorca.com\/en\/state\/southwest\/\" rel=\"tag\">Southwest<\/a>, <a href=\"https:\/\/www.privatepropertymallorca.com\/en\/city\/bendinat-en\/\" rel=\"tag\">Bendinat<\/a><\/div>                        <\/div>        <\/div>             \n    <\/div>\n  \n\n\n\n<div class=\"col-md-3 shortcode-col has_4per_row  listing_wrapper property_unit_type2\" data-org=\"4\" data-listid=\"1294437\" > \n    <div class=\"property_listing property_unit_type2  \" data-link=\"https:\/\/www.privatepropertymallorca.com\/en\/realestate\/villa-with-sea-views-in-cas-catala-mallorca\/\">\n        \n        <div class=\"listing-unit-img-wrapper\"><a href=\"https:\/\/www.privatepropertymallorca.com\/en\/realestate\/villa-with-sea-views-in-cas-catala-mallorca\/\" target=\"_self\"><img loading=\"lazy\" decoding=\"async\" width=\"525\" height=\"328\" src=\"https:\/\/www.privatepropertymallorca.com\/wp-content\/uploads\/2026\/04\/c847c382-b4c9-49a3-aa92-4df3b9b5d671-525x328.jpg\" class=\"lazyload img-responsive wp-post-image\" alt=\"5505 - Villa in Cas Catala27\" data-original=\"https:\/\/www.privatepropertymallorca.com\/wp-content\/uploads\/2026\/04\/c847c382-b4c9-49a3-aa92-4df3b9b5d671-525x328.jpg\" \/><\/a><div class=\"tag-wrapper\"><div class=\"status-wrapper\"><\/div><\/div><\/div>\n\n            <h4><a href=\"https:\/\/www.privatepropertymallorca.com\/en\/realestate\/villa-with-sea-views-in-cas-catala-mallorca\/\" target=\"_self\">\n                Villa in Cas Catal\u00e1, Mallorca for sale with sea views                <\/a> \n            <\/h4> \n        \n            <div class=\"property_listing_details\">\n                <div class=\"smallCol\"><div class=\"inforoom_unit_type2\"><\/div><div>4<\/div><\/div><div class=\"smallCol\"><div class=\"infobath_unit_type2\"><\/div><div>3<\/div><\/div><div class=\"smallCol\"><div class=\"infosize_unit_type2\"><\/div><div>475 m&sup2;<\/div><\/div><div class=\"smallCol\"><div class=\"infolotsize_unit_type2\"><\/div><div>831 m&sup2;<\/div><\/div>            <\/div>\n\t\t\n            <div class=\"listing_unit_price_wrapper\">4.950.000 \u20ac <span class=\"price_label\"><\/span><\/div>               \n            <div class=\"property_location\">\n                    \n                    <div class=\"ownerNotes\">5505<\/div><div class=\"propertyArea\"><a href=\"https:\/\/www.privatepropertymallorca.com\/en\/state\/southwest\/\" rel=\"tag\">Southwest<\/a>, <a href=\"https:\/\/www.privatepropertymallorca.com\/en\/city\/cas-catala-en\/\" rel=\"tag\">Cas Catala<\/a><\/div>                        <\/div>        <\/div>             \n    <\/div>\n  \n\n\n\n<div class=\"col-md-3 shortcode-col has_4per_row  listing_wrapper property_unit_type2\" data-org=\"4\" data-listid=\"1009514\" > \n    <div class=\"property_listing property_unit_type2  \" data-link=\"https:\/\/www.privatepropertymallorca.com\/en\/realestate\/core-renovated-sea-view-apartment-in-quiet-area-and-close-to-the-sea-in-santa-ponsa\/\">\n        \n        <div class=\"listing-unit-img-wrapper\"><a href=\"https:\/\/www.privatepropertymallorca.com\/en\/realestate\/core-renovated-sea-view-apartment-in-quiet-area-and-close-to-the-sea-in-santa-ponsa\/\" target=\"_self\"><img loading=\"lazy\" decoding=\"async\" width=\"525\" height=\"328\" src=\"https:\/\/www.privatepropertymallorca.com\/wp-content\/uploads\/2023\/07\/eb1c4283-9804-4a44-898b-998f8f86886e-1-525x328.jpg\" class=\"lazyload img-responsive wp-post-image\" alt=\"A-4743 Kernsaniertes Meerblick-Apartment in ruhiger Lage und Meeresn\u00e4he, in Santa Ponsa\" data-original=\"https:\/\/www.privatepropertymallorca.com\/wp-content\/uploads\/2023\/07\/eb1c4283-9804-4a44-898b-998f8f86886e-1-525x328.jpg\" \/><\/a><div class=\"tag-wrapper\"><div class=\"status-wrapper\"><\/div><\/div><\/div>\n\n            <h4><a href=\"https:\/\/www.privatepropertymallorca.com\/en\/realestate\/core-renovated-sea-view-apartment-in-quiet-area-and-close-to-the-sea-in-santa-ponsa\/\" target=\"_self\">\n                Refurbished sea view apartment for sale in Santa Ponsa in a quiet location close to the sea                <\/a> \n            <\/h4> \n        \n            <div class=\"property_listing_details\">\n                <div class=\"smallCol\"><div class=\"inforoom_unit_type2\"><\/div><div>2<\/div><\/div><div class=\"smallCol\"><div class=\"infobath_unit_type2\"><\/div><div>2<\/div><\/div><div class=\"smallCol\"><div class=\"infosize_unit_type2\"><\/div><div>90 m&sup2;<\/div><\/div><div class=\"smallCol\"><div class=\"infolotsize_unit_type2\"><\/div><div>0 m&sup2;<\/div><\/div>            <\/div>\n\t\t\n            <div class=\"listing_unit_price_wrapper\">700.000 \u20ac <span class=\"price_label\"><\/span><\/div>               \n            <div class=\"property_location\">\n                    \n                    <div class=\"ownerNotes\">A-4743<\/div><div class=\"propertyArea\"><a href=\"https:\/\/www.privatepropertymallorca.com\/en\/state\/southwest\/\" rel=\"tag\">Southwest<\/a>, <a href=\"https:\/\/www.privatepropertymallorca.com\/en\/city\/santa-ponsa-en\/\" rel=\"tag\">Santa Ponsa<\/a><\/div>                        <\/div>        <\/div>             \n    <\/div>\n  \n\n\n\n<div class=\"col-md-3 shortcode-col has_4per_row  listing_wrapper property_unit_type2\" data-org=\"4\" data-listid=\"1250213\" > \n    <div class=\"property_listing property_unit_type2  \" data-link=\"https:\/\/www.privatepropertymallorca.com\/en\/realestate\/fantastic-mediterranean-villa-in-first-sea-line-with-large-pool-and-private-sea-access\/\">\n        \n        <div class=\"listing-unit-img-wrapper\"><a href=\"https:\/\/www.privatepropertymallorca.com\/en\/realestate\/fantastic-mediterranean-villa-in-first-sea-line-with-large-pool-and-private-sea-access\/\" target=\"_self\"><img loading=\"lazy\" decoding=\"async\" width=\"525\" height=\"328\" src=\"https:\/\/www.privatepropertymallorca.com\/wp-content\/uploads\/2025\/08\/611890b7-5ec7-4775-935f-f981af45477d-1-525x328.jpg\" class=\"lazyload img-responsive wp-post-image\" alt=\"Villa in Torrenova22\" data-original=\"https:\/\/www.privatepropertymallorca.com\/wp-content\/uploads\/2025\/08\/611890b7-5ec7-4775-935f-f981af45477d-1-525x328.jpg\" \/><\/a><div class=\"tag-wrapper\"><div class=\"status-wrapper\"><\/div><\/div><\/div>\n\n            <h4><a href=\"https:\/\/www.privatepropertymallorca.com\/en\/realestate\/fantastic-mediterranean-villa-in-first-sea-line-with-large-pool-and-private-sea-access\/\" target=\"_self\">\n                Fantastic Mediterranean villa in first sea line with large pool and private sea access                <\/a> \n            <\/h4> \n        \n            <div class=\"property_listing_details\">\n                <div class=\"smallCol\"><div class=\"inforoom_unit_type2\"><\/div><div>6<\/div><\/div><div class=\"smallCol\"><div class=\"infobath_unit_type2\"><\/div><div>6<\/div><\/div><div class=\"smallCol\"><div class=\"infosize_unit_type2\"><\/div><div>487 m&sup2;<\/div><\/div><div class=\"smallCol\"><div class=\"infolotsize_unit_type2\"><\/div><div>1464 m&sup2;<\/div><\/div>            <\/div>\n\t\t\n            <div class=\"listing_unit_price_wrapper\">8.200.000 \u20ac <span class=\"price_label\"><\/span><\/div>               \n            <div class=\"property_location\">\n                    \n                    <div class=\"ownerNotes\">V-3726<\/div><div class=\"propertyArea\"><a href=\"https:\/\/www.privatepropertymallorca.com\/en\/state\/southwest\/\" rel=\"tag\">Southwest<\/a>, <a href=\"https:\/\/www.privatepropertymallorca.com\/en\/city\/palmanova-en\/\" rel=\"tag\">Palmanova<\/a><\/div>                        <\/div>        <\/div>             \n    <\/div>\n  \n\n\n\n<div class=\"col-md-3 shortcode-col has_4per_row  listing_wrapper property_unit_type2\" data-org=\"4\" data-listid=\"1223444\" > \n    <div class=\"property_listing property_unit_type2  \" data-link=\"https:\/\/www.privatepropertymallorca.com\/en\/realestate\/elegant-villa-in-el-terreno-with-park-like-garden-pool-and-stunning-views-of-the-harbor\/\">\n        \n        <div class=\"listing-unit-img-wrapper\"><a href=\"https:\/\/www.privatepropertymallorca.com\/en\/realestate\/elegant-villa-in-el-terreno-with-park-like-garden-pool-and-stunning-views-of-the-harbor\/\" target=\"_self\"><img loading=\"lazy\" decoding=\"async\" width=\"525\" height=\"328\" src=\"https:\/\/www.privatepropertymallorca.com\/wp-content\/uploads\/2025\/05\/aad724c9-a9a9-446c-b4dc-594915cddebe-1-525x328.jpg\" class=\"lazyload img-responsive wp-post-image\" alt=\"D-1988-110 Elegante Villa in El Terreno mit park\u00e4hnlichem Garten, Pool und herrlichem Blick auf den Hafen\" data-original=\"https:\/\/www.privatepropertymallorca.com\/wp-content\/uploads\/2025\/05\/aad724c9-a9a9-446c-b4dc-594915cddebe-1-525x328.jpg\" \/><\/a><div class=\"tag-wrapper\"><div class=\"status-wrapper\"><\/div><\/div><\/div>\n\n            <h4><a href=\"https:\/\/www.privatepropertymallorca.com\/en\/realestate\/elegant-villa-in-el-terreno-with-park-like-garden-pool-and-stunning-views-of-the-harbor\/\" target=\"_self\">\n                Elegant villa in El Terreno with park-like garden, pool and stunning views of the harbor                <\/a> \n            <\/h4> \n        \n            <div class=\"property_listing_details\">\n                <div class=\"smallCol\"><div class=\"inforoom_unit_type2\"><\/div><div>7<\/div><\/div><div class=\"smallCol\"><div class=\"infobath_unit_type2\"><\/div><div>7<\/div><\/div><div class=\"smallCol\"><div class=\"infosize_unit_type2\"><\/div><div>731 m&sup2;<\/div><\/div><div class=\"smallCol\"><div class=\"infolotsize_unit_type2\"><\/div><div>2369 m&sup2;<\/div><\/div>            <\/div>\n\t\t\n            <div class=\"listing_unit_price_wrapper\">4.950.000 \u20ac <span class=\"price_label\"><\/span><\/div>               \n            <div class=\"property_location\">\n                    \n                    <div class=\"ownerNotes\">D-1988-110<\/div><div class=\"propertyArea\"><a href=\"https:\/\/www.privatepropertymallorca.com\/en\/state\/palma-surroundings\/\" rel=\"tag\">Palma &amp; Surroundings<\/a>, <a href=\"https:\/\/www.privatepropertymallorca.com\/en\/city\/el-terreno-en\/\" rel=\"tag\">El Terreno<\/a><\/div>                        <\/div>        <\/div>             \n    <\/div>\n  \n\n\n\n<div class=\"col-md-3 shortcode-col has_4per_row  listing_wrapper property_unit_type2\" data-org=\"4\" data-listid=\"1053432\" > \n    <div class=\"property_listing property_unit_type2  \" data-link=\"https:\/\/www.privatepropertymallorca.com\/en\/realestate\/first-purchase-fantastic-new-build-finca-in-santanyi-with-pool-and-absolute-privacy\/\">\n        \n        <div class=\"listing-unit-img-wrapper\"><a href=\"https:\/\/www.privatepropertymallorca.com\/en\/realestate\/first-purchase-fantastic-new-build-finca-in-santanyi-with-pool-and-absolute-privacy\/\" target=\"_self\"><img decoding=\"async\" src=\"https:\/\/www.privatepropertymallorca.com\/wp-content\/themes\/wpresidence\/img\/defaults\/default_property_listings.jpg\" class=\"b-lazy img-responsive wp-post-image  lazy-hidden\" alt=user image\" \/><\/a><div class=\"tag-wrapper\"><div class=\"status-wrapper\"><\/div><\/div><\/div>\n\n            <h4><a href=\"https:\/\/www.privatepropertymallorca.com\/en\/realestate\/first-purchase-fantastic-new-build-finca-in-santanyi-with-pool-and-absolute-privacy\/\" target=\"_self\">\n                FIRST PURCHASE! Fantastic new build finca in Santanyi with pool and absolute privacy                <\/a> \n            <\/h4> \n        \n            <div class=\"property_listing_details\">\n                <div class=\"smallCol\"><div class=\"inforoom_unit_type2\"><\/div><div>5<\/div><\/div><div class=\"smallCol\"><div class=\"infobath_unit_type2\"><\/div><div>5<\/div><\/div><div class=\"smallCol\"><div class=\"infosize_unit_type2\"><\/div><div>350 m&sup2;<\/div><\/div><div class=\"smallCol\"><div class=\"infolotsize_unit_type2\"><\/div><div>17758 m&sup2;<\/div><\/div>            <\/div>\n\t\t\n            <div class=\"listing_unit_price_wrapper\">2.950.000 \u20ac <span class=\"price_label\"><\/span><\/div>               \n            <div class=\"property_location\">\n                    \n                    <div class=\"ownerNotes\">F-3269<\/div><div class=\"propertyArea\"><a href=\"https:\/\/www.privatepropertymallorca.com\/en\/state\/southeast\/\" rel=\"tag\">Southeast<\/a>, <a href=\"https:\/\/www.privatepropertymallorca.com\/en\/city\/santanyi-en\/\" rel=\"tag\">Santanyi<\/a><\/div>                        <\/div>        <\/div>             \n    <\/div>\n  \n\n\n\n<div class=\"col-md-3 shortcode-col has_4per_row  listing_wrapper property_unit_type2\" data-org=\"4\" data-listid=\"1290618\" > \n    <div class=\"property_listing property_unit_type2  \" data-link=\"https:\/\/www.privatepropertymallorca.com\/en\/realestate\/high-quality-renovated-penthouse-with-roof-terrace-in-el-molinar-palma\/\">\n        \n        <div class=\"listing-unit-img-wrapper\"><a href=\"https:\/\/www.privatepropertymallorca.com\/en\/realestate\/high-quality-renovated-penthouse-with-roof-terrace-in-el-molinar-palma\/\" target=\"_self\"><img loading=\"lazy\" decoding=\"async\" width=\"525\" height=\"328\" src=\"https:\/\/www.privatepropertymallorca.com\/wp-content\/uploads\/2026\/01\/6fbd3123-d334-438c-9b69-92b674faa2a7-1-525x328.jpg\" class=\"lazyload img-responsive wp-post-image\" alt=\"5497 - Penthaus in El Molinar 21\" data-original=\"https:\/\/www.privatepropertymallorca.com\/wp-content\/uploads\/2026\/01\/6fbd3123-d334-438c-9b69-92b674faa2a7-1-525x328.jpg\" \/><\/a><div class=\"tag-wrapper\"><div class=\"status-wrapper\"><\/div><\/div><\/div>\n\n            <h4><a href=\"https:\/\/www.privatepropertymallorca.com\/en\/realestate\/high-quality-renovated-penthouse-with-roof-terrace-in-el-molinar-palma\/\" target=\"_self\">\n                High-quality renovated penthouse en El Molinar for sale with roof terrace                <\/a> \n            <\/h4> \n        \n            <div class=\"property_listing_details\">\n                <div class=\"smallCol\"><div class=\"inforoom_unit_type2\"><\/div><div>3<\/div><\/div><div class=\"smallCol\"><div class=\"infobath_unit_type2\"><\/div><div>2<\/div><\/div><div class=\"smallCol\"><div class=\"infosize_unit_type2\"><\/div><div>0 m&sup2;<\/div><\/div><div class=\"smallCol\"><div class=\"infolotsize_unit_type2\"><\/div><div>0 m&sup2;<\/div><\/div>            <\/div>\n\t\t\n            <div class=\"listing_unit_price_wrapper\">860.000 \u20ac <span class=\"price_label\"><\/span><\/div>               \n            <div class=\"property_location\">\n                    \n                    <div class=\"ownerNotes\">5497<\/div><div class=\"propertyArea\"><a href=\"https:\/\/www.privatepropertymallorca.com\/en\/state\/palma-surroundings\/\" rel=\"tag\">Palma &amp; Surroundings<\/a>, <a href=\"https:\/\/www.privatepropertymallorca.com\/en\/city\/molinar-en\/\" rel=\"tag\">Molinar<\/a><\/div>                        <\/div>        <\/div>             \n    <\/div>\n  \n\n\n\n<div class=\"col-md-3 shortcode-col has_4per_row  listing_wrapper property_unit_type2\" data-org=\"4\" data-listid=\"1131007\" > \n    <div class=\"property_listing property_unit_type2  \" data-link=\"https:\/\/www.privatepropertymallorca.com\/en\/realestate\/exceptional-villa-in-badia-blava-with-large-pool-terrace-and-elegant-furnishings\/\">\n        \n        <div class=\"listing-unit-img-wrapper\"><a href=\"https:\/\/www.privatepropertymallorca.com\/en\/realestate\/exceptional-villa-in-badia-blava-with-large-pool-terrace-and-elegant-furnishings\/\" target=\"_self\"><img loading=\"lazy\" decoding=\"async\" width=\"525\" height=\"328\" src=\"https:\/\/www.privatepropertymallorca.com\/wp-content\/uploads\/2024\/04\/37573067-0d99-4452-a44d-cb6e29c35531-525x328.jpg\" class=\"lazyload img-responsive wp-post-image\" alt=\"5059 Au\u00dfergew\u00f6hnliche Villa in Badia Blava mit gro\u00dfer Pool Terrasse und eleganter Ausstattung 14\" data-original=\"https:\/\/www.privatepropertymallorca.com\/wp-content\/uploads\/2024\/04\/37573067-0d99-4452-a44d-cb6e29c35531-525x328.jpg\" \/><\/a><div class=\"tag-wrapper\"><div class=\"status-wrapper\"><\/div><\/div><\/div>\n\n            <h4><a href=\"https:\/\/www.privatepropertymallorca.com\/en\/realestate\/exceptional-villa-in-badia-blava-with-large-pool-terrace-and-elegant-furnishings\/\" target=\"_self\">\n                Exceptional villa in Badia Blava with large pool terrace and elegant furnishings                <\/a> \n            <\/h4> \n        \n            <div class=\"property_listing_details\">\n                <div class=\"smallCol\"><div class=\"inforoom_unit_type2\"><\/div><div>3<\/div><\/div><div class=\"smallCol\"><div class=\"infobath_unit_type2\"><\/div><div>3<\/div><\/div><div class=\"smallCol\"><div class=\"infosize_unit_type2\"><\/div><div>513 m&sup2;<\/div><\/div><div class=\"smallCol\"><div class=\"infolotsize_unit_type2\"><\/div><div>1126 m&sup2;<\/div><\/div>            <\/div>\n\t\t\n            <div class=\"listing_unit_price_wrapper\">2.800.000 \u20ac <span class=\"price_label\"><\/span><\/div>               \n            <div class=\"property_location\">\n                    \n                    <div class=\"ownerNotes\">5059<\/div><div class=\"propertyArea\"><a href=\"https:\/\/www.privatepropertymallorca.com\/en\/state\/south\/\" rel=\"tag\">South<\/a>, <a href=\"https:\/\/www.privatepropertymallorca.com\/en\/city\/bahia-blava-en\/\" rel=\"tag\">Bahia Blava<\/a><\/div>                        <\/div>        <\/div>             \n    <\/div>\n  \n\n\n\n<div class=\"col-md-3 shortcode-col has_4per_row  listing_wrapper property_unit_type2\" data-org=\"4\" data-listid=\"1052292\" > \n    <div class=\"property_listing property_unit_type2  \" data-link=\"https:\/\/www.privatepropertymallorca.com\/en\/realestate\/well-maintained-natural-stone-finca-with-large-pool-panoramic-views-and-lots-of-privacy-between-campos-and-felanitx\/\">\n        \n        <div class=\"listing-unit-img-wrapper\"><a href=\"https:\/\/www.privatepropertymallorca.com\/en\/realestate\/well-maintained-natural-stone-finca-with-large-pool-panoramic-views-and-lots-of-privacy-between-campos-and-felanitx\/\" target=\"_self\"><img loading=\"lazy\" decoding=\"async\" width=\"525\" height=\"328\" src=\"https:\/\/www.privatepropertymallorca.com\/wp-content\/uploads\/2023\/08\/Titelbild_343197-1-525x328.jpg\" class=\"lazyload img-responsive wp-post-image\" alt=\"F-2088 Gepflegte Naturstein Finca mit grossem Pool, Weitblick und viel Privatsph\u00e4re zwischen Campos und Felanitx\" data-original=\"https:\/\/www.privatepropertymallorca.com\/wp-content\/uploads\/2023\/08\/Titelbild_343197-1-525x328.jpg\" \/><\/a><div class=\"tag-wrapper\"><div class=\"status-wrapper\"><div class=\"ribbon-inside holiday-rental-licence\">Holiday rental licence<\/div><\/div><\/div><\/div>\n\n            <h4><a href=\"https:\/\/www.privatepropertymallorca.com\/en\/realestate\/well-maintained-natural-stone-finca-with-large-pool-panoramic-views-and-lots-of-privacy-between-campos-and-felanitx\/\" target=\"_self\">\n                Natural stone finca with large pool, panoramic views and lots of privacy between Campos and Felanitx                <\/a> \n            <\/h4> \n        \n            <div class=\"property_listing_details\">\n                <div class=\"smallCol\"><div class=\"inforoom_unit_type2\"><\/div><div>3<\/div><\/div><div class=\"smallCol\"><div class=\"infobath_unit_type2\"><\/div><div>2<\/div><\/div><div class=\"smallCol\"><div class=\"infosize_unit_type2\"><\/div><div>300 m&sup2;<\/div><\/div><div class=\"smallCol\"><div class=\"infolotsize_unit_type2\"><\/div><div>21000 m&sup2;<\/div><\/div>            <\/div>\n\t\t\n            <div class=\"listing_unit_price_wrapper\">1.790.000 \u20ac <span class=\"price_label\"><\/span><\/div>               \n            <div class=\"property_location\">\n                    \n                    <div class=\"ownerNotes\">F-2088<\/div><div class=\"propertyArea\"><a href=\"https:\/\/www.privatepropertymallorca.com\/en\/state\/southeast\/\" rel=\"tag\">Southeast<\/a>, <a href=\"https:\/\/www.privatepropertymallorca.com\/en\/city\/campos-en\/\" rel=\"tag\">Campos<\/a><\/div>                        <\/div>        <\/div>             \n    <\/div>\n  \n\n\n\n<div class=\"col-md-3 shortcode-col has_4per_row  listing_wrapper property_unit_type2\" data-org=\"4\" data-listid=\"1261815\" > \n    <div class=\"property_listing property_unit_type2  \" data-link=\"https:\/\/www.privatepropertymallorca.com\/en\/realestate\/charming-first-floor-apartment-in-santa-ponsa-completely-renovated\/\">\n        \n        <div class=\"listing-unit-img-wrapper\"><a href=\"https:\/\/www.privatepropertymallorca.com\/en\/realestate\/charming-first-floor-apartment-in-santa-ponsa-completely-renovated\/\" target=\"_self\"><img loading=\"lazy\" decoding=\"async\" width=\"525\" height=\"328\" src=\"https:\/\/www.privatepropertymallorca.com\/wp-content\/uploads\/2026\/04\/b0304274-f0a3-49ab-b1a4-f4e4fb2bd566-1-525x328.jpg\" class=\"lazyload img-responsive wp-post-image\" alt=\"5079Charmante Erdgeschosswohnung in Santa Ponsa komplett renoviert 2\" data-original=\"https:\/\/www.privatepropertymallorca.com\/wp-content\/uploads\/2026\/04\/b0304274-f0a3-49ab-b1a4-f4e4fb2bd566-1-525x328.jpg\" \/><\/a><div class=\"tag-wrapper\"><div class=\"status-wrapper\"><\/div><\/div><\/div>\n\n            <h4><a href=\"https:\/\/www.privatepropertymallorca.com\/en\/realestate\/charming-first-floor-apartment-in-santa-ponsa-completely-renovated\/\" target=\"_self\">\n                Charming first floor apartment in Santa Ponsa completely renovated                <\/a> \n            <\/h4> \n        \n            <div class=\"property_listing_details\">\n                <div class=\"smallCol\"><div class=\"inforoom_unit_type2\"><\/div><div>2<\/div><\/div><div class=\"smallCol\"><div class=\"infobath_unit_type2\"><\/div><div>1<\/div><\/div><div class=\"smallCol\"><div class=\"infosize_unit_type2\"><\/div><div>81 m&sup2;<\/div><\/div><div class=\"smallCol\"><div class=\"infolotsize_unit_type2\"><\/div><div>0 m&sup2;<\/div><\/div>            <\/div>\n\t\t\n            <div class=\"listing_unit_price_wrapper\">460.000 \u20ac <span class=\"price_label\"><\/span><\/div>               \n            <div class=\"property_location\">\n                    \n                    <div class=\"ownerNotes\">5079<\/div><div class=\"propertyArea\"><a href=\"https:\/\/www.privatepropertymallorca.com\/en\/state\/southwest\/\" rel=\"tag\">Southwest<\/a>, <a href=\"https:\/\/www.privatepropertymallorca.com\/en\/city\/santa-ponsa-en\/\" rel=\"tag\">Santa Ponsa<\/a><\/div>                        <\/div>        <\/div>             \n    <\/div>\n<div class=\"wpestate_listing_sh_loader\">\n       <div class=\"new_prelader\"><\/div>\n\n    <\/div><div class=\"listinglink-wrapper_sh_listings\">\n               <span class=\"wpresidence_button wpestate_item_list_sh\">load more listings <\/span>\n               <\/div><\/div><script type=\"text\/javascript\">\n                \/\/<![CDATA[\n                jQuery(document).ready(function(){\n                  \/\/  wpestate_anime(\"#wpestate_sh_anime_47\");\n                   \/\/ wpestate_property_list_sh(\"#wpestate_sh_anime_47 .wpestate_item_list_sh\", \"#wpestate_sh_anime_47 .control_tax_sh\");\n                });\n                \/\/]]>\n            <\/script>[\/vc_column][\/vc_row]<\/p>\n<div class=\"bellvueblock \"><img decoding=\"async\" src=\"https:\/\/www.privatepropertymallorca.com\/wp-content\/uploads\/2020\/02\/best_icon-159x300.png\" alt=\"bellvue\"><\/div><\/div>","protected":false},"excerpt":{"rendered":"<p>The House of Son Amar in Mallorca transforms into a magical Christmas Wonderland each December, offering a festive escape for visitors of all ages. Located just a short drive from Palma, this historic venue is a hotspot for holiday cheer, boasting a wide array of attractions and activities that embody the spirit of Christmas.<\/p>\n","protected":false},"author":13,"featured_media":1169895,"comment_status":"closed","ping_status":"closed","sticky":false,"template":"","format":"standard","meta":{"_seopress_robots_primary_cat":"none","_seopress_titles_title":"","_seopress_titles_desc":"","_seopress_robots_index":"","footnotes":""},"categories":[995],"tags":[2629,2739,2628,2742,2627,2677,2676,2206,2292,2315,2675,2740,2741],"class_list":{"0":"post-1169889","1":"post","2":"type-post","3":"status-publish","4":"format-standard","5":"has-post-thumbnail","7":"category-culture","8":"tag-buy-house-in-mallorca-en","9":"tag-christmas-wonderland-en","10":"tag-luxury-properties-fors-sale","11":"tag-mallorca-christmas-markets-en","12":"tag-mallorca-properties-for-sale-en","13":"tag-mallorca-property-search","14":"tag-property-search-in-mallorca","15":"tag-real-estate-in-mallorca","16":"tag-real-estate-mallorca-en","17":"tag-real-estate-santa-ponsa","18":"tag-search-properties-for-sale-in-mallorca","19":"tag-son-amar-en","20":"tag-son-amar-mallorca-en"},"_links":{"self":[{"href":"https:\/\/www.privatepropertymallorca.com\/en\/wp-json\/wp\/v2\/posts\/1169889","targetHints":{"allow":["GET"]}}],"collection":[{"href":"https:\/\/www.privatepropertymallorca.com\/en\/wp-json\/wp\/v2\/posts"}],"about":[{"href":"https:\/\/www.privatepropertymallorca.com\/en\/wp-json\/wp\/v2\/types\/post"}],"author":[{"embeddable":true,"href":"https:\/\/www.privatepropertymallorca.com\/en\/wp-json\/wp\/v2\/users\/13"}],"replies":[{"embeddable":true,"href":"https:\/\/www.privatepropertymallorca.com\/en\/wp-json\/wp\/v2\/comments?post=1169889"}],"version-history":[{"count":0,"href":"https:\/\/www.privatepropertymallorca.com\/en\/wp-json\/wp\/v2\/posts\/1169889\/revisions"}],"wp:featuredmedia":[{"embeddable":true,"href":"https:\/\/www.privatepropertymallorca.com\/en\/wp-json\/wp\/v2\/media\/1169895"}],"wp:attachment":[{"href":"https:\/\/www.privatepropertymallorca.com\/en\/wp-json\/wp\/v2\/media?parent=1169889"}],"wp:term":[{"taxonomy":"category","embeddable":true,"href":"https:\/\/www.privatepropertymallorca.com\/en\/wp-json\/wp\/v2\/categories?post=1169889"},{"taxonomy":"post_tag","embeddable":true,"href":"https:\/\/www.privatepropertymallorca.com\/en\/wp-json\/wp\/v2\/tags?post=1169889"}],"curies":[{"name":"wp","href":"https:\/\/api.w.org\/{rel}","templated":true}]}}