{"id":1299826,"date":"2026-03-17T14:18:39","date_gmt":"2026-03-17T13:18:39","guid":{"rendered":"https:\/\/www.privatepropertymallorca.com\/blending-tradition-culture-food-and-springtime-discover-mallorca\/"},"modified":"2026-03-17T14:44:07","modified_gmt":"2026-03-17T13:44:07","slug":"blending-tradition-culture-food-and-springtime-discover-mallorca","status":"publish","type":"post","link":"https:\/\/www.privatepropertymallorca.com\/en\/culture\/blending-tradition-culture-food-and-springtime-discover-mallorca\/","title":{"rendered":"Blending tradition, culture, food, and springtime &#8211; discover Mallorca!"},"content":{"rendered":"<div class=\"wpb-content-wrapper\"><p>[vc_row][vc_column][vc_column_text]<\/p>\n<h2 class=\"p1\"><b>Blending tradition, culture, food, and springtime - discover Mallorca! <\/b><\/h2>\n<p>&nbsp;<\/p>\n<p class=\"p1\">Mallorca comes alive during Easter\u2014locally celebrated as <i>Setmana Santa<\/i> (Holy Week)\u2014with profound religious processions, local customs, and the first warm weeks of the Mediterranean spring.<\/p>\n<p>&nbsp;<\/p>\n<h3 class=\"p3\"><b>Easter &amp; Spring<\/b><\/h3>\n<p>&nbsp;<\/p>\n<p class=\"p1\">Easter in Mallorca\u2014<b>Sunday, April 5, 2026<\/b>\u2014falls right in the heart of spring. The island is awash with greenery and almond blossoms, temperatures are mild and pleasant (ideal for outdoor activities), and the crowds of summer have not yet arrived. It\u2019s one of the most beautiful times of year to experience the <b>natural landscapes, culture, and local traditions<\/b> all at once.<\/p>\n<p>&nbsp;<\/p>\n<h3 class=\"p3\"><b>Experience Semana Santa: Processions &amp; Traditions<\/b><\/h3>\n<p>&nbsp;<\/p>\n<p class=\"p3\"><b>Palma de Mallorca \u2013 Holy Week Centerpiece<\/b><\/p>\n<p>&nbsp;<\/p>\n<p class=\"p1\">The capital, <b>Palma<\/b>, is the hub of <i>Semana Santa<\/i> celebrations. From <b>Palm Sunday (March 29)<\/b> through <b>Good Friday (April 3)<\/b> and <b>Easter Sunday<\/b>, the city\u2019s historic streets echo with sombre processions. Hooded penitents (<i>cofrad\u00edas<\/i>) dressed in traditional robes parade through the Gothic quarter carrying ornate religious floats (<i>pasos<\/i>), accompanied by drums and candles.<\/p>\n<p>&nbsp;<\/p>\n<ul class=\"ul1\">\n<li class=\"li1\"><b>Maundy Thursday (April 2)<\/b>: The <i>Process\u00f3 del Sant Crist de la Sang<\/i> in Palma is one of the most iconic, marking the solemn mood of Holy Week with lit candles and resonant drumbeats.<\/li>\n<li class=\"li1\"><b>Good Friday (April 3)<\/b>: A deeply emotional day across the island, with dramatic reenactments of the Passion and burial processions in candlelit streets.<\/li>\n<li class=\"li1\"><b>Easter Sunday (April 5)<\/b>: The tone shifts to joyful celebration with church bells, festive meals, and a lighter, springtime atmosphere.<\/li>\n<\/ul>\n<p>&nbsp;<\/p>\n<p class=\"p3\"><b>Other Towns with Unique Easter Traditions<\/b><\/p>\n<p>&nbsp;<\/p>\n<ul class=\"ul1\">\n<li class=\"li1\"><b>Pollen\u00e7a<\/b>: On Good Friday night, the town\u2019s famous \u201cEl Davallament\u201d involves lowering a statue of Christ down 365 steps on Calvary Hill\u2014a breathtaking and silent ceremony.<\/li>\n<li class=\"li1\"><b>Sineu &amp; Other Villages<\/b>: Smaller towns like Sineu, S\u00f3ller, Alc\u00fadia, and Art\u00e0 celebrate <i>Semana Santa<\/i> with more intimate and traditional processions through medieval streets\u2014less touristy but deeply authentic.<\/li>\n<\/ul>\n<p>&nbsp;<\/p>\n<h3 class=\"p3\"><b>Seasonal Gastronomy: Tastes of Easter<\/b><\/h3>\n<p>&nbsp;<\/p>\n<p class=\"p1\">Easter isn\u2019t just about solemn processions\u2014it\u2019s also one of the most delicious times to taste <b>Mallorcan cuisine<\/b>. The island\u2019s bakeries and traditional ovens fill with special goodies that locals enjoy only during this season:<\/p>\n<p>&nbsp;<\/p>\n<ul class=\"ul1\">\n<li class=\"li1\"><b>Panades<\/b> \u2013 Savory pies stuffed with meat, peas, or fish.<\/li>\n<li class=\"li1\"><b>Rubiols<\/b> \u2013 Sweet pastries with jam, cheese, cream, or chocolate.<\/li>\n<li class=\"li1\"><b>Crespells<\/b> \u2013 Star- or flower-shaped biscuits that are especially popular with children.<\/li>\n<\/ul>\n<p>&nbsp;<\/p>\n<p class=\"p1\">Pair these with a coffee or enjoy them on a scenic spring terrace in Palma\u2019s old town\u2014an absolute local favorite.<\/p>\n<p>&nbsp;<\/p>\n<h3 class=\"p3\"><b>Spring Activities Outside the Easter Festivities<\/b><\/h3>\n<p>&nbsp;<\/p>\n<p class=\"p1\">Even if you\u2019re not solely focused on religious events, Easter is a perfect time to explore Mallorca beyond Semana Santa.<\/p>\n<p>&nbsp;<\/p>\n<p class=\"p3\"><b>Explore Natural Beauty<\/b><\/p>\n<p>&nbsp;<\/p>\n<ul class=\"ul1\">\n<li class=\"li1\"><b>Serra de Tramuntana<\/b>: With mild temperatures and wildflowers blooming, hiking trails are at their best. Routes range from coastal paths to mountain summits, offering stunning views of sea and sky.<\/li>\n<li class=\"li1\"><b>Scenic Villages<\/b>: Valldemossa, Dei\u00e0, and S\u00f3ller offer charming cobblestone streets, artisan shops, and caf\u00e9s where you can linger in the spring sunshine.<\/li>\n<\/ul>\n<p>&nbsp;<\/p>\n<p class=\"p3\"><b>Classic Experiences<\/b><\/p>\n<p>&nbsp;<\/p>\n<ul class=\"ul1\">\n<li class=\"li1\"><b>S\u00f3ller Vintage Train<\/b>: Ride the historic train through citrus groves and picturesque countryside\u2014especially enjoyable in spring.<\/li>\n<li class=\"li1\"><b>Botanical Delights<\/b>: Visit botanical gardens like <b>Alfabia Gardens<\/b> for a fragrant stroll among blossoms.<\/li>\n<\/ul>\n<p>&nbsp;<\/p>\n<h3 class=\"p3\"><b>Aquatic &amp; Family Fun<\/b><\/h3>\n<p>&nbsp;<\/p>\n<p class=\"p1\">Rain isn\u2019t common, but if you want a break from the streets and hillsides, enjoy family-friendly activities like visiting the <b>Palma Aquarium<\/b> or exploring hidden coves and dramatic sea caves along the east and south coasts.<\/p>\n<p>&nbsp;<\/p>\n<h3 class=\"p3\"><b>Practical Tips for Easter Week<\/b><\/h3>\n<p>&nbsp;<\/p>\n<ul class=\"ul1\">\n<li class=\"li1\"><b>Public Holidays:<\/b> Maundy Thursday (April 2) and Good Friday (April 3) are public holidays in the Balearic Islands. Many smaller shops and services close on these days and on Easter Monday.<\/li>\n<li class=\"li1\"><b>Opening Hours:<\/b> Major shops and shopping centers often maintain extended hours on Holy Thursday, but closures are common on Good Friday and Easter Monday.<\/li>\n<li class=\"li1\"><b>Book Early:<\/b> Easter is a popular time\u2014hotels and tours book fast. Plan your accommodation and procession-viewing spots well in advance.<\/li>\n<\/ul>\n<p>&nbsp;<\/p>\n<p class=\"p1\">Easter in Mallorca offers an unforgettable blend of <b>ancient tradition, vibrant culture, and serene spring landscapes<\/b>. Whether you seek deep cultural immersion in <i>Semana Santa<\/i>, delicious local cuisine, leisurely outdoor adventures, or simply the joy of Mediterranean spring, Mallorca delivers a rich and rewarding experience.<\/p>\n<p>[\/vc_column_text][\/vc_column][\/vc_row][vc_row][vc_column][vc_empty_space][\/vc_column][\/vc_row][vc_row][vc_column]<div id=\"ultimate-heading-779469f5bc1ed3896\" class=\"uvc-heading ult-adjust-bottom-margin ultimate-heading-779469f5bc1ed3896 uvc-2328 \" data-hspacer=\"no_spacer\"  data-halign=\"center\" style=\"text-align:center\"><div class=\"uvc-heading-spacer no_spacer\" style=\"top\"><\/div><div class=\"uvc-main-heading ult-responsive\"  data-ultimate-target='.uvc-heading.ultimate-heading-779469f5bc1ed3896 h2'  data-responsive-json-new='{\"font-size\":\"\",\"line-height\":\"\"}' ><h2 style=\"font-weight:normal;\">REAL ESTATES MALLORCA<\/h2><\/div><\/div>[\/vc_column][\/vc_row][vc_row][vc_column]<div id=\"wpestate_sh_anime_261\" class=\"article_container wpestate_anime wpestate_latest_listings_sh bottom-estate_property \"  data-type=\"estate_property\" data-category_ids=\"\" data-action_ids=\"\" data-city_ids=\"\" data-area_ids=\"\" data-state_ids=\"\" data-status_ids=\"\" data-number=\"\" data-row-number=\"\" data-align=\"vertical\" data-show_featured_only=\"no\"  data-random_pick=\"no\"  data-featured_first=\"no\" data-page=\"1\" >  \n\n\n\n<div class=\"col-md- shortcode-col has_4per_row  listing_wrapper property_unit_type2\" data-org=\"4\" data-listid=\"1307803\" > \n    <div class=\"property_listing property_unit_type2  \" data-link=\"https:\/\/www.privatepropertymallorca.com\/en\/realestate\/impressive-villa-in-galilea-with-indoor-pool-and-beautiful-panoramic-views\/\">\n        \n        <div class=\"listing-unit-img-wrapper\"><a href=\"https:\/\/www.privatepropertymallorca.com\/en\/realestate\/impressive-villa-in-galilea-with-indoor-pool-and-beautiful-panoramic-views\/\" target=\"_self\"><img fetchpriority=\"high\" decoding=\"async\" width=\"525\" height=\"328\" src=\"https:\/\/www.privatepropertymallorca.com\/wp-content\/uploads\/2026\/04\/14be6c22-f5f0-4c2d-90a3-85d8c4db9d39-1-525x328.jpg\" class=\"lazyload img-responsive wp-post-image\" alt=\"V-3300 Beeindruckende Villa in Galilea mit Indoorpool und wundersch\u00f6nem Panoramablick\" data-original=\"https:\/\/www.privatepropertymallorca.com\/wp-content\/uploads\/2026\/04\/14be6c22-f5f0-4c2d-90a3-85d8c4db9d39-1-525x328.jpg\" \/><\/a><div class=\"tag-wrapper\"><div class=\"status-wrapper\"><\/div><\/div><\/div>\n\n            <h4><a href=\"https:\/\/www.privatepropertymallorca.com\/en\/realestate\/impressive-villa-in-galilea-with-indoor-pool-and-beautiful-panoramic-views\/\" target=\"_self\">\n                Impressive villa in Galilea with indoor pool and beautiful panoramic views                <\/a> \n            <\/h4> \n        \n            <div class=\"property_listing_details\">\n                <div class=\"smallCol\"><div class=\"inforoom_unit_type2\"><\/div><div>4<\/div><\/div><div class=\"smallCol\"><div class=\"infobath_unit_type2\"><\/div><div>5<\/div><\/div><div class=\"smallCol\"><div class=\"infosize_unit_type2\"><\/div><div>747 m&sup2;<\/div><\/div><div class=\"smallCol\"><div class=\"infolotsize_unit_type2\"><\/div><div>4795 m&sup2;<\/div><\/div>            <\/div>\n\t\t\n            <div class=\"listing_unit_price_wrapper\"><span class=\"price_label price_label_before\">on request<\/span>  <span class=\"price_label\"><\/span><\/div>               \n            <div class=\"property_location\">\n                    \n                    <div class=\"ownerNotes\">V-3300<\/div><div class=\"propertyArea\"><a href=\"https:\/\/www.privatepropertymallorca.com\/en\/state\/southwest\/\" rel=\"tag\">Southwest<\/a>, <a href=\"https:\/\/www.privatepropertymallorca.com\/en\/city\/galilea-en-2\/\" rel=\"tag\">Galilea<\/a><\/div>                        <\/div>        <\/div>             \n    <\/div>\n  \n\n\n\n<div class=\"col-md- shortcode-col has_4per_row  listing_wrapper property_unit_type2\" data-org=\"4\" data-listid=\"1221243\" > \n    <div class=\"property_listing property_unit_type2  \" data-link=\"https:\/\/www.privatepropertymallorca.com\/en\/realestate\/impressive-townhouse-in-the-heart-of-ses-salines\/\">\n        \n        <div class=\"listing-unit-img-wrapper\"><a href=\"https:\/\/www.privatepropertymallorca.com\/en\/realestate\/impressive-townhouse-in-the-heart-of-ses-salines\/\" target=\"_self\"><img decoding=\"async\" width=\"525\" height=\"328\" src=\"https:\/\/www.privatepropertymallorca.com\/wp-content\/uploads\/2026\/03\/bc2e1508-e765-4faa-9835-8c327afa2bf3-1-525x328.jpg\" class=\"lazyload img-responsive wp-post-image\" alt=\"5275 Stadthaus in Ses Salines12\" data-original=\"https:\/\/www.privatepropertymallorca.com\/wp-content\/uploads\/2026\/03\/bc2e1508-e765-4faa-9835-8c327afa2bf3-1-525x328.jpg\" \/><\/a><div class=\"tag-wrapper\"><div class=\"status-wrapper\"><\/div><\/div><\/div>\n\n            <h4><a href=\"https:\/\/www.privatepropertymallorca.com\/en\/realestate\/impressive-townhouse-in-the-heart-of-ses-salines\/\" target=\"_self\">\n                Impressive townhouse for sale in the heart of Ses Salines with pool                <\/a> \n            <\/h4> \n        \n            <div class=\"property_listing_details\">\n                <div class=\"smallCol\"><div class=\"inforoom_unit_type2\"><\/div><div>2<\/div><\/div><div class=\"smallCol\"><div class=\"infobath_unit_type2\"><\/div><div>3<\/div><\/div><div class=\"smallCol\"><div class=\"infosize_unit_type2\"><\/div><div>402 m&sup2;<\/div><\/div><div class=\"smallCol\"><div class=\"infolotsize_unit_type2\"><\/div><div>363 m&sup2;<\/div><\/div>            <\/div>\n\t\t\n            <div class=\"listing_unit_price_wrapper\">1.750.000 \u20ac <span class=\"price_label\"><\/span><\/div>               \n            <div class=\"property_location\">\n                    \n                    <div class=\"ownerNotes\">5275<\/div><div class=\"propertyArea\"><a href=\"https:\/\/www.privatepropertymallorca.com\/en\/state\/southeast\/\" rel=\"tag\">Southeast<\/a>, <a href=\"https:\/\/www.privatepropertymallorca.com\/en\/city\/ses-salines-en\/\" rel=\"tag\">Ses Salines<\/a><\/div>                        <\/div>        <\/div>             \n    <\/div>\n  \n\n\n\n<div class=\"col-md- shortcode-col has_4per_row  listing_wrapper property_unit_type2\" data-org=\"4\" data-listid=\"1093542\" > \n    <div class=\"property_listing property_unit_type2  \" data-link=\"https:\/\/www.privatepropertymallorca.com\/en\/realestate\/beautiful-plot-with-basic-project-for-2-modern-mediterranean-villas-in-es-capdella\/\">\n        \n        <div class=\"listing-unit-img-wrapper\"><a href=\"https:\/\/www.privatepropertymallorca.com\/en\/realestate\/beautiful-plot-with-basic-project-for-2-modern-mediterranean-villas-in-es-capdella\/\" target=\"_self\"><img decoding=\"async\" width=\"525\" height=\"328\" src=\"https:\/\/www.privatepropertymallorca.com\/wp-content\/uploads\/2023\/12\/b26c66ea-c8ab-4240-ab44-dc65c17728f4-1-525x328.jpg\" class=\"lazyload img-responsive wp-post-image\" alt=\"4939-97 Wundersch\u00f6nes Grundst\u00fcck mit Basisprojekt f\u00fcr 2 Villen im Finca Stil in Es Capdella\" data-original=\"https:\/\/www.privatepropertymallorca.com\/wp-content\/uploads\/2023\/12\/b26c66ea-c8ab-4240-ab44-dc65c17728f4-1-525x328.jpg\" \/><\/a><div class=\"tag-wrapper\"><div class=\"status-wrapper\"><\/div><\/div><\/div>\n\n            <h4><a href=\"https:\/\/www.privatepropertymallorca.com\/en\/realestate\/beautiful-plot-with-basic-project-for-2-modern-mediterranean-villas-in-es-capdella\/\" target=\"_self\">\n                Beautiful plot for sale in Es Capdella with basic project for 2 finca-style villas                <\/a> \n            <\/h4> \n        \n            <div class=\"property_listing_details\">\n                <div class=\"smallCol\"><div class=\"inforoom_unit_type2\"><\/div><div>-<\/div><\/div><div class=\"smallCol\"><div class=\"infobath_unit_type2\"><\/div><div>-<\/div><\/div><div class=\"smallCol\"><div class=\"infosize_unit_type2\"><\/div><div>450 m&sup2;<\/div><\/div><div class=\"smallCol\"><div class=\"infolotsize_unit_type2\"><\/div><div>2364 m&sup2;<\/div><\/div>            <\/div>\n\t\t\n            <div class=\"listing_unit_price_wrapper\">1.750.000 \u20ac <span class=\"price_label\"><\/span><\/div>               \n            <div class=\"property_location\">\n                    \n                    <div class=\"ownerNotes\">4939-97<\/div><div class=\"propertyArea\"><a href=\"https:\/\/www.privatepropertymallorca.com\/en\/state\/southwest\/\" rel=\"tag\">Southwest<\/a>, <a href=\"https:\/\/www.privatepropertymallorca.com\/en\/city\/capdella-en\/\" rel=\"tag\">Capdella<\/a><\/div>                        <\/div>        <\/div>             \n    <\/div>\n  \n\n\n\n<div class=\"col-md- shortcode-col has_4per_row  listing_wrapper property_unit_type2\" data-org=\"4\" data-listid=\"1215159\" > \n    <div class=\"property_listing property_unit_type2  \" data-link=\"https:\/\/www.privatepropertymallorca.com\/en\/realestate\/fantastic-stone-finca-with-far-reaching-views-natural-idyll-meets-modern-comfort-near-algaida\/\">\n        \n        <div class=\"listing-unit-img-wrapper\"><a href=\"https:\/\/www.privatepropertymallorca.com\/en\/realestate\/fantastic-stone-finca-with-far-reaching-views-natural-idyll-meets-modern-comfort-near-algaida\/\" target=\"_self\"><img loading=\"lazy\" decoding=\"async\" width=\"525\" height=\"328\" src=\"https:\/\/www.privatepropertymallorca.com\/wp-content\/uploads\/2025\/04\/734b3f5c-9918-4de3-8d19-3bd808fa8bae-1-525x328.jpg\" class=\"lazyload img-responsive wp-post-image\" alt=\"5256 Finca Algaida15\" data-original=\"https:\/\/www.privatepropertymallorca.com\/wp-content\/uploads\/2025\/04\/734b3f5c-9918-4de3-8d19-3bd808fa8bae-1-525x328.jpg\" \/><\/a><div class=\"tag-wrapper\"><div class=\"status-wrapper\"><\/div><\/div><\/div>\n\n            <h4><a href=\"https:\/\/www.privatepropertymallorca.com\/en\/realestate\/fantastic-stone-finca-with-far-reaching-views-natural-idyll-meets-modern-comfort-near-algaida\/\" target=\"_self\">\n                Fantastic stone finca for sale in Algaida with far-reaching views                <\/a> \n            <\/h4> \n        \n            <div class=\"property_listing_details\">\n                <div class=\"smallCol\"><div class=\"inforoom_unit_type2\"><\/div><div>7<\/div><\/div><div class=\"smallCol\"><div class=\"infobath_unit_type2\"><\/div><div>4<\/div><\/div><div class=\"smallCol\"><div class=\"infosize_unit_type2\"><\/div><div>345 m&sup2;<\/div><\/div><div class=\"smallCol\"><div class=\"infolotsize_unit_type2\"><\/div><div>15571 m&sup2;<\/div><\/div>            <\/div>\n\t\t\n            <div class=\"listing_unit_price_wrapper\">1.875.000 \u20ac <span class=\"price_label\"><\/span><\/div>               \n            <div class=\"property_location\">\n                    \n                    <div class=\"ownerNotes\">5256<\/div><div class=\"propertyArea\"><a href=\"https:\/\/www.privatepropertymallorca.com\/en\/state\/center-of-island\/\" rel=\"tag\">Center of Island<\/a>, <a href=\"https:\/\/www.privatepropertymallorca.com\/en\/city\/algaida-en\/\" rel=\"tag\">Algaida<\/a><\/div>                        <\/div>        <\/div>             \n    <\/div>\n  \n\n\n\n<div class=\"col-md- shortcode-col has_4per_row  listing_wrapper property_unit_type2\" data-org=\"4\" data-listid=\"1115029\" > \n    <div class=\"property_listing property_unit_type2  \" data-link=\"https:\/\/www.privatepropertymallorca.com\/en\/realestate\/high-quality-renovated-penthouse-in-bonanova-with-distant-sea-views-in-an-absolutely-quiet-location\/\">\n        \n        <div class=\"listing-unit-img-wrapper\"><a href=\"https:\/\/www.privatepropertymallorca.com\/en\/realestate\/high-quality-renovated-penthouse-in-bonanova-with-distant-sea-views-in-an-absolutely-quiet-location\/\" target=\"_self\"><img loading=\"lazy\" decoding=\"async\" width=\"525\" height=\"328\" src=\"https:\/\/www.privatepropertymallorca.com\/wp-content\/uploads\/2024\/04\/f6bd1b3b-fae3-4507-9a78-3c039cd073fe-525x328.jpg\" class=\"lazyload img-responsive wp-post-image\" alt=\"5051 Edle Duplex Dachgeschosswohnung in Bonanova mit Fern-Meerblick\" data-original=\"https:\/\/www.privatepropertymallorca.com\/wp-content\/uploads\/2024\/04\/f6bd1b3b-fae3-4507-9a78-3c039cd073fe-525x328.jpg\" \/><\/a><div class=\"tag-wrapper\"><div class=\"status-wrapper\"><\/div><\/div><\/div>\n\n            <h4><a href=\"https:\/\/www.privatepropertymallorca.com\/en\/realestate\/high-quality-renovated-penthouse-in-bonanova-with-distant-sea-views-in-an-absolutely-quiet-location\/\" target=\"_self\">\n                Elegant duplex penthouse for sale in Bonanova with distant sea views                <\/a> \n            <\/h4> \n        \n            <div class=\"property_listing_details\">\n                <div class=\"smallCol\"><div class=\"inforoom_unit_type2\"><\/div><div>4<\/div><\/div><div class=\"smallCol\"><div class=\"infobath_unit_type2\"><\/div><div>3<\/div><\/div><div class=\"smallCol\"><div class=\"infosize_unit_type2\"><\/div><div>230 m&sup2;<\/div><\/div><div class=\"smallCol\"><div class=\"infolotsize_unit_type2\"><\/div><div>0 m&sup2;<\/div><\/div>            <\/div>\n\t\t\n            <div class=\"listing_unit_price_wrapper\">1.800.000 \u20ac <span class=\"price_label\"><\/span><\/div>               \n            <div class=\"property_location\">\n                    \n                    <div class=\"ownerNotes\">5051<\/div><div class=\"propertyArea\"><a href=\"https:\/\/www.privatepropertymallorca.com\/en\/state\/palma-surroundings\/\" rel=\"tag\">Palma &amp; Surroundings<\/a>, <a href=\"https:\/\/www.privatepropertymallorca.com\/en\/city\/bonanova-en\/\" rel=\"tag\">Bonanova<\/a><\/div>                        <\/div>        <\/div>             \n    <\/div>\n  \n\n\n\n<div class=\"col-md- shortcode-col has_4per_row  listing_wrapper property_unit_type2\" data-org=\"4\" data-listid=\"1300152\" > \n    <div class=\"property_listing property_unit_type2  \" data-link=\"https:\/\/www.privatepropertymallorca.com\/en\/realestate\/charming-mediterranean-finca-with-stunning-views-of-the-harbor-of-port-andratx\/\">\n        \n        <div class=\"listing-unit-img-wrapper\"><a href=\"https:\/\/www.privatepropertymallorca.com\/en\/realestate\/charming-mediterranean-finca-with-stunning-views-of-the-harbor-of-port-andratx\/\" target=\"_self\"><img loading=\"lazy\" decoding=\"async\" width=\"525\" height=\"328\" src=\"https:\/\/www.privatepropertymallorca.com\/wp-content\/uploads\/2026\/04\/9550005f-a389-405f-b138-14ecc22983bf-1-525x328.jpg\" class=\"lazyload img-responsive wp-post-image\" alt=\"1\" data-original=\"https:\/\/www.privatepropertymallorca.com\/wp-content\/uploads\/2026\/04\/9550005f-a389-405f-b138-14ecc22983bf-1-525x328.jpg\" \/><\/a><div class=\"tag-wrapper\"><div class=\"status-wrapper\"><\/div><\/div><\/div>\n\n            <h4><a href=\"https:\/\/www.privatepropertymallorca.com\/en\/realestate\/charming-mediterranean-finca-with-stunning-views-of-the-harbor-of-port-andratx\/\" target=\"_self\">\n                Exclusively near Puerto Andratx: Charming Mediterranean finca for sale with stunning views of the harbor                <\/a> \n            <\/h4> \n        \n            <div class=\"property_listing_details\">\n                <div class=\"smallCol\"><div class=\"inforoom_unit_type2\"><\/div><div>3<\/div><\/div><div class=\"smallCol\"><div class=\"infobath_unit_type2\"><\/div><div>2<\/div><\/div><div class=\"smallCol\"><div class=\"infosize_unit_type2\"><\/div><div>283 m&sup2;<\/div><\/div><div class=\"smallCol\"><div class=\"infolotsize_unit_type2\"><\/div><div>4814 m&sup2;<\/div><\/div>            <\/div>\n\t\t\n            <div class=\"listing_unit_price_wrapper\">2.400.000 \u20ac <span class=\"price_label\"><\/span><\/div>               \n            <div class=\"property_location\">\n                    \n                    <div class=\"ownerNotes\">5507<\/div><div class=\"propertyArea\"><a href=\"https:\/\/www.privatepropertymallorca.com\/en\/state\/southwest\/\" rel=\"tag\">Southwest<\/a>, <a href=\"https:\/\/www.privatepropertymallorca.com\/en\/city\/port-andratx-en\/\" rel=\"tag\">Port Andratx<\/a><\/div>                        <\/div>        <\/div>             \n    <\/div>\n  \n\n\n\n<div class=\"col-md- shortcode-col has_4per_row  listing_wrapper property_unit_type2\" data-org=\"4\" data-listid=\"662218\" > \n    <div class=\"property_listing property_unit_type2  \" data-link=\"https:\/\/www.privatepropertymallorca.com\/en\/realestate\/reserved-new-project-exclusive-penthouse-with-roof-terrace-and-private-pool-in-palma-son-amardams\/\">\n        \n        <div class=\"listing-unit-img-wrapper\"><a href=\"https:\/\/www.privatepropertymallorca.com\/en\/realestate\/reserved-new-project-exclusive-penthouse-with-roof-terrace-and-private-pool-in-palma-son-amardams\/\" target=\"_self\"><img loading=\"lazy\" decoding=\"async\" width=\"525\" height=\"328\" src=\"https:\/\/www.privatepropertymallorca.com\/wp-content\/uploads\/2026\/04\/db30b558-4b3f-486c-96e8-18a9d814c46c-1-525x328.jpg\" class=\"lazyload img-responsive wp-post-image\" alt=\"P-2952_7 Exklusives Penthouse in Palma, Son Armadams, mit Dachterrasse und privatem Pool  13\" data-original=\"https:\/\/www.privatepropertymallorca.com\/wp-content\/uploads\/2026\/04\/db30b558-4b3f-486c-96e8-18a9d814c46c-1-525x328.jpg\" \/><\/a><div class=\"tag-wrapper\"><div class=\"status-wrapper\"><\/div><\/div><\/div>\n\n            <h4><a href=\"https:\/\/www.privatepropertymallorca.com\/en\/realestate\/reserved-new-project-exclusive-penthouse-with-roof-terrace-and-private-pool-in-palma-son-amardams\/\" target=\"_self\">\n                Exclusive penthouse for sale in Palma, Son Armadams, with roof terrace and private pool                <\/a> \n            <\/h4> \n        \n            <div class=\"property_listing_details\">\n                <div class=\"smallCol\"><div class=\"inforoom_unit_type2\"><\/div><div>3<\/div><\/div><div class=\"smallCol\"><div class=\"infobath_unit_type2\"><\/div><div>2<\/div><\/div><div class=\"smallCol\"><div class=\"infosize_unit_type2\"><\/div><div>364 m&sup2;<\/div><\/div><div class=\"smallCol\"><div class=\"infolotsize_unit_type2\"><\/div><div>0 m&sup2;<\/div><\/div>            <\/div>\n\t\t\n            <div class=\"listing_unit_price_wrapper\">2.600.000 \u20ac <span class=\"price_label\"><\/span><\/div>               \n            <div class=\"property_location\">\n                    \n                    <div class=\"ownerNotes\">P-2952_7<\/div><div class=\"propertyArea\"><a href=\"https:\/\/www.privatepropertymallorca.com\/en\/state\/palma-surroundings\/\" rel=\"tag\">Palma &amp; Surroundings<\/a>, <a href=\"https:\/\/www.privatepropertymallorca.com\/en\/city\/son-armadams-en\/\" rel=\"tag\">Son Armadams<\/a><\/div>                        <\/div>        <\/div>             \n    <\/div>\n  \n\n\n\n<div class=\"col-md- shortcode-col has_4per_row  listing_wrapper property_unit_type2\" data-org=\"4\" data-listid=\"1291540\" > \n    <div class=\"property_listing property_unit_type2  \" data-link=\"https:\/\/www.privatepropertymallorca.com\/en\/realestate\/historic-villa-in-soller-modernized-with-large-garden-pool-guest-house\/\">\n        \n        <div class=\"listing-unit-img-wrapper\"><a href=\"https:\/\/www.privatepropertymallorca.com\/en\/realestate\/historic-villa-in-soller-modernized-with-large-garden-pool-guest-house\/\" target=\"_self\"><img loading=\"lazy\" decoding=\"async\" width=\"525\" height=\"328\" src=\"https:\/\/www.privatepropertymallorca.com\/wp-content\/uploads\/2026\/03\/d6a39469-fa20-45ae-ba3a-fce97e047071-1-525x328.jpg\" class=\"lazyload img-responsive wp-post-image\" alt=\"ETV LOGO PPM  (3)\" data-original=\"https:\/\/www.privatepropertymallorca.com\/wp-content\/uploads\/2026\/03\/d6a39469-fa20-45ae-ba3a-fce97e047071-1-525x328.jpg\" \/><\/a><div class=\"tag-wrapper\"><div class=\"status-wrapper\"><div class=\"ribbon-inside holiday-rental-licence\">Holiday rental licence<\/div><\/div><\/div><\/div>\n\n            <h4><a href=\"https:\/\/www.privatepropertymallorca.com\/en\/realestate\/historic-villa-in-soller-modernized-with-large-garden-pool-guest-house\/\" target=\"_self\">\n                Historic villa in Soller for sale with vacation rental license, modernized with large garden, pool                <\/a> \n            <\/h4> \n        \n            <div class=\"property_listing_details\">\n                <div class=\"smallCol\"><div class=\"inforoom_unit_type2\"><\/div><div>7<\/div><\/div><div class=\"smallCol\"><div class=\"infobath_unit_type2\"><\/div><div>3<\/div><\/div><div class=\"smallCol\"><div class=\"infosize_unit_type2\"><\/div><div>508 m&sup2;<\/div><\/div><div class=\"smallCol\"><div class=\"infolotsize_unit_type2\"><\/div><div>2450 m&sup2;<\/div><\/div>            <\/div>\n\t\t\n            <div class=\"listing_unit_price_wrapper\">2.990.000 \u20ac <span class=\"price_label\"><\/span><\/div>               \n            <div class=\"property_location\">\n                    \n                    <div class=\"ownerNotes\">4877<\/div><div class=\"propertyArea\"><a href=\"https:\/\/www.privatepropertymallorca.com\/en\/state\/west\/\" rel=\"tag\">West<\/a>, <a href=\"https:\/\/www.privatepropertymallorca.com\/en\/city\/soller-en\/\" rel=\"tag\">Soller<\/a><\/div>                        <\/div>        <\/div>             \n    <\/div>\n  \n\n\n\n<div class=\"col-md- shortcode-col has_4per_row  listing_wrapper property_unit_type2\" data-org=\"4\" data-listid=\"1303700\" > \n    <div class=\"property_listing property_unit_type2  \" data-link=\"https:\/\/www.privatepropertymallorca.com\/en\/realestate\/finca-in-port-andratx-for-sale-with-vacation-rental-license-and-harbour-views\/\">\n        \n        <div class=\"listing-unit-img-wrapper\"><a href=\"https:\/\/www.privatepropertymallorca.com\/en\/realestate\/finca-in-port-andratx-for-sale-with-vacation-rental-license-and-harbour-views\/\" target=\"_self\"><img loading=\"lazy\" decoding=\"async\" width=\"525\" height=\"328\" src=\"https:\/\/www.privatepropertymallorca.com\/wp-content\/uploads\/2026\/04\/577d0bc2-37f4-4a88-bef0-69b3b1b7eccb-1-525x328.jpg\" class=\"lazyload img-responsive wp-post-image\" alt=\"5593 -66  -Villa in Port Andratx 1\" data-original=\"https:\/\/www.privatepropertymallorca.com\/wp-content\/uploads\/2026\/04\/577d0bc2-37f4-4a88-bef0-69b3b1b7eccb-1-525x328.jpg\" \/><\/a><div class=\"tag-wrapper\"><div class=\"status-wrapper\"><div class=\"ribbon-inside holiday-rental-licence\">Holiday rental licence<\/div><\/div><\/div><\/div>\n\n            <h4><a href=\"https:\/\/www.privatepropertymallorca.com\/en\/realestate\/finca-in-port-andratx-for-sale-with-vacation-rental-license-and-harbour-views\/\" target=\"_self\">\n                Finca in Port Andratx for sale with vacation rental license and harbour views                <\/a> \n            <\/h4> \n        \n            <div class=\"property_listing_details\">\n                <div class=\"smallCol\"><div class=\"inforoom_unit_type2\"><\/div><div>3<\/div><\/div><div class=\"smallCol\"><div class=\"infobath_unit_type2\"><\/div><div>2<\/div><\/div><div class=\"smallCol\"><div class=\"infosize_unit_type2\"><\/div><div>220 m&sup2;<\/div><\/div><div class=\"smallCol\"><div class=\"infolotsize_unit_type2\"><\/div><div>1066 m&sup2;<\/div><\/div>            <\/div>\n\t\t\n            <div class=\"listing_unit_price_wrapper\">4.650.000 \u20ac <span class=\"price_label\"><\/span><\/div>               \n            <div class=\"property_location\">\n                    \n                    <div class=\"ownerNotes\">5593 -66<\/div><div class=\"propertyArea\"><a href=\"https:\/\/www.privatepropertymallorca.com\/en\/state\/southwest\/\" rel=\"tag\">Southwest<\/a>, <a href=\"https:\/\/www.privatepropertymallorca.com\/en\/city\/port-andratx-en\/\" rel=\"tag\">Port Andratx<\/a><\/div>                        <\/div>        <\/div>             \n    <\/div>\n  \n\n\n\n<div class=\"col-md- shortcode-col has_4per_row  listing_wrapper property_unit_type2\" data-org=\"4\" data-listid=\"1224137\" > \n    <div class=\"property_listing property_unit_type2  \" data-link=\"https:\/\/www.privatepropertymallorca.com\/en\/realestate\/unique-penthouse-in-port-andratx-with-sea-views\/\">\n        \n        <div class=\"listing-unit-img-wrapper\"><a href=\"https:\/\/www.privatepropertymallorca.com\/en\/realestate\/unique-penthouse-in-port-andratx-with-sea-views\/\" target=\"_self\"><img loading=\"lazy\" decoding=\"async\" width=\"525\" height=\"328\" src=\"https:\/\/www.privatepropertymallorca.com\/wp-content\/uploads\/2025\/06\/3ccbf3ce-0a5a-4f8a-b0be-471486895185-1-525x328.jpg\" class=\"lazyload img-responsive wp-post-image\" alt=\"5288 Penthouse in Port Andratx21\" data-original=\"https:\/\/www.privatepropertymallorca.com\/wp-content\/uploads\/2025\/06\/3ccbf3ce-0a5a-4f8a-b0be-471486895185-1-525x328.jpg\" \/><\/a><div class=\"tag-wrapper\"><div class=\"status-wrapper\"><\/div><\/div><\/div>\n\n            <h4><a href=\"https:\/\/www.privatepropertymallorca.com\/en\/realestate\/unique-penthouse-in-port-andratx-with-sea-views\/\" target=\"_self\">\n                Unique penthouse for sale in Port Andratx with sea views                <\/a> \n            <\/h4> \n        \n            <div class=\"property_listing_details\">\n                <div class=\"smallCol\"><div class=\"inforoom_unit_type2\"><\/div><div>3<\/div><\/div><div class=\"smallCol\"><div class=\"infobath_unit_type2\"><\/div><div>3<\/div><\/div><div class=\"smallCol\"><div class=\"infosize_unit_type2\"><\/div><div>242 m&sup2;<\/div><\/div><div class=\"smallCol\"><div class=\"infolotsize_unit_type2\"><\/div><div>0 m&sup2;<\/div><\/div>            <\/div>\n\t\t\n            <div class=\"listing_unit_price_wrapper\">1.980.000 \u20ac <span class=\"price_label\"><\/span><\/div>               \n            <div class=\"property_location\">\n                    \n                    <div class=\"ownerNotes\">5288-66<\/div><div class=\"propertyArea\"><a href=\"https:\/\/www.privatepropertymallorca.com\/en\/state\/southwest\/\" rel=\"tag\">Southwest<\/a>, <a href=\"https:\/\/www.privatepropertymallorca.com\/en\/city\/port-andratx-en\/\" rel=\"tag\">Port Andratx<\/a><\/div>                        <\/div>        <\/div>             \n    <\/div>\n<div class=\"wpestate_listing_sh_loader\">\n       <div class=\"new_prelader\"><\/div>\n\n    <\/div><div class=\"listinglink-wrapper_sh_listings\">\n               <span class=\"wpresidence_button wpestate_item_list_sh\">load more listings <\/span>\n               <\/div><\/div><script type=\"text\/javascript\">\n                \/\/<![CDATA[\n                jQuery(document).ready(function(){\n                  \/\/  wpestate_anime(\"#wpestate_sh_anime_261\");\n                   \/\/ wpestate_property_list_sh(\"#wpestate_sh_anime_261 .wpestate_item_list_sh\", \"#wpestate_sh_anime_261 .control_tax_sh\");\n                });\n                \/\/]]>\n            <\/script>[\/vc_column][\/vc_row]<\/p>\n<div class=\"bellvueblock \"><img decoding=\"async\" src=\"https:\/\/www.privatepropertymallorca.com\/wp-content\/uploads\/2020\/02\/best_icon-159x300.png\" alt=\"bellvue\"><\/div><\/div>","protected":false},"excerpt":{"rendered":"<p>Mallorca comes alive during Easter\u2014locally celebrated as Setmana Santa (Holy Week)\u2014with profound religious processions, local customs, and the first warm weeks of the Mediterranean spring.<\/p>\n","protected":false},"author":13,"featured_media":1299839,"comment_status":"closed","ping_status":"closed","sticky":false,"template":"","format":"standard","meta":{"_seopress_robots_primary_cat":"none","_seopress_titles_title":"","_seopress_titles_desc":"","_seopress_robots_index":"","footnotes":""},"categories":[995],"tags":[2825,2206],"class_list":{"0":"post-1299826","1":"post","2":"type-post","3":"status-publish","4":"format-standard","5":"has-post-thumbnail","7":"category-culture","8":"tag-properties-for-sale-in-mallorca-en-2","9":"tag-real-estate-in-mallorca"},"_links":{"self":[{"href":"https:\/\/www.privatepropertymallorca.com\/en\/wp-json\/wp\/v2\/posts\/1299826","targetHints":{"allow":["GET"]}}],"collection":[{"href":"https:\/\/www.privatepropertymallorca.com\/en\/wp-json\/wp\/v2\/posts"}],"about":[{"href":"https:\/\/www.privatepropertymallorca.com\/en\/wp-json\/wp\/v2\/types\/post"}],"author":[{"embeddable":true,"href":"https:\/\/www.privatepropertymallorca.com\/en\/wp-json\/wp\/v2\/users\/13"}],"replies":[{"embeddable":true,"href":"https:\/\/www.privatepropertymallorca.com\/en\/wp-json\/wp\/v2\/comments?post=1299826"}],"version-history":[{"count":0,"href":"https:\/\/www.privatepropertymallorca.com\/en\/wp-json\/wp\/v2\/posts\/1299826\/revisions"}],"wp:featuredmedia":[{"embeddable":true,"href":"https:\/\/www.privatepropertymallorca.com\/en\/wp-json\/wp\/v2\/media\/1299839"}],"wp:attachment":[{"href":"https:\/\/www.privatepropertymallorca.com\/en\/wp-json\/wp\/v2\/media?parent=1299826"}],"wp:term":[{"taxonomy":"category","embeddable":true,"href":"https:\/\/www.privatepropertymallorca.com\/en\/wp-json\/wp\/v2\/categories?post=1299826"},{"taxonomy":"post_tag","embeddable":true,"href":"https:\/\/www.privatepropertymallorca.com\/en\/wp-json\/wp\/v2\/tags?post=1299826"}],"curies":[{"name":"wp","href":"https:\/\/api.w.org\/{rel}","templated":true}]}}