{"id":1009424,"date":"2023-07-24T14:24:00","date_gmt":"2023-07-24T12:24:00","guid":{"rendered":"https:\/\/www.privatepropertymallorca.com\/?p=1009424"},"modified":"2023-07-26T20:23:12","modified_gmt":"2023-07-26T18:23:12","slug":"la-eficiencia-de-contratar-una-agencia-inmobiliaria-profesional-para-comprar-casas-de-lujo-en-mallorca","status":"publish","type":"post","link":"https:\/\/www.privatepropertymallorca.com\/es\/revista\/la-eficiencia-de-contratar-una-agencia-inmobiliaria-profesional-para-comprar-casas-de-lujo-en-mallorca\/","title":{"rendered":"La eficiencia de contratar una agencia inmobiliaria profesional para comprar casas de lujo en Mallorca"},"content":{"rendered":"<div class=\"wpb-content-wrapper\"><p>[vc_row][vc_column width=\u00bb1\/4&#8243;][vc_single_image image=\u00bb559256&#8243;][\/vc_column][vc_column width=\u00bb3\/4&#8243;][vc_column_text]<\/p>\n<div class=\"flex-1 overflow-hidden\">\n<div class=\"react-scroll-to-bottom--css-eqywo-79elbk h-full dark:bg-gray-800\">\n<div class=\"react-scroll-to-bottom--css-eqywo-1n7m0yu\">\n<div class=\"flex flex-col text-sm dark:bg-gray-800\">\n<div class=\"group w-full text-gray-800 dark:text-gray-100 border-b border-black\/10 dark:border-gray-900\/50 bg-gray-50 dark:bg-[#444654]\">\n<div class=\"flex p-4 gap-4 text-base md:gap-6 md:max-w-2xl lg:max-w-[38rem] xl:max-w-3xl md:py-6 lg:px-0 m-auto\">\n<div class=\"relative flex w-[calc(100%-50px)] flex-col gap-1 md:gap-3 lg:w-[calc(100%-115px)]\">\n<div class=\"flex flex-grow flex-col gap-3\">\n<div class=\"min-h-[20px] flex items-start overflow-x-auto whitespace-pre-wrap break-words flex-col gap-4\">\n<div class=\"markdown prose w-full break-words dark:prose-invert light\">\n<p>El proceso de b\u00fasqueda de una residencia en Espa\u00f1a en Internet puede ser desalentador, ya que hay una gran cantidad de informaci\u00f3n sobre listados de propiedades que a menudo se duplican o ya no est\u00e1n disponibles para la venta. Adem\u00e1s, la informaci\u00f3n presentada suele ser insuficiente e inexacta, y obtener m\u00e1s detalles de los agentes de ventas puede dar lugar al acoso de numerosas partes. Esta pr\u00e1ctica ineficiente y frustrante tambi\u00e9n hace que se pasen por alto ofertas potencialmente ocultas. Tambi\u00e9n existe un riesgo significativo de confiar en los agentes de ventas que pueden no tener realmente en mente los intereses del comprador, lo que genera conflictos de intereses y posibles problemas legales, t\u00e9cnicos o de precios con la propiedad.<\/p>\n<p>Para minimizar estos riesgos y agilizar el proceso de b\u00fasqueda de propiedades, el mejor enfoque es contratar a una agencia inmobiliaria profesional para que act\u00fae como asesor de compra personalizado. En Private Property Mallorca nuestro enfoque es \u00fanicamente encontrar propiedades y guiar a los compradores de propiedades de lujo durante todo el proceso, manteniendo la objetividad y la independencia. Al elegir nuestros servicios, los clientes pueden beneficiarse de nuestra amplia red local y experiencia en bienes ra\u00edces mientras disfrutan de la comodidad de tener un \u00fanico punto de contacto. Traemos una variedad de propiedades disponibles, incluidas aquellas que no se anuncian p\u00fablicamente.<\/p>\n<p>Las 9 razones principales para contratar Private Property Mallorca:<\/p>\n<ol>\n<li><strong>\u00a1Estamos escuchando!<\/strong><\/li>\n<li><strong>Ahorro de tiempo<\/strong>: evite perder tiempo valioso y frustraci\u00f3n buscando a trav\u00e9s de infinitas ofertas de Internet.<\/li>\n<li><strong>Amplia red<\/strong>: Benef\u00edciese de nuestra red local de confianza que permite el acceso a todas las propiedades relevantes en venta, incluidos los listados que no se comercializan p\u00fablicamente.<\/li>\n<li><strong>Evite los conflictos de intereses<\/strong>: evite a los agentes de ventas que anteponen sus propios intereses a los suyos para minimizar posibles problemas.<\/li>\n<li><strong>Asesoramiento de expertos<\/strong>: Reciba visitas organizadas profesionalmente, programadas con prontitud y acompa\u00f1adas por un asesor inmobiliario dedicado.<\/li>\n<li><strong>Negociaciones imparciales<\/strong>: su asesor de compradores experimentado negociar\u00e1 \u00fanicamente teniendo en cuenta sus intereses.<\/li>\n<li><strong>Debida diligencia exhaustiva<\/strong>: conf\u00ede en expertos conocidos y objetivos que realizan un examen exhaustivo en su nombre.<\/li>\n<li><strong>Asesoramiento financiero y fiscal<\/strong>: acceda a bancos locales de confianza y asesores fiscales internacionales para obtener asesoramiento experto sobre financiaci\u00f3n e implicaciones fiscales.<\/li>\n<li><strong>Soporte integral<\/strong>: Benef\u00edciese de una gu\u00eda continua durante todo el proceso de compra, desde la primera visualizaci\u00f3n hasta el certificado final.<\/li>\n<li><strong>Red de Servicio Eficiente<\/strong>: Acceso r\u00e1pido a una red de servicio local confiable para seguros, reformas, decoraci\u00f3n, mantenimiento de jardines y piscinas, seguridad y administraci\u00f3n de propiedades.<\/li>\n<\/ol>\n<p>Private Property Mallorca ofrece una soluci\u00f3n extremadamente efectiva para comprar propiedades de lujo en Mallorca. Con nuestra experiencia, extensas redes y compromiso con la representaci\u00f3n imparcial, aseguramos un proceso eficiente y seguro para adquirir la propiedad ideal, libre de los riesgos asociados con los m\u00e9todos tradicionales de b\u00fasqueda de propiedades.<\/p>\n<p>Mant\u00e9ngase en contacto con nosotros y no dude en comunicarse para obtener m\u00e1s detalles.<\/p>\n<p>\u00a1Estamos escuchando!<\/p>\n<\/div>\n<p>&nbsp;<\/p>\n<p>Designed by <a href=\"https:\/\/www.freepik.com\/\">Freepik<\/a><\/p>\n<\/div>\n<\/div>\n<\/div>\n<\/div>\n<\/div>\n<\/div>\n<\/div>\n<\/div>\n<\/div>\n<p>[\/vc_column_text][\/vc_column][\/vc_row][vc_row][vc_column][vc_empty_space][\/vc_column][\/vc_row][vc_row][vc_column]<div id=\"ultimate-heading-584469efbdba368db\" class=\"uvc-heading ult-adjust-bottom-margin ultimate-heading-584469efbdba368db uvc-9819 \" data-hspacer=\"no_spacer\"  data-halign=\"center\" style=\"text-align:center\"><div class=\"uvc-heading-spacer no_spacer\" style=\"top\"><\/div><div class=\"uvc-main-heading ult-responsive\"  data-ultimate-target='.uvc-heading.ultimate-heading-584469efbdba368db h2'  data-responsive-json-new='{\"font-size\":\"\",\"line-height\":\"\"}' ><h2 style=\"font-weight:normal;\">PROPIEDADES EN MALLORCA EN VENTA<\/h2><\/div><\/div>[\/vc_column][\/vc_row][vc_row][vc_column]<div id=\"wpestate_sh_anime_343\" class=\"article_container wpestate_anime wpestate_latest_listings_sh bottom-estate_property \"  data-type=\"estate_property\" data-category_ids=\"\" data-action_ids=\"\" data-city_ids=\"845, 858, 1062, 823, 1041,\" data-area_ids=\"\" data-state_ids=\"\" data-status_ids=\"\" data-number=\"12\" data-row-number=\"4\" data-align=\"vertical\" data-show_featured_only=\"no\"  data-random_pick=\"no\"  data-featured_first=\"no\" data-page=\"1\" >  \n\n\n\n<div class=\"col-md-3 shortcode-col has_4per_row  listing_wrapper property_unit_type2\" data-org=\"4\" data-listid=\"1303742\" > \n    <div class=\"property_listing property_unit_type2  \" data-link=\"https:\/\/www.privatepropertymallorca.com\/es\/propiedades\/duplex-en-venta-en-port-andratx-cala-llamp-con-fantasticas-vistas-al-mar\/\">\n        \n        <div class=\"listing-unit-img-wrapper\"><a href=\"https:\/\/www.privatepropertymallorca.com\/es\/propiedades\/duplex-en-venta-en-port-andratx-cala-llamp-con-fantasticas-vistas-al-mar\/\" target=\"_self\"><img fetchpriority=\"high\" decoding=\"async\" width=\"525\" height=\"328\" src=\"https:\/\/www.privatepropertymallorca.com\/wp-content\/uploads\/2026\/04\/50a380cc-44c3-4c0b-8bba-94a820ee2307-2-525x328.jpg\" class=\"lazyload img-responsive wp-post-image\" alt=\"5582 -Villa in Port Andratx 12\" data-original=\"https:\/\/www.privatepropertymallorca.com\/wp-content\/uploads\/2026\/04\/50a380cc-44c3-4c0b-8bba-94a820ee2307-2-525x328.jpg\" \/><\/a><div class=\"tag-wrapper\"><div class=\"status-wrapper\"><\/div><\/div><\/div>\n\n            <h4><a href=\"https:\/\/www.privatepropertymallorca.com\/es\/propiedades\/duplex-en-venta-en-port-andratx-cala-llamp-con-fantasticas-vistas-al-mar\/\" target=\"_self\">\n                D\u00faplex en venta en Port Andratx &#8211; Cala Llamp con fant\u00e1sticas vistas al mar                <\/a> \n            <\/h4> \n        \n            <div class=\"property_listing_details\">\n                <div class=\"smallCol\"><div class=\"inforoom_unit_type2\"><\/div><div>2<\/div><\/div><div class=\"smallCol\"><div class=\"infobath_unit_type2\"><\/div><div>3<\/div><\/div><div class=\"smallCol\"><div class=\"infosize_unit_type2\"><\/div><div>127 m&sup2;<\/div><\/div><div class=\"smallCol\"><div class=\"infolotsize_unit_type2\"><\/div><div>5379 m&sup2;<\/div><\/div>            <\/div>\n\t\t\n            <div class=\"listing_unit_price_wrapper\">1.640.000 \u20ac <span class=\"price_label\"><\/span><\/div>               \n            <div class=\"property_location\">\n                    \n                    <div class=\"ownerNotes\">5582- 43<\/div><div class=\"propertyArea\"><a href=\"https:\/\/www.privatepropertymallorca.com\/es\/state\/suroeste\/\" rel=\"tag\">Suroeste<\/a>, <a href=\"https:\/\/www.privatepropertymallorca.com\/es\/ort\/port-andratx-es\/\" rel=\"tag\">Port Andratx<\/a><\/div>                        <\/div>        <\/div>             \n    <\/div>\n  \n\n\n\n<div class=\"col-md-3 shortcode-col has_4per_row  listing_wrapper property_unit_type2\" data-org=\"4\" data-listid=\"1303703\" > \n    <div class=\"property_listing property_unit_type2  \" data-link=\"https:\/\/www.privatepropertymallorca.com\/es\/propiedades\/finca-en-venta-en-port-andratx-con-licencia-de-alquiler-vacacional-y-vistas-al-puerto\/\">\n        \n        <div class=\"listing-unit-img-wrapper\"><a href=\"https:\/\/www.privatepropertymallorca.com\/es\/propiedades\/finca-en-venta-en-port-andratx-con-licencia-de-alquiler-vacacional-y-vistas-al-puerto\/\" target=\"_self\"><img decoding=\"async\" width=\"525\" height=\"328\" src=\"https:\/\/www.privatepropertymallorca.com\/wp-content\/uploads\/2026\/04\/577d0bc2-37f4-4a88-bef0-69b3b1b7eccb-2-525x328.jpg\" class=\"lazyload img-responsive wp-post-image\" alt=\"5593 -66  -Villa in Port Andratx 1\" data-original=\"https:\/\/www.privatepropertymallorca.com\/wp-content\/uploads\/2026\/04\/577d0bc2-37f4-4a88-bef0-69b3b1b7eccb-2-525x328.jpg\" \/><\/a><div class=\"tag-wrapper\"><div class=\"status-wrapper\"><div class=\"ribbon-inside holiday-rental-licence\">Holiday rental licence<\/div><\/div><\/div><\/div>\n\n            <h4><a href=\"https:\/\/www.privatepropertymallorca.com\/es\/propiedades\/finca-en-venta-en-port-andratx-con-licencia-de-alquiler-vacacional-y-vistas-al-puerto\/\" target=\"_self\">\n                Finca en venta en Port Andratx con licencia de alquiler vacacional y vistas al puerto                <\/a> \n            <\/h4> \n        \n            <div class=\"property_listing_details\">\n                <div class=\"smallCol\"><div class=\"inforoom_unit_type2\"><\/div><div>3<\/div><\/div><div class=\"smallCol\"><div class=\"infobath_unit_type2\"><\/div><div>2<\/div><\/div><div class=\"smallCol\"><div class=\"infosize_unit_type2\"><\/div><div>220 m&sup2;<\/div><\/div><div class=\"smallCol\"><div class=\"infolotsize_unit_type2\"><\/div><div>1066 m&sup2;<\/div><\/div>            <\/div>\n\t\t\n            <div class=\"listing_unit_price_wrapper\">4.650.000 \u20ac <span class=\"price_label\"><\/span><\/div>               \n            <div class=\"property_location\">\n                    \n                    <div class=\"ownerNotes\">5593 -66<\/div><div class=\"propertyArea\"><a href=\"https:\/\/www.privatepropertymallorca.com\/es\/state\/suroeste\/\" rel=\"tag\">Suroeste<\/a>, <a href=\"https:\/\/www.privatepropertymallorca.com\/es\/ort\/port-andratx-es\/\" rel=\"tag\">Port Andratx<\/a><\/div>                        <\/div>        <\/div>             \n    <\/div>\n  \n\n\n\n<div class=\"col-md-3 shortcode-col has_4per_row  listing_wrapper property_unit_type2\" data-org=\"4\" data-listid=\"1100930\" > \n    <div class=\"property_listing property_unit_type2  \" data-link=\"https:\/\/www.privatepropertymallorca.com\/es\/propiedades\/primera-ocupacion-elegante-atico-duplex-en-palma-cerca-de-santa-catalina-con-terraza-privada\/\">\n        \n        <div class=\"listing-unit-img-wrapper\"><a href=\"https:\/\/www.privatepropertymallorca.com\/es\/propiedades\/primera-ocupacion-elegante-atico-duplex-en-palma-cerca-de-santa-catalina-con-terraza-privada\/\" target=\"_self\"><img decoding=\"async\" width=\"525\" height=\"328\" src=\"https:\/\/www.privatepropertymallorca.com\/wp-content\/uploads\/2026\/04\/bcc2a13f-9d76-4979-89e5-8451c5a27196-2-525x328.jpg\" class=\"lazyload img-responsive wp-post-image\" alt=\"4980-119 ERSTBEZUG! Stylisches Duplex-Penthaus in Palma, nah zu Santa Catalina, mit privater Terrasse 7\" data-original=\"https:\/\/www.privatepropertymallorca.com\/wp-content\/uploads\/2026\/04\/bcc2a13f-9d76-4979-89e5-8451c5a27196-2-525x328.jpg\" srcset=\"https:\/\/www.privatepropertymallorca.com\/wp-content\/uploads\/2026\/04\/bcc2a13f-9d76-4979-89e5-8451c5a27196-2-525x328.jpg 525w, https:\/\/www.privatepropertymallorca.com\/wp-content\/uploads\/2026\/04\/bcc2a13f-9d76-4979-89e5-8451c5a27196-2-1200x749.jpg 1200w, https:\/\/www.privatepropertymallorca.com\/wp-content\/uploads\/2026\/04\/bcc2a13f-9d76-4979-89e5-8451c5a27196-2-1900x1187.jpg 1900w, https:\/\/www.privatepropertymallorca.com\/wp-content\/uploads\/2026\/04\/bcc2a13f-9d76-4979-89e5-8451c5a27196-2-600x375.jpg 600w, https:\/\/www.privatepropertymallorca.com\/wp-content\/uploads\/2026\/04\/bcc2a13f-9d76-4979-89e5-8451c5a27196-2-768x480.jpg 768w, https:\/\/www.privatepropertymallorca.com\/wp-content\/uploads\/2026\/04\/bcc2a13f-9d76-4979-89e5-8451c5a27196-2-1536x959.jpg 1536w, https:\/\/www.privatepropertymallorca.com\/wp-content\/uploads\/2026\/04\/bcc2a13f-9d76-4979-89e5-8451c5a27196-2.jpg 1920w\" sizes=\"(max-width: 525px) 100vw, 525px\" \/><\/a><div class=\"tag-wrapper\"><div class=\"status-wrapper\"><\/div><\/div><\/div>\n\n            <h4><a href=\"https:\/\/www.privatepropertymallorca.com\/es\/propiedades\/primera-ocupacion-elegante-atico-duplex-en-palma-cerca-de-santa-catalina-con-terraza-privada\/\" target=\"_self\">\n                \u00a1PRIMERA OCUPACI\u00d3N! Elegante \u00e1tico d\u00faplex Santa Catalina en venta, con terraza privada                <\/a> \n            <\/h4> \n        \n            <div class=\"property_listing_details\">\n                <div class=\"smallCol\"><div class=\"inforoom_unit_type2\"><\/div><div>2<\/div><\/div><div class=\"smallCol\"><div class=\"infobath_unit_type2\"><\/div><div>2<\/div><\/div><div class=\"smallCol\"><div class=\"infosize_unit_type2\"><\/div><div>95 m&sup2;<\/div><\/div><div class=\"smallCol\"><div class=\"infolotsize_unit_type2\"><\/div><div>0 m&sup2;<\/div><\/div>            <\/div>\n\t\t\n            <div class=\"listing_unit_price_wrapper\">529.000 \u20ac <span class=\"price_label\"><\/span><\/div>               \n            <div class=\"property_location\">\n                    \n                    <div class=\"ownerNotes\">4980-119<\/div><div class=\"propertyArea\"><a href=\"https:\/\/www.privatepropertymallorca.com\/es\/state\/palma-y-alrededores\/\" rel=\"tag\">Palma y alrededores<\/a>, <a href=\"https:\/\/www.privatepropertymallorca.com\/es\/ort\/palma-es\/\" rel=\"tag\">Palma<\/a><\/div>                        <\/div>        <\/div>             \n    <\/div>\n  \n\n\n\n<div class=\"col-md-3 shortcode-col has_4per_row  listing_wrapper property_unit_type2\" data-org=\"4\" data-listid=\"1261822\" > \n    <div class=\"property_listing property_unit_type2  \" data-link=\"https:\/\/www.privatepropertymallorca.com\/es\/propiedades\/encantador-piso-en-planta-baja-en-santa-ponsa-totalmente-reformado\/\">\n        \n        <div class=\"listing-unit-img-wrapper\"><a href=\"https:\/\/www.privatepropertymallorca.com\/es\/propiedades\/encantador-piso-en-planta-baja-en-santa-ponsa-totalmente-reformado\/\" target=\"_self\"><img loading=\"lazy\" decoding=\"async\" width=\"525\" height=\"328\" src=\"https:\/\/www.privatepropertymallorca.com\/wp-content\/uploads\/2026\/04\/b0304274-f0a3-49ab-b1a4-f4e4fb2bd566-2-525x328.jpg\" class=\"lazyload img-responsive wp-post-image\" alt=\"5079Charmante Erdgeschosswohnung in Santa Ponsa komplett renoviert 2\" data-original=\"https:\/\/www.privatepropertymallorca.com\/wp-content\/uploads\/2026\/04\/b0304274-f0a3-49ab-b1a4-f4e4fb2bd566-2-525x328.jpg\" \/><\/a><div class=\"tag-wrapper\"><div class=\"status-wrapper\"><\/div><\/div><\/div>\n\n            <h4><a href=\"https:\/\/www.privatepropertymallorca.com\/es\/propiedades\/encantador-piso-en-planta-baja-en-santa-ponsa-totalmente-reformado\/\" target=\"_self\">\n                Encantador piso en planta baja en Santa Ponsa totalmente reformado                <\/a> \n            <\/h4> \n        \n            <div class=\"property_listing_details\">\n                <div class=\"smallCol\"><div class=\"inforoom_unit_type2\"><\/div><div>2<\/div><\/div><div class=\"smallCol\"><div class=\"infobath_unit_type2\"><\/div><div>1<\/div><\/div><div class=\"smallCol\"><div class=\"infosize_unit_type2\"><\/div><div>81 m&sup2;<\/div><\/div><div class=\"smallCol\"><div class=\"infolotsize_unit_type2\"><\/div><div>0 m&sup2;<\/div><\/div>            <\/div>\n\t\t\n            <div class=\"listing_unit_price_wrapper\">460.000 \u20ac <span class=\"price_label\"><\/span><\/div>               \n            <div class=\"property_location\">\n                    \n                    <div class=\"ownerNotes\">5079<\/div><div class=\"propertyArea\"><a href=\"https:\/\/www.privatepropertymallorca.com\/es\/state\/suroeste\/\" rel=\"tag\">Suroeste<\/a>, <a href=\"https:\/\/www.privatepropertymallorca.com\/es\/ort\/santa-ponsa-es\/\" rel=\"tag\">Santa Ponsa<\/a><\/div>                        <\/div>        <\/div>             \n    <\/div>\n  \n\n\n\n<div class=\"col-md-3 shortcode-col has_4per_row  listing_wrapper property_unit_type2\" data-org=\"4\" data-listid=\"1112402\" > \n    <div class=\"property_listing property_unit_type2  \" data-link=\"https:\/\/www.privatepropertymallorca.com\/es\/propiedades\/piso-de-lujo-renovado-con-vistas-al-mar-en-el-puerto-de-puerto-portals-en-el-suroeste-de-la-isla\/\">\n        \n        <div class=\"listing-unit-img-wrapper\"><a href=\"https:\/\/www.privatepropertymallorca.com\/es\/propiedades\/piso-de-lujo-renovado-con-vistas-al-mar-en-el-puerto-de-puerto-portals-en-el-suroeste-de-la-isla\/\" target=\"_self\"><img loading=\"lazy\" decoding=\"async\" width=\"525\" height=\"328\" src=\"https:\/\/www.privatepropertymallorca.com\/wp-content\/uploads\/2026\/04\/882efea6-ea54-45ab-a33f-4472657e2888-2-525x328.jpg\" class=\"lazyload img-responsive wp-post-image\" alt=\"A-4103-121 Renoviertes Luxus-Apartment in Puerto Portals mit traumhaftem Meerblick 3\" data-original=\"https:\/\/www.privatepropertymallorca.com\/wp-content\/uploads\/2026\/04\/882efea6-ea54-45ab-a33f-4472657e2888-2-525x328.jpg\" \/><\/a><div class=\"tag-wrapper\"><div class=\"status-wrapper\"><\/div><\/div><\/div>\n\n            <h4><a href=\"https:\/\/www.privatepropertymallorca.com\/es\/propiedades\/piso-de-lujo-renovado-con-vistas-al-mar-en-el-puerto-de-puerto-portals-en-el-suroeste-de-la-isla\/\" target=\"_self\">\n                Piso de lujo reformado en Puerto Portals con fant\u00e1sticas vistas al mar                <\/a> \n            <\/h4> \n        \n            <div class=\"property_listing_details\">\n                <div class=\"smallCol\"><div class=\"inforoom_unit_type2\"><\/div><div>2<\/div><\/div><div class=\"smallCol\"><div class=\"infobath_unit_type2\"><\/div><div>2<\/div><\/div><div class=\"smallCol\"><div class=\"infosize_unit_type2\"><\/div><div>104 m&sup2;<\/div><\/div><div class=\"smallCol\"><div class=\"infolotsize_unit_type2\"><\/div><div>0 m&sup2;<\/div><\/div>            <\/div>\n\t\t\n            <div class=\"listing_unit_price_wrapper\">1.100.000 \u20ac <span class=\"price_label\"><\/span><\/div>               \n            <div class=\"property_location\">\n                    \n                    <div class=\"ownerNotes\">A-4103-121<\/div><div class=\"propertyArea\"><a href=\"https:\/\/www.privatepropertymallorca.com\/es\/state\/suroeste\/\" rel=\"tag\">Suroeste<\/a>, <a href=\"https:\/\/www.privatepropertymallorca.com\/es\/ort\/portals-nous-es\/\" rel=\"tag\">Portals Nous<\/a><\/div>                        <\/div>        <\/div>             \n    <\/div>\n  \n\n\n\n<div class=\"col-md-3 shortcode-col has_4per_row  listing_wrapper property_unit_type2\" data-org=\"4\" data-listid=\"1009548\" > \n    <div class=\"property_listing property_unit_type2  \" data-link=\"https:\/\/www.privatepropertymallorca.com\/es\/propiedades\/core-renovado-con-vistas-al-mar-piso-en-zona-tranquila-y-cerca-del-mar-en-santa-ponsa\/\">\n        \n        <div class=\"listing-unit-img-wrapper\"><a href=\"https:\/\/www.privatepropertymallorca.com\/es\/propiedades\/core-renovado-con-vistas-al-mar-piso-en-zona-tranquila-y-cerca-del-mar-en-santa-ponsa\/\" target=\"_self\"><img loading=\"lazy\" decoding=\"async\" width=\"525\" height=\"328\" src=\"https:\/\/www.privatepropertymallorca.com\/wp-content\/uploads\/2023\/07\/eb1c4283-9804-4a44-898b-998f8f86886e-2-525x328.jpg\" class=\"lazyload img-responsive wp-post-image\" alt=\"A-4743 Kernsaniertes Meerblick-Apartment in ruhiger Lage und Meeresn\u00e4he, in Santa Ponsa\" data-original=\"https:\/\/www.privatepropertymallorca.com\/wp-content\/uploads\/2023\/07\/eb1c4283-9804-4a44-898b-998f8f86886e-2-525x328.jpg\" \/><\/a><div class=\"tag-wrapper\"><div class=\"status-wrapper\"><\/div><\/div><\/div>\n\n            <h4><a href=\"https:\/\/www.privatepropertymallorca.com\/es\/propiedades\/core-renovado-con-vistas-al-mar-piso-en-zona-tranquila-y-cerca-del-mar-en-santa-ponsa\/\" target=\"_self\">\n                Piso reformado con vistas al mar en venta en Santa Ponsa en una zona tranquila cerca del mar                <\/a> \n            <\/h4> \n        \n            <div class=\"property_listing_details\">\n                <div class=\"smallCol\"><div class=\"inforoom_unit_type2\"><\/div><div>2<\/div><\/div><div class=\"smallCol\"><div class=\"infobath_unit_type2\"><\/div><div>2<\/div><\/div><div class=\"smallCol\"><div class=\"infosize_unit_type2\"><\/div><div>90 m&sup2;<\/div><\/div><div class=\"smallCol\"><div class=\"infolotsize_unit_type2\"><\/div><div>0 m&sup2;<\/div><\/div>            <\/div>\n\t\t\n            <div class=\"listing_unit_price_wrapper\">700.000 \u20ac <span class=\"price_label\"><\/span><\/div>               \n            <div class=\"property_location\">\n                    \n                    <div class=\"ownerNotes\">A-4743<\/div><div class=\"propertyArea\"><a href=\"https:\/\/www.privatepropertymallorca.com\/es\/state\/suroeste\/\" rel=\"tag\">Suroeste<\/a>, <a href=\"https:\/\/www.privatepropertymallorca.com\/es\/ort\/santa-ponsa-es\/\" rel=\"tag\">Santa Ponsa<\/a><\/div>                        <\/div>        <\/div>             \n    <\/div>\n  \n\n\n\n<div class=\"col-md-3 shortcode-col has_4per_row  listing_wrapper property_unit_type2\" data-org=\"4\" data-listid=\"1273692\" > \n    <div class=\"property_listing property_unit_type2  \" data-link=\"https:\/\/www.privatepropertymallorca.com\/es\/propiedades\/casa-de-pueblo-con-mucho-encanto-en-pueblo-espanol-palma\/\">\n        \n        <div class=\"listing-unit-img-wrapper\"><a href=\"https:\/\/www.privatepropertymallorca.com\/es\/propiedades\/casa-de-pueblo-con-mucho-encanto-en-pueblo-espanol-palma\/\" target=\"_self\"><img loading=\"lazy\" decoding=\"async\" width=\"525\" height=\"328\" src=\"https:\/\/www.privatepropertymallorca.com\/wp-content\/uploads\/2026\/04\/0ce4d7bb-9be2-4c98-9782-0d39099f8e4c-2-525x328.jpg\" class=\"lazyload img-responsive wp-post-image\" alt=\"PPM_Palma5445\" data-original=\"https:\/\/www.privatepropertymallorca.com\/wp-content\/uploads\/2026\/04\/0ce4d7bb-9be2-4c98-9782-0d39099f8e4c-2-525x328.jpg\" \/><\/a><div class=\"tag-wrapper\"><div class=\"status-wrapper\"><\/div><\/div><\/div>\n\n            <h4><a href=\"https:\/\/www.privatepropertymallorca.com\/es\/propiedades\/casa-de-pueblo-con-mucho-encanto-en-pueblo-espanol-palma\/\" target=\"_self\">\n                Casa de pueblo con mucho encanto en Pueblo Espa\u00f1ol, Palma                <\/a> \n            <\/h4> \n        \n            <div class=\"property_listing_details\">\n                <div class=\"smallCol\"><div class=\"inforoom_unit_type2\"><\/div><div>4<\/div><\/div><div class=\"smallCol\"><div class=\"infobath_unit_type2\"><\/div><div>2<\/div><\/div><div class=\"smallCol\"><div class=\"infosize_unit_type2\"><\/div><div>338 m&sup2;<\/div><\/div><div class=\"smallCol\"><div class=\"infolotsize_unit_type2\"><\/div><div>0 m&sup2;<\/div><\/div>            <\/div>\n\t\t\n            <div class=\"listing_unit_price_wrapper\">2.290.000 \u20ac <span class=\"price_label\"><\/span><\/div>               \n            <div class=\"property_location\">\n                    \n                    <div class=\"ownerNotes\">5445<\/div><div class=\"propertyArea\"><a href=\"https:\/\/www.privatepropertymallorca.com\/es\/state\/palma-y-alrededores\/\" rel=\"tag\">Palma y alrededores<\/a>, <a href=\"https:\/\/www.privatepropertymallorca.com\/es\/ort\/palma-es\/\" rel=\"tag\">Palma<\/a><\/div>                        <\/div>        <\/div>             \n    <\/div>\n  \n\n\n\n<div class=\"col-md-3 shortcode-col has_4per_row  listing_wrapper property_unit_type2\" data-org=\"4\" data-listid=\"1300171\" > \n    <div class=\"property_listing property_unit_type2  \" data-link=\"https:\/\/www.privatepropertymallorca.com\/es\/propiedades\/encantadora-finca-mediterranea-con-impresionantes-vistas-al-puerto-de-port-andratx\/\">\n        \n        <div class=\"listing-unit-img-wrapper\"><a href=\"https:\/\/www.privatepropertymallorca.com\/es\/propiedades\/encantadora-finca-mediterranea-con-impresionantes-vistas-al-puerto-de-port-andratx\/\" target=\"_self\"><img loading=\"lazy\" decoding=\"async\" width=\"525\" height=\"328\" src=\"https:\/\/www.privatepropertymallorca.com\/wp-content\/uploads\/2026\/04\/9550005f-a389-405f-b138-14ecc22983bf-2-525x328.jpg\" class=\"lazyload img-responsive wp-post-image\" alt=\"1\" data-original=\"https:\/\/www.privatepropertymallorca.com\/wp-content\/uploads\/2026\/04\/9550005f-a389-405f-b138-14ecc22983bf-2-525x328.jpg\" \/><\/a><div class=\"tag-wrapper\"><div class=\"status-wrapper\"><\/div><\/div><\/div>\n\n            <h4><a href=\"https:\/\/www.privatepropertymallorca.com\/es\/propiedades\/encantadora-finca-mediterranea-con-impresionantes-vistas-al-puerto-de-port-andratx\/\" target=\"_self\">\n                Exclusivamente cerca de Puerto Andratx: Encantadora finca mediterr\u00e1nea con impresionantes vistas al puerto                <\/a> \n            <\/h4> \n        \n            <div class=\"property_listing_details\">\n                <div class=\"smallCol\"><div class=\"inforoom_unit_type2\"><\/div><div>3<\/div><\/div><div class=\"smallCol\"><div class=\"infobath_unit_type2\"><\/div><div>2<\/div><\/div><div class=\"smallCol\"><div class=\"infosize_unit_type2\"><\/div><div>283 m&sup2;<\/div><\/div><div class=\"smallCol\"><div class=\"infolotsize_unit_type2\"><\/div><div>4814 m&sup2;<\/div><\/div>            <\/div>\n\t\t\n            <div class=\"listing_unit_price_wrapper\">2.400.000 \u20ac <span class=\"price_label\"><\/span><\/div>               \n            <div class=\"property_location\">\n                    \n                    <div class=\"ownerNotes\">5507<\/div><div class=\"propertyArea\"><a href=\"https:\/\/www.privatepropertymallorca.com\/es\/state\/suroeste\/\" rel=\"tag\">Suroeste<\/a>, <a href=\"https:\/\/www.privatepropertymallorca.com\/es\/ort\/port-andratx-es\/\" rel=\"tag\">Port Andratx<\/a><\/div>                        <\/div>        <\/div>             \n    <\/div>\n  \n\n\n\n<div class=\"col-md-3 shortcode-col has_4per_row  listing_wrapper property_unit_type2\" data-org=\"4\" data-listid=\"1284000\" > \n    <div class=\"property_listing property_unit_type2  \" data-link=\"https:\/\/www.privatepropertymallorca.com\/es\/propiedades\/adosado-de-alta-calidad-en-puerto-andratx\/\">\n        \n        <div class=\"listing-unit-img-wrapper\"><a href=\"https:\/\/www.privatepropertymallorca.com\/es\/propiedades\/adosado-de-alta-calidad-en-puerto-andratx\/\" target=\"_self\"><img loading=\"lazy\" decoding=\"async\" width=\"525\" height=\"328\" src=\"https:\/\/www.privatepropertymallorca.com\/wp-content\/uploads\/2026\/04\/2aa2bda3-2a3c-4d13-b1d0-cea8d99148c1-2-525x328.jpg\" class=\"lazyload img-responsive wp-post-image\" alt=\"5490 - 66 Townhouse in Port Andratx6\" data-original=\"https:\/\/www.privatepropertymallorca.com\/wp-content\/uploads\/2026\/04\/2aa2bda3-2a3c-4d13-b1d0-cea8d99148c1-2-525x328.jpg\" \/><\/a><div class=\"tag-wrapper\"><div class=\"status-wrapper\"><\/div><\/div><\/div>\n\n            <h4><a href=\"https:\/\/www.privatepropertymallorca.com\/es\/propiedades\/adosado-de-alta-calidad-en-puerto-andratx\/\" target=\"_self\">\n                Adosado de alta calidad en Puerto Andratx                <\/a> \n            <\/h4> \n        \n            <div class=\"property_listing_details\">\n                <div class=\"smallCol\"><div class=\"inforoom_unit_type2\"><\/div><div>4<\/div><\/div><div class=\"smallCol\"><div class=\"infobath_unit_type2\"><\/div><div>3<\/div><\/div><div class=\"smallCol\"><div class=\"infosize_unit_type2\"><\/div><div>186 m&sup2;<\/div><\/div><div class=\"smallCol\"><div class=\"infolotsize_unit_type2\"><\/div><div>0 m&sup2;<\/div><\/div>            <\/div>\n\t\t\n            <div class=\"listing_unit_price_wrapper\">3.280.000 \u20ac <span class=\"price_label\"><\/span><\/div>               \n            <div class=\"property_location\">\n                    \n                    <div class=\"ownerNotes\">5490 - 66<\/div><div class=\"propertyArea\"><a href=\"https:\/\/www.privatepropertymallorca.com\/es\/state\/suroeste\/\" rel=\"tag\">Suroeste<\/a>, <a href=\"https:\/\/www.privatepropertymallorca.com\/es\/ort\/port-andratx-es\/\" rel=\"tag\">Port Andratx<\/a><\/div>                        <\/div>        <\/div>             \n    <\/div>\n  \n\n\n\n<div class=\"col-md-3 shortcode-col has_4per_row  listing_wrapper property_unit_type2\" data-org=\"4\" data-listid=\"1300777\" > \n    <div class=\"property_listing property_unit_type2  \" data-link=\"https:\/\/www.privatepropertymallorca.com\/es\/propiedades\/moderna-villa-en-santa-ponsa-con-vistas-al-mar-y-a-la-montana-con-licencia-de-alquiler-vacacional\/\">\n        \n        <div class=\"listing-unit-img-wrapper\"><a href=\"https:\/\/www.privatepropertymallorca.com\/es\/propiedades\/moderna-villa-en-santa-ponsa-con-vistas-al-mar-y-a-la-montana-con-licencia-de-alquiler-vacacional\/\" target=\"_self\"><img loading=\"lazy\" decoding=\"async\" width=\"525\" height=\"328\" src=\"https:\/\/www.privatepropertymallorca.com\/wp-content\/uploads\/2026\/03\/53b6e226-cf8e-4cf5-b253-1d8b65615463-2-525x328.jpg\" class=\"lazyload img-responsive wp-post-image\" alt=\"ETV LOGO PPM  (4)\" data-original=\"https:\/\/www.privatepropertymallorca.com\/wp-content\/uploads\/2026\/03\/53b6e226-cf8e-4cf5-b253-1d8b65615463-2-525x328.jpg\" \/><\/a><div class=\"tag-wrapper\"><div class=\"status-wrapper\"><div class=\"ribbon-inside holiday-rental-licence\">Holiday rental licence<\/div><\/div><\/div><\/div>\n\n            <h4><a href=\"https:\/\/www.privatepropertymallorca.com\/es\/propiedades\/moderna-villa-en-santa-ponsa-con-vistas-al-mar-y-a-la-montana-con-licencia-de-alquiler-vacacional\/\" target=\"_self\">\n                Moderna villa en Santa Ponsa con vistas al mar y a la monta\u00f1a, \u00a1con licencia de alquiler vacacional!                <\/a> \n            <\/h4> \n        \n            <div class=\"property_listing_details\">\n                <div class=\"smallCol\"><div class=\"inforoom_unit_type2\"><\/div><div>4<\/div><\/div><div class=\"smallCol\"><div class=\"infobath_unit_type2\"><\/div><div>5<\/div><\/div><div class=\"smallCol\"><div class=\"infosize_unit_type2\"><\/div><div>230 m&sup2;<\/div><\/div><div class=\"smallCol\"><div class=\"infolotsize_unit_type2\"><\/div><div>1000 m&sup2;<\/div><\/div>            <\/div>\n\t\t\n            <div class=\"listing_unit_price_wrapper\">2.950.000 \u20ac <span class=\"price_label\"><\/span><\/div>               \n            <div class=\"property_location\">\n                    \n                    <div class=\"ownerNotes\">4985<\/div><div class=\"propertyArea\"><a href=\"https:\/\/www.privatepropertymallorca.com\/es\/state\/suroeste\/\" rel=\"tag\">Suroeste<\/a>, <a href=\"https:\/\/www.privatepropertymallorca.com\/es\/ort\/santa-ponsa-es\/\" rel=\"tag\">Santa Ponsa<\/a><\/div>                        <\/div>        <\/div>             \n    <\/div>\n  \n\n\n\n<div class=\"col-md-3 shortcode-col has_4per_row  listing_wrapper property_unit_type2\" data-org=\"4\" data-listid=\"1296112\" > \n    <div class=\"property_listing property_unit_type2  \" data-link=\"https:\/\/www.privatepropertymallorca.com\/es\/propiedades\/primera-compra-villa-de-nueva-con-elegante-paisaje-de-piscina-y-vistas-directas-al-mar-en-santa-ponsa\/\">\n        \n        <div class=\"listing-unit-img-wrapper\"><a href=\"https:\/\/www.privatepropertymallorca.com\/es\/propiedades\/primera-compra-villa-de-nueva-con-elegante-paisaje-de-piscina-y-vistas-directas-al-mar-en-santa-ponsa\/\" target=\"_self\"><img loading=\"lazy\" decoding=\"async\" width=\"525\" height=\"328\" src=\"https:\/\/www.privatepropertymallorca.com\/wp-content\/uploads\/2026\/03\/140af3f5-2695-4661-b850-66824aa5b056-4-525x328.jpg\" class=\"lazyload img-responsive wp-post-image\" alt=\"BellaVista GK HQ-41\" data-original=\"https:\/\/www.privatepropertymallorca.com\/wp-content\/uploads\/2026\/03\/140af3f5-2695-4661-b850-66824aa5b056-4-525x328.jpg\" \/><\/a><div class=\"tag-wrapper\"><div class=\"status-wrapper\"><\/div><\/div><\/div>\n\n            <h4><a href=\"https:\/\/www.privatepropertymallorca.com\/es\/propiedades\/primera-compra-villa-de-nueva-con-elegante-paisaje-de-piscina-y-vistas-directas-al-mar-en-santa-ponsa\/\" target=\"_self\">\n                \u00a1PRIMERA COMPRA! Villa de nueva con elegante paisaje de piscina y vistas directas al mar en Santa Ponsa                <\/a> \n            <\/h4> \n        \n            <div class=\"property_listing_details\">\n                <div class=\"smallCol\"><div class=\"inforoom_unit_type2\"><\/div><div>4<\/div><\/div><div class=\"smallCol\"><div class=\"infobath_unit_type2\"><\/div><div>4<\/div><\/div><div class=\"smallCol\"><div class=\"infosize_unit_type2\"><\/div><div>615 m&sup2;<\/div><\/div><div class=\"smallCol\"><div class=\"infolotsize_unit_type2\"><\/div><div>1506 m&sup2;<\/div><\/div>            <\/div>\n\t\t\n            <div class=\"listing_unit_price_wrapper\">14.900.000 \u20ac <span class=\"price_label\"><\/span><\/div>               \n            <div class=\"property_location\">\n                    \n                    <div class=\"ownerNotes\">V-4001<\/div><div class=\"propertyArea\"><a href=\"https:\/\/www.privatepropertymallorca.com\/es\/state\/suroeste\/\" rel=\"tag\">Suroeste<\/a>, <a href=\"https:\/\/www.privatepropertymallorca.com\/es\/ort\/santa-ponsa-es\/\" rel=\"tag\">Santa Ponsa<\/a><\/div>                        <\/div>        <\/div>             \n    <\/div>\n  \n\n\n\n<div class=\"col-md-3 shortcode-col has_4per_row  listing_wrapper property_unit_type2\" data-org=\"4\" data-listid=\"1285828\" > \n    <div class=\"property_listing property_unit_type2  \" data-link=\"https:\/\/www.privatepropertymallorca.com\/es\/propiedades\/villa-de-alta-calidad-con-espectaculares-vistas-al-mar-en-santa-ponsa\/\">\n        \n        <div class=\"listing-unit-img-wrapper\"><a href=\"https:\/\/www.privatepropertymallorca.com\/es\/propiedades\/villa-de-alta-calidad-con-espectaculares-vistas-al-mar-en-santa-ponsa\/\" target=\"_self\"><img loading=\"lazy\" decoding=\"async\" width=\"525\" height=\"328\" src=\"https:\/\/www.privatepropertymallorca.com\/wp-content\/uploads\/2026\/03\/84a7a814-d79c-47f5-95fe-b149731396ce-5-525x328.jpg\" class=\"lazyload img-responsive wp-post-image\" alt=\"5472 - Villa in Santa Ponsa 16\" data-original=\"https:\/\/www.privatepropertymallorca.com\/wp-content\/uploads\/2026\/03\/84a7a814-d79c-47f5-95fe-b149731396ce-5-525x328.jpg\" \/><\/a><div class=\"tag-wrapper\"><div class=\"status-wrapper\"><\/div><\/div><\/div>\n\n            <h4><a href=\"https:\/\/www.privatepropertymallorca.com\/es\/propiedades\/villa-de-alta-calidad-con-espectaculares-vistas-al-mar-en-santa-ponsa\/\" target=\"_self\">\n                Villa de alta calidad con espectaculares vistas al mar en Santa Ponsa                <\/a> \n            <\/h4> \n        \n            <div class=\"property_listing_details\">\n                <div class=\"smallCol\"><div class=\"inforoom_unit_type2\"><\/div><div>4<\/div><\/div><div class=\"smallCol\"><div class=\"infobath_unit_type2\"><\/div><div>4<\/div><\/div><div class=\"smallCol\"><div class=\"infosize_unit_type2\"><\/div><div>445 m&sup2;<\/div><\/div><div class=\"smallCol\"><div class=\"infolotsize_unit_type2\"><\/div><div>1300 m&sup2;<\/div><\/div>            <\/div>\n\t\t\n            <div class=\"listing_unit_price_wrapper\">6.500.000 \u20ac <span class=\"price_label\"><\/span><\/div>               \n            <div class=\"property_location\">\n                    \n                    <div class=\"ownerNotes\">5472<\/div><div class=\"propertyArea\"><a href=\"https:\/\/www.privatepropertymallorca.com\/es\/state\/suroeste\/\" rel=\"tag\">Suroeste<\/a>, <a href=\"https:\/\/www.privatepropertymallorca.com\/es\/ort\/santa-ponsa-es\/\" rel=\"tag\">Santa Ponsa<\/a><\/div>                        <\/div>        <\/div>             \n    <\/div>\n<div class=\"wpestate_listing_sh_loader\">\n       <div class=\"new_prelader\"><\/div>\n\n    <\/div><div class=\"listinglink-wrapper_sh_listings\">\n               <span class=\"wpresidence_button wpestate_item_list_sh\">cargar m\u00e1s inmuebles <\/span>\n               <\/div><\/div><script type=\"text\/javascript\">\n                \/\/<![CDATA[\n                jQuery(document).ready(function(){\n                  \/\/  wpestate_anime(\"#wpestate_sh_anime_343\");\n                   \/\/ wpestate_property_list_sh(\"#wpestate_sh_anime_343 .wpestate_item_list_sh\", \"#wpestate_sh_anime_343 .control_tax_sh\");\n                });\n                \/\/]]>\n            <\/script>[\/vc_column][\/vc_row]<\/p>\n<div class=\"bellvueblock \"><img decoding=\"async\" src=\"https:\/\/www.privatepropertymallorca.com\/wp-content\/uploads\/2020\/02\/best_icon-159x300.png\" alt=\"bellvue\"><\/div><\/div>","protected":false},"excerpt":{"rendered":"<p>El proceso de b\u00fasqueda de una residencia en Espa\u00f1a en Internet puede ser desalentador, ya que hay una gran cantidad de informaci\u00f3n sobre listados de propiedades que a menudo se duplican o ya no est\u00e1n disponibles para la venta.<\/p>\n","protected":false},"author":13,"featured_media":1018816,"comment_status":"closed","ping_status":"closed","sticky":false,"template":"","format":"standard","meta":{"_seopress_robots_primary_cat":"none","_seopress_titles_title":"Die Effizienz der Beauftragung einer professionellen Immobilienagentur zum Kauf von Luxusimmobilien auf Mallorca | PPM Mallorca Magazin","_seopress_titles_desc":"Der Prozess der Suche nach einer Residenz in Spanien im Internet kann entmutigend sein, da eine gro\u00dfe Menge an Informationen zu Immobilienangeboten vorhanden ist, die oft dupliziert oder nicht mehr zum Verkauf verf\u00fcgbar sind. ","_seopress_robots_index":"","footnotes":""},"categories":[1073],"tags":[],"class_list":{"0":"post-1009424","1":"post","2":"type-post","3":"status-publish","4":"format-standard","5":"has-post-thumbnail","7":"category-revista"},"_links":{"self":[{"href":"https:\/\/www.privatepropertymallorca.com\/es\/wp-json\/wp\/v2\/posts\/1009424","targetHints":{"allow":["GET"]}}],"collection":[{"href":"https:\/\/www.privatepropertymallorca.com\/es\/wp-json\/wp\/v2\/posts"}],"about":[{"href":"https:\/\/www.privatepropertymallorca.com\/es\/wp-json\/wp\/v2\/types\/post"}],"author":[{"embeddable":true,"href":"https:\/\/www.privatepropertymallorca.com\/es\/wp-json\/wp\/v2\/users\/13"}],"replies":[{"embeddable":true,"href":"https:\/\/www.privatepropertymallorca.com\/es\/wp-json\/wp\/v2\/comments?post=1009424"}],"version-history":[{"count":0,"href":"https:\/\/www.privatepropertymallorca.com\/es\/wp-json\/wp\/v2\/posts\/1009424\/revisions"}],"wp:featuredmedia":[{"embeddable":true,"href":"https:\/\/www.privatepropertymallorca.com\/es\/wp-json\/wp\/v2\/media\/1018816"}],"wp:attachment":[{"href":"https:\/\/www.privatepropertymallorca.com\/es\/wp-json\/wp\/v2\/media?parent=1009424"}],"wp:term":[{"taxonomy":"category","embeddable":true,"href":"https:\/\/www.privatepropertymallorca.com\/es\/wp-json\/wp\/v2\/categories?post=1009424"},{"taxonomy":"post_tag","embeddable":true,"href":"https:\/\/www.privatepropertymallorca.com\/es\/wp-json\/wp\/v2\/tags?post=1009424"}],"curies":[{"name":"wp","href":"https:\/\/api.w.org\/{rel}","templated":true}]}}