{"id":1164712,"date":"2024-11-13T11:36:35","date_gmt":"2024-11-13T10:36:35","guid":{"rendered":"https:\/\/www.privatepropertymallorca.com\/guia-para-compradores-vendedores-y-profesionales-inmobiliarios-sobre-la-nueva-ley-de-bienes-raices-en-las-islas-baleares\/"},"modified":"2024-11-19T13:57:18","modified_gmt":"2024-11-19T12:57:18","slug":"guia-para-compradores-vendedores-y-profesionales-inmobiliarios-sobre-la-nueva-ley-de-bienes-raices-en-las-islas-baleares","status":"publish","type":"post","link":"https:\/\/www.privatepropertymallorca.com\/es\/revista\/guia-para-compradores-vendedores-y-profesionales-inmobiliarios-sobre-la-nueva-ley-de-bienes-raices-en-las-islas-baleares\/","title":{"rendered":"Gu\u00eda para Compradores, Vendedores y Profesionales Inmobiliarios sobre la Nueva Ley de Bienes Ra\u00edces en las Islas Baleares"},"content":{"rendered":"<div class=\"wpb-content-wrapper\"><p>[vc_row][vc_column width=\u00bb1\/4&#8243;][vc_single_image image=\u00bb559256&#8243; css=\u00bb\u00bb][\/vc_column][vc_column width=\u00bb3\/4&#8243;][vc_column_text css=\u00bb\u00bb]<\/p>\n<h3><strong>Gu\u00eda para Compradores, Vendedores y Profesionales Inmobiliarios sobre la Nueva Ley de Bienes Ra\u00edces en las Islas Baleares<\/strong><\/h3>\n<p>El mercado inmobiliario de las Islas Baleares ha dado un importante paso adelante con la introducci\u00f3n de la <strong>Ley 3\/2024<\/strong>. Esta nueva normativa exige que todas las agencias inmobiliarias y agentes independientes que operen en la regi\u00f3n se registren en el <strong>Registro Oficial de Agentes Inmobiliarios de las Islas Baleares (ROAIIB)<\/strong> para realizar transacciones de manera legal. Dise\u00f1ada para reforzar la protecci\u00f3n al consumidor y elevar los est\u00e1ndares profesionales, esta ley marca un momento crucial para compradores, vendedores y profesionales del sector inmobiliario en Mallorca y en el resto de las Islas Baleares. A continuaci\u00f3n, analizamos por qu\u00e9 esta ley es relevante, qu\u00e9 implica y c\u00f3mo beneficia a todos los involucrados en transacciones inmobiliarias.<\/p>\n<h3><\/h3>\n<h3><strong>\u00bfPor qu\u00e9 es importante esta nueva ley?<\/strong><\/h3>\n<p>La <strong>Ley 3\/2024<\/strong> se cre\u00f3 como respuesta a la creciente necesidad de transparencia, responsabilidad y protecci\u00f3n al consumidor en el mercado inmobiliario de las Islas Baleares. Con el turismo y la inversi\u00f3n extranjera impulsando constantemente la demanda de propiedades, la regi\u00f3n ha experimentado un aumento significativo en las transacciones inmobiliarias. Sin embargo, este crecimiento tambi\u00e9n ha generado preocupaciones sobre la actuaci\u00f3n de agentes no cualificados, la falta de supervisi\u00f3n y la falta de responsabilidad profesional.<\/p>\n<p>El principal objetivo de esta ley es estructurar y dar mayor seguridad a este mercado din\u00e1mico, permitiendo que los clientes puedan realizar transacciones con confianza y sin riesgos innecesarios.<\/p>\n<h3><\/h3>\n<h3><strong>El Nuevo Registro ROAIIB: Un cambio fundamental<\/strong><\/h3>\n<p>El <strong>Registro Oficial de Agentes Inmobiliarios de las Islas Baleares (ROAIIB)<\/strong> es el eje central de esta ley. Este registro funciona como una lista de agentes y agencias autorizados que cumplen con estrictos requisitos de cualificaci\u00f3n y est\u00e1ndares \u00e9ticos, creando un entorno m\u00e1s seguro para las transacciones inmobiliarias.<\/p>\n<p>A partir de ahora, solo los agentes y agencias inscritos en el ROAIIB podr\u00e1n operar legalmente en la regi\u00f3n. Este sistema asegura que los clientes traten \u00fanicamente con profesionales que han superado un riguroso proceso de evaluaci\u00f3n, manteniendo seguros sus derechos y su inversi\u00f3n.<\/p>\n<h3><\/h3>\n<h3><strong>\u00bfQu\u00e9 significa la Ley 3\/2024 para compradores y vendedores?<\/strong><\/h3>\n<p>Si planeas comprar, vender o invertir en propiedades en las Islas Baleares, la Ley 3\/2024 trae varios beneficios importantes dise\u00f1ados para protegerte y mejorar tu experiencia:<\/p>\n<ol>\n<li><strong>Mayor confianza y garant\u00eda legal<\/strong><br \/>\nLas agencias certificadas en el ROAIIB deben cumplir con est\u00e1ndares legales exigentes, incluido un seguro obligatorio. Esto te protege ante posibles problemas durante las transacciones, reduciendo riesgos y aumentando la confianza en el proceso de compra o venta. Al trabajar con una agencia registrada en el ROAIIB, puedes estar seguro de que se cumplen todas las normativas legales de la regi\u00f3n, incluidas aquellas relacionadas con la transparencia, la seguridad y los derechos del cliente.<\/li>\n<li><strong>Compromiso con la calidad y el profesionalismo<\/strong><br \/>\nEl registro en el ROAIIB solo se concede a agencias y agentes que demuestran un compromiso con altos est\u00e1ndares de formaci\u00f3n, responsabilidad y \u00e9tica profesional. Al garantizar que solo los profesionales cualificados puedan operar en el sector, este registro mejora la calidad del servicio ofrecido a los clientes. Sabr\u00e1s que tu agente tiene los conocimientos y recursos necesarios para guiarte a trav\u00e9s de las complejidades del mercado inmobiliario local, ayud\u00e1ndote a tomar decisiones informadas.<\/li>\n<li><strong>Experiencia en la que puedes confiar<\/strong><br \/>\nEl nuevo proceso de registro asegura que los profesionales inmobiliarios no solo est\u00e9n bien informados sobre el marco legal, sino que tambi\u00e9n est\u00e9n mejor capacitados para proporcionar informaci\u00f3n detallada y actualizada sobre leyes, implicaciones fiscales y opciones de seguro. Las agencias certificadas ofrecen una orientaci\u00f3n m\u00e1s fiable y est\u00e1n obligadas a cumplir con est\u00e1ndares profesionales estrictos, asegurando que los clientes reciban un servicio de calidad en cada etapa de la transacci\u00f3n.<\/li>\n<\/ol>\n<h3><\/h3>\n<h3><strong>El impacto en el <a href=\"https:\/\/www.privatepropertymallorca.com\/es\/busqueda-inmobiliaria\/\">mercado inmobiliario en Mallorca<\/a><\/strong><\/h3>\n<p>La Ley 3\/2024 ha introducido cambios positivos en el mercado inmobiliario, estableciendo un nuevo est\u00e1ndar que ya est\u00e1 elevando la reputaci\u00f3n de las Islas Baleares en t\u00e9rminos de calidad, profesionalismo y seguridad para los clientes. Entre los principales beneficios de esta regulaci\u00f3n destacan:<\/p>\n<ol>\n<li><strong>Mayor transparencia en el mercado<\/strong><br \/>\nUn registro certificado a\u00f1ade un nivel de transparencia al sector inmobiliario, facilitando que los clientes verifiquen que los profesionales con los que trabajan est\u00e9n autorizados, cualificados y sean de confianza. Al exigir que los agentes y agencias se inscriban en el ROAIIB, la ley permite a los consumidores tomar decisiones m\u00e1s informadas y fomenta un entorno m\u00e1s seguro para las transacciones.<\/li>\n<li><strong>Reducci\u00f3n del riesgo de fraude y malas pr\u00e1cticas<\/strong><br \/>\nEl fraude inmobiliario y las pr\u00e1cticas poco \u00e9ticas han sido un problema en muchos mercados de alta demanda. Con la entrada en vigor de la Ley 3\/2024, el registro ROAIIB ayuda a minimizar estos riesgos al excluir a agentes no cualificados o poco \u00e9ticos. Los clientes pueden estar m\u00e1s seguros de que sus intereses est\u00e1n protegidos por profesionales legalmente responsables y comprometidos con est\u00e1ndares \u00e9ticos.<\/li>\n<li><strong>Est\u00e1ndares m\u00e1s altos de formaci\u00f3n y desarrollo<\/strong><br \/>\nLa nueva ley tambi\u00e9n promueve indirectamente una mejor educaci\u00f3n y formaci\u00f3n para los agentes inmobiliarios. Para obtener la certificaci\u00f3n ROAIIB, las agencias deben demostrar su compromiso con la capacitaci\u00f3n y el desarrollo profesional. Esto incentiva a las agencias a invertir en sus equipos, creando una fuerza laboral no solo legalmente conforme, sino tambi\u00e9n equipada con conocimientos y habilidades adaptadas al mercado de las Islas Baleares.<\/li>\n<li><strong>Mayor confianza para compradores e inversores extranjeros<\/strong><br \/>\nMallorca y las Islas Baleares son destinos populares entre compradores internacionales, que a menudo enfrentan preocupaciones adicionales sobre la legalidad, las barreras idiom\u00e1ticas y las pr\u00e1cticas inmobiliarias desconocidas. Con la introducci\u00f3n del ROAIIB, los inversores extranjeros pueden sentirse m\u00e1s seguros en sus transacciones, sabiendo que los agentes con los que trabajan est\u00e1n regulados por la ley local y cumplen con altos est\u00e1ndares de conducta profesional. Esta protecci\u00f3n adicional es una ventaja significativa para atraer inversi\u00f3n extranjera, beneficiando la econom\u00eda de la regi\u00f3n.<\/li>\n<\/ol>\n<h3><\/h3>\n<h3><strong>Conclusi\u00f3n: Un mercado inmobiliario m\u00e1s fuerte y seguro<\/strong><\/h3>\n<p>La implementaci\u00f3n de la <strong>Ley 3\/2024<\/strong> refleja el compromiso de las Islas Baleares con la construcci\u00f3n de un mercado inmobiliario seguro, transparente y profesionalmente regulado. Al exigir que las agencias y los agentes se registren en el ROAIIB, esta ley aporta un sentido de orden y responsabilidad que hac\u00eda tiempo se necesitaba en el sector.<\/p>\n<p>Tanto si eres un comprador local, un inversor internacional o alguien que desea vender una propiedad en las Islas Baleares, esta ley proporciona nuevos niveles de seguridad, confianza y profesionalismo para ayudarte a tomar decisiones inmobiliarias acertadas.<\/p>\n<p>La <strong>Ley 3\/2024<\/strong> y la creaci\u00f3n del ROAIIB han elevado los est\u00e1ndares en el sector inmobiliario de las Islas Baleares, beneficiando tanto a los clientes como a los profesionales. Para compradores y vendedores, esto se traduce en mayor protecci\u00f3n, orientaci\u00f3n de confianza y la certeza de trabajar con agentes que cumplen altos est\u00e1ndares legales y \u00e9ticos. Para las agencias inmobiliarias, subraya la importancia del profesionalismo, la calidad del servicio y la rendici\u00f3n de cuentas. Estas reformas posicionan a las Islas Baleares como un ejemplo l\u00edder de un mercado inmobiliario bien regulado, priorizando los intereses del cliente y fomentando un sector inmobiliario m\u00e1s saludable y resiliente.<\/p>\n<p>Fuente original de la Ley 3\/2024:<br \/>\n<a href=\"https:\/\/www.boe.es\/diario_boe\/txt.php?id=BOE-A-2024-15575\" target=\"_new\" rel=\"noopener\">https:\/\/www.boe.es\/diario_boe\/txt.php?id=BOE-A-2024-15575<\/a>[\/vc_column_text][\/vc_column][\/vc_row][vc_row][vc_column][vc_empty_space][\/vc_column][\/vc_row][vc_row][vc_column]<div id=\"ultimate-heading-676769f53bf5f04b0\" class=\"uvc-heading ult-adjust-bottom-margin ultimate-heading-676769f53bf5f04b0 uvc-1677 \" data-hspacer=\"no_spacer\"  data-halign=\"center\" style=\"text-align:center\"><div class=\"uvc-heading-spacer no_spacer\" style=\"top\"><\/div><div class=\"uvc-main-heading ult-responsive\"  data-ultimate-target='.uvc-heading.ultimate-heading-676769f53bf5f04b0 h2'  data-responsive-json-new='{\"font-size\":\"\",\"line-height\":\"\"}' ><h2 style=\"font-weight:normal;\">INMUEBLES EN VENTA MALLORCA<\/h2><\/div><\/div>[\/vc_column][\/vc_row][vc_row][vc_column]<div id=\"wpestate_sh_anime_240\" class=\"article_container wpestate_anime wpestate_latest_listings_sh bottom-estate_property \"  data-type=\"estate_property\" data-category_ids=\"\" data-action_ids=\"\" data-city_ids=\"\" data-area_ids=\"\" data-state_ids=\"\" data-status_ids=\"\" data-number=\"40\" data-row-number=\"4\" data-align=\"vertical\" data-show_featured_only=\"no\"  data-random_pick=\"yes\"  data-featured_first=\"no\" data-page=\"1\" >  \n\n\n\n<div class=\"col-md-3 shortcode-col has_4per_row  listing_wrapper property_unit_type2\" data-org=\"4\" data-listid=\"816496\" > \n    <div class=\"property_listing property_unit_type2  \" data-link=\"https:\/\/www.privatepropertymallorca.com\/es\/propiedades\/chalet-reformado-con-gran-piscina-y-fantasticas-vistas-en-la-exclusiva-urbanizacion-de-son-vida\/\">\n        \n        <div class=\"listing-unit-img-wrapper\"><a href=\"https:\/\/www.privatepropertymallorca.com\/es\/propiedades\/chalet-reformado-con-gran-piscina-y-fantasticas-vistas-en-la-exclusiva-urbanizacion-de-son-vida\/\" target=\"_self\"><img decoding=\"async\" src=\"https:\/\/www.privatepropertymallorca.com\/wp-content\/themes\/wpresidence\/img\/defaults\/default_property_listings.jpg\" class=\"b-lazy img-responsive wp-post-image  lazy-hidden\" alt=imagen del usuario\" \/><\/a><div class=\"tag-wrapper\"><div class=\"status-wrapper\"><\/div><\/div><\/div>\n\n            <h4><a href=\"https:\/\/www.privatepropertymallorca.com\/es\/propiedades\/chalet-reformado-con-gran-piscina-y-fantasticas-vistas-en-la-exclusiva-urbanizacion-de-son-vida\/\" target=\"_self\">\n                Chalet reformado en Son Vida con gran terraza piscina y privacidad                <\/a> \n            <\/h4> \n        \n            <div class=\"property_listing_details\">\n                <div class=\"smallCol\"><div class=\"inforoom_unit_type2\"><\/div><div>4<\/div><\/div><div class=\"smallCol\"><div class=\"infobath_unit_type2\"><\/div><div>4<\/div><\/div><div class=\"smallCol\"><div class=\"infosize_unit_type2\"><\/div><div>537 m&sup2;<\/div><\/div><div class=\"smallCol\"><div class=\"infolotsize_unit_type2\"><\/div><div>1854 m&sup2;<\/div><\/div>            <\/div>\n\t\t\n            <div class=\"listing_unit_price_wrapper\">3.970.000 \u20ac <span class=\"price_label\"><\/span><\/div>               \n            <div class=\"property_location\">\n                    \n                    <div class=\"ownerNotes\">V-3779<\/div><div class=\"propertyArea\"><a href=\"https:\/\/www.privatepropertymallorca.com\/es\/state\/palma-y-alrededores\/\" rel=\"tag\">Palma y alrededores<\/a>, <a href=\"https:\/\/www.privatepropertymallorca.com\/es\/ort\/son-vida-es\/\" rel=\"tag\">Son Vida<\/a><\/div>                        <\/div>        <\/div>             \n    <\/div>\n  \n\n\n\n<div class=\"col-md-3 shortcode-col has_4per_row  listing_wrapper property_unit_type2\" data-org=\"4\" data-listid=\"403471\" > \n    <div class=\"property_listing property_unit_type2  \" data-link=\"https:\/\/www.privatepropertymallorca.com\/es\/propiedades\/esplendido-hotel-rural-con-licencia-en-un-gran-terreno-con-establos-cerca-de-llucmajor\/\">\n        \n        <div class=\"listing-unit-img-wrapper\"><a href=\"https:\/\/www.privatepropertymallorca.com\/es\/propiedades\/esplendido-hotel-rural-con-licencia-en-un-gran-terreno-con-establos-cerca-de-llucmajor\/\" target=\"_self\"><img fetchpriority=\"high\" decoding=\"async\" width=\"525\" height=\"328\" src=\"https:\/\/www.privatepropertymallorca.com\/wp-content\/uploads\/2026\/03\/cc6f151e-af10-4ec4-ac9c-15904f89b136-2-525x328.jpg\" class=\"lazyload img-responsive wp-post-image\" alt=\"ETV LOGO PPM  (2)\" data-original=\"https:\/\/www.privatepropertymallorca.com\/wp-content\/uploads\/2026\/03\/cc6f151e-af10-4ec4-ac9c-15904f89b136-2-525x328.jpg\" \/><\/a><div class=\"tag-wrapper\"><div class=\"status-wrapper\"><div class=\"ribbon-inside holiday-rental-licence\">Holiday rental licence<\/div><\/div><\/div><\/div>\n\n            <h4><a href=\"https:\/\/www.privatepropertymallorca.com\/es\/propiedades\/esplendido-hotel-rural-con-licencia-en-un-gran-terreno-con-establos-cerca-de-llucmajor\/\" target=\"_self\">\n                Maravilloso hotel rural en Sa Torre, cerca de Llucmajor, con establos                <\/a> \n            <\/h4> \n        \n            <div class=\"property_listing_details\">\n                <div class=\"smallCol\"><div class=\"inforoom_unit_type2\"><\/div><div>9<\/div><\/div><div class=\"smallCol\"><div class=\"infobath_unit_type2\"><\/div><div>9<\/div><\/div><div class=\"smallCol\"><div class=\"infosize_unit_type2\"><\/div><div>1350 m&sup2;<\/div><\/div><div class=\"smallCol\"><div class=\"infolotsize_unit_type2\"><\/div><div>375533 m&sup2;<\/div><\/div>            <\/div>\n\t\t\n            <div class=\"listing_unit_price_wrapper\">4.500.000 \u20ac <span class=\"price_label\"><\/span><\/div>               \n            <div class=\"property_location\">\n                    \n                    <div class=\"ownerNotes\">H-3073<\/div><div class=\"propertyArea\"><a href=\"https:\/\/www.privatepropertymallorca.com\/es\/state\/sur\/\" rel=\"tag\">Sur<\/a>, <a href=\"https:\/\/www.privatepropertymallorca.com\/es\/ort\/sa-torre-es\/\" rel=\"tag\">Sa Torre<\/a><\/div>                        <\/div>        <\/div>             \n    <\/div>\n  \n\n\n\n<div class=\"col-md-3 shortcode-col has_4per_row  listing_wrapper property_unit_type2\" data-org=\"4\" data-listid=\"1281632\" > \n    <div class=\"property_listing property_unit_type2  \" data-link=\"https:\/\/www.privatepropertymallorca.com\/es\/propiedades\/finca-con-gran-parcela-y-piscina-en-calvia\/\">\n        \n        <div class=\"listing-unit-img-wrapper\"><a href=\"https:\/\/www.privatepropertymallorca.com\/es\/propiedades\/finca-con-gran-parcela-y-piscina-en-calvia\/\" target=\"_self\"><img decoding=\"async\" width=\"525\" height=\"328\" src=\"https:\/\/www.privatepropertymallorca.com\/wp-content\/uploads\/2025\/12\/436ec242-4364-4b1b-ba91-8f514fdf45bb-3-525x328.jpg\" class=\"lazyload img-responsive wp-post-image\" alt=\"5471 - Finca in Calvia3\" data-original=\"https:\/\/www.privatepropertymallorca.com\/wp-content\/uploads\/2025\/12\/436ec242-4364-4b1b-ba91-8f514fdf45bb-3-525x328.jpg\" \/><\/a><div class=\"tag-wrapper\"><div class=\"status-wrapper\"><\/div><\/div><\/div>\n\n            <h4><a href=\"https:\/\/www.privatepropertymallorca.com\/es\/propiedades\/finca-con-gran-parcela-y-piscina-en-calvia\/\" target=\"_self\">\n                Finca con gran parcela y piscina en Calvia                <\/a> \n            <\/h4> \n        \n            <div class=\"property_listing_details\">\n                <div class=\"smallCol\"><div class=\"inforoom_unit_type2\"><\/div><div>4<\/div><\/div><div class=\"smallCol\"><div class=\"infobath_unit_type2\"><\/div><div>3<\/div><\/div><div class=\"smallCol\"><div class=\"infosize_unit_type2\"><\/div><div>0 m&sup2;<\/div><\/div><div class=\"smallCol\"><div class=\"infolotsize_unit_type2\"><\/div><div>17243 m&sup2;<\/div><\/div>            <\/div>\n\t\t\n            <div class=\"listing_unit_price_wrapper\">2.170.000 \u20ac <span class=\"price_label\"><\/span><\/div>               \n            <div class=\"property_location\">\n                    \n                    <div class=\"ownerNotes\">5471<\/div><div class=\"propertyArea\"><a href=\"https:\/\/www.privatepropertymallorca.com\/es\/state\/suroeste\/\" rel=\"tag\">Suroeste<\/a>, <a href=\"https:\/\/www.privatepropertymallorca.com\/es\/ort\/calvia-es\/\" rel=\"tag\">Calvia<\/a><\/div>                        <\/div>        <\/div>             \n    <\/div>\n  \n\n\n\n<div class=\"col-md-3 shortcode-col has_4per_row  listing_wrapper property_unit_type2\" data-org=\"4\" data-listid=\"1101792\" > \n    <div class=\"property_listing property_unit_type2  \" data-link=\"https:\/\/www.privatepropertymallorca.com\/es\/propiedades\/en-construccion-villa-unica-en-estilo-finca-directamente-en-el-campo-de-golf-de-nova-santa-ponsa\/\">\n        \n        <div class=\"listing-unit-img-wrapper\"><a href=\"https:\/\/www.privatepropertymallorca.com\/es\/propiedades\/en-construccion-villa-unica-en-estilo-finca-directamente-en-el-campo-de-golf-de-nova-santa-ponsa\/\" target=\"_self\"><img decoding=\"async\" width=\"525\" height=\"328\" src=\"https:\/\/www.privatepropertymallorca.com\/wp-content\/uploads\/2024\/02\/73545860-1a6f-4fcb-81e7-f147c6c96024-2-525x328.jpg\" class=\"lazyload img-responsive wp-post-image\" alt=\"V-4851 IM BAU! Einzigartige Villa im Finca Stil, direkt am Golfplatz von Nova Santa Ponsa\" data-original=\"https:\/\/www.privatepropertymallorca.com\/wp-content\/uploads\/2024\/02\/73545860-1a6f-4fcb-81e7-f147c6c96024-2-525x328.jpg\" srcset=\"https:\/\/www.privatepropertymallorca.com\/wp-content\/uploads\/2024\/02\/73545860-1a6f-4fcb-81e7-f147c6c96024-2-525x328.jpg 525w, https:\/\/www.privatepropertymallorca.com\/wp-content\/uploads\/2024\/02\/73545860-1a6f-4fcb-81e7-f147c6c96024-2-1200x749.jpg 1200w, https:\/\/www.privatepropertymallorca.com\/wp-content\/uploads\/2024\/02\/73545860-1a6f-4fcb-81e7-f147c6c96024-2-600x375.jpg 600w, https:\/\/www.privatepropertymallorca.com\/wp-content\/uploads\/2024\/02\/73545860-1a6f-4fcb-81e7-f147c6c96024-2-768x480.jpg 768w, https:\/\/www.privatepropertymallorca.com\/wp-content\/uploads\/2024\/02\/73545860-1a6f-4fcb-81e7-f147c6c96024-2-1536x959.jpg 1536w, https:\/\/www.privatepropertymallorca.com\/wp-content\/uploads\/2024\/02\/73545860-1a6f-4fcb-81e7-f147c6c96024-2.jpg 1640w\" sizes=\"(max-width: 525px) 100vw, 525px\" \/><\/a><div class=\"tag-wrapper\"><div class=\"status-wrapper\"><\/div><\/div><\/div>\n\n            <h4><a href=\"https:\/\/www.privatepropertymallorca.com\/es\/propiedades\/en-construccion-villa-unica-en-estilo-finca-directamente-en-el-campo-de-golf-de-nova-santa-ponsa\/\" target=\"_self\">\n                \u00a1EN CONSTRUCCI\u00d3N! Villa \u00fanica en estilo finca, directamente en el campo de golf de Nova Santa Ponsa                <\/a> \n            <\/h4> \n        \n            <div class=\"property_listing_details\">\n                <div class=\"smallCol\"><div class=\"inforoom_unit_type2\"><\/div><div>5<\/div><\/div><div class=\"smallCol\"><div class=\"infobath_unit_type2\"><\/div><div>5<\/div><\/div><div class=\"smallCol\"><div class=\"infosize_unit_type2\"><\/div><div>864 m&sup2;<\/div><\/div><div class=\"smallCol\"><div class=\"infolotsize_unit_type2\"><\/div><div>2494 m&sup2;<\/div><\/div>            <\/div>\n\t\t\n            <div class=\"listing_unit_price_wrapper\">12.600.000 \u20ac <span class=\"price_label\"><\/span><\/div>               \n            <div class=\"property_location\">\n                    \n                    <div class=\"ownerNotes\">V-4851<\/div><div class=\"propertyArea\"><a href=\"https:\/\/www.privatepropertymallorca.com\/es\/state\/suroeste\/\" rel=\"tag\">Suroeste<\/a>, <a href=\"https:\/\/www.privatepropertymallorca.com\/es\/ort\/santa-ponsa-es\/\" rel=\"tag\">Santa Ponsa<\/a><\/div>                        <\/div>        <\/div>             \n    <\/div>\n  \n\n\n\n<div class=\"col-md-3 shortcode-col has_4per_row  listing_wrapper property_unit_type2\" data-org=\"4\" data-listid=\"1048377\" > \n    <div class=\"property_listing property_unit_type2  \" data-link=\"https:\/\/www.privatepropertymallorca.com\/es\/propiedades\/proyecto-impresionante-proyecto-de-adosado-en-las-afueras-de-soller-con-gran-zona-exterior\/\">\n        \n        <div class=\"listing-unit-img-wrapper\"><a href=\"https:\/\/www.privatepropertymallorca.com\/es\/propiedades\/proyecto-impresionante-proyecto-de-adosado-en-las-afueras-de-soller-con-gran-zona-exterior\/\" target=\"_self\"><img loading=\"lazy\" decoding=\"async\" width=\"525\" height=\"328\" src=\"https:\/\/www.privatepropertymallorca.com\/wp-content\/uploads\/2025\/08\/f0cc6b02-5b36-4eee-856c-7ba2a502315e-1-525x328.jpg\" class=\"lazyload img-responsive wp-post-image\" alt=\"D-4780 PROJEKT! Beeindruckendes Stadthaus Projekt am Rand von Soller mit gro\u00dfem Au\u00dfenbereich\" data-original=\"https:\/\/www.privatepropertymallorca.com\/wp-content\/uploads\/2025\/08\/f0cc6b02-5b36-4eee-856c-7ba2a502315e-1-525x328.jpg\" \/><\/a><div class=\"tag-wrapper\"><div class=\"status-wrapper\"><\/div><\/div><\/div>\n\n            <h4><a href=\"https:\/\/www.privatepropertymallorca.com\/es\/propiedades\/proyecto-impresionante-proyecto-de-adosado-en-las-afueras-de-soller-con-gran-zona-exterior\/\" target=\"_self\">\n                PROYECTO Impresionante proyecto de adosado en las afueras de Soller con gran zona exterior                <\/a> \n            <\/h4> \n        \n            <div class=\"property_listing_details\">\n                <div class=\"smallCol\"><div class=\"inforoom_unit_type2\"><\/div><div>5<\/div><\/div><div class=\"smallCol\"><div class=\"infobath_unit_type2\"><\/div><div>5<\/div><\/div><div class=\"smallCol\"><div class=\"infosize_unit_type2\"><\/div><div>513 m&sup2;<\/div><\/div><div class=\"smallCol\"><div class=\"infolotsize_unit_type2\"><\/div><div>3345 m&sup2;<\/div><\/div>            <\/div>\n\t\t\n            <div class=\"listing_unit_price_wrapper\">3.255.000 \u20ac <span class=\"price_label\"><\/span><\/div>               \n            <div class=\"property_location\">\n                    \n                    <div class=\"ownerNotes\">D-4780<\/div><div class=\"propertyArea\"><a href=\"https:\/\/www.privatepropertymallorca.com\/es\/state\/oeste\/\" rel=\"tag\">Oeste<\/a>, <a href=\"https:\/\/www.privatepropertymallorca.com\/es\/ort\/soller-es\/\" rel=\"tag\">Soller<\/a><\/div>                        <\/div>        <\/div>             \n    <\/div>\n  \n\n\n\n<div class=\"col-md-3 shortcode-col has_4per_row  listing_wrapper property_unit_type2\" data-org=\"4\" data-listid=\"387836\" > \n    <div class=\"property_listing property_unit_type2  \" data-link=\"https:\/\/www.privatepropertymallorca.com\/es\/propiedades\/hermoso-apartamento-duplex-en-el-corazon-del-casco-antiguo-de-palma\/\">\n        \n        <div class=\"listing-unit-img-wrapper\"><a href=\"https:\/\/www.privatepropertymallorca.com\/es\/propiedades\/hermoso-apartamento-duplex-en-el-corazon-del-casco-antiguo-de-palma\/\" target=\"_self\"><img loading=\"lazy\" decoding=\"async\" width=\"525\" height=\"328\" src=\"https:\/\/www.privatepropertymallorca.com\/wp-content\/uploads\/2020\/09\/193e4d8b-4113-4f60-a0a7-2c42394cb556-1-525x328.jpg\" class=\"lazyload img-responsive wp-post-image\" alt=\"A-1162-19, Palma15\" data-original=\"https:\/\/www.privatepropertymallorca.com\/wp-content\/uploads\/2020\/09\/193e4d8b-4113-4f60-a0a7-2c42394cb556-1-525x328.jpg\" \/><\/a><div class=\"tag-wrapper\"><div class=\"status-wrapper\"><\/div><\/div><\/div>\n\n            <h4><a href=\"https:\/\/www.privatepropertymallorca.com\/es\/propiedades\/hermoso-apartamento-duplex-en-el-corazon-del-casco-antiguo-de-palma\/\" target=\"_self\">\n                Hermoso apartamento d\u00faplex en el coraz\u00f3n del casco antiguo de Palma                <\/a> \n            <\/h4> \n        \n            <div class=\"property_listing_details\">\n                <div class=\"smallCol\"><div class=\"inforoom_unit_type2\"><\/div><div>2<\/div><\/div><div class=\"smallCol\"><div class=\"infobath_unit_type2\"><\/div><div>3<\/div><\/div><div class=\"smallCol\"><div class=\"infosize_unit_type2\"><\/div><div>212 m&sup2;<\/div><\/div><div class=\"smallCol\"><div class=\"infolotsize_unit_type2\"><\/div><div>0 m&sup2;<\/div><\/div>            <\/div>\n\t\t\n            <div class=\"listing_unit_price_wrapper\">1.775.000 \u20ac <span class=\"price_label\"><\/span><\/div>               \n            <div class=\"property_location\">\n                    \n                    <div class=\"ownerNotes\">A-1162-019<\/div><div class=\"propertyArea\"><a href=\"https:\/\/www.privatepropertymallorca.com\/es\/state\/palma-y-alrededores\/\" rel=\"tag\">Palma y alrededores<\/a>, <a href=\"https:\/\/www.privatepropertymallorca.com\/es\/ort\/palma-oldtown-es-2\/\" rel=\"tag\">Palma Oldtown<\/a><\/div>                        <\/div>        <\/div>             \n    <\/div>\n  \n\n\n\n<div class=\"col-md-3 shortcode-col has_4per_row  listing_wrapper property_unit_type2\" data-org=\"4\" data-listid=\"1301712\" > \n    <div class=\"property_listing property_unit_type2  \" data-link=\"https:\/\/www.privatepropertymallorca.com\/es\/propiedades\/moderno-chalet-de-nueva-construccion-con-piscina-en-son-gual\/\">\n        \n        <div class=\"listing-unit-img-wrapper\"><a href=\"https:\/\/www.privatepropertymallorca.com\/es\/propiedades\/moderno-chalet-de-nueva-construccion-con-piscina-en-son-gual\/\" target=\"_self\"><img loading=\"lazy\" decoding=\"async\" width=\"525\" height=\"328\" src=\"https:\/\/www.privatepropertymallorca.com\/wp-content\/uploads\/2026\/04\/bee4f8de-5ddb-4d19-b85b-790cf1ac424f-2-525x328.jpg\" class=\"lazyload img-responsive wp-post-image\" alt=\"5564 - Villa in Son Gual 3\" data-original=\"https:\/\/www.privatepropertymallorca.com\/wp-content\/uploads\/2026\/04\/bee4f8de-5ddb-4d19-b85b-790cf1ac424f-2-525x328.jpg\" \/><\/a><div class=\"tag-wrapper\"><div class=\"status-wrapper\"><\/div><\/div><\/div>\n\n            <h4><a href=\"https:\/\/www.privatepropertymallorca.com\/es\/propiedades\/moderno-chalet-de-nueva-construccion-con-piscina-en-son-gual\/\" target=\"_self\">\n                Moderno chalet de nueva construcci\u00f3n en venta en Son Gual con piscina                <\/a> \n            <\/h4> \n        \n            <div class=\"property_listing_details\">\n                <div class=\"smallCol\"><div class=\"inforoom_unit_type2\"><\/div><div>3<\/div><\/div><div class=\"smallCol\"><div class=\"infobath_unit_type2\"><\/div><div>3<\/div><\/div><div class=\"smallCol\"><div class=\"infosize_unit_type2\"><\/div><div>396 m&sup2;<\/div><\/div><div class=\"smallCol\"><div class=\"infolotsize_unit_type2\"><\/div><div>2000 m&sup2;<\/div><\/div>            <\/div>\n\t\t\n            <div class=\"listing_unit_price_wrapper\">2.640.000 \u20ac <span class=\"price_label\"><\/span><\/div>               \n            <div class=\"property_location\">\n                    \n                    <div class=\"ownerNotes\">5564<\/div><div class=\"propertyArea\"><a href=\"https:\/\/www.privatepropertymallorca.com\/es\/state\/palma-y-alrededores\/\" rel=\"tag\">Palma y alrededores<\/a>, <a href=\"https:\/\/www.privatepropertymallorca.com\/es\/ort\/son-gual-es\/\" rel=\"tag\">Son Gual<\/a><\/div>                        <\/div>        <\/div>             \n    <\/div>\n  \n\n\n\n<div class=\"col-md-3 shortcode-col has_4per_row  listing_wrapper property_unit_type2\" data-org=\"4\" data-listid=\"662251\" > \n    <div class=\"property_listing property_unit_type2  \" data-link=\"https:\/\/www.privatepropertymallorca.com\/es\/propiedades\/reservado-nuevo-proyecto-exclusivo-atico-con-terraza-y-piscina-privada-en-palma-son-amardams\/\">\n        \n        <div class=\"listing-unit-img-wrapper\"><a href=\"https:\/\/www.privatepropertymallorca.com\/es\/propiedades\/reservado-nuevo-proyecto-exclusivo-atico-con-terraza-y-piscina-privada-en-palma-son-amardams\/\" target=\"_self\"><img loading=\"lazy\" decoding=\"async\" width=\"525\" height=\"328\" src=\"https:\/\/www.privatepropertymallorca.com\/wp-content\/uploads\/2026\/04\/db30b558-4b3f-486c-96e8-18a9d814c46c-2-525x328.jpg\" class=\"lazyload img-responsive wp-post-image\" alt=\"P-2952_7 Exklusives Penthouse in Palma, Son Armadams, mit Dachterrasse und privatem Pool  13\" data-original=\"https:\/\/www.privatepropertymallorca.com\/wp-content\/uploads\/2026\/04\/db30b558-4b3f-486c-96e8-18a9d814c46c-2-525x328.jpg\" \/><\/a><div class=\"tag-wrapper\"><div class=\"status-wrapper\"><\/div><\/div><\/div>\n\n            <h4><a href=\"https:\/\/www.privatepropertymallorca.com\/es\/propiedades\/reservado-nuevo-proyecto-exclusivo-atico-con-terraza-y-piscina-privada-en-palma-son-amardams\/\" target=\"_self\">\n                Exclusivo \u00e1tico en venta en Palma, Son Armadams, con azotea y piscina privada                <\/a> \n            <\/h4> \n        \n            <div class=\"property_listing_details\">\n                <div class=\"smallCol\"><div class=\"inforoom_unit_type2\"><\/div><div>3<\/div><\/div><div class=\"smallCol\"><div class=\"infobath_unit_type2\"><\/div><div>2<\/div><\/div><div class=\"smallCol\"><div class=\"infosize_unit_type2\"><\/div><div>364 m&sup2;<\/div><\/div><div class=\"smallCol\"><div class=\"infolotsize_unit_type2\"><\/div><div>0 m&sup2;<\/div><\/div>            <\/div>\n\t\t\n            <div class=\"listing_unit_price_wrapper\">2.600.000 \u20ac <span class=\"price_label\"><\/span><\/div>               \n            <div class=\"property_location\">\n                    \n                    <div class=\"ownerNotes\">P-2952_7<\/div><div class=\"propertyArea\"><a href=\"https:\/\/www.privatepropertymallorca.com\/es\/state\/palma-y-alrededores\/\" rel=\"tag\">Palma y alrededores<\/a>, <a href=\"https:\/\/www.privatepropertymallorca.com\/es\/ort\/son-armadams-es\/\" rel=\"tag\">Son Armadams<\/a><\/div>                        <\/div>        <\/div>             \n    <\/div>\n  \n\n\n\n<div class=\"col-md-3 shortcode-col has_4per_row  listing_wrapper property_unit_type2\" data-org=\"4\" data-listid=\"1064566\" > \n    <div class=\"property_listing property_unit_type2  \" data-link=\"https:\/\/www.privatepropertymallorca.com\/es\/propiedades\/historica-finca-del-siglo-xvii-con-magnificas-vistas-cerca-de-establiments-cerca-de-palma\/\">\n        \n        <div class=\"listing-unit-img-wrapper\"><a href=\"https:\/\/www.privatepropertymallorca.com\/es\/propiedades\/historica-finca-del-siglo-xvii-con-magnificas-vistas-cerca-de-establiments-cerca-de-palma\/\" target=\"_self\"><img loading=\"lazy\" decoding=\"async\" width=\"525\" height=\"328\" src=\"https:\/\/www.privatepropertymallorca.com\/wp-content\/uploads\/2024\/07\/138838a7-a9af-4fa3-95f7-209750c9ac70-1-525x328.jpg\" class=\"lazyload img-responsive wp-post-image\" alt=\"F-4112 INVESTITION! Landgut in Establiments aus dem 17. JHD. mit herrlichem Weitblick, nah zu Palma\" data-original=\"https:\/\/www.privatepropertymallorca.com\/wp-content\/uploads\/2024\/07\/138838a7-a9af-4fa3-95f7-209750c9ac70-1-525x328.jpg\" \/><\/a><div class=\"tag-wrapper\"><div class=\"status-wrapper\"><\/div><\/div><\/div>\n\n            <h4><a href=\"https:\/\/www.privatepropertymallorca.com\/es\/propiedades\/historica-finca-del-siglo-xvii-con-magnificas-vistas-cerca-de-establiments-cerca-de-palma\/\" target=\"_self\">\n                \u00a1INVERSION! Finca r\u00fastica en Establiments del siglo XVII con maravillosas vistas, cerca de Palma                <\/a> \n            <\/h4> \n        \n            <div class=\"property_listing_details\">\n                <div class=\"smallCol\"><div class=\"inforoom_unit_type2\"><\/div><div>15<\/div><\/div><div class=\"smallCol\"><div class=\"infobath_unit_type2\"><\/div><div>8<\/div><\/div><div class=\"smallCol\"><div class=\"infosize_unit_type2\"><\/div><div>7991 m&sup2;<\/div><\/div><div class=\"smallCol\"><div class=\"infolotsize_unit_type2\"><\/div><div>2500000 m&sup2;<\/div><\/div>            <\/div>\n\t\t\n            <div class=\"listing_unit_price_wrapper\">9.900.000 \u20ac <span class=\"price_label\"><\/span><\/div>               \n            <div class=\"property_location\">\n                    \n                    <div class=\"ownerNotes\">F-4112<\/div><div class=\"propertyArea\">, <a href=\"https:\/\/www.privatepropertymallorca.com\/es\/ort\/establiments-es\/\" rel=\"tag\">Establiments<\/a><\/div>                        <\/div>        <\/div>             \n    <\/div>\n  \n\n\n\n<div class=\"col-md-3 shortcode-col has_4per_row  listing_wrapper property_unit_type2\" data-org=\"4\" data-listid=\"663224\" > \n    <div class=\"property_listing property_unit_type2  \" data-link=\"https:\/\/www.privatepropertymallorca.com\/es\/propiedades\/proyecto-piso-ultramoderno-en-son-armadams-centro-de-palma-finalizacion-en-2022\/\">\n        \n        <div class=\"listing-unit-img-wrapper\"><a href=\"https:\/\/www.privatepropertymallorca.com\/es\/propiedades\/proyecto-piso-ultramoderno-en-son-armadams-centro-de-palma-finalizacion-en-2022\/\" target=\"_self\"><img loading=\"lazy\" decoding=\"async\" width=\"525\" height=\"328\" src=\"https:\/\/www.privatepropertymallorca.com\/wp-content\/uploads\/2026\/04\/488a64d9-d1e8-4355-9bb8-9bc1a64a5b97-2-525x328.jpg\" class=\"lazyload img-responsive wp-post-image\" alt=\"A-2952_4 Hochmoderne Wohnung in Son Armadams mit riesen Terrasse 7\" data-original=\"https:\/\/www.privatepropertymallorca.com\/wp-content\/uploads\/2026\/04\/488a64d9-d1e8-4355-9bb8-9bc1a64a5b97-2-525x328.jpg\" \/><\/a><div class=\"tag-wrapper\"><div class=\"status-wrapper\"><\/div><\/div><\/div>\n\n            <h4><a href=\"https:\/\/www.privatepropertymallorca.com\/es\/propiedades\/proyecto-piso-ultramoderno-en-son-armadams-centro-de-palma-finalizacion-en-2022\/\" target=\"_self\">\n                Moderno piso en venta en Palma con gran terraza                <\/a> \n            <\/h4> \n        \n            <div class=\"property_listing_details\">\n                <div class=\"smallCol\"><div class=\"inforoom_unit_type2\"><\/div><div>3<\/div><\/div><div class=\"smallCol\"><div class=\"infobath_unit_type2\"><\/div><div>2<\/div><\/div><div class=\"smallCol\"><div class=\"infosize_unit_type2\"><\/div><div>121 m&sup2;<\/div><\/div><div class=\"smallCol\"><div class=\"infolotsize_unit_type2\"><\/div><div>0 m&sup2;<\/div><\/div>            <\/div>\n\t\t\n            <div class=\"listing_unit_price_wrapper\">1.050.250 \u20ac <span class=\"price_label\"><\/span><\/div>               \n            <div class=\"property_location\">\n                    \n                    <div class=\"ownerNotes\">A-2952_4<\/div><div class=\"propertyArea\"><a href=\"https:\/\/www.privatepropertymallorca.com\/es\/state\/palma-y-alrededores\/\" rel=\"tag\">Palma y alrededores<\/a>, <a href=\"https:\/\/www.privatepropertymallorca.com\/es\/ort\/son-armadams-es\/\" rel=\"tag\">Son Armadams<\/a><\/div>                        <\/div>        <\/div>             \n    <\/div>\n  \n\n\n\n<div class=\"col-md-3 shortcode-col has_4per_row  listing_wrapper property_unit_type2\" data-org=\"4\" data-listid=\"1134346\" > \n    <div class=\"property_listing property_unit_type2  \" data-link=\"https:\/\/www.privatepropertymallorca.com\/es\/propiedades\/impactante-planta-noble-con-numerosos-elementos-historicos-y-mucho-potencial-en-el-corazon-de-palma\/\">\n        \n        <div class=\"listing-unit-img-wrapper\"><a href=\"https:\/\/www.privatepropertymallorca.com\/es\/propiedades\/impactante-planta-noble-con-numerosos-elementos-historicos-y-mucho-potencial-en-el-corazon-de-palma\/\" target=\"_self\"><img loading=\"lazy\" decoding=\"async\" width=\"525\" height=\"328\" src=\"https:\/\/www.privatepropertymallorca.com\/wp-content\/uploads\/2024\/09\/ae18ea0b-2bd4-47a7-8b82-85f86184ce74-525x328.jpg\" class=\"lazyload img-responsive wp-post-image\" alt=\"A-4042 INVESTITION! Beletage in Palma mit gro\u00dfem Wintergarten &amp; viel Potenzial\" data-original=\"https:\/\/www.privatepropertymallorca.com\/wp-content\/uploads\/2024\/09\/ae18ea0b-2bd4-47a7-8b82-85f86184ce74-525x328.jpg\" \/><\/a><div class=\"tag-wrapper\"><div class=\"status-wrapper\"><\/div><\/div><\/div>\n\n            <h4><a href=\"https:\/\/www.privatepropertymallorca.com\/es\/propiedades\/impactante-planta-noble-con-numerosos-elementos-historicos-y-mucho-potencial-en-el-corazon-de-palma\/\" target=\"_self\">\n                \u00a1INVERSION! Chalet en Palma con gran invernadero y mucho potencial                <\/a> \n            <\/h4> \n        \n            <div class=\"property_listing_details\">\n                <div class=\"smallCol\"><div class=\"inforoom_unit_type2\"><\/div><div>4<\/div><\/div><div class=\"smallCol\"><div class=\"infobath_unit_type2\"><\/div><div>3<\/div><\/div><div class=\"smallCol\"><div class=\"infosize_unit_type2\"><\/div><div>265 m&sup2;<\/div><\/div><div class=\"smallCol\"><div class=\"infolotsize_unit_type2\"><\/div><div>0 m&sup2;<\/div><\/div>            <\/div>\n\t\t\n            <div class=\"listing_unit_price_wrapper\"><span class=\"price_label price_label_before\">on request<\/span>  <span class=\"price_label\"><\/span><\/div>               \n            <div class=\"property_location\">\n                    \n                    <div class=\"ownerNotes\">A-4042<\/div><div class=\"propertyArea\"><a href=\"https:\/\/www.privatepropertymallorca.com\/es\/state\/palma-y-alrededores\/\" rel=\"tag\">Palma y alrededores<\/a>, <a href=\"https:\/\/www.privatepropertymallorca.com\/es\/ort\/palma-es\/\" rel=\"tag\">Palma<\/a><\/div>                        <\/div>        <\/div>             \n    <\/div>\n  \n\n\n\n<div class=\"col-md-3 shortcode-col has_4per_row  listing_wrapper property_unit_type2\" data-org=\"4\" data-listid=\"1255762\" > \n    <div class=\"property_listing property_unit_type2  \" data-link=\"https:\/\/www.privatepropertymallorca.com\/es\/propiedades\/parcela-con-proyecto-y-licencia-de-obra-entre-campos-porreres-y-felanitx\/\">\n        \n        <div class=\"listing-unit-img-wrapper\"><a href=\"https:\/\/www.privatepropertymallorca.com\/es\/propiedades\/parcela-con-proyecto-y-licencia-de-obra-entre-campos-porreres-y-felanitx\/\" target=\"_self\"><img loading=\"lazy\" decoding=\"async\" width=\"525\" height=\"328\" src=\"https:\/\/www.privatepropertymallorca.com\/wp-content\/uploads\/2025\/08\/8b2684d9-9e3c-4362-9392-62b2cd539d94-2-525x328.jpg\" class=\"lazyload img-responsive wp-post-image\" alt=\"WhatsApp Bild 2025-08-28 um 16.35.55_42d81afd\" data-original=\"https:\/\/www.privatepropertymallorca.com\/wp-content\/uploads\/2025\/08\/8b2684d9-9e3c-4362-9392-62b2cd539d94-2-525x328.jpg\" \/><\/a><div class=\"tag-wrapper\"><div class=\"status-wrapper\"><div class=\"ribbon-inside project\">project<\/div><\/div><\/div><\/div>\n\n            <h4><a href=\"https:\/\/www.privatepropertymallorca.com\/es\/propiedades\/parcela-con-proyecto-y-licencia-de-obra-entre-campos-porreres-y-felanitx\/\" target=\"_self\">\n                Parcela con proyecto y licencia de obra entre Campos, Porreres y Felanitx                <\/a> \n            <\/h4> \n        \n            <div class=\"property_listing_details\">\n                <div class=\"smallCol\"><div class=\"inforoom_unit_type2\"><\/div><div>6<\/div><\/div><div class=\"smallCol\"><div class=\"infobath_unit_type2\"><\/div><div>6<\/div><\/div><div class=\"smallCol\"><div class=\"infosize_unit_type2\"><\/div><div>0 m&sup2;<\/div><\/div><div class=\"smallCol\"><div class=\"infolotsize_unit_type2\"><\/div><div>27537 m&sup2;<\/div><\/div>            <\/div>\n\t\t\n            <div class=\"listing_unit_price_wrapper\">419.000 \u20ac <span class=\"price_label\"><\/span><\/div>               \n            <div class=\"property_location\">\n                    \n                    <div class=\"ownerNotes\">5415<\/div><div class=\"propertyArea\"><a href=\"https:\/\/www.privatepropertymallorca.com\/es\/state\/sureste\/\" rel=\"tag\">Sureste<\/a>, <a href=\"https:\/\/www.privatepropertymallorca.com\/es\/ort\/felanitx-es\/\" rel=\"tag\">Felanitx<\/a><\/div>                        <\/div>        <\/div>             \n    <\/div>\n  \n\n\n\n<div class=\"col-md-3 shortcode-col has_4per_row  listing_wrapper property_unit_type2\" data-org=\"4\" data-listid=\"1165063\" > \n    <div class=\"property_listing property_unit_type2  \" data-link=\"https:\/\/www.privatepropertymallorca.com\/es\/propiedades\/villa-mediterranea-en-la-mola-con-espectaculares-vistas-al-mar-y-al-puerto-y-acceso-directo-al-mar\/\">\n        \n        <div class=\"listing-unit-img-wrapper\"><a href=\"https:\/\/www.privatepropertymallorca.com\/es\/propiedades\/villa-mediterranea-en-la-mola-con-espectaculares-vistas-al-mar-y-al-puerto-y-acceso-directo-al-mar\/\" target=\"_self\"><img loading=\"lazy\" decoding=\"async\" width=\"525\" height=\"328\" src=\"https:\/\/www.privatepropertymallorca.com\/wp-content\/uploads\/2026\/01\/a55bc373-fc34-473f-affc-1f2a6b706d49-2-525x328.jpg\" class=\"lazyload img-responsive wp-post-image\" alt=\"4996 Villa in La Mola 8\" data-original=\"https:\/\/www.privatepropertymallorca.com\/wp-content\/uploads\/2026\/01\/a55bc373-fc34-473f-affc-1f2a6b706d49-2-525x328.jpg\" \/><\/a><div class=\"tag-wrapper\"><div class=\"status-wrapper\"><\/div><\/div><\/div>\n\n            <h4><a href=\"https:\/\/www.privatepropertymallorca.com\/es\/propiedades\/villa-mediterranea-en-la-mola-con-espectaculares-vistas-al-mar-y-al-puerto-y-acceso-directo-al-mar\/\" target=\"_self\">\n                Chalet mediterr\u00e1neo de alto standing en La Mola, con espectaculares vistas al mar y al puerto                <\/a> \n            <\/h4> \n        \n            <div class=\"property_listing_details\">\n                <div class=\"smallCol\"><div class=\"inforoom_unit_type2\"><\/div><div>4<\/div><\/div><div class=\"smallCol\"><div class=\"infobath_unit_type2\"><\/div><div>4<\/div><\/div><div class=\"smallCol\"><div class=\"infosize_unit_type2\"><\/div><div>464 m&sup2;<\/div><\/div><div class=\"smallCol\"><div class=\"infolotsize_unit_type2\"><\/div><div>1508 m&sup2;<\/div><\/div>            <\/div>\n\t\t\n            <div class=\"listing_unit_price_wrapper\">9.950.000 \u20ac <span class=\"price_label\"><\/span><\/div>               \n            <div class=\"property_location\">\n                    \n                    <div class=\"ownerNotes\">4996<\/div><div class=\"propertyArea\"><a href=\"https:\/\/www.privatepropertymallorca.com\/es\/state\/suroeste\/\" rel=\"tag\">Suroeste<\/a>, <a href=\"https:\/\/www.privatepropertymallorca.com\/es\/ort\/port-andratx-es\/\" rel=\"tag\">Port Andratx<\/a><\/div>                        <\/div>        <\/div>             \n    <\/div>\n  \n\n\n\n<div class=\"col-md-3 shortcode-col has_4per_row  listing_wrapper property_unit_type2\" data-org=\"4\" data-listid=\"1136136\" > \n    <div class=\"property_listing property_unit_type2  \" data-link=\"https:\/\/www.privatepropertymallorca.com\/es\/propiedades\/nueva-construccion-lujoso-atico-con-dos-terrazas-y-magnificas-vistas-en-el-corazon-de-palma\/\">\n        \n        <div class=\"listing-unit-img-wrapper\"><a href=\"https:\/\/www.privatepropertymallorca.com\/es\/propiedades\/nueva-construccion-lujoso-atico-con-dos-terrazas-y-magnificas-vistas-en-el-corazon-de-palma\/\" target=\"_self\"><img loading=\"lazy\" decoding=\"async\" width=\"525\" height=\"328\" src=\"https:\/\/www.privatepropertymallorca.com\/wp-content\/uploads\/2024\/05\/ff820301-491a-444e-bac4-5c411618475c-2-525x328.jpg\" class=\"lazyload img-responsive wp-post-image\" alt=\"A-4137_ 24 NEUBAU! Luxuri\u00f6ses Penthouse mit zwei Terrassen und herrlichem Ausblick mitten im Herzen von Palma\" data-original=\"https:\/\/www.privatepropertymallorca.com\/wp-content\/uploads\/2024\/05\/ff820301-491a-444e-bac4-5c411618475c-2-525x328.jpg\" \/><\/a><div class=\"tag-wrapper\"><div class=\"status-wrapper\"><div class=\"ribbon-inside project\">project<\/div><\/div><\/div><\/div>\n\n            <h4><a href=\"https:\/\/www.privatepropertymallorca.com\/es\/propiedades\/nueva-construccion-lujoso-atico-con-dos-terrazas-y-magnificas-vistas-en-el-corazon-de-palma\/\" target=\"_self\">\n                \u00a1NUEVA CONSTRUCCI\u00d3N! Lujoso \u00e1tico en venta en el coraz\u00f3n de Palma con dos terrazas e impresionantes vistas                <\/a> \n            <\/h4> \n        \n            <div class=\"property_listing_details\">\n                <div class=\"smallCol\"><div class=\"inforoom_unit_type2\"><\/div><div>2<\/div><\/div><div class=\"smallCol\"><div class=\"infobath_unit_type2\"><\/div><div>2<\/div><\/div><div class=\"smallCol\"><div class=\"infosize_unit_type2\"><\/div><div>234 m&sup2;<\/div><\/div><div class=\"smallCol\"><div class=\"infolotsize_unit_type2\"><\/div><div>0 m&sup2;<\/div><\/div>            <\/div>\n\t\t\n            <div class=\"listing_unit_price_wrapper\">2.399.000 \u20ac <span class=\"price_label\"><\/span><\/div>               \n            <div class=\"property_location\">\n                    \n                    <div class=\"ownerNotes\">P-4137_24<\/div><div class=\"propertyArea\"><a href=\"https:\/\/www.privatepropertymallorca.com\/es\/state\/palma-y-alrededores\/\" rel=\"tag\">Palma y alrededores<\/a>, <a href=\"https:\/\/www.privatepropertymallorca.com\/es\/ort\/son-espanyolet-es\/\" rel=\"tag\">Son Espanyolet<\/a><\/div>                        <\/div>        <\/div>             \n    <\/div>\n  \n\n\n\n<div class=\"col-md-3 shortcode-col has_4per_row  listing_wrapper property_unit_type2\" data-org=\"4\" data-listid=\"1260383\" > \n    <div class=\"property_listing property_unit_type2  \" data-link=\"https:\/\/www.privatepropertymallorca.com\/es\/propiedades\/chalet-unico-de-nueva-construccion-en-costa-den-blanes-con-vistas-panoramicas\/\">\n        \n        <div class=\"listing-unit-img-wrapper\"><a href=\"https:\/\/www.privatepropertymallorca.com\/es\/propiedades\/chalet-unico-de-nueva-construccion-en-costa-den-blanes-con-vistas-panoramicas\/\" target=\"_self\"><img loading=\"lazy\" decoding=\"async\" width=\"525\" height=\"328\" src=\"https:\/\/www.privatepropertymallorca.com\/wp-content\/uploads\/2025\/09\/b05e448d-459b-4bca-8ecd-0a46a3230389-2-525x328.jpg\" class=\"lazyload img-responsive wp-post-image\" alt=\"5425 -Villa in Costa den Blanes 13\" data-original=\"https:\/\/www.privatepropertymallorca.com\/wp-content\/uploads\/2025\/09\/b05e448d-459b-4bca-8ecd-0a46a3230389-2-525x328.jpg\" \/><\/a><div class=\"tag-wrapper\"><div class=\"status-wrapper\"><\/div><\/div><\/div>\n\n            <h4><a href=\"https:\/\/www.privatepropertymallorca.com\/es\/propiedades\/chalet-unico-de-nueva-construccion-en-costa-den-blanes-con-vistas-panoramicas\/\" target=\"_self\">\n                Chalet \u00fanico de nueva construcci\u00f3n en Costa den Blanes con vistas panor\u00e1micas                <\/a> \n            <\/h4> \n        \n            <div class=\"property_listing_details\">\n                <div class=\"smallCol\"><div class=\"inforoom_unit_type2\"><\/div><div>6<\/div><\/div><div class=\"smallCol\"><div class=\"infobath_unit_type2\"><\/div><div>8<\/div><\/div><div class=\"smallCol\"><div class=\"infosize_unit_type2\"><\/div><div>1334 m&sup2;<\/div><\/div><div class=\"smallCol\"><div class=\"infolotsize_unit_type2\"><\/div><div>2500 m&sup2;<\/div><\/div>            <\/div>\n\t\t\n            <div class=\"listing_unit_price_wrapper\">25.000.000 \u20ac <span class=\"price_label\"><\/span><\/div>               \n            <div class=\"property_location\">\n                    \n                    <div class=\"ownerNotes\">5425<\/div><div class=\"propertyArea\">, <a href=\"https:\/\/www.privatepropertymallorca.com\/es\/ort\/costa-den-blanes-es\/\" rel=\"tag\">Costa d'en Blanes<\/a><\/div>                        <\/div>        <\/div>             \n    <\/div>\n  \n\n\n\n<div class=\"col-md-3 shortcode-col has_4per_row  listing_wrapper property_unit_type2\" data-org=\"4\" data-listid=\"1271801\" > \n    <div class=\"property_listing property_unit_type2  \" data-link=\"https:\/\/www.privatepropertymallorca.com\/es\/propiedades\/atractivo-adosado-en-el-terreno-palma-con-piscina\/\">\n        \n        <div class=\"listing-unit-img-wrapper\"><a href=\"https:\/\/www.privatepropertymallorca.com\/es\/propiedades\/atractivo-adosado-en-el-terreno-palma-con-piscina\/\" target=\"_self\"><img loading=\"lazy\" decoding=\"async\" width=\"525\" height=\"328\" src=\"https:\/\/www.privatepropertymallorca.com\/wp-content\/uploads\/2026\/01\/c9fe89f5-707d-4e1e-a776-f59be0f147ff-3-525x328.jpg\" class=\"lazyload img-responsive wp-post-image\" alt=\"5444 - Stadthaus in El Terreno - Palma 1\" data-original=\"https:\/\/www.privatepropertymallorca.com\/wp-content\/uploads\/2026\/01\/c9fe89f5-707d-4e1e-a776-f59be0f147ff-3-525x328.jpg\" \/><\/a><div class=\"tag-wrapper\"><div class=\"status-wrapper\"><\/div><\/div><\/div>\n\n            <h4><a href=\"https:\/\/www.privatepropertymallorca.com\/es\/propiedades\/atractivo-adosado-en-el-terreno-palma-con-piscina\/\" target=\"_self\">\n                Atractivo adosado en El Terreno, Palma con piscina                <\/a> \n            <\/h4> \n        \n            <div class=\"property_listing_details\">\n                <div class=\"smallCol\"><div class=\"inforoom_unit_type2\"><\/div><div>4<\/div><\/div><div class=\"smallCol\"><div class=\"infobath_unit_type2\"><\/div><div>4<\/div><\/div><div class=\"smallCol\"><div class=\"infosize_unit_type2\"><\/div><div>283 m&sup2;<\/div><\/div><div class=\"smallCol\"><div class=\"infolotsize_unit_type2\"><\/div><div>0 m&sup2;<\/div><\/div>            <\/div>\n\t\t\n            <div class=\"listing_unit_price_wrapper\">2.095.000 \u20ac <span class=\"price_label\"><\/span><\/div>               \n            <div class=\"property_location\">\n                    \n                    <div class=\"ownerNotes\">5444<\/div><div class=\"propertyArea\"><a href=\"https:\/\/www.privatepropertymallorca.com\/es\/state\/palma-y-alrededores\/\" rel=\"tag\">Palma y alrededores<\/a>, <a href=\"https:\/\/www.privatepropertymallorca.com\/es\/ort\/el-terreno-es\/\" rel=\"tag\">El Terreno<\/a><\/div>                        <\/div>        <\/div>             \n    <\/div>\n  \n\n\n\n<div class=\"col-md-3 shortcode-col has_4per_row  listing_wrapper property_unit_type2\" data-org=\"4\" data-listid=\"1146413\" > \n    <div class=\"property_listing property_unit_type2  \" data-link=\"https:\/\/www.privatepropertymallorca.com\/es\/propiedades\/casa-senorial-en-llucmajor-en-una-gran-parcela-con-maravillosas-vistas\/\">\n        \n        <div class=\"listing-unit-img-wrapper\"><a href=\"https:\/\/www.privatepropertymallorca.com\/es\/propiedades\/casa-senorial-en-llucmajor-en-una-gran-parcela-con-maravillosas-vistas\/\" target=\"_self\"><img loading=\"lazy\" decoding=\"async\" width=\"525\" height=\"328\" src=\"https:\/\/www.privatepropertymallorca.com\/wp-content\/uploads\/2026\/03\/52c17a32-dce6-4f0e-bc70-68793b2f794f-2-525x328.jpg\" class=\"lazyload img-responsive wp-post-image\" alt=\"ETV LOGO PPM  (3)\" data-original=\"https:\/\/www.privatepropertymallorca.com\/wp-content\/uploads\/2026\/03\/52c17a32-dce6-4f0e-bc70-68793b2f794f-2-525x328.jpg\" \/><\/a><div class=\"tag-wrapper\"><div class=\"status-wrapper\"><div class=\"ribbon-inside holiday-rental-licence\">Holiday rental licence<\/div><\/div><\/div><\/div>\n\n            <h4><a href=\"https:\/\/www.privatepropertymallorca.com\/es\/propiedades\/casa-senorial-en-llucmajor-en-una-gran-parcela-con-maravillosas-vistas\/\" target=\"_self\">\n                Casa se\u00f1orial en Llucmajor en una gran parcela con maravillosas vistas                <\/a> \n            <\/h4> \n        \n            <div class=\"property_listing_details\">\n                <div class=\"smallCol\"><div class=\"inforoom_unit_type2\"><\/div><div>9<\/div><\/div><div class=\"smallCol\"><div class=\"infobath_unit_type2\"><\/div><div>8<\/div><\/div><div class=\"smallCol\"><div class=\"infosize_unit_type2\"><\/div><div>1780 m&sup2;<\/div><\/div><div class=\"smallCol\"><div class=\"infolotsize_unit_type2\"><\/div><div>1400000 m&sup2;<\/div><\/div>            <\/div>\n\t\t\n            <div class=\"listing_unit_price_wrapper\">11.670.000 \u20ac <span class=\"price_label\"><\/span><\/div>               \n            <div class=\"property_location\">\n                    \n                    <div class=\"ownerNotes\">F-1941<\/div><div class=\"propertyArea\"><a href=\"https:\/\/www.privatepropertymallorca.com\/es\/state\/sur\/\" rel=\"tag\">Sur<\/a>, <a href=\"https:\/\/www.privatepropertymallorca.com\/es\/ort\/llucmajor-es\/\" rel=\"tag\">Llucmajor<\/a><\/div>                        <\/div>        <\/div>             \n    <\/div>\n  \n\n\n\n<div class=\"col-md-3 shortcode-col has_4per_row  listing_wrapper property_unit_type2\" data-org=\"4\" data-listid=\"1301141\" > \n    <div class=\"property_listing property_unit_type2  \" data-link=\"https:\/\/www.privatepropertymallorca.com\/es\/propiedades\/encantadora-casa-con-piscina-y-jardin-en-cala-blava-bellavista\/\">\n        \n        <div class=\"listing-unit-img-wrapper\"><a href=\"https:\/\/www.privatepropertymallorca.com\/es\/propiedades\/encantadora-casa-con-piscina-y-jardin-en-cala-blava-bellavista\/\" target=\"_self\"><img loading=\"lazy\" decoding=\"async\" width=\"525\" height=\"328\" src=\"https:\/\/www.privatepropertymallorca.com\/wp-content\/uploads\/2026\/04\/5bd8004d-a796-4d40-b302-5356dd3647ed-2-525x328.jpg\" class=\"lazyload img-responsive wp-post-image\" alt=\"5552 - Villa in Cala Blava 8\" data-original=\"https:\/\/www.privatepropertymallorca.com\/wp-content\/uploads\/2026\/04\/5bd8004d-a796-4d40-b302-5356dd3647ed-2-525x328.jpg\" \/><\/a><div class=\"tag-wrapper\"><div class=\"status-wrapper\"><\/div><\/div><\/div>\n\n            <h4><a href=\"https:\/\/www.privatepropertymallorca.com\/es\/propiedades\/encantadora-casa-con-piscina-y-jardin-en-cala-blava-bellavista\/\" target=\"_self\">\n                Encantadora casa con piscina y jard\u00edn en Cala Blava, Bellavista                <\/a> \n            <\/h4> \n        \n            <div class=\"property_listing_details\">\n                <div class=\"smallCol\"><div class=\"inforoom_unit_type2\"><\/div><div>3<\/div><\/div><div class=\"smallCol\"><div class=\"infobath_unit_type2\"><\/div><div>2<\/div><\/div><div class=\"smallCol\"><div class=\"infosize_unit_type2\"><\/div><div>0 m&sup2;<\/div><\/div><div class=\"smallCol\"><div class=\"infolotsize_unit_type2\"><\/div><div>988 m&sup2;<\/div><\/div>            <\/div>\n\t\t\n            <div class=\"listing_unit_price_wrapper\">955.000 \u20ac <span class=\"price_label\"><\/span><\/div>               \n            <div class=\"property_location\">\n                    \n                    <div class=\"ownerNotes\">5552<\/div><div class=\"propertyArea\"><a href=\"https:\/\/www.privatepropertymallorca.com\/es\/state\/sur\/\" rel=\"tag\">Sur<\/a>, <a href=\"https:\/\/www.privatepropertymallorca.com\/es\/ort\/bahia-blava-es\/\" rel=\"tag\">Bahia Blava<\/a><\/div>                        <\/div>        <\/div>             \n    <\/div>\n  \n\n\n\n<div class=\"col-md-3 shortcode-col has_4per_row  listing_wrapper property_unit_type2\" data-org=\"4\" data-listid=\"1301758\" > \n    <div class=\"property_listing property_unit_type2  \" data-link=\"https:\/\/www.privatepropertymallorca.com\/es\/propiedades\/elegante-chalet-con-piscina-en-son-gual\/\">\n        \n        <div class=\"listing-unit-img-wrapper\"><a href=\"https:\/\/www.privatepropertymallorca.com\/es\/propiedades\/elegante-chalet-con-piscina-en-son-gual\/\" target=\"_self\"><img loading=\"lazy\" decoding=\"async\" width=\"525\" height=\"328\" src=\"https:\/\/www.privatepropertymallorca.com\/wp-content\/uploads\/2026\/04\/153e2bc0-e83d-4298-ab5d-4d0a4bf89d4b-2-525x328.jpg\" class=\"lazyload img-responsive wp-post-image\" alt=\"5568 -Villa in Son Gual 6\" data-original=\"https:\/\/www.privatepropertymallorca.com\/wp-content\/uploads\/2026\/04\/153e2bc0-e83d-4298-ab5d-4d0a4bf89d4b-2-525x328.jpg\" \/><\/a><div class=\"tag-wrapper\"><div class=\"status-wrapper\"><\/div><\/div><\/div>\n\n            <h4><a href=\"https:\/\/www.privatepropertymallorca.com\/es\/propiedades\/elegante-chalet-con-piscina-en-son-gual\/\" target=\"_self\">\n                Elegante chalet en venta en Son Gual con piscina                <\/a> \n            <\/h4> \n        \n            <div class=\"property_listing_details\">\n                <div class=\"smallCol\"><div class=\"inforoom_unit_type2\"><\/div><div>4<\/div><\/div><div class=\"smallCol\"><div class=\"infobath_unit_type2\"><\/div><div>2<\/div><\/div><div class=\"smallCol\"><div class=\"infosize_unit_type2\"><\/div><div>503 m&sup2;<\/div><\/div><div class=\"smallCol\"><div class=\"infolotsize_unit_type2\"><\/div><div>2006 m&sup2;<\/div><\/div>            <\/div>\n\t\t\n            <div class=\"listing_unit_price_wrapper\">2.690.000 \u20ac <span class=\"price_label\"><\/span><\/div>               \n            <div class=\"property_location\">\n                    \n                    <div class=\"ownerNotes\">5568<\/div><div class=\"propertyArea\"><a href=\"https:\/\/www.privatepropertymallorca.com\/es\/state\/palma-y-alrededores\/\" rel=\"tag\">Palma y alrededores<\/a>, <a href=\"https:\/\/www.privatepropertymallorca.com\/es\/ort\/son-gual-es\/\" rel=\"tag\">Son Gual<\/a><\/div>                        <\/div>        <\/div>             \n    <\/div>\n  \n\n\n\n<div class=\"col-md-3 shortcode-col has_4per_row  listing_wrapper property_unit_type2\" data-org=\"4\" data-listid=\"1159973\" > \n    <div class=\"property_listing property_unit_type2  \" data-link=\"https:\/\/www.privatepropertymallorca.com\/es\/propiedades\/parcela-en-moscari-con-proyecto-de-chalet-y-licencia-de-obra\/\">\n        \n        <div class=\"listing-unit-img-wrapper\"><a href=\"https:\/\/www.privatepropertymallorca.com\/es\/propiedades\/parcela-en-moscari-con-proyecto-de-chalet-y-licencia-de-obra\/\" target=\"_self\"><img loading=\"lazy\" decoding=\"async\" width=\"525\" height=\"328\" src=\"https:\/\/www.privatepropertymallorca.com\/wp-content\/uploads\/2025\/06\/390931-2-525x328.jpg\" class=\"lazyload img-responsive wp-post-image\" alt=\"5156 Grundst\u00fcck in Moscari mit Villa Projekt und Baulizenz\" data-original=\"https:\/\/www.privatepropertymallorca.com\/wp-content\/uploads\/2025\/06\/390931-2-525x328.jpg\" \/><\/a><div class=\"tag-wrapper\"><div class=\"status-wrapper\"><\/div><\/div><\/div>\n\n            <h4><a href=\"https:\/\/www.privatepropertymallorca.com\/es\/propiedades\/parcela-en-moscari-con-proyecto-de-chalet-y-licencia-de-obra\/\" target=\"_self\">\n                Parcela en Moscari en venta con proyecto de chalet y licencia de obra                <\/a> \n            <\/h4> \n        \n            <div class=\"property_listing_details\">\n                <div class=\"smallCol\"><div class=\"inforoom_unit_type2\"><\/div><div>5<\/div><\/div><div class=\"smallCol\"><div class=\"infobath_unit_type2\"><\/div><div>5<\/div><\/div><div class=\"smallCol\"><div class=\"infosize_unit_type2\"><\/div><div>680 m&sup2;<\/div><\/div><div class=\"smallCol\"><div class=\"infolotsize_unit_type2\"><\/div><div>21156 m&sup2;<\/div><\/div>            <\/div>\n\t\t\n            <div class=\"listing_unit_price_wrapper\">895.000 \u20ac <span class=\"price_label\"><\/span><\/div>               \n            <div class=\"property_location\">\n                    \n                    <div class=\"ownerNotes\">5156<\/div><div class=\"propertyArea\"><a href=\"https:\/\/www.privatepropertymallorca.com\/es\/state\/centro-de-la-isla\/\" rel=\"tag\">Centro de la isla<\/a>, <a href=\"https:\/\/www.privatepropertymallorca.com\/es\/ort\/selva-es\/\" rel=\"tag\">Selva<\/a><\/div>                        <\/div>        <\/div>             \n    <\/div>\n  \n\n\n\n<div class=\"col-md-3 shortcode-col has_4per_row  listing_wrapper property_unit_type2\" data-org=\"4\" data-listid=\"1201873\" > \n    <div class=\"property_listing property_unit_type2  \" data-link=\"https:\/\/www.privatepropertymallorca.com\/es\/propiedades\/proyecto-oportunidad-unica-para-ayudar-a-disenar-la-villa-de-sus-suenos-en-el-suroeste-de-mallorca\/\">\n        \n        <div class=\"listing-unit-img-wrapper\"><a href=\"https:\/\/www.privatepropertymallorca.com\/es\/propiedades\/proyecto-oportunidad-unica-para-ayudar-a-disenar-la-villa-de-sus-suenos-en-el-suroeste-de-mallorca\/\" target=\"_self\"><img loading=\"lazy\" decoding=\"async\" width=\"525\" height=\"328\" src=\"https:\/\/www.privatepropertymallorca.com\/wp-content\/uploads\/2025\/03\/e1c8539e-f64e-4137-8792-885ea2a14235-2-525x328.jpg\" class=\"lazyload img-responsive wp-post-image\" alt=\"V-4253 PROJEKT! Einmalige Gelegenheit sich seine Traum-Villa selbst zu gestalten in Costa de la Calma 1\" data-original=\"https:\/\/www.privatepropertymallorca.com\/wp-content\/uploads\/2025\/03\/e1c8539e-f64e-4137-8792-885ea2a14235-2-525x328.jpg\" \/><\/a><div class=\"tag-wrapper\"><div class=\"status-wrapper\"><\/div><\/div><\/div>\n\n            <h4><a href=\"https:\/\/www.privatepropertymallorca.com\/es\/propiedades\/proyecto-oportunidad-unica-para-ayudar-a-disenar-la-villa-de-sus-suenos-en-el-suroeste-de-mallorca\/\" target=\"_self\">\n                \u00a1PROYECTO! Oportunidad \u00fanica para ayudar a dise\u00f1ar la villa de sus sue\u00f1os en el suroeste de Mallorca                <\/a> \n            <\/h4> \n        \n            <div class=\"property_listing_details\">\n                <div class=\"smallCol\"><div class=\"inforoom_unit_type2\"><\/div><div>3<\/div><\/div><div class=\"smallCol\"><div class=\"infobath_unit_type2\"><\/div><div>3<\/div><\/div><div class=\"smallCol\"><div class=\"infosize_unit_type2\"><\/div><div>300 m&sup2;<\/div><\/div><div class=\"smallCol\"><div class=\"infolotsize_unit_type2\"><\/div><div>850 m&sup2;<\/div><\/div>            <\/div>\n\t\t\n            <div class=\"listing_unit_price_wrapper\">3.450.000 \u20ac <span class=\"price_label\"><\/span><\/div>               \n            <div class=\"property_location\">\n                    \n                    <div class=\"ownerNotes\">V-4253<\/div><div class=\"propertyArea\"><a href=\"https:\/\/www.privatepropertymallorca.com\/es\/state\/suroeste\/\" rel=\"tag\">Suroeste<\/a>, <a href=\"https:\/\/www.privatepropertymallorca.com\/es\/ort\/costa-de-la-calma-es\/\" rel=\"tag\">Costa de la Calma<\/a><\/div>                        <\/div>        <\/div>             \n    <\/div>\n  \n\n\n\n<div class=\"col-md-3 shortcode-col has_4per_row  listing_wrapper property_unit_type2\" data-org=\"4\" data-listid=\"1246099\" > \n    <div class=\"property_listing property_unit_type2  \" data-link=\"https:\/\/www.privatepropertymallorca.com\/es\/propiedades\/propiedad-en-llucmajor-con-campo-de-golf-privado-y-casa-de-invitados\/\">\n        \n        <div class=\"listing-unit-img-wrapper\"><a href=\"https:\/\/www.privatepropertymallorca.com\/es\/propiedades\/propiedad-en-llucmajor-con-campo-de-golf-privado-y-casa-de-invitados\/\" target=\"_self\"><img loading=\"lazy\" decoding=\"async\" width=\"525\" height=\"328\" src=\"https:\/\/www.privatepropertymallorca.com\/wp-content\/uploads\/2026\/04\/a41c4feb-6961-452c-bea5-e61677999ed8-2-525x328.jpg\" class=\"lazyload img-responsive wp-post-image\" alt=\"5324 -46 Finca in Llucmajor15\" data-original=\"https:\/\/www.privatepropertymallorca.com\/wp-content\/uploads\/2026\/04\/a41c4feb-6961-452c-bea5-e61677999ed8-2-525x328.jpg\" \/><\/a><div class=\"tag-wrapper\"><div class=\"status-wrapper\"><\/div><\/div><\/div>\n\n            <h4><a href=\"https:\/\/www.privatepropertymallorca.com\/es\/propiedades\/propiedad-en-llucmajor-con-campo-de-golf-privado-y-casa-de-invitados\/\" target=\"_self\">\n                Propiedad en Llucmajor con casa de invitados                <\/a> \n            <\/h4> \n        \n            <div class=\"property_listing_details\">\n                <div class=\"smallCol\"><div class=\"inforoom_unit_type2\"><\/div><div>5<\/div><\/div><div class=\"smallCol\"><div class=\"infobath_unit_type2\"><\/div><div>5<\/div><\/div><div class=\"smallCol\"><div class=\"infosize_unit_type2\"><\/div><div>460 m&sup2;<\/div><\/div><div class=\"smallCol\"><div class=\"infolotsize_unit_type2\"><\/div><div>12500 m&sup2;<\/div><\/div>            <\/div>\n\t\t\n            <div class=\"listing_unit_price_wrapper\">4.450.000 \u20ac <span class=\"price_label\"><\/span><\/div>               \n            <div class=\"property_location\">\n                    \n                    <div class=\"ownerNotes\">5324 - 46<\/div><div class=\"propertyArea\"><a href=\"https:\/\/www.privatepropertymallorca.com\/es\/state\/sur\/\" rel=\"tag\">Sur<\/a>, <a href=\"https:\/\/www.privatepropertymallorca.com\/es\/ort\/llucmajor-es\/\" rel=\"tag\">Llucmajor<\/a><\/div>                        <\/div>        <\/div>             \n    <\/div>\n  \n\n\n\n<div class=\"col-md-3 shortcode-col has_4per_row  listing_wrapper property_unit_type2\" data-org=\"4\" data-listid=\"1280581\" > \n    <div class=\"property_listing property_unit_type2  \" data-link=\"https:\/\/www.privatepropertymallorca.com\/es\/propiedades\/elegante-piso-reformado-en-el-corazon-de-palma-justo-en-el-popular-paseo-mallorca-2\/\">\n        \n        <div class=\"listing-unit-img-wrapper\"><a href=\"https:\/\/www.privatepropertymallorca.com\/es\/propiedades\/elegante-piso-reformado-en-el-corazon-de-palma-justo-en-el-popular-paseo-mallorca-2\/\" target=\"_self\"><img loading=\"lazy\" decoding=\"async\" width=\"525\" height=\"328\" src=\"https:\/\/www.privatepropertymallorca.com\/wp-content\/uploads\/2026\/02\/419615-2-525x328.jpg\" class=\"lazyload img-responsive wp-post-image\" alt=\"5297 - Apartment Paseo Mallorca11\" data-original=\"https:\/\/www.privatepropertymallorca.com\/wp-content\/uploads\/2026\/02\/419615-2-525x328.jpg\" \/><\/a><div class=\"tag-wrapper\"><div class=\"status-wrapper\"><\/div><\/div><\/div>\n\n            <h4><a href=\"https:\/\/www.privatepropertymallorca.com\/es\/propiedades\/elegante-piso-reformado-en-el-corazon-de-palma-justo-en-el-popular-paseo-mallorca-2\/\" target=\"_self\">\n                Piso reformado con estilo en venta en el centro de Palma                <\/a> \n            <\/h4> \n        \n            <div class=\"property_listing_details\">\n                <div class=\"smallCol\"><div class=\"inforoom_unit_type2\"><\/div><div>3<\/div><\/div><div class=\"smallCol\"><div class=\"infobath_unit_type2\"><\/div><div>4<\/div><\/div><div class=\"smallCol\"><div class=\"infosize_unit_type2\"><\/div><div>142 m&sup2;<\/div><\/div><div class=\"smallCol\"><div class=\"infolotsize_unit_type2\"><\/div><div>0 m&sup2;<\/div><\/div>            <\/div>\n\t\t\n            <div class=\"listing_unit_price_wrapper\">850.000 \u20ac <span class=\"price_label\"><\/span><\/div>               \n            <div class=\"property_location\">\n                    \n                    <div class=\"ownerNotes\">5470<\/div><div class=\"propertyArea\"><a href=\"https:\/\/www.privatepropertymallorca.com\/es\/state\/palma-y-alrededores\/\" rel=\"tag\">Palma y alrededores<\/a>, <a href=\"https:\/\/www.privatepropertymallorca.com\/es\/ort\/palma-oldtown-es-2\/\" rel=\"tag\">Palma Oldtown<\/a><\/div>                        <\/div>        <\/div>             \n    <\/div>\n  \n\n\n\n<div class=\"col-md-3 shortcode-col has_4per_row  listing_wrapper property_unit_type2\" data-org=\"4\" data-listid=\"790849\" > \n    <div class=\"property_listing property_unit_type2  \" data-link=\"https:\/\/www.privatepropertymallorca.com\/es\/propiedades\/proyecto-villa-unica-del-mas-alto-nivel-con-piscina-y-magnificas-vistas-en-santa-maria\/\">\n        \n        <div class=\"listing-unit-img-wrapper\"><a href=\"https:\/\/www.privatepropertymallorca.com\/es\/propiedades\/proyecto-villa-unica-del-mas-alto-nivel-con-piscina-y-magnificas-vistas-en-santa-maria\/\" target=\"_self\"><img loading=\"lazy\" decoding=\"async\" width=\"525\" height=\"328\" src=\"https:\/\/www.privatepropertymallorca.com\/wp-content\/uploads\/2023\/01\/b0ed49b7-f008-4573-aba5-07aa3517005f-2-525x328.jpg\" class=\"lazyload img-responsive wp-post-image\" alt=\"V-4446 PROJEKT! Einzigartige Villa auf h\u00f6chstem Nivau mit Pool, herrlichem Ausblick in Santa Maria 24\" data-original=\"https:\/\/www.privatepropertymallorca.com\/wp-content\/uploads\/2023\/01\/b0ed49b7-f008-4573-aba5-07aa3517005f-2-525x328.jpg\" \/><\/a><div class=\"tag-wrapper\"><div class=\"status-wrapper\"><\/div><\/div><\/div>\n\n            <h4><a href=\"https:\/\/www.privatepropertymallorca.com\/es\/propiedades\/proyecto-villa-unica-del-mas-alto-nivel-con-piscina-y-magnificas-vistas-en-santa-maria\/\" target=\"_self\">\n                PROYECTO Villa \u00fanica del m\u00e1s alto nivel con piscina y magn\u00edficas vistas en Santa Mar\u00eda                <\/a> \n            <\/h4> \n        \n            <div class=\"property_listing_details\">\n                <div class=\"smallCol\"><div class=\"inforoom_unit_type2\"><\/div><div>4<\/div><\/div><div class=\"smallCol\"><div class=\"infobath_unit_type2\"><\/div><div>4<\/div><\/div><div class=\"smallCol\"><div class=\"infosize_unit_type2\"><\/div><div>736 m&sup2;<\/div><\/div><div class=\"smallCol\"><div class=\"infolotsize_unit_type2\"><\/div><div>33280 m&sup2;<\/div><\/div>            <\/div>\n\t\t\n            <div class=\"listing_unit_price_wrapper\">8.500.000 \u20ac <span class=\"price_label\"><\/span><\/div>               \n            <div class=\"property_location\">\n                    \n                    <div class=\"ownerNotes\">V-4446<\/div><div class=\"propertyArea\"><a href=\"https:\/\/www.privatepropertymallorca.com\/es\/state\/centro-de-la-isla\/\" rel=\"tag\">Centro de la isla<\/a>, <a href=\"https:\/\/www.privatepropertymallorca.com\/es\/ort\/santa-maria-es\/\" rel=\"tag\">Santa Maria<\/a><\/div>                        <\/div>        <\/div>             \n    <\/div>\n  \n\n\n\n<div class=\"col-md-3 shortcode-col has_4per_row  listing_wrapper property_unit_type2\" data-org=\"4\" data-listid=\"865546\" > \n    <div class=\"property_listing property_unit_type2  \" data-link=\"https:\/\/www.privatepropertymallorca.com\/es\/propiedades\/proyecto-impresionante-villa-de-lujo-con-vistas-al-mar-a-co-disenar-en-zona-tranquila-de-cala-vinyes\/\">\n        \n        <div class=\"listing-unit-img-wrapper\"><a href=\"https:\/\/www.privatepropertymallorca.com\/es\/propiedades\/proyecto-impresionante-villa-de-lujo-con-vistas-al-mar-a-co-disenar-en-zona-tranquila-de-cala-vinyes\/\" target=\"_self\"><img loading=\"lazy\" decoding=\"async\" width=\"525\" height=\"328\" src=\"https:\/\/www.privatepropertymallorca.com\/wp-content\/uploads\/2023\/03\/e9fd1dd7-fce1-4e21-944c-39c11a1d0cdd-2-525x328.jpg\" class=\"lazyload img-responsive wp-post-image\" alt=\"V-4595 PROJEKT! Luxus Villa mit Meerblick zur Mitgestaltung in ruhiger Lage von Cala Vinyas\" data-original=\"https:\/\/www.privatepropertymallorca.com\/wp-content\/uploads\/2023\/03\/e9fd1dd7-fce1-4e21-944c-39c11a1d0cdd-2-525x328.jpg\" \/><\/a><div class=\"tag-wrapper\"><div class=\"status-wrapper\"><\/div><\/div><\/div>\n\n            <h4><a href=\"https:\/\/www.privatepropertymallorca.com\/es\/propiedades\/proyecto-impresionante-villa-de-lujo-con-vistas-al-mar-a-co-disenar-en-zona-tranquila-de-cala-vinyes\/\" target=\"_self\">\n                \u00a1Villa de lujo en Cala Vinyes con vistas al mar, para co-dise\u00f1ar!                <\/a> \n            <\/h4> \n        \n            <div class=\"property_listing_details\">\n                <div class=\"smallCol\"><div class=\"inforoom_unit_type2\"><\/div><div>5<\/div><\/div><div class=\"smallCol\"><div class=\"infobath_unit_type2\"><\/div><div>5<\/div><\/div><div class=\"smallCol\"><div class=\"infosize_unit_type2\"><\/div><div>450 m&sup2;<\/div><\/div><div class=\"smallCol\"><div class=\"infolotsize_unit_type2\"><\/div><div>1287 m&sup2;<\/div><\/div>            <\/div>\n\t\t\n            <div class=\"listing_unit_price_wrapper\">3.250.000 \u20ac <span class=\"price_label\"><\/span><\/div>               \n            <div class=\"property_location\">\n                    \n                    <div class=\"ownerNotes\">V-4595<\/div><div class=\"propertyArea\"><a href=\"https:\/\/www.privatepropertymallorca.com\/es\/state\/suroeste\/\" rel=\"tag\">Suroeste<\/a>, <a href=\"https:\/\/www.privatepropertymallorca.com\/es\/ort\/cala-vinyas-es\/\" rel=\"tag\">Cala Vinyas<\/a><\/div>                        <\/div>        <\/div>             \n    <\/div>\n  \n\n\n\n<div class=\"col-md-3 shortcode-col has_4per_row  listing_wrapper property_unit_type2\" data-org=\"4\" data-listid=\"1289998\" > \n    <div class=\"property_listing property_unit_type2  \" data-link=\"https:\/\/www.privatepropertymallorca.com\/es\/propiedades\/preciosa-villa-directamente-en-el-campo-de-golf-de-santa-ponsa\/\">\n        \n        <div class=\"listing-unit-img-wrapper\"><a href=\"https:\/\/www.privatepropertymallorca.com\/es\/propiedades\/preciosa-villa-directamente-en-el-campo-de-golf-de-santa-ponsa\/\" target=\"_self\"><img loading=\"lazy\" decoding=\"async\" width=\"525\" height=\"328\" src=\"https:\/\/www.privatepropertymallorca.com\/wp-content\/uploads\/2026\/01\/ec91e33b-be5b-404d-b36c-717345ebfcd6-2-525x328.jpg\" class=\"lazyload img-responsive wp-post-image\" alt=\"5494 - Villa in Santa Ponsa 30\" data-original=\"https:\/\/www.privatepropertymallorca.com\/wp-content\/uploads\/2026\/01\/ec91e33b-be5b-404d-b36c-717345ebfcd6-2-525x328.jpg\" \/><\/a><div class=\"tag-wrapper\"><div class=\"status-wrapper\"><\/div><\/div><\/div>\n\n            <h4><a href=\"https:\/\/www.privatepropertymallorca.com\/es\/propiedades\/preciosa-villa-directamente-en-el-campo-de-golf-de-santa-ponsa\/\" target=\"_self\">\n                Preciosa villa directamente en el campo de golf de Santa Ponsa                <\/a> \n            <\/h4> \n        \n            <div class=\"property_listing_details\">\n                <div class=\"smallCol\"><div class=\"inforoom_unit_type2\"><\/div><div>7<\/div><\/div><div class=\"smallCol\"><div class=\"infobath_unit_type2\"><\/div><div>9<\/div><\/div><div class=\"smallCol\"><div class=\"infosize_unit_type2\"><\/div><div>913 m&sup2;<\/div><\/div><div class=\"smallCol\"><div class=\"infolotsize_unit_type2\"><\/div><div>2135 m&sup2;<\/div><\/div>            <\/div>\n\t\t\n            <div class=\"listing_unit_price_wrapper\">8.900.000 \u20ac <span class=\"price_label\"><\/span><\/div>               \n            <div class=\"property_location\">\n                    \n                    <div class=\"ownerNotes\">5494<\/div><div class=\"propertyArea\"><a href=\"https:\/\/www.privatepropertymallorca.com\/es\/state\/suroeste\/\" rel=\"tag\">Suroeste<\/a>, <a href=\"https:\/\/www.privatepropertymallorca.com\/es\/ort\/santa-ponsa-es\/\" rel=\"tag\">Santa Ponsa<\/a><\/div>                        <\/div>        <\/div>             \n    <\/div>\n  \n\n\n\n<div class=\"col-md-3 shortcode-col has_4per_row  listing_wrapper property_unit_type2\" data-org=\"4\" data-listid=\"1277250\" > \n    <div class=\"property_listing property_unit_type2  \" data-link=\"https:\/\/www.privatepropertymallorca.com\/es\/propiedades\/fantastica-villa-en-es-carritxo-felanitx\/\">\n        \n        <div class=\"listing-unit-img-wrapper\"><a href=\"https:\/\/www.privatepropertymallorca.com\/es\/propiedades\/fantastica-villa-en-es-carritxo-felanitx\/\" target=\"_self\"><img loading=\"lazy\" decoding=\"async\" width=\"525\" height=\"328\" src=\"https:\/\/www.privatepropertymallorca.com\/wp-content\/uploads\/2025\/11\/46f3a533-9e1b-4bc8-a1dd-6b07272a12bd-2-525x328.jpg\" class=\"lazyload img-responsive wp-post-image\" alt=\"5462- Villa in Es Carritxo49\" data-original=\"https:\/\/www.privatepropertymallorca.com\/wp-content\/uploads\/2025\/11\/46f3a533-9e1b-4bc8-a1dd-6b07272a12bd-2-525x328.jpg\" \/><\/a><div class=\"tag-wrapper\"><div class=\"status-wrapper\"><\/div><\/div><\/div>\n\n            <h4><a href=\"https:\/\/www.privatepropertymallorca.com\/es\/propiedades\/fantastica-villa-en-es-carritxo-felanitx\/\" target=\"_self\">\n                Fant\u00e1stica villa en Es Carritxo- Felanitx                <\/a> \n            <\/h4> \n        \n            <div class=\"property_listing_details\">\n                <div class=\"smallCol\"><div class=\"inforoom_unit_type2\"><\/div><div>5<\/div><\/div><div class=\"smallCol\"><div class=\"infobath_unit_type2\"><\/div><div>5<\/div><\/div><div class=\"smallCol\"><div class=\"infosize_unit_type2\"><\/div><div>453 m&sup2;<\/div><\/div><div class=\"smallCol\"><div class=\"infolotsize_unit_type2\"><\/div><div>59980 m&sup2;<\/div><\/div>            <\/div>\n\t\t\n            <div class=\"listing_unit_price_wrapper\">4.750.000 \u20ac <span class=\"price_label\"><\/span><\/div>               \n            <div class=\"property_location\">\n                    \n                    <div class=\"ownerNotes\">5462 - 126<\/div><div class=\"propertyArea\"><a href=\"https:\/\/www.privatepropertymallorca.com\/es\/state\/sureste\/\" rel=\"tag\">Sureste<\/a>, <a href=\"https:\/\/www.privatepropertymallorca.com\/es\/ort\/felanitx-es\/\" rel=\"tag\">Felanitx<\/a><\/div>                        <\/div>        <\/div>             \n    <\/div>\n  \n\n\n\n<div class=\"col-md-3 shortcode-col has_4per_row  listing_wrapper property_unit_type2\" data-org=\"4\" data-listid=\"1189721\" > \n    <div class=\"property_listing property_unit_type2  \" data-link=\"https:\/\/www.privatepropertymallorca.com\/es\/propiedades\/proyecto-lujosa-casa-adosada-en-santa-maria\/\">\n        \n        <div class=\"listing-unit-img-wrapper\"><a href=\"https:\/\/www.privatepropertymallorca.com\/es\/propiedades\/proyecto-lujosa-casa-adosada-en-santa-maria\/\" target=\"_self\"><img decoding=\"async\" src=\"https:\/\/www.privatepropertymallorca.com\/wp-content\/themes\/wpresidence\/img\/defaults\/default_property_listings.jpg\" class=\"b-lazy img-responsive wp-post-image  lazy-hidden\" alt=imagen del usuario\" \/><\/a><div class=\"tag-wrapper\"><div class=\"status-wrapper\"><\/div><\/div><\/div>\n\n            <h4><a href=\"https:\/\/www.privatepropertymallorca.com\/es\/propiedades\/proyecto-lujosa-casa-adosada-en-santa-maria\/\" target=\"_self\">\n                PROYECTO Lujosa casa de pueblo en Santa Maria con piscina                <\/a> \n            <\/h4> \n        \n            <div class=\"property_listing_details\">\n                <div class=\"smallCol\"><div class=\"inforoom_unit_type2\"><\/div><div>3<\/div><\/div><div class=\"smallCol\"><div class=\"infobath_unit_type2\"><\/div><div>2<\/div><\/div><div class=\"smallCol\"><div class=\"infosize_unit_type2\"><\/div><div>414 m&sup2;<\/div><\/div><div class=\"smallCol\"><div class=\"infolotsize_unit_type2\"><\/div><div>0 m&sup2;<\/div><\/div>            <\/div>\n\t\t\n            <div class=\"listing_unit_price_wrapper\">2.150.000 \u20ac <span class=\"price_label\"><\/span><\/div>               \n            <div class=\"property_location\">\n                    \n                    <div class=\"ownerNotes\">5217<\/div><div class=\"propertyArea\"><a href=\"https:\/\/www.privatepropertymallorca.com\/es\/state\/centro-de-la-isla\/\" rel=\"tag\">Centro de la isla<\/a>, <a href=\"https:\/\/www.privatepropertymallorca.com\/es\/ort\/santa-maria-es\/\" rel=\"tag\">Santa Maria<\/a><\/div>                        <\/div>        <\/div>             \n    <\/div>\n  \n\n\n\n<div class=\"col-md-3 shortcode-col has_4per_row  listing_wrapper property_unit_type2\" data-org=\"4\" data-listid=\"1278839\" > \n    <div class=\"property_listing property_unit_type2  \" data-link=\"https:\/\/www.privatepropertymallorca.com\/es\/propiedades\/espectacular-villa-con-vistas-al-mar-en-port-andratx\/\">\n        \n        <div class=\"listing-unit-img-wrapper\"><a href=\"https:\/\/www.privatepropertymallorca.com\/es\/propiedades\/espectacular-villa-con-vistas-al-mar-en-port-andratx\/\" target=\"_self\"><img loading=\"lazy\" decoding=\"async\" width=\"525\" height=\"328\" src=\"https:\/\/www.privatepropertymallorca.com\/wp-content\/uploads\/2025\/11\/ce43d8ae-fd7a-41cc-bc49-0ad9504d7adc-2-525x328.jpg\" class=\"lazyload img-responsive wp-post-image\" alt=\"5467 - 66 Villa in Port Andratx 20\" data-original=\"https:\/\/www.privatepropertymallorca.com\/wp-content\/uploads\/2025\/11\/ce43d8ae-fd7a-41cc-bc49-0ad9504d7adc-2-525x328.jpg\" \/><\/a><div class=\"tag-wrapper\"><div class=\"status-wrapper\"><\/div><\/div><\/div>\n\n            <h4><a href=\"https:\/\/www.privatepropertymallorca.com\/es\/propiedades\/espectacular-villa-con-vistas-al-mar-en-port-andratx\/\" target=\"_self\">\n                Espectacular villa con vistas al mar en Port Andratx                <\/a> \n            <\/h4> \n        \n            <div class=\"property_listing_details\">\n                <div class=\"smallCol\"><div class=\"inforoom_unit_type2\"><\/div><div>3<\/div><\/div><div class=\"smallCol\"><div class=\"infobath_unit_type2\"><\/div><div>3<\/div><\/div><div class=\"smallCol\"><div class=\"infosize_unit_type2\"><\/div><div>573 m&sup2;<\/div><\/div><div class=\"smallCol\"><div class=\"infolotsize_unit_type2\"><\/div><div>1823 m&sup2;<\/div><\/div>            <\/div>\n\t\t\n            <div class=\"listing_unit_price_wrapper\">9.995.000 \u20ac <span class=\"price_label\"><\/span><\/div>               \n            <div class=\"property_location\">\n                    \n                    <div class=\"ownerNotes\">5467 - 66<\/div><div class=\"propertyArea\"><a href=\"https:\/\/www.privatepropertymallorca.com\/es\/state\/suroeste\/\" rel=\"tag\">Suroeste<\/a>, <a href=\"https:\/\/www.privatepropertymallorca.com\/es\/ort\/port-andratx-es\/\" rel=\"tag\">Port Andratx<\/a><\/div>                        <\/div>        <\/div>             \n    <\/div>\n  \n\n\n\n<div class=\"col-md-3 shortcode-col has_4per_row  listing_wrapper property_unit_type2\" data-org=\"4\" data-listid=\"1226365\" > \n    <div class=\"property_listing property_unit_type2  \" data-link=\"https:\/\/www.privatepropertymallorca.com\/es\/propiedades\/apartamento-con-encanto-vistas-a-la-montana-y-piscina-en-establiments-palma-de-mallorca\/\">\n        \n        <div class=\"listing-unit-img-wrapper\"><a href=\"https:\/\/www.privatepropertymallorca.com\/es\/propiedades\/apartamento-con-encanto-vistas-a-la-montana-y-piscina-en-establiments-palma-de-mallorca\/\" target=\"_self\"><img loading=\"lazy\" decoding=\"async\" width=\"525\" height=\"328\" src=\"https:\/\/www.privatepropertymallorca.com\/wp-content\/uploads\/2025\/12\/ed9e9871-9454-4291-a91d-2fe8e9e3cbc1-525x328.jpg\" class=\"lazyload img-responsive wp-post-image\" alt=\"5303 Apartment Establiments25\" data-original=\"https:\/\/www.privatepropertymallorca.com\/wp-content\/uploads\/2025\/12\/ed9e9871-9454-4291-a91d-2fe8e9e3cbc1-525x328.jpg\" \/><\/a><div class=\"tag-wrapper\"><div class=\"status-wrapper\"><\/div><\/div><\/div>\n\n            <h4><a href=\"https:\/\/www.privatepropertymallorca.com\/es\/propiedades\/apartamento-con-encanto-vistas-a-la-montana-y-piscina-en-establiments-palma-de-mallorca\/\" target=\"_self\">\n                Apartamento con encanto, vistas a la monta\u00f1a y piscina en Establiments, Palma de Mallorca                <\/a> \n            <\/h4> \n        \n            <div class=\"property_listing_details\">\n                <div class=\"smallCol\"><div class=\"inforoom_unit_type2\"><\/div><div>3<\/div><\/div><div class=\"smallCol\"><div class=\"infobath_unit_type2\"><\/div><div>3<\/div><\/div><div class=\"smallCol\"><div class=\"infosize_unit_type2\"><\/div><div>190 m&sup2;<\/div><\/div><div class=\"smallCol\"><div class=\"infolotsize_unit_type2\"><\/div><div>1503 m&sup2;<\/div><\/div>            <\/div>\n\t\t\n            <div class=\"listing_unit_price_wrapper\">1.200.000 \u20ac <span class=\"price_label\"><\/span><\/div>               \n            <div class=\"property_location\">\n                    \n                    <div class=\"ownerNotes\">5303-123<\/div><div class=\"propertyArea\">, <a href=\"https:\/\/www.privatepropertymallorca.com\/es\/ort\/establiments-es\/\" rel=\"tag\">Establiments<\/a><\/div>                        <\/div>        <\/div>             \n    <\/div>\n  \n\n\n\n<div class=\"col-md-3 shortcode-col has_4per_row  listing_wrapper property_unit_type2\" data-org=\"4\" data-listid=\"1307826\" > \n    <div class=\"property_listing property_unit_type2  \" data-link=\"https:\/\/www.privatepropertymallorca.com\/es\/propiedades\/impresionante-chalet-en-galilea-con-piscina-cubierta-y-maravillosas-vistas-panoramicas\/\">\n        \n        <div class=\"listing-unit-img-wrapper\"><a href=\"https:\/\/www.privatepropertymallorca.com\/es\/propiedades\/impresionante-chalet-en-galilea-con-piscina-cubierta-y-maravillosas-vistas-panoramicas\/\" target=\"_self\"><img loading=\"lazy\" decoding=\"async\" width=\"525\" height=\"328\" src=\"https:\/\/www.privatepropertymallorca.com\/wp-content\/uploads\/2026\/04\/14be6c22-f5f0-4c2d-90a3-85d8c4db9d39-2-525x328.jpg\" class=\"lazyload img-responsive wp-post-image\" alt=\"V-3300 Beeindruckende Villa in Galilea mit Indoorpool und wundersch\u00f6nem Panoramablick\" data-original=\"https:\/\/www.privatepropertymallorca.com\/wp-content\/uploads\/2026\/04\/14be6c22-f5f0-4c2d-90a3-85d8c4db9d39-2-525x328.jpg\" \/><\/a><div class=\"tag-wrapper\"><div class=\"status-wrapper\"><\/div><\/div><\/div>\n\n            <h4><a href=\"https:\/\/www.privatepropertymallorca.com\/es\/propiedades\/impresionante-chalet-en-galilea-con-piscina-cubierta-y-maravillosas-vistas-panoramicas\/\" target=\"_self\">\n                Impresionante chalet en Galilea con piscina cubierta y maravillosas vistas panor\u00e1micas                <\/a> \n            <\/h4> \n        \n            <div class=\"property_listing_details\">\n                <div class=\"smallCol\"><div class=\"inforoom_unit_type2\"><\/div><div>4<\/div><\/div><div class=\"smallCol\"><div class=\"infobath_unit_type2\"><\/div><div>5<\/div><\/div><div class=\"smallCol\"><div class=\"infosize_unit_type2\"><\/div><div>747 m&sup2;<\/div><\/div><div class=\"smallCol\"><div class=\"infolotsize_unit_type2\"><\/div><div>4795 m&sup2;<\/div><\/div>            <\/div>\n\t\t\n            <div class=\"listing_unit_price_wrapper\"><span class=\"price_label price_label_before\">on request<\/span>  <span class=\"price_label\"><\/span><\/div>               \n            <div class=\"property_location\">\n                    \n                    <div class=\"ownerNotes\">V-3300<\/div><div class=\"propertyArea\"><a href=\"https:\/\/www.privatepropertymallorca.com\/es\/state\/suroeste\/\" rel=\"tag\">Suroeste<\/a>, <a href=\"https:\/\/www.privatepropertymallorca.com\/es\/ort\/galilea-es-2\/\" rel=\"tag\">Galilea<\/a><\/div>                        <\/div>        <\/div>             \n    <\/div>\n  \n\n\n\n<div class=\"col-md-3 shortcode-col has_4per_row  listing_wrapper property_unit_type2\" data-org=\"4\" data-listid=\"503761\" > \n    <div class=\"property_listing property_unit_type2  \" data-link=\"https:\/\/www.privatepropertymallorca.com\/es\/propiedades\/nuevo-proyecto-de-construccion-fantastico-atico-con-azotea-y-piscina-privada-en-son-armadams\/\">\n        \n        <div class=\"listing-unit-img-wrapper\"><a href=\"https:\/\/www.privatepropertymallorca.com\/es\/propiedades\/nuevo-proyecto-de-construccion-fantastico-atico-con-azotea-y-piscina-privada-en-son-armadams\/\" target=\"_self\"><img loading=\"lazy\" decoding=\"async\" width=\"525\" height=\"328\" src=\"https:\/\/www.privatepropertymallorca.com\/wp-content\/uploads\/2025\/04\/18ff0ee8-c7b1-49ba-ba02-c8a6dd3ffe39-525x328.jpg\" class=\"lazyload img-responsive wp-post-image\" alt=\"P-3637_9 Fantastisches Penthouse in Son Armadams mit Dachterrasse und privatem Pool 1\" data-original=\"https:\/\/www.privatepropertymallorca.com\/wp-content\/uploads\/2025\/04\/18ff0ee8-c7b1-49ba-ba02-c8a6dd3ffe39-525x328.jpg\" \/><\/a><div class=\"tag-wrapper\"><div class=\"status-wrapper\"><\/div><\/div><\/div>\n\n            <h4><a href=\"https:\/\/www.privatepropertymallorca.com\/es\/propiedades\/nuevo-proyecto-de-construccion-fantastico-atico-con-azotea-y-piscina-privada-en-son-armadams\/\" target=\"_self\">\n                Fant\u00e1stico \u00e1tico en Son Armadams con azotea y piscina privada                <\/a> \n            <\/h4> \n        \n            <div class=\"property_listing_details\">\n                <div class=\"smallCol\"><div class=\"inforoom_unit_type2\"><\/div><div>2<\/div><\/div><div class=\"smallCol\"><div class=\"infobath_unit_type2\"><\/div><div>2<\/div><\/div><div class=\"smallCol\"><div class=\"infosize_unit_type2\"><\/div><div>161 m&sup2;<\/div><\/div><div class=\"smallCol\"><div class=\"infolotsize_unit_type2\"><\/div><div>0 m&sup2;<\/div><\/div>            <\/div>\n\t\t\n            <div class=\"listing_unit_price_wrapper\">1.420.250 \u20ac <span class=\"price_label\"><\/span><\/div>               \n            <div class=\"property_location\">\n                    \n                    <div class=\"ownerNotes\">P-3637_9<\/div><div class=\"propertyArea\"><a href=\"https:\/\/www.privatepropertymallorca.com\/es\/state\/palma-y-alrededores\/\" rel=\"tag\">Palma y alrededores<\/a>, <a href=\"https:\/\/www.privatepropertymallorca.com\/es\/ort\/son-armadams-es\/\" rel=\"tag\">Son Armadams<\/a><\/div>                        <\/div>        <\/div>             \n    <\/div>\n  \n\n\n\n<div class=\"col-md-3 shortcode-col has_4per_row  listing_wrapper property_unit_type2\" data-org=\"4\" data-listid=\"1280422\" > \n    <div class=\"property_listing property_unit_type2  \" data-link=\"https:\/\/www.privatepropertymallorca.com\/es\/propiedades\/finca-en-porreres-con-licencia-de-alquiler-vacacional-privacidad-y-vinedo-propio\/\">\n        \n        <div class=\"listing-unit-img-wrapper\"><a href=\"https:\/\/www.privatepropertymallorca.com\/es\/propiedades\/finca-en-porreres-con-licencia-de-alquiler-vacacional-privacidad-y-vinedo-propio\/\" target=\"_self\"><img loading=\"lazy\" decoding=\"async\" width=\"525\" height=\"328\" src=\"https:\/\/www.privatepropertymallorca.com\/wp-content\/uploads\/2026\/03\/8ef3ef97-4f10-4568-9aad-41edd0e06c10-2-525x328.jpg\" class=\"lazyload img-responsive wp-post-image\" alt=\"ETV LOGO PPM  (2)\" data-original=\"https:\/\/www.privatepropertymallorca.com\/wp-content\/uploads\/2026\/03\/8ef3ef97-4f10-4568-9aad-41edd0e06c10-2-525x328.jpg\" \/><\/a><div class=\"tag-wrapper\"><div class=\"status-wrapper\"><div class=\"ribbon-inside holiday-rental-licence\">Holiday rental licence<\/div><\/div><\/div><\/div>\n\n            <h4><a href=\"https:\/\/www.privatepropertymallorca.com\/es\/propiedades\/finca-en-porreres-con-licencia-de-alquiler-vacacional-privacidad-y-vinedo-propio\/\" target=\"_self\">\n                Finca en Porreres en venta con licencia de alquiler vacacional y mucha privacidad                <\/a> \n            <\/h4> \n        \n            <div class=\"property_listing_details\">\n                <div class=\"smallCol\"><div class=\"inforoom_unit_type2\"><\/div><div>2<\/div><\/div><div class=\"smallCol\"><div class=\"infobath_unit_type2\"><\/div><div>2<\/div><\/div><div class=\"smallCol\"><div class=\"infosize_unit_type2\"><\/div><div>200 m&sup2;<\/div><\/div><div class=\"smallCol\"><div class=\"infolotsize_unit_type2\"><\/div><div>22000 m&sup2;<\/div><\/div>            <\/div>\n\t\t\n            <div class=\"listing_unit_price_wrapper\"><span class=\"price_label price_label_before\">on request<\/span>  <span class=\"price_label\"><\/span><\/div>               \n            <div class=\"property_location\">\n                    \n                    <div class=\"ownerNotes\">5469<\/div><div class=\"propertyArea\"><a href=\"https:\/\/www.privatepropertymallorca.com\/es\/state\/centro-de-la-isla\/\" rel=\"tag\">Centro de la isla<\/a>, <a href=\"https:\/\/www.privatepropertymallorca.com\/es\/ort\/porreres-es\/\" rel=\"tag\">Porreres<\/a><\/div>                        <\/div>        <\/div>             \n    <\/div>\n  \n\n\n\n<div class=\"col-md-3 shortcode-col has_4per_row  listing_wrapper property_unit_type2\" data-org=\"4\" data-listid=\"1285240\" > \n    <div class=\"property_listing property_unit_type2  \" data-link=\"https:\/\/www.privatepropertymallorca.com\/es\/propiedades\/villa-de-lujo-con-licencia-de-alquiler-en-can-pastilla\/\">\n        \n        <div class=\"listing-unit-img-wrapper\"><a href=\"https:\/\/www.privatepropertymallorca.com\/es\/propiedades\/villa-de-lujo-con-licencia-de-alquiler-en-can-pastilla\/\" target=\"_self\"><img loading=\"lazy\" decoding=\"async\" width=\"525\" height=\"328\" src=\"https:\/\/www.privatepropertymallorca.com\/wp-content\/uploads\/2026\/03\/5e1c8a88-acc2-4a61-bde9-2759a260f969-2-525x328.jpg\" class=\"lazyload img-responsive wp-post-image\" alt=\"ETV LOGO PPM  (2)\" data-original=\"https:\/\/www.privatepropertymallorca.com\/wp-content\/uploads\/2026\/03\/5e1c8a88-acc2-4a61-bde9-2759a260f969-2-525x328.jpg\" \/><\/a><div class=\"tag-wrapper\"><div class=\"status-wrapper\"><div class=\"ribbon-inside holiday-rental-licence\">Holiday rental licence<\/div><\/div><\/div><\/div>\n\n            <h4><a href=\"https:\/\/www.privatepropertymallorca.com\/es\/propiedades\/villa-de-lujo-con-licencia-de-alquiler-en-can-pastilla\/\" target=\"_self\">\n                Villa de lujo con licencia de alquiler en Can Pastilla                <\/a> \n            <\/h4> \n        \n            <div class=\"property_listing_details\">\n                <div class=\"smallCol\"><div class=\"inforoom_unit_type2\"><\/div><div>7<\/div><\/div><div class=\"smallCol\"><div class=\"infobath_unit_type2\"><\/div><div>4<\/div><\/div><div class=\"smallCol\"><div class=\"infosize_unit_type2\"><\/div><div>417 m&sup2;<\/div><\/div><div class=\"smallCol\"><div class=\"infolotsize_unit_type2\"><\/div><div>727 m&sup2;<\/div><\/div>            <\/div>\n\t\t\n            <div class=\"listing_unit_price_wrapper\">1.600.000 \u20ac <span class=\"price_label\"><\/span><\/div>               \n            <div class=\"property_location\">\n                    \n                    <div class=\"ownerNotes\">5468<\/div><div class=\"propertyArea\"><a href=\"https:\/\/www.privatepropertymallorca.com\/es\/state\/palma-y-alrededores\/\" rel=\"tag\">Palma y alrededores<\/a>, <a href=\"https:\/\/www.privatepropertymallorca.com\/es\/ort\/playa-de-palma-es\/\" rel=\"tag\">Playa de Palma<\/a><\/div>                        <\/div>        <\/div>             \n    <\/div>\n  \n\n\n\n<div class=\"col-md-3 shortcode-col has_4per_row  listing_wrapper property_unit_type2\" data-org=\"4\" data-listid=\"1270511\" > \n    <div class=\"property_listing property_unit_type2  \" data-link=\"https:\/\/www.privatepropertymallorca.com\/es\/propiedades\/piso-impecable-en-palma-en-un-barrio-exclusivo\/\">\n        \n        <div class=\"listing-unit-img-wrapper\"><a href=\"https:\/\/www.privatepropertymallorca.com\/es\/propiedades\/piso-impecable-en-palma-en-un-barrio-exclusivo\/\" target=\"_self\"><img loading=\"lazy\" decoding=\"async\" width=\"525\" height=\"328\" src=\"https:\/\/www.privatepropertymallorca.com\/wp-content\/uploads\/2026\/04\/4a925714-6dee-47c9-ac70-97ac78580e1f-2-525x328.jpg\" class=\"lazyload img-responsive wp-post-image\" alt=\"5416  - Apartment in Bonanova 24\" data-original=\"https:\/\/www.privatepropertymallorca.com\/wp-content\/uploads\/2026\/04\/4a925714-6dee-47c9-ac70-97ac78580e1f-2-525x328.jpg\" \/><\/a><div class=\"tag-wrapper\"><div class=\"status-wrapper\"><\/div><\/div><\/div>\n\n            <h4><a href=\"https:\/\/www.privatepropertymallorca.com\/es\/propiedades\/piso-impecable-en-palma-en-un-barrio-exclusivo\/\" target=\"_self\">\n                Se vende impecable piso en Palma en un barrio exclusivo                <\/a> \n            <\/h4> \n        \n            <div class=\"property_listing_details\">\n                <div class=\"smallCol\"><div class=\"inforoom_unit_type2\"><\/div><div>3<\/div><\/div><div class=\"smallCol\"><div class=\"infobath_unit_type2\"><\/div><div>2<\/div><\/div><div class=\"smallCol\"><div class=\"infosize_unit_type2\"><\/div><div>199 m&sup2;<\/div><\/div><div class=\"smallCol\"><div class=\"infolotsize_unit_type2\"><\/div><div>0 m&sup2;<\/div><\/div>            <\/div>\n\t\t\n            <div class=\"listing_unit_price_wrapper\">910.000 \u20ac <span class=\"price_label\"><\/span><\/div>               \n            <div class=\"property_location\">\n                    \n                    <div class=\"ownerNotes\">5416<\/div><div class=\"propertyArea\"><a href=\"https:\/\/www.privatepropertymallorca.com\/es\/state\/palma-y-alrededores\/\" rel=\"tag\">Palma y alrededores<\/a>, <a href=\"https:\/\/www.privatepropertymallorca.com\/es\/ort\/bonanova-es\/\" rel=\"tag\">Bonanova<\/a><\/div>                        <\/div>        <\/div>             \n    <\/div>\n  \n\n\n\n<div class=\"col-md-3 shortcode-col has_4per_row  listing_wrapper property_unit_type2\" data-org=\"4\" data-listid=\"606647\" > \n    <div class=\"property_listing property_unit_type2  \" data-link=\"https:\/\/www.privatepropertymallorca.com\/es\/propiedades\/excelente-parcela-con-proyecto-para-un-chalet-moderno-en-la-exclusiva-y-cotizada-localidad-de-son-vida\/\">\n        \n        <div class=\"listing-unit-img-wrapper\"><a href=\"https:\/\/www.privatepropertymallorca.com\/es\/propiedades\/excelente-parcela-con-proyecto-para-un-chalet-moderno-en-la-exclusiva-y-cotizada-localidad-de-son-vida\/\" target=\"_self\"><img loading=\"lazy\" decoding=\"async\" width=\"525\" height=\"328\" src=\"https:\/\/www.privatepropertymallorca.com\/wp-content\/uploads\/2025\/06\/56e8d6fe-d361-4804-856b-eafecc5460eb-525x328.jpg\" class=\"lazyload img-responsive wp-post-image\" alt=\"G-4110 PROJEKT! Grundst\u00fcck in Son Vida mit Projekt f\u00fcr eine exklusive Villa mit herrlichem Ausblick\" data-original=\"https:\/\/www.privatepropertymallorca.com\/wp-content\/uploads\/2025\/06\/56e8d6fe-d361-4804-856b-eafecc5460eb-525x328.jpg\" \/><\/a><div class=\"tag-wrapper\"><div class=\"status-wrapper\"><\/div><\/div><\/div>\n\n            <h4><a href=\"https:\/\/www.privatepropertymallorca.com\/es\/propiedades\/excelente-parcela-con-proyecto-para-un-chalet-moderno-en-la-exclusiva-y-cotizada-localidad-de-son-vida\/\" target=\"_self\">\n                PROYECTO Parcela en Son Vida con proyecto para una villa exclusiva con vistas impresionantes                <\/a> \n            <\/h4> \n        \n            <div class=\"property_listing_details\">\n                <div class=\"smallCol\"><div class=\"inforoom_unit_type2\"><\/div><div>6<\/div><\/div><div class=\"smallCol\"><div class=\"infobath_unit_type2\"><\/div><div>6<\/div><\/div><div class=\"smallCol\"><div class=\"infosize_unit_type2\"><\/div><div>0 m&sup2;<\/div><\/div><div class=\"smallCol\"><div class=\"infolotsize_unit_type2\"><\/div><div>2380 m&sup2;<\/div><\/div>            <\/div>\n\t\t\n            <div class=\"listing_unit_price_wrapper\">2.700.000 \u20ac <span class=\"price_label\"><\/span><\/div>               \n            <div class=\"property_location\">\n                    \n                    <div class=\"ownerNotes\">G-4110<\/div><div class=\"propertyArea\"><a href=\"https:\/\/www.privatepropertymallorca.com\/es\/state\/palma-y-alrededores\/\" rel=\"tag\">Palma y alrededores<\/a>, <a href=\"https:\/\/www.privatepropertymallorca.com\/es\/ort\/son-vida-es\/\" rel=\"tag\">Son Vida<\/a><\/div>                        <\/div>        <\/div>             \n    <\/div>\n  \n\n\n\n<div class=\"col-md-3 shortcode-col has_4per_row  listing_wrapper property_unit_type2\" data-org=\"4\" data-listid=\"1303742\" > \n    <div class=\"property_listing property_unit_type2  \" data-link=\"https:\/\/www.privatepropertymallorca.com\/es\/propiedades\/duplex-en-venta-en-port-andratx-cala-llamp-con-fantasticas-vistas-al-mar\/\">\n        \n        <div class=\"listing-unit-img-wrapper\"><a href=\"https:\/\/www.privatepropertymallorca.com\/es\/propiedades\/duplex-en-venta-en-port-andratx-cala-llamp-con-fantasticas-vistas-al-mar\/\" target=\"_self\"><img loading=\"lazy\" decoding=\"async\" width=\"525\" height=\"328\" src=\"https:\/\/www.privatepropertymallorca.com\/wp-content\/uploads\/2026\/04\/50a380cc-44c3-4c0b-8bba-94a820ee2307-2-525x328.jpg\" class=\"lazyload img-responsive wp-post-image\" alt=\"5582 -Villa in Port Andratx 12\" data-original=\"https:\/\/www.privatepropertymallorca.com\/wp-content\/uploads\/2026\/04\/50a380cc-44c3-4c0b-8bba-94a820ee2307-2-525x328.jpg\" \/><\/a><div class=\"tag-wrapper\"><div class=\"status-wrapper\"><\/div><\/div><\/div>\n\n            <h4><a href=\"https:\/\/www.privatepropertymallorca.com\/es\/propiedades\/duplex-en-venta-en-port-andratx-cala-llamp-con-fantasticas-vistas-al-mar\/\" target=\"_self\">\n                D\u00faplex en venta en Port Andratx &#8211; Cala Llamp con fant\u00e1sticas vistas al mar                <\/a> \n            <\/h4> \n        \n            <div class=\"property_listing_details\">\n                <div class=\"smallCol\"><div class=\"inforoom_unit_type2\"><\/div><div>2<\/div><\/div><div class=\"smallCol\"><div class=\"infobath_unit_type2\"><\/div><div>3<\/div><\/div><div class=\"smallCol\"><div class=\"infosize_unit_type2\"><\/div><div>127 m&sup2;<\/div><\/div><div class=\"smallCol\"><div class=\"infolotsize_unit_type2\"><\/div><div>5379 m&sup2;<\/div><\/div>            <\/div>\n\t\t\n            <div class=\"listing_unit_price_wrapper\">1.640.000 \u20ac <span class=\"price_label\"><\/span><\/div>               \n            <div class=\"property_location\">\n                    \n                    <div class=\"ownerNotes\">5582- 43<\/div><div class=\"propertyArea\"><a href=\"https:\/\/www.privatepropertymallorca.com\/es\/state\/suroeste\/\" rel=\"tag\">Suroeste<\/a>, <a href=\"https:\/\/www.privatepropertymallorca.com\/es\/ort\/port-andratx-es\/\" rel=\"tag\">Port Andratx<\/a><\/div>                        <\/div>        <\/div>             \n    <\/div>\n  \n\n\n\n<div class=\"col-md-3 shortcode-col has_4per_row  listing_wrapper property_unit_type2\" data-org=\"4\" data-listid=\"731129\" > \n    <div class=\"property_listing property_unit_type2  \" data-link=\"https:\/\/www.privatepropertymallorca.com\/es\/propiedades\/proyecto-piso-en-el-nivel-mas-alto-de-lujo-con-vistas-al-mar-en-la-mejor-ubicacion-de-bendinat\/\">\n        \n        <div class=\"listing-unit-img-wrapper\"><a href=\"https:\/\/www.privatepropertymallorca.com\/es\/propiedades\/proyecto-piso-en-el-nivel-mas-alto-de-lujo-con-vistas-al-mar-en-la-mejor-ubicacion-de-bendinat\/\" target=\"_self\"><img loading=\"lazy\" decoding=\"async\" width=\"525\" height=\"328\" src=\"https:\/\/www.privatepropertymallorca.com\/wp-content\/uploads\/2024\/09\/310313-2-525x328.jpg\" class=\"lazyload img-responsive wp-post-image\" alt=\"A-4385 Apartment in Bendinat auf h\u00f6chstem Luxus Niveau mit Meerblick\" data-original=\"https:\/\/www.privatepropertymallorca.com\/wp-content\/uploads\/2024\/09\/310313-2-525x328.jpg\" \/><\/a><div class=\"tag-wrapper\"><div class=\"status-wrapper\"><\/div><\/div><\/div>\n\n            <h4><a href=\"https:\/\/www.privatepropertymallorca.com\/es\/propiedades\/proyecto-piso-en-el-nivel-mas-alto-de-lujo-con-vistas-al-mar-en-la-mejor-ubicacion-de-bendinat\/\" target=\"_self\">\n                Piso en Bendinat al m\u00e1s alto nivel de lujo con vistas al mar                <\/a> \n            <\/h4> \n        \n            <div class=\"property_listing_details\">\n                <div class=\"smallCol\"><div class=\"inforoom_unit_type2\"><\/div><div>3<\/div><\/div><div class=\"smallCol\"><div class=\"infobath_unit_type2\"><\/div><div>4<\/div><\/div><div class=\"smallCol\"><div class=\"infosize_unit_type2\"><\/div><div>365 m&sup2;<\/div><\/div><div class=\"smallCol\"><div class=\"infolotsize_unit_type2\"><\/div><div>1661 m&sup2;<\/div><\/div>            <\/div>\n\t\t\n            <div class=\"listing_unit_price_wrapper\">5.900.000 \u20ac <span class=\"price_label\"><\/span><\/div>               \n            <div class=\"property_location\">\n                    \n                    <div class=\"ownerNotes\">A-4385<\/div><div class=\"propertyArea\"><a href=\"https:\/\/www.privatepropertymallorca.com\/es\/state\/suroeste\/\" rel=\"tag\">Suroeste<\/a>, <a href=\"https:\/\/www.privatepropertymallorca.com\/es\/ort\/bendinat-es\/\" rel=\"tag\">Bendinat<\/a><\/div>                        <\/div>        <\/div>             \n    <\/div>\n  \n\n\n\n<div class=\"col-md-3 shortcode-col has_4per_row  listing_wrapper property_unit_type2\" data-org=\"4\" data-listid=\"1220182\" > \n    <div class=\"property_listing property_unit_type2  \" data-link=\"https:\/\/www.privatepropertymallorca.com\/es\/propiedades\/lujosa-casa-adosada-en-portocolom-con-piscina-privada-jardin-y-vistas-al-mar\/\">\n        \n        <div class=\"listing-unit-img-wrapper\"><a href=\"https:\/\/www.privatepropertymallorca.com\/es\/propiedades\/lujosa-casa-adosada-en-portocolom-con-piscina-privada-jardin-y-vistas-al-mar\/\" target=\"_self\"><img decoding=\"async\" src=\"https:\/\/www.privatepropertymallorca.com\/wp-content\/themes\/wpresidence\/img\/defaults\/default_property_listings.jpg\" class=\"b-lazy img-responsive wp-post-image  lazy-hidden\" alt=imagen del usuario\" \/><\/a><div class=\"tag-wrapper\"><div class=\"status-wrapper\"><\/div><\/div><\/div>\n\n            <h4><a href=\"https:\/\/www.privatepropertymallorca.com\/es\/propiedades\/lujosa-casa-adosada-en-portocolom-con-piscina-privada-jardin-y-vistas-al-mar\/\" target=\"_self\">\n                Lujosa casa adosada en Portocolom con piscina privada, jard\u00edn y vistas al mar                <\/a> \n            <\/h4> \n        \n            <div class=\"property_listing_details\">\n                <div class=\"smallCol\"><div class=\"inforoom_unit_type2\"><\/div><div>5<\/div><\/div><div class=\"smallCol\"><div class=\"infobath_unit_type2\"><\/div><div>4<\/div><\/div><div class=\"smallCol\"><div class=\"infosize_unit_type2\"><\/div><div>320 m&sup2;<\/div><\/div><div class=\"smallCol\"><div class=\"infolotsize_unit_type2\"><\/div><div>440 m&sup2;<\/div><\/div>            <\/div>\n\t\t\n            <div class=\"listing_unit_price_wrapper\">1.890.000 \u20ac <span class=\"price_label\"><\/span><\/div>               \n            <div class=\"property_location\">\n                    \n                    <div class=\"ownerNotes\">D-3718_7<\/div><div class=\"propertyArea\"><a href=\"https:\/\/www.privatepropertymallorca.com\/es\/state\/sureste\/\" rel=\"tag\">Sureste<\/a>, <a href=\"https:\/\/www.privatepropertymallorca.com\/es\/ort\/portocolom-es\/\" rel=\"tag\">Portocolom<\/a><\/div>                        <\/div>        <\/div>             \n    <\/div>\n  \n\n\n\n<div class=\"col-md-3 shortcode-col has_4per_row  listing_wrapper property_unit_type2\" data-org=\"4\" data-listid=\"1113858\" > \n    <div class=\"property_listing property_unit_type2  \" data-link=\"https:\/\/www.privatepropertymallorca.com\/es\/propiedades\/impresionante-parcela-en-bendinat-golf-con-licencia-de-obra-vistas-al-mar-y-ubicacion-tranquila\/\">\n        \n        <div class=\"listing-unit-img-wrapper\"><a href=\"https:\/\/www.privatepropertymallorca.com\/es\/propiedades\/impresionante-parcela-en-bendinat-golf-con-licencia-de-obra-vistas-al-mar-y-ubicacion-tranquila\/\" target=\"_self\"><img loading=\"lazy\" decoding=\"async\" width=\"525\" height=\"328\" src=\"https:\/\/www.privatepropertymallorca.com\/wp-content\/uploads\/2024\/04\/379563-2-525x328.jpg\" class=\"lazyload img-responsive wp-post-image\" alt=\"5042-121 Beeindruckendes Grundst\u00fcck in Bendinat Golf mit Baulizenz, Meerblick &amp; Ruhelage\" data-original=\"https:\/\/www.privatepropertymallorca.com\/wp-content\/uploads\/2024\/04\/379563-2-525x328.jpg\" \/><\/a><div class=\"tag-wrapper\"><div class=\"status-wrapper\"><\/div><\/div><\/div>\n\n            <h4><a href=\"https:\/\/www.privatepropertymallorca.com\/es\/propiedades\/impresionante-parcela-en-bendinat-golf-con-licencia-de-obra-vistas-al-mar-y-ubicacion-tranquila\/\" target=\"_self\">\n                Impresionante parcela en Bendinat Golf con licencia de obra, vistas al mar y ubicaci\u00f3n tranquila                <\/a> \n            <\/h4> \n        \n            <div class=\"property_listing_details\">\n                <div class=\"smallCol\"><div class=\"inforoom_unit_type2\"><\/div><div>-<\/div><\/div><div class=\"smallCol\"><div class=\"infobath_unit_type2\"><\/div><div>-<\/div><\/div><div class=\"smallCol\"><div class=\"infosize_unit_type2\"><\/div><div>0 m&sup2;<\/div><\/div><div class=\"smallCol\"><div class=\"infolotsize_unit_type2\"><\/div><div>1560 m&sup2;<\/div><\/div>            <\/div>\n\t\t\n            <div class=\"listing_unit_price_wrapper\">2.890.000 \u20ac <span class=\"price_label\"><\/span><\/div>               \n            <div class=\"property_location\">\n                    \n                    <div class=\"ownerNotes\">5042-121<\/div><div class=\"propertyArea\"><a href=\"https:\/\/www.privatepropertymallorca.com\/es\/state\/suroeste\/\" rel=\"tag\">Suroeste<\/a>, <a href=\"https:\/\/www.privatepropertymallorca.com\/es\/ort\/bendinat-es\/\" rel=\"tag\">Bendinat<\/a><\/div>                        <\/div>        <\/div>             \n    <\/div>\n<div class=\"wpestate_listing_sh_loader\">\n       <div class=\"new_prelader\"><\/div>\n\n    <\/div><div class=\"listinglink-wrapper_sh_listings\">\n               <span class=\"wpresidence_button wpestate_item_list_sh\">cargar m\u00e1s inmuebles <\/span>\n               <\/div><\/div><script type=\"text\/javascript\">\n                \/\/<![CDATA[\n                jQuery(document).ready(function(){\n                  \/\/  wpestate_anime(\"#wpestate_sh_anime_240\");\n                   \/\/ wpestate_property_list_sh(\"#wpestate_sh_anime_240 .wpestate_item_list_sh\", \"#wpestate_sh_anime_240 .control_tax_sh\");\n                });\n                \/\/]]>\n            <\/script>[\/vc_column][\/vc_row]<\/p>\n<div class=\"bellvueblock \"><img decoding=\"async\" src=\"https:\/\/www.privatepropertymallorca.com\/wp-content\/uploads\/2020\/02\/best_icon-159x300.png\" alt=\"bellvue\"><\/div><\/div>","protected":false},"excerpt":{"rendered":"<p>El mercado inmobiliario de las Islas Baleares ha dado un importante paso adelante con la introducci\u00f3n de la Ley 3\/2024. Esta nueva ley exige que todas las agencias inmobiliarias y agentes independientes que operan en la regi\u00f3n est\u00e9n inscritos en el Registro Oficial de la Propiedad Inmobiliaria de Baleares (ROAIIB) para poder realizar legalmente transacciones inmobiliarias. Esta ley, que tiene como objetivo mejorar la protecci\u00f3n del consumidor y hacer cumplir los est\u00e1ndares profesionales, marca un punto de inflexi\u00f3n para los compradores, vendedores y profesionales de propiedades en Mallorca y las Islas Baleares. He aqu\u00ed por qu\u00e9 esta ley es importante, qu\u00e9 implica y c\u00f3mo beneficia a todos los involucrados en el negocio inmobiliario.<\/p>\n","protected":false},"author":13,"featured_media":1164786,"comment_status":"closed","ping_status":"closed","sticky":false,"template":"","format":"standard","meta":{"_seopress_robots_primary_cat":"none","_seopress_titles_title":"","_seopress_titles_desc":"","_seopress_robots_index":"","footnotes":""},"categories":[1073],"tags":[2659,2723,2724,2366,2263,2259],"class_list":{"0":"post-1164712","1":"post","2":"type-post","3":"status-publish","4":"format-standard","5":"has-post-thumbnail","7":"category-revista","8":"tag-inmobiliaria-de-lujo-en-mallorca","9":"tag-inmobiliaria-mallorca-es-9","10":"tag-inmobiliaria-santa-ponsa-es-5","11":"tag-mallorca-propiedades-en-venta","12":"tag-propiedades-de-lujo-mallorca","13":"tag-propiedades-en-venta-mallorca"},"_links":{"self":[{"href":"https:\/\/www.privatepropertymallorca.com\/es\/wp-json\/wp\/v2\/posts\/1164712","targetHints":{"allow":["GET"]}}],"collection":[{"href":"https:\/\/www.privatepropertymallorca.com\/es\/wp-json\/wp\/v2\/posts"}],"about":[{"href":"https:\/\/www.privatepropertymallorca.com\/es\/wp-json\/wp\/v2\/types\/post"}],"author":[{"embeddable":true,"href":"https:\/\/www.privatepropertymallorca.com\/es\/wp-json\/wp\/v2\/users\/13"}],"replies":[{"embeddable":true,"href":"https:\/\/www.privatepropertymallorca.com\/es\/wp-json\/wp\/v2\/comments?post=1164712"}],"version-history":[{"count":0,"href":"https:\/\/www.privatepropertymallorca.com\/es\/wp-json\/wp\/v2\/posts\/1164712\/revisions"}],"wp:featuredmedia":[{"embeddable":true,"href":"https:\/\/www.privatepropertymallorca.com\/es\/wp-json\/wp\/v2\/media\/1164786"}],"wp:attachment":[{"href":"https:\/\/www.privatepropertymallorca.com\/es\/wp-json\/wp\/v2\/media?parent=1164712"}],"wp:term":[{"taxonomy":"category","embeddable":true,"href":"https:\/\/www.privatepropertymallorca.com\/es\/wp-json\/wp\/v2\/categories?post=1164712"},{"taxonomy":"post_tag","embeddable":true,"href":"https:\/\/www.privatepropertymallorca.com\/es\/wp-json\/wp\/v2\/tags?post=1164712"}],"curies":[{"name":"wp","href":"https:\/\/api.w.org\/{rel}","templated":true}]}}