{"id":1218945,"date":"2025-05-13T13:01:27","date_gmt":"2025-05-13T11:01:27","guid":{"rendered":"https:\/\/www.privatepropertymallorca.com\/baleares-lidera-el-mercado-inmobiliario-espanol\/"},"modified":"2025-05-13T13:58:16","modified_gmt":"2025-05-13T11:58:16","slug":"baleares-lidera-el-mercado-inmobiliario-espanol","status":"publish","type":"post","link":"https:\/\/www.privatepropertymallorca.com\/es\/revista\/baleares-lidera-el-mercado-inmobiliario-espanol\/","title":{"rendered":"Baleares lidera el mercado inmobiliario espa\u00f1ol"},"content":{"rendered":"<div class=\"wpb-content-wrapper\"><p>[vc_row][vc_column width=\u00bb1\/4&#8243;][vc_single_image image=\u00bb559256&#8243; css=\u00bb\u00bb][\/vc_column][vc_column width=\u00bb3\/4&#8243;][vc_column_text css=\u00bb\u00bb]<\/p>\n<p class=\"p1\"><b>Baleares lidera el mercado inmobiliario espa\u00f1ol<\/b><\/p>\n<p>&nbsp;<\/p>\n<p class=\"p1\">Baleares lidera el mercado inmobiliario espa\u00f1ol en cuanto al precio de viviendas de segunda mano, alcanzando un promedio de 4.836\u202f\u20ac por metro cuadrado, lo que representa un notable incremento anual del 13,7\u202f%.<\/p>\n<p>&nbsp;<\/p>\n<p class=\"p1\">Esta cifra sit\u00faa a Baleares a la cabeza de las comunidades aut\u00f3nomas m\u00e1s caras de Espa\u00f1a para la compra de viviendas de segunda mano. El precio de las viviendas usadas en las Islas Baleares experiment\u00f3 uno de los mayores aumentos a nivel nacional en abril de este a\u00f1o, reflejando una creciente demanda y una oferta limitada en las islas.<\/p>\n<p>&nbsp;<\/p>\n<p class=\"p1\">A nivel local, la ciudad de Palma ha registrado uno de los mayores incrementos de precios entre las capitales espa\u00f1olas. Con un aumento del 18,7\u202f% en el \u00faltimo a\u00f1o, Palma se encuentra entre las ciudades con mayor crecimiento de precios, aunque todav\u00eda por detr\u00e1s de Madrid, Valencia y M\u00e1laga, que presentan tasas de crecimiento superiores. Este crecimiento refleja un mercado inmobiliario en auge, impulsado por una fuerte demanda tanto local como internacional, de compradores interesados en invertir en la isla.<\/p>\n<p>&nbsp;<\/p>\n<p class=\"p1\">Adem\u00e1s de la alta demanda en Palma, Baleares sigue siendo la provincia m\u00e1s cara de Espa\u00f1a para comprar propiedades de segunda mano. Con 4.836\u202f\u20ac por metro cuadrado, la regi\u00f3n supera a otras provincias como la Comunidad de Madrid, donde el precio promedio es de 4.148\u202f\u20ac por metro cuadrado, y Gipuzkoa, donde alcanza los 3.781\u202f\u20ac por metro cuadrado. Estas cifras ponen de manifiesto c\u00f3mo Baleares ha consolidado su posici\u00f3n como el mercado inmobiliario m\u00e1s caro del pa\u00eds, especialmente en lo que respecta a viviendas de segunda mano.<\/p>\n<p>&nbsp;<\/p>\n<p class=\"p1\">En comparaci\u00f3n con el resto de Espa\u00f1a, el precio medio nacional de las viviendas usadas alcanz\u00f3 los 2.350\u202f\u20ac por metro cuadrado en abril, lo que supone un incremento del 12\u202f% respecto al mismo mes del a\u00f1o anterior. Esta cifra no solo refleja un crecimiento generalizado en el mercado, sino que tambi\u00e9n marca un nuevo r\u00e9cord hist\u00f3rico. Este precio r\u00e9cord sugiere que el mercado de viviendas de segunda mano sigue mostrando una demanda sostenida, a pesar de las incertidumbres econ\u00f3micas que afectan a otros sectores.<\/p>\n<p>&nbsp;<\/p>\n<p class=\"p1\">Mientras que el precio de las viviendas usadas contin\u00faa subiendo en muchas partes del pa\u00eds, las Islas Baleares destacan como el ejemplo m\u00e1s claro de c\u00f3mo los precios pueden incrementarse significativamente en determinadas zonas del mercado inmobiliario, especialmente en ubicaciones con alto inter\u00e9s nacional e internacional. Como resultado, los compradores e inversores potenciales en Baleares se enfrentan a precios cada vez m\u00e1s elevados, lo que dificulta el acceso a una vivienda en estas zonas privilegiadas.<\/p>\n<p>[\/vc_column_text][\/vc_column][\/vc_row][vc_row][vc_column][vc_empty_space][\/vc_column][\/vc_row][vc_row][vc_column]<div id=\"ultimate-heading-530569f3fd00dbe15\" class=\"uvc-heading ult-adjust-bottom-margin ultimate-heading-530569f3fd00dbe15 uvc-1673 \" data-hspacer=\"no_spacer\"  data-halign=\"center\" style=\"text-align:center\"><div class=\"uvc-heading-spacer no_spacer\" style=\"top\"><\/div><div class=\"uvc-main-heading ult-responsive\"  data-ultimate-target='.uvc-heading.ultimate-heading-530569f3fd00dbe15 h2'  data-responsive-json-new='{\"font-size\":\"\",\"line-height\":\"\"}' ><h2 style=\"font-weight:normal;\">PROPIEDADES EN VENTA EN MALLORCA<\/h2><\/div><\/div>[\/vc_column][\/vc_row][vc_row][vc_column]<div id=\"wpestate_sh_anime_546\" class=\"article_container wpestate_anime wpestate_latest_listings_sh bottom-estate_property \"  data-type=\"estate_property\" data-category_ids=\"\" data-action_ids=\"\" data-city_ids=\"\" data-area_ids=\"\" data-state_ids=\"\" data-status_ids=\"\" data-number=\"40\" data-row-number=\"4\" data-align=\"vertical\" data-show_featured_only=\"no\"  data-random_pick=\"no\"  data-featured_first=\"no\" data-page=\"1\" >  \n\n\n\n<div class=\"col-md-3 shortcode-col has_4per_row  listing_wrapper property_unit_type2\" data-org=\"4\" data-listid=\"1307826\" > \n    <div class=\"property_listing property_unit_type2  \" data-link=\"https:\/\/www.privatepropertymallorca.com\/es\/propiedades\/impresionante-chalet-en-galilea-con-piscina-cubierta-y-maravillosas-vistas-panoramicas\/\">\n        \n        <div class=\"listing-unit-img-wrapper\"><a href=\"https:\/\/www.privatepropertymallorca.com\/es\/propiedades\/impresionante-chalet-en-galilea-con-piscina-cubierta-y-maravillosas-vistas-panoramicas\/\" target=\"_self\"><img fetchpriority=\"high\" decoding=\"async\" width=\"525\" height=\"328\" src=\"https:\/\/www.privatepropertymallorca.com\/wp-content\/uploads\/2026\/04\/14be6c22-f5f0-4c2d-90a3-85d8c4db9d39-2-525x328.jpg\" class=\"lazyload img-responsive wp-post-image\" alt=\"V-3300 Beeindruckende Villa in Galilea mit Indoorpool und wundersch\u00f6nem Panoramablick\" data-original=\"https:\/\/www.privatepropertymallorca.com\/wp-content\/uploads\/2026\/04\/14be6c22-f5f0-4c2d-90a3-85d8c4db9d39-2-525x328.jpg\" \/><\/a><div class=\"tag-wrapper\"><div class=\"status-wrapper\"><\/div><\/div><\/div>\n\n            <h4><a href=\"https:\/\/www.privatepropertymallorca.com\/es\/propiedades\/impresionante-chalet-en-galilea-con-piscina-cubierta-y-maravillosas-vistas-panoramicas\/\" target=\"_self\">\n                Impresionante chalet en Galilea con piscina cubierta y maravillosas vistas panor\u00e1micas                <\/a> \n            <\/h4> \n        \n            <div class=\"property_listing_details\">\n                <div class=\"smallCol\"><div class=\"inforoom_unit_type2\"><\/div><div>4<\/div><\/div><div class=\"smallCol\"><div class=\"infobath_unit_type2\"><\/div><div>5<\/div><\/div><div class=\"smallCol\"><div class=\"infosize_unit_type2\"><\/div><div>747 m&sup2;<\/div><\/div><div class=\"smallCol\"><div class=\"infolotsize_unit_type2\"><\/div><div>4795 m&sup2;<\/div><\/div>            <\/div>\n\t\t\n            <div class=\"listing_unit_price_wrapper\"><span class=\"price_label price_label_before\">on request<\/span>  <span class=\"price_label\"><\/span><\/div>               \n            <div class=\"property_location\">\n                    \n                    <div class=\"ownerNotes\">V-3300<\/div><div class=\"propertyArea\"><a href=\"https:\/\/www.privatepropertymallorca.com\/es\/state\/suroeste\/\" rel=\"tag\">Suroeste<\/a>, <a href=\"https:\/\/www.privatepropertymallorca.com\/es\/ort\/galilea-es-2\/\" rel=\"tag\">Galilea<\/a><\/div>                        <\/div>        <\/div>             \n    <\/div>\n  \n\n\n\n<div class=\"col-md-3 shortcode-col has_4per_row  listing_wrapper property_unit_type2\" data-org=\"4\" data-listid=\"1115075\" > \n    <div class=\"property_listing property_unit_type2  \" data-link=\"https:\/\/www.privatepropertymallorca.com\/es\/propiedades\/atico-reformado-de-alta-calidad-en-bonanova-con-vistas-al-mar-en-una-ubicacion-absolutamente-tranquila\/\">\n        \n        <div class=\"listing-unit-img-wrapper\"><a href=\"https:\/\/www.privatepropertymallorca.com\/es\/propiedades\/atico-reformado-de-alta-calidad-en-bonanova-con-vistas-al-mar-en-una-ubicacion-absolutamente-tranquila\/\" target=\"_self\"><img decoding=\"async\" width=\"525\" height=\"328\" src=\"https:\/\/www.privatepropertymallorca.com\/wp-content\/uploads\/2024\/05\/f6bd1b3b-fae3-4507-9a78-3c039cd073fe-1-525x328.jpg\" class=\"lazyload img-responsive wp-post-image\" alt=\"5051 Edle Duplex Dachgeschosswohnung in Bonanova mit Fern-Meerblick\" data-original=\"https:\/\/www.privatepropertymallorca.com\/wp-content\/uploads\/2024\/05\/f6bd1b3b-fae3-4507-9a78-3c039cd073fe-1-525x328.jpg\" \/><\/a><div class=\"tag-wrapper\"><div class=\"status-wrapper\"><\/div><\/div><\/div>\n\n            <h4><a href=\"https:\/\/www.privatepropertymallorca.com\/es\/propiedades\/atico-reformado-de-alta-calidad-en-bonanova-con-vistas-al-mar-en-una-ubicacion-absolutamente-tranquila\/\" target=\"_self\">\n                Elegante \u00e1tico d\u00faplex en venta en Bonanova con vistas lejanas al mar                <\/a> \n            <\/h4> \n        \n            <div class=\"property_listing_details\">\n                <div class=\"smallCol\"><div class=\"inforoom_unit_type2\"><\/div><div>4<\/div><\/div><div class=\"smallCol\"><div class=\"infobath_unit_type2\"><\/div><div>3<\/div><\/div><div class=\"smallCol\"><div class=\"infosize_unit_type2\"><\/div><div>230 m&sup2;<\/div><\/div><div class=\"smallCol\"><div class=\"infolotsize_unit_type2\"><\/div><div>0 m&sup2;<\/div><\/div>            <\/div>\n\t\t\n            <div class=\"listing_unit_price_wrapper\">1.800.000 \u20ac <span class=\"price_label\"><\/span><\/div>               \n            <div class=\"property_location\">\n                    \n                    <div class=\"ownerNotes\">5051<\/div><div class=\"propertyArea\"><a href=\"https:\/\/www.privatepropertymallorca.com\/es\/state\/palma-y-alrededores\/\" rel=\"tag\">Palma y alrededores<\/a>, <a href=\"https:\/\/www.privatepropertymallorca.com\/es\/ort\/bonanova-es\/\" rel=\"tag\">Bonanova<\/a><\/div>                        <\/div>        <\/div>             \n    <\/div>\n  \n\n\n\n<div class=\"col-md-3 shortcode-col has_4per_row  listing_wrapper property_unit_type2\" data-org=\"4\" data-listid=\"1300171\" > \n    <div class=\"property_listing property_unit_type2  \" data-link=\"https:\/\/www.privatepropertymallorca.com\/es\/propiedades\/encantadora-finca-mediterranea-con-impresionantes-vistas-al-puerto-de-port-andratx\/\">\n        \n        <div class=\"listing-unit-img-wrapper\"><a href=\"https:\/\/www.privatepropertymallorca.com\/es\/propiedades\/encantadora-finca-mediterranea-con-impresionantes-vistas-al-puerto-de-port-andratx\/\" target=\"_self\"><img decoding=\"async\" width=\"525\" height=\"328\" src=\"https:\/\/www.privatepropertymallorca.com\/wp-content\/uploads\/2026\/04\/9550005f-a389-405f-b138-14ecc22983bf-2-525x328.jpg\" class=\"lazyload img-responsive wp-post-image\" alt=\"1\" data-original=\"https:\/\/www.privatepropertymallorca.com\/wp-content\/uploads\/2026\/04\/9550005f-a389-405f-b138-14ecc22983bf-2-525x328.jpg\" \/><\/a><div class=\"tag-wrapper\"><div class=\"status-wrapper\"><\/div><\/div><\/div>\n\n            <h4><a href=\"https:\/\/www.privatepropertymallorca.com\/es\/propiedades\/encantadora-finca-mediterranea-con-impresionantes-vistas-al-puerto-de-port-andratx\/\" target=\"_self\">\n                Exclusivamente cerca de Puerto Andratx: Encantadora finca mediterr\u00e1nea en venta con impresionantes vistas al puerto                <\/a> \n            <\/h4> \n        \n            <div class=\"property_listing_details\">\n                <div class=\"smallCol\"><div class=\"inforoom_unit_type2\"><\/div><div>3<\/div><\/div><div class=\"smallCol\"><div class=\"infobath_unit_type2\"><\/div><div>2<\/div><\/div><div class=\"smallCol\"><div class=\"infosize_unit_type2\"><\/div><div>283 m&sup2;<\/div><\/div><div class=\"smallCol\"><div class=\"infolotsize_unit_type2\"><\/div><div>4814 m&sup2;<\/div><\/div>            <\/div>\n\t\t\n            <div class=\"listing_unit_price_wrapper\">2.400.000 \u20ac <span class=\"price_label\"><\/span><\/div>               \n            <div class=\"property_location\">\n                    \n                    <div class=\"ownerNotes\">5507<\/div><div class=\"propertyArea\"><a href=\"https:\/\/www.privatepropertymallorca.com\/es\/state\/suroeste\/\" rel=\"tag\">Suroeste<\/a>, <a href=\"https:\/\/www.privatepropertymallorca.com\/es\/ort\/port-andratx-es\/\" rel=\"tag\">Port Andratx<\/a><\/div>                        <\/div>        <\/div>             \n    <\/div>\n  \n\n\n\n<div class=\"col-md-3 shortcode-col has_4per_row  listing_wrapper property_unit_type2\" data-org=\"4\" data-listid=\"1291586\" > \n    <div class=\"property_listing property_unit_type2  \" data-link=\"https:\/\/www.privatepropertymallorca.com\/es\/propiedades\/villa-historica-en-soller-modernizada-con-gran-jardin-piscina-y-casa-de-invitados\/\">\n        \n        <div class=\"listing-unit-img-wrapper\"><a href=\"https:\/\/www.privatepropertymallorca.com\/es\/propiedades\/villa-historica-en-soller-modernizada-con-gran-jardin-piscina-y-casa-de-invitados\/\" target=\"_self\"><img loading=\"lazy\" decoding=\"async\" width=\"525\" height=\"328\" src=\"https:\/\/www.privatepropertymallorca.com\/wp-content\/uploads\/2026\/03\/d6a39469-fa20-45ae-ba3a-fce97e047071-2-525x328.jpg\" class=\"lazyload img-responsive wp-post-image\" alt=\"ETV LOGO PPM  (3)\" data-original=\"https:\/\/www.privatepropertymallorca.com\/wp-content\/uploads\/2026\/03\/d6a39469-fa20-45ae-ba3a-fce97e047071-2-525x328.jpg\" \/><\/a><div class=\"tag-wrapper\"><div class=\"status-wrapper\"><div class=\"ribbon-inside holiday-rental-licence\">Holiday rental licence<\/div><\/div><\/div><\/div>\n\n            <h4><a href=\"https:\/\/www.privatepropertymallorca.com\/es\/propiedades\/villa-historica-en-soller-modernizada-con-gran-jardin-piscina-y-casa-de-invitados\/\" target=\"_self\">\n                Villa hist\u00f3rica en Soller en venta con licencia de alquiler vacacional, modernizada con gran jard\u00edn, piscina                <\/a> \n            <\/h4> \n        \n            <div class=\"property_listing_details\">\n                <div class=\"smallCol\"><div class=\"inforoom_unit_type2\"><\/div><div>7<\/div><\/div><div class=\"smallCol\"><div class=\"infobath_unit_type2\"><\/div><div>3<\/div><\/div><div class=\"smallCol\"><div class=\"infosize_unit_type2\"><\/div><div>508 m&sup2;<\/div><\/div><div class=\"smallCol\"><div class=\"infolotsize_unit_type2\"><\/div><div>2450 m&sup2;<\/div><\/div>            <\/div>\n\t\t\n            <div class=\"listing_unit_price_wrapper\">2.990.000 \u20ac <span class=\"price_label\"><\/span><\/div>               \n            <div class=\"property_location\">\n                    \n                    <div class=\"ownerNotes\">4877<\/div><div class=\"propertyArea\"><a href=\"https:\/\/www.privatepropertymallorca.com\/es\/state\/oeste\/\" rel=\"tag\">Oeste<\/a>, <a href=\"https:\/\/www.privatepropertymallorca.com\/es\/ort\/soller-es\/\" rel=\"tag\">Soller<\/a><\/div>                        <\/div>        <\/div>             \n    <\/div>\n  \n\n\n\n<div class=\"col-md-3 shortcode-col has_4per_row  listing_wrapper property_unit_type2\" data-org=\"4\" data-listid=\"1292857\" > \n    <div class=\"property_listing property_unit_type2  \" data-link=\"https:\/\/www.privatepropertymallorca.com\/es\/propiedades\/adosado-reformado-con-piscina-privada-en-santa-ponsa\/\">\n        \n        <div class=\"listing-unit-img-wrapper\"><a href=\"https:\/\/www.privatepropertymallorca.com\/es\/propiedades\/adosado-reformado-con-piscina-privada-en-santa-ponsa\/\" target=\"_self\"><img loading=\"lazy\" decoding=\"async\" width=\"525\" height=\"328\" src=\"https:\/\/www.privatepropertymallorca.com\/wp-content\/uploads\/2026\/04\/bf1d5ed7-c425-42cb-bb63-a85fbc5df02e-2-525x328.jpg\" class=\"lazyload img-responsive wp-post-image\" alt=\"5504 - Semi detached house in santa ponsa 30\" data-original=\"https:\/\/www.privatepropertymallorca.com\/wp-content\/uploads\/2026\/04\/bf1d5ed7-c425-42cb-bb63-a85fbc5df02e-2-525x328.jpg\" \/><\/a><div class=\"tag-wrapper\"><div class=\"status-wrapper\"><\/div><\/div><\/div>\n\n            <h4><a href=\"https:\/\/www.privatepropertymallorca.com\/es\/propiedades\/adosado-reformado-con-piscina-privada-en-santa-ponsa\/\" target=\"_self\">\n                Adosado reformado en venta en Santa Ponsa con piscina comunitaria                <\/a> \n            <\/h4> \n        \n            <div class=\"property_listing_details\">\n                <div class=\"smallCol\"><div class=\"inforoom_unit_type2\"><\/div><div>3<\/div><\/div><div class=\"smallCol\"><div class=\"infobath_unit_type2\"><\/div><div>3<\/div><\/div><div class=\"smallCol\"><div class=\"infosize_unit_type2\"><\/div><div>198 m&sup2;<\/div><\/div><div class=\"smallCol\"><div class=\"infolotsize_unit_type2\"><\/div><div>0 m&sup2;<\/div><\/div>            <\/div>\n\t\t\n            <div class=\"listing_unit_price_wrapper\">1.580.000 \u20ac <span class=\"price_label\"><\/span><\/div>               \n            <div class=\"property_location\">\n                    \n                    <div class=\"ownerNotes\">5504 - 128<\/div><div class=\"propertyArea\"><a href=\"https:\/\/www.privatepropertymallorca.com\/es\/state\/suroeste\/\" rel=\"tag\">Suroeste<\/a>, <a href=\"https:\/\/www.privatepropertymallorca.com\/es\/ort\/santa-ponsa-es\/\" rel=\"tag\">Santa Ponsa<\/a><\/div>                        <\/div>        <\/div>             \n    <\/div>\n  \n\n\n\n<div class=\"col-md-3 shortcode-col has_4per_row  listing_wrapper property_unit_type2\" data-org=\"4\" data-listid=\"1303703\" > \n    <div class=\"property_listing property_unit_type2  \" data-link=\"https:\/\/www.privatepropertymallorca.com\/es\/propiedades\/finca-en-venta-en-port-andratx-con-licencia-de-alquiler-vacacional-y-vistas-al-puerto\/\">\n        \n        <div class=\"listing-unit-img-wrapper\"><a href=\"https:\/\/www.privatepropertymallorca.com\/es\/propiedades\/finca-en-venta-en-port-andratx-con-licencia-de-alquiler-vacacional-y-vistas-al-puerto\/\" target=\"_self\"><img loading=\"lazy\" decoding=\"async\" width=\"525\" height=\"328\" src=\"https:\/\/www.privatepropertymallorca.com\/wp-content\/uploads\/2026\/04\/577d0bc2-37f4-4a88-bef0-69b3b1b7eccb-2-525x328.jpg\" class=\"lazyload img-responsive wp-post-image\" alt=\"5593 -66  -Villa in Port Andratx 1\" data-original=\"https:\/\/www.privatepropertymallorca.com\/wp-content\/uploads\/2026\/04\/577d0bc2-37f4-4a88-bef0-69b3b1b7eccb-2-525x328.jpg\" \/><\/a><div class=\"tag-wrapper\"><div class=\"status-wrapper\"><div class=\"ribbon-inside holiday-rental-licence\">Holiday rental licence<\/div><\/div><\/div><\/div>\n\n            <h4><a href=\"https:\/\/www.privatepropertymallorca.com\/es\/propiedades\/finca-en-venta-en-port-andratx-con-licencia-de-alquiler-vacacional-y-vistas-al-puerto\/\" target=\"_self\">\n                Finca en venta en Port Andratx con licencia de alquiler vacacional y vistas al puerto                <\/a> \n            <\/h4> \n        \n            <div class=\"property_listing_details\">\n                <div class=\"smallCol\"><div class=\"inforoom_unit_type2\"><\/div><div>3<\/div><\/div><div class=\"smallCol\"><div class=\"infobath_unit_type2\"><\/div><div>2<\/div><\/div><div class=\"smallCol\"><div class=\"infosize_unit_type2\"><\/div><div>220 m&sup2;<\/div><\/div><div class=\"smallCol\"><div class=\"infolotsize_unit_type2\"><\/div><div>1066 m&sup2;<\/div><\/div>            <\/div>\n\t\t\n            <div class=\"listing_unit_price_wrapper\">4.650.000 \u20ac <span class=\"price_label\"><\/span><\/div>               \n            <div class=\"property_location\">\n                    \n                    <div class=\"ownerNotes\">5593 -66<\/div><div class=\"propertyArea\"><a href=\"https:\/\/www.privatepropertymallorca.com\/es\/state\/suroeste\/\" rel=\"tag\">Suroeste<\/a>, <a href=\"https:\/\/www.privatepropertymallorca.com\/es\/ort\/port-andratx-es\/\" rel=\"tag\">Port Andratx<\/a><\/div>                        <\/div>        <\/div>             \n    <\/div>\n  \n\n\n\n<div class=\"col-md-3 shortcode-col has_4per_row  listing_wrapper property_unit_type2\" data-org=\"4\" data-listid=\"1224147\" > \n    <div class=\"property_listing property_unit_type2  \" data-link=\"https:\/\/www.privatepropertymallorca.com\/es\/propiedades\/atico-unico-en-port-andratx-con-vistas-al-mar\/\">\n        \n        <div class=\"listing-unit-img-wrapper\"><a href=\"https:\/\/www.privatepropertymallorca.com\/es\/propiedades\/atico-unico-en-port-andratx-con-vistas-al-mar\/\" target=\"_self\"><img loading=\"lazy\" decoding=\"async\" width=\"525\" height=\"328\" src=\"https:\/\/www.privatepropertymallorca.com\/wp-content\/uploads\/2026\/04\/3ccbf3ce-0a5a-4f8a-b0be-471486895185-525x328.jpg\" class=\"lazyload img-responsive wp-post-image\" alt=\"5288 Penthouse in Port Andratx21\" data-original=\"https:\/\/www.privatepropertymallorca.com\/wp-content\/uploads\/2026\/04\/3ccbf3ce-0a5a-4f8a-b0be-471486895185-525x328.jpg\" \/><\/a><div class=\"tag-wrapper\"><div class=\"status-wrapper\"><\/div><\/div><\/div>\n\n            <h4><a href=\"https:\/\/www.privatepropertymallorca.com\/es\/propiedades\/atico-unico-en-port-andratx-con-vistas-al-mar\/\" target=\"_self\">\n                \u00c1tico \u00fanico en venta en Port Andratx con vistas al mar                <\/a> \n            <\/h4> \n        \n            <div class=\"property_listing_details\">\n                <div class=\"smallCol\"><div class=\"inforoom_unit_type2\"><\/div><div>3<\/div><\/div><div class=\"smallCol\"><div class=\"infobath_unit_type2\"><\/div><div>3<\/div><\/div><div class=\"smallCol\"><div class=\"infosize_unit_type2\"><\/div><div>242 m&sup2;<\/div><\/div><div class=\"smallCol\"><div class=\"infolotsize_unit_type2\"><\/div><div>0 m&sup2;<\/div><\/div>            <\/div>\n\t\t\n            <div class=\"listing_unit_price_wrapper\">1.980.000 \u20ac <span class=\"price_label\"><\/span><\/div>               \n            <div class=\"property_location\">\n                    \n                    <div class=\"ownerNotes\">5288-66<\/div><div class=\"propertyArea\"><a href=\"https:\/\/www.privatepropertymallorca.com\/es\/state\/suroeste\/\" rel=\"tag\">Suroeste<\/a>, <a href=\"https:\/\/www.privatepropertymallorca.com\/es\/ort\/port-andratx-es\/\" rel=\"tag\">Port Andratx<\/a><\/div>                        <\/div>        <\/div>             \n    <\/div>\n  \n\n\n\n<div class=\"col-md-3 shortcode-col has_4per_row  listing_wrapper property_unit_type2\" data-org=\"4\" data-listid=\"1130330\" > \n    <div class=\"property_listing property_unit_type2  \" data-link=\"https:\/\/www.privatepropertymallorca.com\/es\/propiedades\/elegante-atico-modernizado-con-impresionantes-vistas-al-mar-en-cas-catala\/\">\n        \n        <div class=\"listing-unit-img-wrapper\"><a href=\"https:\/\/www.privatepropertymallorca.com\/es\/propiedades\/elegante-atico-modernizado-con-impresionantes-vistas-al-mar-en-cas-catala\/\" target=\"_self\"><img loading=\"lazy\" decoding=\"async\" width=\"525\" height=\"328\" src=\"https:\/\/www.privatepropertymallorca.com\/wp-content\/uploads\/2026\/04\/4eb0590e-87f8-4cc3-964a-543e019b1ccf-2-525x328.jpg\" class=\"lazyload img-responsive wp-post-image\" alt=\"P4713 Exklusives Penthouse in Cas Catala mit Meerblick: Modernisiert und elegant 1\" data-original=\"https:\/\/www.privatepropertymallorca.com\/wp-content\/uploads\/2026\/04\/4eb0590e-87f8-4cc3-964a-543e019b1ccf-2-525x328.jpg\" \/><\/a><div class=\"tag-wrapper\"><div class=\"status-wrapper\"><\/div><\/div><\/div>\n\n            <h4><a href=\"https:\/\/www.privatepropertymallorca.com\/es\/propiedades\/elegante-atico-modernizado-con-impresionantes-vistas-al-mar-en-cas-catala\/\" target=\"_self\">\n                Exclusivo \u00e1tico en venta en Cas Catala con vistas al mar: Modernizado y elegante                <\/a> \n            <\/h4> \n        \n            <div class=\"property_listing_details\">\n                <div class=\"smallCol\"><div class=\"inforoom_unit_type2\"><\/div><div>3<\/div><\/div><div class=\"smallCol\"><div class=\"infobath_unit_type2\"><\/div><div>2<\/div><\/div><div class=\"smallCol\"><div class=\"infosize_unit_type2\"><\/div><div>173 m&sup2;<\/div><\/div><div class=\"smallCol\"><div class=\"infolotsize_unit_type2\"><\/div><div>0 m&sup2;<\/div><\/div>            <\/div>\n\t\t\n            <div class=\"listing_unit_price_wrapper\">1.650.000 \u20ac <span class=\"price_label\"><\/span><\/div>               \n            <div class=\"property_location\">\n                    \n                    <div class=\"ownerNotes\">P-4713<\/div><div class=\"propertyArea\"><a href=\"https:\/\/www.privatepropertymallorca.com\/es\/state\/suroeste\/\" rel=\"tag\">Suroeste<\/a>, <a href=\"https:\/\/www.privatepropertymallorca.com\/es\/ort\/cas-catala-es\/\" rel=\"tag\">Cas Catala<\/a><\/div>                        <\/div>        <\/div>             \n    <\/div>\n  \n\n\n\n<div class=\"col-md-3 shortcode-col has_4per_row  listing_wrapper property_unit_type2\" data-org=\"4\" data-listid=\"1294461\" > \n    <div class=\"property_listing property_unit_type2  \" data-link=\"https:\/\/www.privatepropertymallorca.com\/es\/propiedades\/chalet-con-vistas-al-mar-en-cas-catala-mallorca\/\">\n        \n        <div class=\"listing-unit-img-wrapper\"><a href=\"https:\/\/www.privatepropertymallorca.com\/es\/propiedades\/chalet-con-vistas-al-mar-en-cas-catala-mallorca\/\" target=\"_self\"><img decoding=\"async\" src=\"https:\/\/www.privatepropertymallorca.com\/wp-content\/themes\/wpresidence\/img\/defaults\/default_property_listings.jpg\" class=\"b-lazy img-responsive wp-post-image  lazy-hidden\" alt=imagen del usuario\" \/><\/a><div class=\"tag-wrapper\"><div class=\"status-wrapper\"><\/div><\/div><\/div>\n\n            <h4><a href=\"https:\/\/www.privatepropertymallorca.com\/es\/propiedades\/chalet-con-vistas-al-mar-en-cas-catala-mallorca\/\" target=\"_self\">\n                Villa en Cas Catal\u00e1, Mallorca en venta con vistas al mar                <\/a> \n            <\/h4> \n        \n            <div class=\"property_listing_details\">\n                <div class=\"smallCol\"><div class=\"inforoom_unit_type2\"><\/div><div>4<\/div><\/div><div class=\"smallCol\"><div class=\"infobath_unit_type2\"><\/div><div>3<\/div><\/div><div class=\"smallCol\"><div class=\"infosize_unit_type2\"><\/div><div>475 m&sup2;<\/div><\/div><div class=\"smallCol\"><div class=\"infolotsize_unit_type2\"><\/div><div>831 m&sup2;<\/div><\/div>            <\/div>\n\t\t\n            <div class=\"listing_unit_price_wrapper\">4.950.000 \u20ac <span class=\"price_label\"><\/span><\/div>               \n            <div class=\"property_location\">\n                    \n                    <div class=\"ownerNotes\">5505<\/div><div class=\"propertyArea\"><a href=\"https:\/\/www.privatepropertymallorca.com\/es\/state\/suroeste\/\" rel=\"tag\">Suroeste<\/a>, <a href=\"https:\/\/www.privatepropertymallorca.com\/es\/ort\/cas-catala-es\/\" rel=\"tag\">Cas Catala<\/a><\/div>                        <\/div>        <\/div>             \n    <\/div>\n  \n\n\n\n<div class=\"col-md-3 shortcode-col has_4per_row  listing_wrapper property_unit_type2\" data-org=\"4\" data-listid=\"1291424\" > \n    <div class=\"property_listing property_unit_type2  \" data-link=\"https:\/\/www.privatepropertymallorca.com\/es\/propiedades\/villa-moderna-en-son-vida\/\">\n        \n        <div class=\"listing-unit-img-wrapper\"><a href=\"https:\/\/www.privatepropertymallorca.com\/es\/propiedades\/villa-moderna-en-son-vida\/\" target=\"_self\"><img loading=\"lazy\" decoding=\"async\" width=\"525\" height=\"328\" src=\"https:\/\/www.privatepropertymallorca.com\/wp-content\/uploads\/2026\/01\/5c4a96d8-2630-4a9a-a86a-f8636ec9ac05-2-525x328.jpg\" class=\"lazyload img-responsive wp-post-image\" alt=\"Son Vida-4\" data-original=\"https:\/\/www.privatepropertymallorca.com\/wp-content\/uploads\/2026\/01\/5c4a96d8-2630-4a9a-a86a-f8636ec9ac05-2-525x328.jpg\" \/><\/a><div class=\"tag-wrapper\"><div class=\"status-wrapper\"><\/div><\/div><\/div>\n\n            <h4><a href=\"https:\/\/www.privatepropertymallorca.com\/es\/propiedades\/villa-moderna-en-son-vida\/\" target=\"_self\">\n                \u00a1Moderno chalet en venta en Son Vida!                <\/a> \n            <\/h4> \n        \n            <div class=\"property_listing_details\">\n                <div class=\"smallCol\"><div class=\"inforoom_unit_type2\"><\/div><div>4<\/div><\/div><div class=\"smallCol\"><div class=\"infobath_unit_type2\"><\/div><div>7<\/div><\/div><div class=\"smallCol\"><div class=\"infosize_unit_type2\"><\/div><div>498 m&sup2;<\/div><\/div><div class=\"smallCol\"><div class=\"infolotsize_unit_type2\"><\/div><div>1009 m&sup2;<\/div><\/div>            <\/div>\n\t\t\n            <div class=\"listing_unit_price_wrapper\">4.995.000 \u20ac <span class=\"price_label\"><\/span><\/div>               \n            <div class=\"property_location\">\n                    \n                    <div class=\"ownerNotes\">5500 - 127<\/div><div class=\"propertyArea\"><a href=\"https:\/\/www.privatepropertymallorca.com\/es\/state\/palma-y-alrededores\/\" rel=\"tag\">Palma y alrededores<\/a>, <a href=\"https:\/\/www.privatepropertymallorca.com\/es\/ort\/son-vida-es\/\" rel=\"tag\">Son Vida<\/a><\/div>                        <\/div>        <\/div>             \n    <\/div>\n  \n\n\n\n<div class=\"col-md-3 shortcode-col has_4per_row  listing_wrapper property_unit_type2\" data-org=\"4\" data-listid=\"1169117\" > \n    <div class=\"property_listing property_unit_type2  \" data-link=\"https:\/\/www.privatepropertymallorca.com\/es\/propiedades\/primera-mudanza-chalet-moderno-en-son-moja-cerca-de-santanyi-con-piscina-y-vistas-parciales-al-mar\/\">\n        \n        <div class=\"listing-unit-img-wrapper\"><a href=\"https:\/\/www.privatepropertymallorca.com\/es\/propiedades\/primera-mudanza-chalet-moderno-en-son-moja-cerca-de-santanyi-con-piscina-y-vistas-parciales-al-mar\/\" target=\"_self\"><img loading=\"lazy\" decoding=\"async\" width=\"525\" height=\"328\" src=\"https:\/\/www.privatepropertymallorca.com\/wp-content\/uploads\/2024\/11\/4e5fbe51-be34-4f76-84b4-a8b8cd67b6d5-2-525x328.jpg\" class=\"lazyload img-responsive wp-post-image\" alt=\"4933 Villa in Son Moja bei Santanyi mit gro\u00dfem Pool und Teil-Meerblick\" data-original=\"https:\/\/www.privatepropertymallorca.com\/wp-content\/uploads\/2024\/11\/4e5fbe51-be34-4f76-84b4-a8b8cd67b6d5-2-525x328.jpg\" \/><\/a><div class=\"tag-wrapper\"><div class=\"status-wrapper\"><\/div><\/div><\/div>\n\n            <h4><a href=\"https:\/\/www.privatepropertymallorca.com\/es\/propiedades\/primera-mudanza-chalet-moderno-en-son-moja-cerca-de-santanyi-con-piscina-y-vistas-parciales-al-mar\/\" target=\"_self\">\n                Villa en venta en Son Moja cerca de Santanyi con gran piscina y vistas parciales al mar                <\/a> \n            <\/h4> \n        \n            <div class=\"property_listing_details\">\n                <div class=\"smallCol\"><div class=\"inforoom_unit_type2\"><\/div><div>4<\/div><\/div><div class=\"smallCol\"><div class=\"infobath_unit_type2\"><\/div><div>3<\/div><\/div><div class=\"smallCol\"><div class=\"infosize_unit_type2\"><\/div><div>400 m&sup2;<\/div><\/div><div class=\"smallCol\"><div class=\"infolotsize_unit_type2\"><\/div><div>678 m&sup2;<\/div><\/div>            <\/div>\n\t\t\n            <div class=\"listing_unit_price_wrapper\">1.950.000 \u20ac <span class=\"price_label\"><\/span><\/div>               \n            <div class=\"property_location\">\n                    \n                    <div class=\"ownerNotes\">4933-62<\/div><div class=\"propertyArea\"><a href=\"https:\/\/www.privatepropertymallorca.com\/es\/state\/sureste\/\" rel=\"tag\">Sureste<\/a>, <a href=\"https:\/\/www.privatepropertymallorca.com\/es\/ort\/santanyi-es\/\" rel=\"tag\">Santanyi<\/a><\/div>                        <\/div>        <\/div>             \n    <\/div>\n  \n\n\n\n<div class=\"col-md-3 shortcode-col has_4per_row  listing_wrapper property_unit_type2\" data-org=\"4\" data-listid=\"1301712\" > \n    <div class=\"property_listing property_unit_type2  \" data-link=\"https:\/\/www.privatepropertymallorca.com\/es\/propiedades\/moderno-chalet-de-nueva-construccion-con-piscina-en-son-gual\/\">\n        \n        <div class=\"listing-unit-img-wrapper\"><a href=\"https:\/\/www.privatepropertymallorca.com\/es\/propiedades\/moderno-chalet-de-nueva-construccion-con-piscina-en-son-gual\/\" target=\"_self\"><img loading=\"lazy\" decoding=\"async\" width=\"525\" height=\"328\" src=\"https:\/\/www.privatepropertymallorca.com\/wp-content\/uploads\/2026\/04\/bee4f8de-5ddb-4d19-b85b-790cf1ac424f-2-525x328.jpg\" class=\"lazyload img-responsive wp-post-image\" alt=\"5564 - Villa in Son Gual 3\" data-original=\"https:\/\/www.privatepropertymallorca.com\/wp-content\/uploads\/2026\/04\/bee4f8de-5ddb-4d19-b85b-790cf1ac424f-2-525x328.jpg\" \/><\/a><div class=\"tag-wrapper\"><div class=\"status-wrapper\"><\/div><\/div><\/div>\n\n            <h4><a href=\"https:\/\/www.privatepropertymallorca.com\/es\/propiedades\/moderno-chalet-de-nueva-construccion-con-piscina-en-son-gual\/\" target=\"_self\">\n                Moderno chalet de nueva construcci\u00f3n en venta en Son Gual con piscina                <\/a> \n            <\/h4> \n        \n            <div class=\"property_listing_details\">\n                <div class=\"smallCol\"><div class=\"inforoom_unit_type2\"><\/div><div>3<\/div><\/div><div class=\"smallCol\"><div class=\"infobath_unit_type2\"><\/div><div>3<\/div><\/div><div class=\"smallCol\"><div class=\"infosize_unit_type2\"><\/div><div>396 m&sup2;<\/div><\/div><div class=\"smallCol\"><div class=\"infolotsize_unit_type2\"><\/div><div>2000 m&sup2;<\/div><\/div>            <\/div>\n\t\t\n            <div class=\"listing_unit_price_wrapper\">2.640.000 \u20ac <span class=\"price_label\"><\/span><\/div>               \n            <div class=\"property_location\">\n                    \n                    <div class=\"ownerNotes\">5564<\/div><div class=\"propertyArea\"><a href=\"https:\/\/www.privatepropertymallorca.com\/es\/state\/palma-y-alrededores\/\" rel=\"tag\">Palma y alrededores<\/a>, <a href=\"https:\/\/www.privatepropertymallorca.com\/es\/ort\/son-gual-es\/\" rel=\"tag\">Son Gual<\/a><\/div>                        <\/div>        <\/div>             \n    <\/div>\n  \n\n\n\n<div class=\"col-md-3 shortcode-col has_4per_row  listing_wrapper property_unit_type2\" data-org=\"4\" data-listid=\"1300106\" > \n    <div class=\"property_listing property_unit_type2  \" data-link=\"https:\/\/www.privatepropertymallorca.com\/es\/propiedades\/piso-en-portixol-con-fantasticas-vistas-al-mar\/\">\n        \n        <div class=\"listing-unit-img-wrapper\"><a href=\"https:\/\/www.privatepropertymallorca.com\/es\/propiedades\/piso-en-portixol-con-fantasticas-vistas-al-mar\/\" target=\"_self\"><img decoding=\"async\" src=\"https:\/\/www.privatepropertymallorca.com\/wp-content\/themes\/wpresidence\/img\/defaults\/default_property_listings.jpg\" class=\"b-lazy img-responsive wp-post-image  lazy-hidden\" alt=imagen del usuario\" \/><\/a><div class=\"tag-wrapper\"><div class=\"status-wrapper\"><\/div><\/div><\/div>\n\n            <h4><a href=\"https:\/\/www.privatepropertymallorca.com\/es\/propiedades\/piso-en-portixol-con-fantasticas-vistas-al-mar\/\" target=\"_self\">\n                Piso en primera l\u00ednea en venta en Portixol con fant\u00e1sticas vistas al mar                <\/a> \n            <\/h4> \n        \n            <div class=\"property_listing_details\">\n                <div class=\"smallCol\"><div class=\"inforoom_unit_type2\"><\/div><div>2<\/div><\/div><div class=\"smallCol\"><div class=\"infobath_unit_type2\"><\/div><div>2<\/div><\/div><div class=\"smallCol\"><div class=\"infosize_unit_type2\"><\/div><div>212 m&sup2;<\/div><\/div><div class=\"smallCol\"><div class=\"infolotsize_unit_type2\"><\/div><div>0 m&sup2;<\/div><\/div>            <\/div>\n\t\t\n            <div class=\"listing_unit_price_wrapper\">2.950.000 \u20ac <span class=\"price_label\"><\/span><\/div>               \n            <div class=\"property_location\">\n                    \n                    <div class=\"ownerNotes\">5139<\/div><div class=\"propertyArea\"><a href=\"https:\/\/www.privatepropertymallorca.com\/es\/state\/palma-y-alrededores\/\" rel=\"tag\">Palma y alrededores<\/a>, <a href=\"https:\/\/www.privatepropertymallorca.com\/es\/ort\/portixol-es\/\" rel=\"tag\">Portixol<\/a><\/div>                        <\/div>        <\/div>             \n    <\/div>\n  \n\n\n\n<div class=\"col-md-3 shortcode-col has_4per_row  listing_wrapper property_unit_type2\" data-org=\"4\" data-listid=\"1255140\" > \n    <div class=\"property_listing property_unit_type2  \" data-link=\"https:\/\/www.privatepropertymallorca.com\/es\/propiedades\/amplio-chalet-en-sa-torre-con-licencia-de-alquiler-vacacional-vistas-al-mar-y-mucho-potencial\/\">\n        \n        <div class=\"listing-unit-img-wrapper\"><a href=\"https:\/\/www.privatepropertymallorca.com\/es\/propiedades\/amplio-chalet-en-sa-torre-con-licencia-de-alquiler-vacacional-vistas-al-mar-y-mucho-potencial\/\" target=\"_self\"><img decoding=\"async\" src=\"https:\/\/www.privatepropertymallorca.com\/wp-content\/themes\/wpresidence\/img\/defaults\/default_property_listings.jpg\" class=\"b-lazy img-responsive wp-post-image  lazy-hidden\" alt=imagen del usuario\" \/><\/a><div class=\"tag-wrapper\"><div class=\"status-wrapper\"><div class=\"ribbon-inside holiday-rental-licence\">Holiday rental licence<\/div><\/div><\/div><\/div>\n\n            <h4><a href=\"https:\/\/www.privatepropertymallorca.com\/es\/propiedades\/amplio-chalet-en-sa-torre-con-licencia-de-alquiler-vacacional-vistas-al-mar-y-mucho-potencial\/\" target=\"_self\">\n                Amplio chalet en venta en Sa Torre con licencia de alquiler vacacional, vistas al mar y mucho potencial                <\/a> \n            <\/h4> \n        \n            <div class=\"property_listing_details\">\n                <div class=\"smallCol\"><div class=\"inforoom_unit_type2\"><\/div><div>5<\/div><\/div><div class=\"smallCol\"><div class=\"infobath_unit_type2\"><\/div><div>5<\/div><\/div><div class=\"smallCol\"><div class=\"infosize_unit_type2\"><\/div><div>583 m&sup2;<\/div><\/div><div class=\"smallCol\"><div class=\"infolotsize_unit_type2\"><\/div><div>1807 m&sup2;<\/div><\/div>            <\/div>\n\t\t\n            <div class=\"listing_unit_price_wrapper\">3.000.000 \u20ac <span class=\"price_label\"><\/span><\/div>               \n            <div class=\"property_location\">\n                    \n                    <div class=\"ownerNotes\">V-3515<\/div><div class=\"propertyArea\"><a href=\"https:\/\/www.privatepropertymallorca.com\/es\/state\/sur\/\" rel=\"tag\">Sur<\/a>, <a href=\"https:\/\/www.privatepropertymallorca.com\/es\/ort\/sa-torre-es\/\" rel=\"tag\">Sa Torre<\/a><\/div>                        <\/div>        <\/div>             \n    <\/div>\n  \n\n\n\n<div class=\"col-md-3 shortcode-col has_4per_row  listing_wrapper property_unit_type2\" data-org=\"4\" data-listid=\"662251\" > \n    <div class=\"property_listing property_unit_type2  \" data-link=\"https:\/\/www.privatepropertymallorca.com\/es\/propiedades\/reservado-nuevo-proyecto-exclusivo-atico-con-terraza-y-piscina-privada-en-palma-son-amardams\/\">\n        \n        <div class=\"listing-unit-img-wrapper\"><a href=\"https:\/\/www.privatepropertymallorca.com\/es\/propiedades\/reservado-nuevo-proyecto-exclusivo-atico-con-terraza-y-piscina-privada-en-palma-son-amardams\/\" target=\"_self\"><img loading=\"lazy\" decoding=\"async\" width=\"525\" height=\"328\" src=\"https:\/\/www.privatepropertymallorca.com\/wp-content\/uploads\/2026\/04\/db30b558-4b3f-486c-96e8-18a9d814c46c-2-525x328.jpg\" class=\"lazyload img-responsive wp-post-image\" alt=\"P-2952_7 Exklusives Penthouse in Palma, Son Armadams, mit Dachterrasse und privatem Pool  13\" data-original=\"https:\/\/www.privatepropertymallorca.com\/wp-content\/uploads\/2026\/04\/db30b558-4b3f-486c-96e8-18a9d814c46c-2-525x328.jpg\" \/><\/a><div class=\"tag-wrapper\"><div class=\"status-wrapper\"><\/div><\/div><\/div>\n\n            <h4><a href=\"https:\/\/www.privatepropertymallorca.com\/es\/propiedades\/reservado-nuevo-proyecto-exclusivo-atico-con-terraza-y-piscina-privada-en-palma-son-amardams\/\" target=\"_self\">\n                Exclusivo \u00e1tico en venta en Palma, Son Armadams, con azotea y piscina privada                <\/a> \n            <\/h4> \n        \n            <div class=\"property_listing_details\">\n                <div class=\"smallCol\"><div class=\"inforoom_unit_type2\"><\/div><div>3<\/div><\/div><div class=\"smallCol\"><div class=\"infobath_unit_type2\"><\/div><div>2<\/div><\/div><div class=\"smallCol\"><div class=\"infosize_unit_type2\"><\/div><div>364 m&sup2;<\/div><\/div><div class=\"smallCol\"><div class=\"infolotsize_unit_type2\"><\/div><div>0 m&sup2;<\/div><\/div>            <\/div>\n\t\t\n            <div class=\"listing_unit_price_wrapper\">2.600.000 \u20ac <span class=\"price_label\"><\/span><\/div>               \n            <div class=\"property_location\">\n                    \n                    <div class=\"ownerNotes\">P-2952_7<\/div><div class=\"propertyArea\"><a href=\"https:\/\/www.privatepropertymallorca.com\/es\/state\/palma-y-alrededores\/\" rel=\"tag\">Palma y alrededores<\/a>, <a href=\"https:\/\/www.privatepropertymallorca.com\/es\/ort\/son-armadams-es\/\" rel=\"tag\">Son Armadams<\/a><\/div>                        <\/div>        <\/div>             \n    <\/div>\n  \n\n\n\n<div class=\"col-md-3 shortcode-col has_4per_row  listing_wrapper property_unit_type2\" data-org=\"4\" data-listid=\"1144751\" > \n    <div class=\"property_listing property_unit_type2  \" data-link=\"https:\/\/www.privatepropertymallorca.com\/es\/propiedades\/atico-duplex-en-palma-con-enorme-terraza-e-impresionantes-vistas\/\">\n        \n        <div class=\"listing-unit-img-wrapper\"><a href=\"https:\/\/www.privatepropertymallorca.com\/es\/propiedades\/atico-duplex-en-palma-con-enorme-terraza-e-impresionantes-vistas\/\" target=\"_self\"><img decoding=\"async\" src=\"https:\/\/www.privatepropertymallorca.com\/wp-content\/themes\/wpresidence\/img\/defaults\/default_property_listings.jpg\" class=\"b-lazy img-responsive wp-post-image  lazy-hidden\" alt=imagen del usuario\" \/><\/a><div class=\"tag-wrapper\"><div class=\"status-wrapper\"><\/div><\/div><\/div>\n\n            <h4><a href=\"https:\/\/www.privatepropertymallorca.com\/es\/propiedades\/atico-duplex-en-palma-con-enorme-terraza-e-impresionantes-vistas\/\" target=\"_self\">\n                \u00c1tico d\u00faplex en venta en Palma con gran terraza e impresionantes vistas                <\/a> \n            <\/h4> \n        \n            <div class=\"property_listing_details\">\n                <div class=\"smallCol\"><div class=\"inforoom_unit_type2\"><\/div><div>2<\/div><\/div><div class=\"smallCol\"><div class=\"infobath_unit_type2\"><\/div><div>2<\/div><\/div><div class=\"smallCol\"><div class=\"infosize_unit_type2\"><\/div><div>208 m&sup2;<\/div><\/div><div class=\"smallCol\"><div class=\"infolotsize_unit_type2\"><\/div><div>0 m&sup2;<\/div><\/div>            <\/div>\n\t\t\n            <div class=\"listing_unit_price_wrapper\">2.950.000 \u20ac <span class=\"price_label\"><\/span><\/div>               \n            <div class=\"property_location\">\n                    \n                    <div class=\"ownerNotes\">5130-125<\/div><div class=\"propertyArea\"><a href=\"https:\/\/www.privatepropertymallorca.com\/es\/state\/palma-y-alrededores\/\" rel=\"tag\">Palma y alrededores<\/a>, <a href=\"https:\/\/www.privatepropertymallorca.com\/es\/ort\/palma-oldtown-es-2\/\" rel=\"tag\">Palma Oldtown<\/a><\/div>                        <\/div>        <\/div>             \n    <\/div>\n  \n\n\n\n<div class=\"col-md-3 shortcode-col has_4per_row  listing_wrapper property_unit_type2\" data-org=\"4\" data-listid=\"1095786\" > \n    <div class=\"property_listing property_unit_type2  \" data-link=\"https:\/\/www.privatepropertymallorca.com\/es\/propiedades\/casa-de-campo-en-gran-parcela-cerca-de-esporles-con-piscina-e-impresionantes-vistas-a-la-montana\/\">\n        \n        <div class=\"listing-unit-img-wrapper\"><a href=\"https:\/\/www.privatepropertymallorca.com\/es\/propiedades\/casa-de-campo-en-gran-parcela-cerca-de-esporles-con-piscina-e-impresionantes-vistas-a-la-montana\/\" target=\"_self\"><img loading=\"lazy\" decoding=\"async\" width=\"525\" height=\"328\" src=\"https:\/\/www.privatepropertymallorca.com\/wp-content\/uploads\/2026\/04\/d1b178d2-5b2e-4370-8379-a2c939b6acce-2-525x328.jpg\" class=\"lazyload img-responsive wp-post-image\" alt=\"4938 Country house on large plot near Esporles with pool and stunning mountain v\" data-original=\"https:\/\/www.privatepropertymallorca.com\/wp-content\/uploads\/2026\/04\/d1b178d2-5b2e-4370-8379-a2c939b6acce-2-525x328.jpg\" \/><\/a><div class=\"tag-wrapper\"><div class=\"status-wrapper\"><\/div><\/div><\/div>\n\n            <h4><a href=\"https:\/\/www.privatepropertymallorca.com\/es\/propiedades\/casa-de-campo-en-gran-parcela-cerca-de-esporles-con-piscina-e-impresionantes-vistas-a-la-montana\/\" target=\"_self\">\n                Chalet en venta cerca de Esporles con piscina e impresionantes vistas a la monta\u00f1a                <\/a> \n            <\/h4> \n        \n            <div class=\"property_listing_details\">\n                <div class=\"smallCol\"><div class=\"inforoom_unit_type2\"><\/div><div>5<\/div><\/div><div class=\"smallCol\"><div class=\"infobath_unit_type2\"><\/div><div>3<\/div><\/div><div class=\"smallCol\"><div class=\"infosize_unit_type2\"><\/div><div>442 m&sup2;<\/div><\/div><div class=\"smallCol\"><div class=\"infolotsize_unit_type2\"><\/div><div>8000 m&sup2;<\/div><\/div>            <\/div>\n\t\t\n            <div class=\"listing_unit_price_wrapper\">1.650.000 \u20ac <span class=\"price_label\"><\/span><\/div>               \n            <div class=\"property_location\">\n                    \n                    <div class=\"ownerNotes\">4938<\/div><div class=\"propertyArea\"><a href=\"https:\/\/www.privatepropertymallorca.com\/es\/state\/oeste\/\" rel=\"tag\">Oeste<\/a>, <a href=\"https:\/\/www.privatepropertymallorca.com\/es\/ort\/esporles-es\/\" rel=\"tag\">Esporles<\/a><\/div>                        <\/div>        <\/div>             \n    <\/div>\n  \n\n\n\n<div class=\"col-md-3 shortcode-col has_4per_row  listing_wrapper property_unit_type2\" data-org=\"4\" data-listid=\"1295156\" > \n    <div class=\"property_listing property_unit_type2  \" data-link=\"https:\/\/www.privatepropertymallorca.com\/es\/propiedades\/preciosa-finca-rustica-en-calvia\/\">\n        \n        <div class=\"listing-unit-img-wrapper\"><a href=\"https:\/\/www.privatepropertymallorca.com\/es\/propiedades\/preciosa-finca-rustica-en-calvia\/\" target=\"_self\"><img loading=\"lazy\" decoding=\"async\" width=\"525\" height=\"328\" src=\"https:\/\/www.privatepropertymallorca.com\/wp-content\/uploads\/2026\/04\/0eec32e7-468c-4ced-bea7-ba3ffc2a1764-1-525x328.jpg\" class=\"lazyload img-responsive wp-post-image\" alt=\"5517 - Finca in Calvia 5\" data-original=\"https:\/\/www.privatepropertymallorca.com\/wp-content\/uploads\/2026\/04\/0eec32e7-468c-4ced-bea7-ba3ffc2a1764-1-525x328.jpg\" \/><\/a><div class=\"tag-wrapper\"><div class=\"status-wrapper\"><\/div><\/div><\/div>\n\n            <h4><a href=\"https:\/\/www.privatepropertymallorca.com\/es\/propiedades\/preciosa-finca-rustica-en-calvia\/\" target=\"_self\">\n                \u00a1Preciosa finca r\u00fastica en venta en Calvia!                <\/a> \n            <\/h4> \n        \n            <div class=\"property_listing_details\">\n                <div class=\"smallCol\"><div class=\"inforoom_unit_type2\"><\/div><div>4<\/div><\/div><div class=\"smallCol\"><div class=\"infobath_unit_type2\"><\/div><div>2<\/div><\/div><div class=\"smallCol\"><div class=\"infosize_unit_type2\"><\/div><div>0 m&sup2;<\/div><\/div><div class=\"smallCol\"><div class=\"infolotsize_unit_type2\"><\/div><div>7200 m&sup2;<\/div><\/div>            <\/div>\n\t\t\n            <div class=\"listing_unit_price_wrapper\">1.350.000 \u20ac <span class=\"price_label\"><\/span><\/div>               \n            <div class=\"property_location\">\n                    \n                    <div class=\"ownerNotes\">5517<\/div><div class=\"propertyArea\"><a href=\"https:\/\/www.privatepropertymallorca.com\/es\/state\/suroeste\/\" rel=\"tag\">Suroeste<\/a>, <a href=\"https:\/\/www.privatepropertymallorca.com\/es\/ort\/calvia-es\/\" rel=\"tag\">Calvia<\/a><\/div>                        <\/div>        <\/div>             \n    <\/div>\n  \n\n\n\n<div class=\"col-md-3 shortcode-col has_4per_row  listing_wrapper property_unit_type2\" data-org=\"4\" data-listid=\"1294735\" > \n    <div class=\"property_listing property_unit_type2  \" data-link=\"https:\/\/www.privatepropertymallorca.com\/es\/propiedades\/preciosa-finca-en-llucmajor-un-paraiso-subtropical-para-relajarse\/\">\n        \n        <div class=\"listing-unit-img-wrapper\"><a href=\"https:\/\/www.privatepropertymallorca.com\/es\/propiedades\/preciosa-finca-en-llucmajor-un-paraiso-subtropical-para-relajarse\/\" target=\"_self\"><img loading=\"lazy\" decoding=\"async\" width=\"525\" height=\"328\" src=\"https:\/\/www.privatepropertymallorca.com\/wp-content\/uploads\/2026\/03\/42d07e89-420a-43d7-a3a7-a81e033e90dd-2-525x328.jpg\" class=\"lazyload img-responsive wp-post-image\" alt=\"5199- Finca in Llucmajor 40\" data-original=\"https:\/\/www.privatepropertymallorca.com\/wp-content\/uploads\/2026\/03\/42d07e89-420a-43d7-a3a7-a81e033e90dd-2-525x328.jpg\" \/><\/a><div class=\"tag-wrapper\"><div class=\"status-wrapper\"><\/div><\/div><\/div>\n\n            <h4><a href=\"https:\/\/www.privatepropertymallorca.com\/es\/propiedades\/preciosa-finca-en-llucmajor-un-paraiso-subtropical-para-relajarse\/\" target=\"_self\">\n                Hermosa finca en venta en Llucmajor &#8211; Un para\u00edso subtropical para relajarse                <\/a> \n            <\/h4> \n        \n            <div class=\"property_listing_details\">\n                <div class=\"smallCol\"><div class=\"inforoom_unit_type2\"><\/div><div>3<\/div><\/div><div class=\"smallCol\"><div class=\"infobath_unit_type2\"><\/div><div>2<\/div><\/div><div class=\"smallCol\"><div class=\"infosize_unit_type2\"><\/div><div>255 m&sup2;<\/div><\/div><div class=\"smallCol\"><div class=\"infolotsize_unit_type2\"><\/div><div>1170 m&sup2;<\/div><\/div>            <\/div>\n\t\t\n            <div class=\"listing_unit_price_wrapper\">1.295.000 \u20ac <span class=\"price_label\"><\/span><\/div>               \n            <div class=\"property_location\">\n                    \n                    <div class=\"ownerNotes\">5199<\/div><div class=\"propertyArea\"><a href=\"https:\/\/www.privatepropertymallorca.com\/es\/state\/sur\/\" rel=\"tag\">Sur<\/a>, <a href=\"https:\/\/www.privatepropertymallorca.com\/es\/ort\/llucmajor-es\/\" rel=\"tag\">Llucmajor<\/a><\/div>                        <\/div>        <\/div>             \n    <\/div>\n  \n\n\n\n<div class=\"col-md-3 shortcode-col has_4per_row  listing_wrapper property_unit_type2\" data-org=\"4\" data-listid=\"1294941\" > \n    <div class=\"property_listing property_unit_type2  \" data-link=\"https:\/\/www.privatepropertymallorca.com\/es\/propiedades\/exclusivo-atico-con-azotea-y-vistas-panoramicas-a-la-bahia-de-palma\/\">\n        \n        <div class=\"listing-unit-img-wrapper\"><a href=\"https:\/\/www.privatepropertymallorca.com\/es\/propiedades\/exclusivo-atico-con-azotea-y-vistas-panoramicas-a-la-bahia-de-palma\/\" target=\"_self\"><img decoding=\"async\" src=\"https:\/\/www.privatepropertymallorca.com\/wp-content\/themes\/wpresidence\/img\/defaults\/default_property_listings.jpg\" class=\"b-lazy img-responsive wp-post-image  lazy-hidden\" alt=imagen del usuario\" \/><\/a><div class=\"tag-wrapper\"><div class=\"status-wrapper\"><\/div><\/div><\/div>\n\n            <h4><a href=\"https:\/\/www.privatepropertymallorca.com\/es\/propiedades\/exclusivo-atico-con-azotea-y-vistas-panoramicas-a-la-bahia-de-palma\/\" target=\"_self\">\n                Exclusivo \u00e1tico en venta en Palma con azotea y vistas panor\u00e1micas                <\/a> \n            <\/h4> \n        \n            <div class=\"property_listing_details\">\n                <div class=\"smallCol\"><div class=\"inforoom_unit_type2\"><\/div><div>4<\/div><\/div><div class=\"smallCol\"><div class=\"infobath_unit_type2\"><\/div><div>3<\/div><\/div><div class=\"smallCol\"><div class=\"infosize_unit_type2\"><\/div><div>259 m&sup2;<\/div><\/div><div class=\"smallCol\"><div class=\"infolotsize_unit_type2\"><\/div><div>0 m&sup2;<\/div><\/div>            <\/div>\n\t\t\n            <div class=\"listing_unit_price_wrapper\">2.450.000 \u20ac <span class=\"price_label\"><\/span><\/div>               \n            <div class=\"property_location\">\n                    \n                    <div class=\"ownerNotes\">5514<\/div><div class=\"propertyArea\"><a href=\"https:\/\/www.privatepropertymallorca.com\/es\/state\/suroeste\/\" rel=\"tag\">Suroeste<\/a>, <a href=\"https:\/\/www.privatepropertymallorca.com\/es\/ort\/bendinat-es\/\" rel=\"tag\">Bendinat<\/a><\/div>                        <\/div>        <\/div>             \n    <\/div>\n  \n\n\n\n<div class=\"col-md-3 shortcode-col has_4per_row  listing_wrapper property_unit_type2\" data-org=\"4\" data-listid=\"1302311\" > \n    <div class=\"property_listing property_unit_type2  \" data-link=\"https:\/\/www.privatepropertymallorca.com\/es\/propiedades\/villa-mediterranea-con-vistas-parciales-al-mar-en-costa-de-la-calma\/\">\n        \n        <div class=\"listing-unit-img-wrapper\"><a href=\"https:\/\/www.privatepropertymallorca.com\/es\/propiedades\/villa-mediterranea-con-vistas-parciales-al-mar-en-costa-de-la-calma\/\" target=\"_self\"><img loading=\"lazy\" decoding=\"async\" width=\"525\" height=\"328\" src=\"https:\/\/www.privatepropertymallorca.com\/wp-content\/uploads\/2026\/04\/22536140-d17c-4eb3-a86f-3f2e0fc77071-2-525x328.jpg\" class=\"lazyload img-responsive wp-post-image\" alt=\"5510-Villa in Costa de la Calma 5\" data-original=\"https:\/\/www.privatepropertymallorca.com\/wp-content\/uploads\/2026\/04\/22536140-d17c-4eb3-a86f-3f2e0fc77071-2-525x328.jpg\" \/><\/a><div class=\"tag-wrapper\"><div class=\"status-wrapper\"><\/div><\/div><\/div>\n\n            <h4><a href=\"https:\/\/www.privatepropertymallorca.com\/es\/propiedades\/villa-mediterranea-con-vistas-parciales-al-mar-en-costa-de-la-calma\/\" target=\"_self\">\n                Villa mediterr\u00e1nea en venta en Costa de la Calma con vistas parciales al mar                <\/a> \n            <\/h4> \n        \n            <div class=\"property_listing_details\">\n                <div class=\"smallCol\"><div class=\"inforoom_unit_type2\"><\/div><div>2<\/div><\/div><div class=\"smallCol\"><div class=\"infobath_unit_type2\"><\/div><div>2<\/div><\/div><div class=\"smallCol\"><div class=\"infosize_unit_type2\"><\/div><div>252 m&sup2;<\/div><\/div><div class=\"smallCol\"><div class=\"infolotsize_unit_type2\"><\/div><div>941 m&sup2;<\/div><\/div>            <\/div>\n\t\t\n            <div class=\"listing_unit_price_wrapper\">1.690.000 \u20ac <span class=\"price_label\"><\/span><\/div>               \n            <div class=\"property_location\">\n                    \n                    <div class=\"ownerNotes\">5510<\/div><div class=\"propertyArea\"><a href=\"https:\/\/www.privatepropertymallorca.com\/es\/state\/suroeste\/\" rel=\"tag\">Suroeste<\/a>, <a href=\"https:\/\/www.privatepropertymallorca.com\/es\/ort\/costa-de-la-calma-es\/\" rel=\"tag\">Costa de la Calma<\/a><\/div>                        <\/div>        <\/div>             \n    <\/div>\n  \n\n\n\n<div class=\"col-md-3 shortcode-col has_4per_row  listing_wrapper property_unit_type2\" data-org=\"4\" data-listid=\"1207872\" > \n    <div class=\"property_listing property_unit_type2  \" data-link=\"https:\/\/www.privatepropertymallorca.com\/es\/propiedades\/exclusivo-atico-en-ubicacion-unica\/\">\n        \n        <div class=\"listing-unit-img-wrapper\"><a href=\"https:\/\/www.privatepropertymallorca.com\/es\/propiedades\/exclusivo-atico-en-ubicacion-unica\/\" target=\"_self\"><img loading=\"lazy\" decoding=\"async\" width=\"525\" height=\"328\" src=\"https:\/\/www.privatepropertymallorca.com\/wp-content\/uploads\/2026\/03\/fde53559-4859-40db-aaee-dda73a75f0d9-2-525x328.jpg\" class=\"lazyload img-responsive wp-post-image\" alt=\"PPM_Penthaus Bendinat_07\" data-original=\"https:\/\/www.privatepropertymallorca.com\/wp-content\/uploads\/2026\/03\/fde53559-4859-40db-aaee-dda73a75f0d9-2-525x328.jpg\" \/><\/a><div class=\"tag-wrapper\"><div class=\"status-wrapper\"><\/div><\/div><\/div>\n\n            <h4><a href=\"https:\/\/www.privatepropertymallorca.com\/es\/propiedades\/exclusivo-atico-en-ubicacion-unica\/\" target=\"_self\">\n                Exclusivo \u00e1tico en venta en Bendinat en una ubicaci\u00f3n privilegiada                <\/a> \n            <\/h4> \n        \n            <div class=\"property_listing_details\">\n                <div class=\"smallCol\"><div class=\"inforoom_unit_type2\"><\/div><div>2<\/div><\/div><div class=\"smallCol\"><div class=\"infobath_unit_type2\"><\/div><div>3<\/div><\/div><div class=\"smallCol\"><div class=\"infosize_unit_type2\"><\/div><div>210 m&sup2;<\/div><\/div><div class=\"smallCol\"><div class=\"infolotsize_unit_type2\"><\/div><div>0 m&sup2;<\/div><\/div>            <\/div>\n\t\t\n            <div class=\"listing_unit_price_wrapper\">2.995.000 \u20ac <span class=\"price_label\"><\/span><\/div>               \n            <div class=\"property_location\">\n                    \n                    <div class=\"ownerNotes\">5225<\/div><div class=\"propertyArea\"><a href=\"https:\/\/www.privatepropertymallorca.com\/es\/state\/suroeste\/\" rel=\"tag\">Suroeste<\/a>, <a href=\"https:\/\/www.privatepropertymallorca.com\/es\/ort\/bendinat-es\/\" rel=\"tag\">Bendinat<\/a><\/div>                        <\/div>        <\/div>             \n    <\/div>\n  \n\n\n\n<div class=\"col-md-3 shortcode-col has_4per_row  listing_wrapper property_unit_type2\" data-org=\"4\" data-listid=\"1296112\" > \n    <div class=\"property_listing property_unit_type2  \" data-link=\"https:\/\/www.privatepropertymallorca.com\/es\/propiedades\/primera-compra-villa-de-nueva-con-elegante-paisaje-de-piscina-y-vistas-directas-al-mar-en-santa-ponsa\/\">\n        \n        <div class=\"listing-unit-img-wrapper\"><a href=\"https:\/\/www.privatepropertymallorca.com\/es\/propiedades\/primera-compra-villa-de-nueva-con-elegante-paisaje-de-piscina-y-vistas-directas-al-mar-en-santa-ponsa\/\" target=\"_self\"><img decoding=\"async\" src=\"https:\/\/www.privatepropertymallorca.com\/wp-content\/themes\/wpresidence\/img\/defaults\/default_property_listings.jpg\" class=\"b-lazy img-responsive wp-post-image  lazy-hidden\" alt=imagen del usuario\" \/><\/a><div class=\"tag-wrapper\"><div class=\"status-wrapper\"><\/div><\/div><\/div>\n\n            <h4><a href=\"https:\/\/www.privatepropertymallorca.com\/es\/propiedades\/primera-compra-villa-de-nueva-con-elegante-paisaje-de-piscina-y-vistas-directas-al-mar-en-santa-ponsa\/\" target=\"_self\">\n                \u00a1PRIMERA OCUPACI\u00d3N! Impresionante villa de nueva construcci\u00f3n en venta en Santa Ponsa con sensacionales vistas al mar                <\/a> \n            <\/h4> \n        \n            <div class=\"property_listing_details\">\n                <div class=\"smallCol\"><div class=\"inforoom_unit_type2\"><\/div><div>4<\/div><\/div><div class=\"smallCol\"><div class=\"infobath_unit_type2\"><\/div><div>4<\/div><\/div><div class=\"smallCol\"><div class=\"infosize_unit_type2\"><\/div><div>615 m&sup2;<\/div><\/div><div class=\"smallCol\"><div class=\"infolotsize_unit_type2\"><\/div><div>1506 m&sup2;<\/div><\/div>            <\/div>\n\t\t\n            <div class=\"listing_unit_price_wrapper\">14.900.000 \u20ac <span class=\"price_label\"><\/span><\/div>               \n            <div class=\"property_location\">\n                    \n                    <div class=\"ownerNotes\">V-4001<\/div><div class=\"propertyArea\"><a href=\"https:\/\/www.privatepropertymallorca.com\/es\/state\/suroeste\/\" rel=\"tag\">Suroeste<\/a>, <a href=\"https:\/\/www.privatepropertymallorca.com\/es\/ort\/santa-ponsa-es\/\" rel=\"tag\">Santa Ponsa<\/a><\/div>                        <\/div>        <\/div>             \n    <\/div>\n  \n\n\n\n<div class=\"col-md-3 shortcode-col has_4per_row  listing_wrapper property_unit_type2\" data-org=\"4\" data-listid=\"1300672\" > \n    <div class=\"property_listing property_unit_type2  \" data-link=\"https:\/\/www.privatepropertymallorca.com\/es\/propiedades\/encantadora-villa-con-piscina-y-jardin-en-bahia-blava\/\">\n        \n        <div class=\"listing-unit-img-wrapper\"><a href=\"https:\/\/www.privatepropertymallorca.com\/es\/propiedades\/encantadora-villa-con-piscina-y-jardin-en-bahia-blava\/\" target=\"_self\"><img decoding=\"async\" src=\"https:\/\/www.privatepropertymallorca.com\/wp-content\/themes\/wpresidence\/img\/defaults\/default_property_listings.jpg\" class=\"b-lazy img-responsive wp-post-image  lazy-hidden\" alt=imagen del usuario\" \/><\/a><div class=\"tag-wrapper\"><div class=\"status-wrapper\"><\/div><\/div><\/div>\n\n            <h4><a href=\"https:\/\/www.privatepropertymallorca.com\/es\/propiedades\/encantadora-villa-con-piscina-y-jardin-en-bahia-blava\/\" target=\"_self\">\n                Encantadora villa en venta en Bahia Blava con piscina y jard\u00edn                <\/a> \n            <\/h4> \n        \n            <div class=\"property_listing_details\">\n                <div class=\"smallCol\"><div class=\"inforoom_unit_type2\"><\/div><div>5<\/div><\/div><div class=\"smallCol\"><div class=\"infobath_unit_type2\"><\/div><div>5<\/div><\/div><div class=\"smallCol\"><div class=\"infosize_unit_type2\"><\/div><div>0 m&sup2;<\/div><\/div><div class=\"smallCol\"><div class=\"infolotsize_unit_type2\"><\/div><div>720 m&sup2;<\/div><\/div>            <\/div>\n\t\t\n            <div class=\"listing_unit_price_wrapper\">1.295.000 \u20ac <span class=\"price_label\"><\/span><\/div>               \n            <div class=\"property_location\">\n                    \n                    <div class=\"ownerNotes\">5554<\/div><div class=\"propertyArea\"><a href=\"https:\/\/www.privatepropertymallorca.com\/es\/state\/sur\/\" rel=\"tag\">Sur<\/a>, <a href=\"https:\/\/www.privatepropertymallorca.com\/es\/ort\/bahia-blava-es\/\" rel=\"tag\">Bahia Blava<\/a><\/div>                        <\/div>        <\/div>             \n    <\/div>\n  \n\n\n\n<div class=\"col-md-3 shortcode-col has_4per_row  listing_wrapper property_unit_type2\" data-org=\"4\" data-listid=\"1301758\" > \n    <div class=\"property_listing property_unit_type2  \" data-link=\"https:\/\/www.privatepropertymallorca.com\/es\/propiedades\/elegante-chalet-con-piscina-en-son-gual\/\">\n        \n        <div class=\"listing-unit-img-wrapper\"><a href=\"https:\/\/www.privatepropertymallorca.com\/es\/propiedades\/elegante-chalet-con-piscina-en-son-gual\/\" target=\"_self\"><img loading=\"lazy\" decoding=\"async\" width=\"525\" height=\"328\" src=\"https:\/\/www.privatepropertymallorca.com\/wp-content\/uploads\/2026\/04\/153e2bc0-e83d-4298-ab5d-4d0a4bf89d4b-2-525x328.jpg\" class=\"lazyload img-responsive wp-post-image\" alt=\"5568 -Villa in Son Gual 6\" data-original=\"https:\/\/www.privatepropertymallorca.com\/wp-content\/uploads\/2026\/04\/153e2bc0-e83d-4298-ab5d-4d0a4bf89d4b-2-525x328.jpg\" \/><\/a><div class=\"tag-wrapper\"><div class=\"status-wrapper\"><\/div><\/div><\/div>\n\n            <h4><a href=\"https:\/\/www.privatepropertymallorca.com\/es\/propiedades\/elegante-chalet-con-piscina-en-son-gual\/\" target=\"_self\">\n                Elegante chalet en venta en Son Gual con piscina                <\/a> \n            <\/h4> \n        \n            <div class=\"property_listing_details\">\n                <div class=\"smallCol\"><div class=\"inforoom_unit_type2\"><\/div><div>4<\/div><\/div><div class=\"smallCol\"><div class=\"infobath_unit_type2\"><\/div><div>2<\/div><\/div><div class=\"smallCol\"><div class=\"infosize_unit_type2\"><\/div><div>503 m&sup2;<\/div><\/div><div class=\"smallCol\"><div class=\"infolotsize_unit_type2\"><\/div><div>2006 m&sup2;<\/div><\/div>            <\/div>\n\t\t\n            <div class=\"listing_unit_price_wrapper\">2.690.000 \u20ac <span class=\"price_label\"><\/span><\/div>               \n            <div class=\"property_location\">\n                    \n                    <div class=\"ownerNotes\">5568<\/div><div class=\"propertyArea\"><a href=\"https:\/\/www.privatepropertymallorca.com\/es\/state\/palma-y-alrededores\/\" rel=\"tag\">Palma y alrededores<\/a>, <a href=\"https:\/\/www.privatepropertymallorca.com\/es\/ort\/son-gual-es\/\" rel=\"tag\">Son Gual<\/a><\/div>                        <\/div>        <\/div>             \n    <\/div>\n  \n\n\n\n<div class=\"col-md-3 shortcode-col has_4per_row  listing_wrapper property_unit_type2\" data-org=\"4\" data-listid=\"1300777\" > \n    <div class=\"property_listing property_unit_type2  \" data-link=\"https:\/\/www.privatepropertymallorca.com\/es\/propiedades\/moderna-villa-en-santa-ponsa-con-vistas-al-mar-y-a-la-montana-con-licencia-de-alquiler-vacacional\/\">\n        \n        <div class=\"listing-unit-img-wrapper\"><a href=\"https:\/\/www.privatepropertymallorca.com\/es\/propiedades\/moderna-villa-en-santa-ponsa-con-vistas-al-mar-y-a-la-montana-con-licencia-de-alquiler-vacacional\/\" target=\"_self\"><img loading=\"lazy\" decoding=\"async\" width=\"525\" height=\"328\" src=\"https:\/\/www.privatepropertymallorca.com\/wp-content\/uploads\/2026\/04\/53b6e226-cf8e-4cf5-b253-1d8b65615463-4-525x328.jpg\" class=\"lazyload img-responsive wp-post-image\" alt=\"ETV LOGO PPM  (4)\" data-original=\"https:\/\/www.privatepropertymallorca.com\/wp-content\/uploads\/2026\/04\/53b6e226-cf8e-4cf5-b253-1d8b65615463-4-525x328.jpg\" \/><\/a><div class=\"tag-wrapper\"><div class=\"status-wrapper\"><div class=\"ribbon-inside holiday-rental-licence\">Holiday rental licence<\/div><\/div><\/div><\/div>\n\n            <h4><a href=\"https:\/\/www.privatepropertymallorca.com\/es\/propiedades\/moderna-villa-en-santa-ponsa-con-vistas-al-mar-y-a-la-montana-con-licencia-de-alquiler-vacacional\/\" target=\"_self\">\n                Moderna villa en venta en Santa Ponsa con vistas al mar, \u00a1con licencia de alquiler vacacional!                <\/a> \n            <\/h4> \n        \n            <div class=\"property_listing_details\">\n                <div class=\"smallCol\"><div class=\"inforoom_unit_type2\"><\/div><div>4<\/div><\/div><div class=\"smallCol\"><div class=\"infobath_unit_type2\"><\/div><div>5<\/div><\/div><div class=\"smallCol\"><div class=\"infosize_unit_type2\"><\/div><div>230 m&sup2;<\/div><\/div><div class=\"smallCol\"><div class=\"infolotsize_unit_type2\"><\/div><div>1000 m&sup2;<\/div><\/div>            <\/div>\n\t\t\n            <div class=\"listing_unit_price_wrapper\">2.950.000 \u20ac <span class=\"price_label\"><\/span><\/div>               \n            <div class=\"property_location\">\n                    \n                    <div class=\"ownerNotes\">4985<\/div><div class=\"propertyArea\"><a href=\"https:\/\/www.privatepropertymallorca.com\/es\/state\/suroeste\/\" rel=\"tag\">Suroeste<\/a>, <a href=\"https:\/\/www.privatepropertymallorca.com\/es\/ort\/santa-ponsa-es\/\" rel=\"tag\">Santa Ponsa<\/a><\/div>                        <\/div>        <\/div>             \n    <\/div>\n  \n\n\n\n<div class=\"col-md-3 shortcode-col has_4per_row  listing_wrapper property_unit_type2\" data-org=\"4\" data-listid=\"1215205\" > \n    <div class=\"property_listing property_unit_type2  \" data-link=\"https:\/\/www.privatepropertymallorca.com\/es\/propiedades\/finca-de-piedra-de-ensueno-con-vistas-de-gran-alcance-idilio-natural-y-confort-moderno-cerca-de-algaida\/\">\n        \n        <div class=\"listing-unit-img-wrapper\"><a href=\"https:\/\/www.privatepropertymallorca.com\/es\/propiedades\/finca-de-piedra-de-ensueno-con-vistas-de-gran-alcance-idilio-natural-y-confort-moderno-cerca-de-algaida\/\" target=\"_self\"><img loading=\"lazy\" decoding=\"async\" width=\"525\" height=\"328\" src=\"https:\/\/www.privatepropertymallorca.com\/wp-content\/uploads\/2025\/04\/734b3f5c-9918-4de3-8d19-3bd808fa8bae-2-525x328.jpg\" class=\"lazyload img-responsive wp-post-image\" alt=\"5256 Finca Algaida15\" data-original=\"https:\/\/www.privatepropertymallorca.com\/wp-content\/uploads\/2025\/04\/734b3f5c-9918-4de3-8d19-3bd808fa8bae-2-525x328.jpg\" \/><\/a><div class=\"tag-wrapper\"><div class=\"status-wrapper\"><\/div><\/div><\/div>\n\n            <h4><a href=\"https:\/\/www.privatepropertymallorca.com\/es\/propiedades\/finca-de-piedra-de-ensueno-con-vistas-de-gran-alcance-idilio-natural-y-confort-moderno-cerca-de-algaida\/\" target=\"_self\">\n                Fant\u00e1stica finca de piedra en venta en Algaida con vistas de gran alcance                <\/a> \n            <\/h4> \n        \n            <div class=\"property_listing_details\">\n                <div class=\"smallCol\"><div class=\"inforoom_unit_type2\"><\/div><div>7<\/div><\/div><div class=\"smallCol\"><div class=\"infobath_unit_type2\"><\/div><div>4<\/div><\/div><div class=\"smallCol\"><div class=\"infosize_unit_type2\"><\/div><div>345 m&sup2;<\/div><\/div><div class=\"smallCol\"><div class=\"infolotsize_unit_type2\"><\/div><div>15571 m&sup2;<\/div><\/div>            <\/div>\n\t\t\n            <div class=\"listing_unit_price_wrapper\">1.875.000 \u20ac <span class=\"price_label\"><\/span><\/div>               \n            <div class=\"property_location\">\n                    \n                    <div class=\"ownerNotes\">5256<\/div><div class=\"propertyArea\"><a href=\"https:\/\/www.privatepropertymallorca.com\/es\/state\/centro-de-la-isla\/\" rel=\"tag\">Centro de la isla<\/a>, <a href=\"https:\/\/www.privatepropertymallorca.com\/es\/ort\/algaida-es\/\" rel=\"tag\">Algaida<\/a><\/div>                        <\/div>        <\/div>             \n    <\/div>\n  \n\n\n\n<div class=\"col-md-3 shortcode-col has_4per_row  listing_wrapper property_unit_type2\" data-org=\"4\" data-listid=\"1221253\" > \n    <div class=\"property_listing property_unit_type2  \" data-link=\"https:\/\/www.privatepropertymallorca.com\/es\/propiedades\/impresionante-adosado-en-el-corazon-de-ses-salines\/\">\n        \n        <div class=\"listing-unit-img-wrapper\"><a href=\"https:\/\/www.privatepropertymallorca.com\/es\/propiedades\/impresionante-adosado-en-el-corazon-de-ses-salines\/\" target=\"_self\"><img loading=\"lazy\" decoding=\"async\" width=\"525\" height=\"328\" src=\"https:\/\/www.privatepropertymallorca.com\/wp-content\/uploads\/2026\/03\/bc2e1508-e765-4faa-9835-8c327afa2bf3-2-525x328.jpg\" class=\"lazyload img-responsive wp-post-image\" alt=\"5275 Stadthaus in Ses Salines12\" data-original=\"https:\/\/www.privatepropertymallorca.com\/wp-content\/uploads\/2026\/03\/bc2e1508-e765-4faa-9835-8c327afa2bf3-2-525x328.jpg\" \/><\/a><div class=\"tag-wrapper\"><div class=\"status-wrapper\"><\/div><\/div><\/div>\n\n            <h4><a href=\"https:\/\/www.privatepropertymallorca.com\/es\/propiedades\/impresionante-adosado-en-el-corazon-de-ses-salines\/\" target=\"_self\">\n                Impresionante adosado en venta en el coraz\u00f3n de Ses Salines con piscina                <\/a> \n            <\/h4> \n        \n            <div class=\"property_listing_details\">\n                <div class=\"smallCol\"><div class=\"inforoom_unit_type2\"><\/div><div>2<\/div><\/div><div class=\"smallCol\"><div class=\"infobath_unit_type2\"><\/div><div>3<\/div><\/div><div class=\"smallCol\"><div class=\"infosize_unit_type2\"><\/div><div>402 m&sup2;<\/div><\/div><div class=\"smallCol\"><div class=\"infolotsize_unit_type2\"><\/div><div>363 m&sup2;<\/div><\/div>            <\/div>\n\t\t\n            <div class=\"listing_unit_price_wrapper\">1.750.000 \u20ac <span class=\"price_label\"><\/span><\/div>               \n            <div class=\"property_location\">\n                    \n                    <div class=\"ownerNotes\">5275<\/div><div class=\"propertyArea\"><a href=\"https:\/\/www.privatepropertymallorca.com\/es\/state\/sureste\/\" rel=\"tag\">Sureste<\/a>, <a href=\"https:\/\/www.privatepropertymallorca.com\/es\/ort\/ses-salines-es\/\" rel=\"tag\">Ses Salines<\/a><\/div>                        <\/div>        <\/div>             \n    <\/div>\n  \n\n\n\n<div class=\"col-md-3 shortcode-col has_4per_row  listing_wrapper property_unit_type2\" data-org=\"4\" data-listid=\"1093558\" > \n    <div class=\"property_listing property_unit_type2  \" data-link=\"https:\/\/www.privatepropertymallorca.com\/es\/propiedades\/bonita-parcela-con-proyecto-basico-para-2-villas-tipo-finca-en-es-capdella\/\">\n        \n        <div class=\"listing-unit-img-wrapper\"><a href=\"https:\/\/www.privatepropertymallorca.com\/es\/propiedades\/bonita-parcela-con-proyecto-basico-para-2-villas-tipo-finca-en-es-capdella\/\" target=\"_self\"><img loading=\"lazy\" decoding=\"async\" width=\"525\" height=\"328\" src=\"https:\/\/www.privatepropertymallorca.com\/wp-content\/uploads\/2023\/12\/b26c66ea-c8ab-4240-ab44-dc65c17728f4-2-525x328.jpg\" class=\"lazyload img-responsive wp-post-image\" alt=\"4939-97 Wundersch\u00f6nes Grundst\u00fcck mit Basisprojekt f\u00fcr 2 Villen im Finca Stil in Es Capdella\" data-original=\"https:\/\/www.privatepropertymallorca.com\/wp-content\/uploads\/2023\/12\/b26c66ea-c8ab-4240-ab44-dc65c17728f4-2-525x328.jpg\" \/><\/a><div class=\"tag-wrapper\"><div class=\"status-wrapper\"><\/div><\/div><\/div>\n\n            <h4><a href=\"https:\/\/www.privatepropertymallorca.com\/es\/propiedades\/bonita-parcela-con-proyecto-basico-para-2-villas-tipo-finca-en-es-capdella\/\" target=\"_self\">\n                Preciosa parcela en venta en Es Capdella con proyecto b\u00e1sico para 2 villas tipo finca                <\/a> \n            <\/h4> \n        \n            <div class=\"property_listing_details\">\n                <div class=\"smallCol\"><div class=\"inforoom_unit_type2\"><\/div><div>-<\/div><\/div><div class=\"smallCol\"><div class=\"infobath_unit_type2\"><\/div><div>-<\/div><\/div><div class=\"smallCol\"><div class=\"infosize_unit_type2\"><\/div><div>450 m&sup2;<\/div><\/div><div class=\"smallCol\"><div class=\"infolotsize_unit_type2\"><\/div><div>2364 m&sup2;<\/div><\/div>            <\/div>\n\t\t\n            <div class=\"listing_unit_price_wrapper\">1.750.000 \u20ac <span class=\"price_label\"><\/span><\/div>               \n            <div class=\"property_location\">\n                    \n                    <div class=\"ownerNotes\">4939-97<\/div><div class=\"propertyArea\"><a href=\"https:\/\/www.privatepropertymallorca.com\/es\/state\/suroeste\/\" rel=\"tag\">Suroeste<\/a>, <a href=\"https:\/\/www.privatepropertymallorca.com\/es\/ort\/capdella-es\/\" rel=\"tag\">Capdella<\/a><\/div>                        <\/div>        <\/div>             \n    <\/div>\n  \n\n\n\n<div class=\"col-md-3 shortcode-col has_4per_row  listing_wrapper property_unit_type2\" data-org=\"4\" data-listid=\"1303657\" > \n    <div class=\"property_listing property_unit_type2  \" data-link=\"https:\/\/www.privatepropertymallorca.com\/es\/propiedades\/espectacular-atico-duplex-en-el-paseo-maritimo-con-fantasticas-vistas-al-mar\/\">\n        \n        <div class=\"listing-unit-img-wrapper\"><a href=\"https:\/\/www.privatepropertymallorca.com\/es\/propiedades\/espectacular-atico-duplex-en-el-paseo-maritimo-con-fantasticas-vistas-al-mar\/\" target=\"_self\"><img loading=\"lazy\" decoding=\"async\" width=\"525\" height=\"328\" src=\"https:\/\/www.privatepropertymallorca.com\/wp-content\/uploads\/2026\/04\/0fbfd96e-b77e-40e8-a1c4-fa754833b76f-2-525x328.jpg\" class=\"lazyload img-responsive wp-post-image\" alt=\"P-2148_15 Spektakul\u00e4res Duplex-Penthouse am Paseo Maritimo mit fantastischem Meerblick 7\" data-original=\"https:\/\/www.privatepropertymallorca.com\/wp-content\/uploads\/2026\/04\/0fbfd96e-b77e-40e8-a1c4-fa754833b76f-2-525x328.jpg\" \/><\/a><div class=\"tag-wrapper\"><div class=\"status-wrapper\"><\/div><\/div><\/div>\n\n            <h4><a href=\"https:\/\/www.privatepropertymallorca.com\/es\/propiedades\/espectacular-atico-duplex-en-el-paseo-maritimo-con-fantasticas-vistas-al-mar\/\" target=\"_self\">\n                Espectacular \u00e1tico d\u00faplex en el Paseo Mar\u00edtimo con fant\u00e1sticas vistas al mar                <\/a> \n            <\/h4> \n        \n            <div class=\"property_listing_details\">\n                <div class=\"smallCol\"><div class=\"inforoom_unit_type2\"><\/div><div>3<\/div><\/div><div class=\"smallCol\"><div class=\"infobath_unit_type2\"><\/div><div>2<\/div><\/div><div class=\"smallCol\"><div class=\"infosize_unit_type2\"><\/div><div>230 m&sup2;<\/div><\/div><div class=\"smallCol\"><div class=\"infolotsize_unit_type2\"><\/div><div>0 m&sup2;<\/div><\/div>            <\/div>\n\t\t\n            <div class=\"listing_unit_price_wrapper\">5.100.000 \u20ac <span class=\"price_label\"><\/span><\/div>               \n            <div class=\"property_location\">\n                    \n                    <div class=\"ownerNotes\">P-2148_15<\/div><div class=\"propertyArea\"><a href=\"https:\/\/www.privatepropertymallorca.com\/es\/state\/palma-y-alrededores\/\" rel=\"tag\">Palma y alrededores<\/a>, <a href=\"https:\/\/www.privatepropertymallorca.com\/es\/ort\/paseo-maritimo-es\/\" rel=\"tag\">Paseo Maritimo<\/a><\/div>                        <\/div>        <\/div>             \n    <\/div>\n  \n\n\n\n<div class=\"col-md-3 shortcode-col has_4per_row  listing_wrapper property_unit_type2\" data-org=\"4\" data-listid=\"1047990\" > \n    <div class=\"property_listing property_unit_type2  \" data-link=\"https:\/\/www.privatepropertymallorca.com\/es\/propiedades\/acogedora-casa-adosada-en-camp-de-mar-en-exclusiva-urbanizacion-junto-al-campo-de-golf\/\">\n        \n        <div class=\"listing-unit-img-wrapper\"><a href=\"https:\/\/www.privatepropertymallorca.com\/es\/propiedades\/acogedora-casa-adosada-en-camp-de-mar-en-exclusiva-urbanizacion-junto-al-campo-de-golf\/\" target=\"_self\"><img loading=\"lazy\" decoding=\"async\" width=\"525\" height=\"328\" src=\"https:\/\/www.privatepropertymallorca.com\/wp-content\/uploads\/2023\/12\/94e519cb-b21e-4f9d-a50c-4a217da12299-2-525x328.jpg\" class=\"lazyload img-responsive wp-post-image\" alt=\"D-4738 Gem\u00fctliche Doppelhaush\u00e4lfte in Camp de Mar in exklusiver Wohn-Gemeinschaft, neben dem Golfplatz 32\" data-original=\"https:\/\/www.privatepropertymallorca.com\/wp-content\/uploads\/2023\/12\/94e519cb-b21e-4f9d-a50c-4a217da12299-2-525x328.jpg\" \/><\/a><div class=\"tag-wrapper\"><div class=\"status-wrapper\"><\/div><\/div><\/div>\n\n            <h4><a href=\"https:\/\/www.privatepropertymallorca.com\/es\/propiedades\/acogedora-casa-adosada-en-camp-de-mar-en-exclusiva-urbanizacion-junto-al-campo-de-golf\/\" target=\"_self\">\n                Acogedora casa adosada en venta en Camp de Mar en una exclusiva urbanizaci\u00f3n                <\/a> \n            <\/h4> \n        \n            <div class=\"property_listing_details\">\n                <div class=\"smallCol\"><div class=\"inforoom_unit_type2\"><\/div><div>3<\/div><\/div><div class=\"smallCol\"><div class=\"infobath_unit_type2\"><\/div><div>2<\/div><\/div><div class=\"smallCol\"><div class=\"infosize_unit_type2\"><\/div><div>311 m&sup2;<\/div><\/div><div class=\"smallCol\"><div class=\"infolotsize_unit_type2\"><\/div><div>104 m&sup2;<\/div><\/div>            <\/div>\n\t\t\n            <div class=\"listing_unit_price_wrapper\">1.050.000 \u20ac <span class=\"price_label\"><\/span><\/div>               \n            <div class=\"property_location\">\n                    \n                    <div class=\"ownerNotes\">D-4738<\/div><div class=\"propertyArea\"><a href=\"https:\/\/www.privatepropertymallorca.com\/es\/state\/suroeste\/\" rel=\"tag\">Suroeste<\/a>, <a href=\"https:\/\/www.privatepropertymallorca.com\/es\/ort\/camp-de-mar-es\/\" rel=\"tag\">Camp de Mar<\/a><\/div>                        <\/div>        <\/div>             \n    <\/div>\n  \n\n\n\n<div class=\"col-md-3 shortcode-col has_4per_row  listing_wrapper property_unit_type2\" data-org=\"4\" data-listid=\"1303742\" > \n    <div class=\"property_listing property_unit_type2  \" data-link=\"https:\/\/www.privatepropertymallorca.com\/es\/propiedades\/duplex-en-venta-en-port-andratx-cala-llamp-con-fantasticas-vistas-al-mar\/\">\n        \n        <div class=\"listing-unit-img-wrapper\"><a href=\"https:\/\/www.privatepropertymallorca.com\/es\/propiedades\/duplex-en-venta-en-port-andratx-cala-llamp-con-fantasticas-vistas-al-mar\/\" target=\"_self\"><img loading=\"lazy\" decoding=\"async\" width=\"525\" height=\"328\" src=\"https:\/\/www.privatepropertymallorca.com\/wp-content\/uploads\/2026\/04\/50a380cc-44c3-4c0b-8bba-94a820ee2307-2-525x328.jpg\" class=\"lazyload img-responsive wp-post-image\" alt=\"5582 -Villa in Port Andratx 12\" data-original=\"https:\/\/www.privatepropertymallorca.com\/wp-content\/uploads\/2026\/04\/50a380cc-44c3-4c0b-8bba-94a820ee2307-2-525x328.jpg\" \/><\/a><div class=\"tag-wrapper\"><div class=\"status-wrapper\"><\/div><\/div><\/div>\n\n            <h4><a href=\"https:\/\/www.privatepropertymallorca.com\/es\/propiedades\/duplex-en-venta-en-port-andratx-cala-llamp-con-fantasticas-vistas-al-mar\/\" target=\"_self\">\n                D\u00faplex en venta en Port Andratx &#8211; Cala Llamp con fant\u00e1sticas vistas al mar                <\/a> \n            <\/h4> \n        \n            <div class=\"property_listing_details\">\n                <div class=\"smallCol\"><div class=\"inforoom_unit_type2\"><\/div><div>2<\/div><\/div><div class=\"smallCol\"><div class=\"infobath_unit_type2\"><\/div><div>3<\/div><\/div><div class=\"smallCol\"><div class=\"infosize_unit_type2\"><\/div><div>127 m&sup2;<\/div><\/div><div class=\"smallCol\"><div class=\"infolotsize_unit_type2\"><\/div><div>5379 m&sup2;<\/div><\/div>            <\/div>\n\t\t\n            <div class=\"listing_unit_price_wrapper\">1.640.000 \u20ac <span class=\"price_label\"><\/span><\/div>               \n            <div class=\"property_location\">\n                    \n                    <div class=\"ownerNotes\">5582- 43<\/div><div class=\"propertyArea\"><a href=\"https:\/\/www.privatepropertymallorca.com\/es\/state\/suroeste\/\" rel=\"tag\">Suroeste<\/a>, <a href=\"https:\/\/www.privatepropertymallorca.com\/es\/ort\/port-andratx-es\/\" rel=\"tag\">Port Andratx<\/a><\/div>                        <\/div>        <\/div>             \n    <\/div>\n  \n\n\n\n<div class=\"col-md-3 shortcode-col has_4per_row  listing_wrapper property_unit_type2\" data-org=\"4\" data-listid=\"1303558\" > \n    <div class=\"property_listing property_unit_type2  \" data-link=\"https:\/\/www.privatepropertymallorca.com\/es\/propiedades\/duplex-con-vistas-al-mar-atico-en-primera-linea-de-mar-en-palma\/\">\n        \n        <div class=\"listing-unit-img-wrapper\"><a href=\"https:\/\/www.privatepropertymallorca.com\/es\/propiedades\/duplex-con-vistas-al-mar-atico-en-primera-linea-de-mar-en-palma\/\" target=\"_self\"><img loading=\"lazy\" decoding=\"async\" width=\"525\" height=\"328\" src=\"https:\/\/www.privatepropertymallorca.com\/wp-content\/uploads\/2026\/04\/427181-2-525x328.jpg\" class=\"lazyload img-responsive wp-post-image\" alt=\"5293 Penthouse with sea views in Cala Gamba19\" data-original=\"https:\/\/www.privatepropertymallorca.com\/wp-content\/uploads\/2026\/04\/427181-2-525x328.jpg\" \/><\/a><div class=\"tag-wrapper\"><div class=\"status-wrapper\"><\/div><\/div><\/div>\n\n            <h4><a href=\"https:\/\/www.privatepropertymallorca.com\/es\/propiedades\/duplex-con-vistas-al-mar-atico-en-primera-linea-de-mar-en-palma\/\" target=\"_self\">\n                D\u00faplex con vistas al mar &#8211; \u00c1tico en primera l\u00ednea de mar en Palma                <\/a> \n            <\/h4> \n        \n            <div class=\"property_listing_details\">\n                <div class=\"smallCol\"><div class=\"inforoom_unit_type2\"><\/div><div>3<\/div><\/div><div class=\"smallCol\"><div class=\"infobath_unit_type2\"><\/div><div>2<\/div><\/div><div class=\"smallCol\"><div class=\"infosize_unit_type2\"><\/div><div>0 m&sup2;<\/div><\/div><div class=\"smallCol\"><div class=\"infolotsize_unit_type2\"><\/div><div>0 m&sup2;<\/div><\/div>            <\/div>\n\t\t\n            <div class=\"listing_unit_price_wrapper\">1.450.000 \u20ac <span class=\"price_label\"><\/span><\/div>               \n            <div class=\"property_location\">\n                    \n                    <div class=\"ownerNotes\">5592<\/div><div class=\"propertyArea\"><a href=\"https:\/\/www.privatepropertymallorca.com\/es\/state\/palma-y-alrededores\/\" rel=\"tag\">Palma y alrededores<\/a>, <a href=\"https:\/\/www.privatepropertymallorca.com\/es\/ort\/ciudad-jardin-es\/\" rel=\"tag\">Ciudad Jardin<\/a><\/div>                        <\/div>        <\/div>             \n    <\/div>\n  \n\n\n\n<div class=\"col-md-3 shortcode-col has_4per_row  listing_wrapper property_unit_type2\" data-org=\"4\" data-listid=\"1302413\" > \n    <div class=\"property_listing property_unit_type2  \" data-link=\"https:\/\/www.privatepropertymallorca.com\/es\/propiedades\/chalet-de-diseno-de-nueva-construccion-con-vistas-al-mar-en-camp-de-mar\/\">\n        \n        <div class=\"listing-unit-img-wrapper\"><a href=\"https:\/\/www.privatepropertymallorca.com\/es\/propiedades\/chalet-de-diseno-de-nueva-construccion-con-vistas-al-mar-en-camp-de-mar\/\" target=\"_self\"><img loading=\"lazy\" decoding=\"async\" width=\"525\" height=\"328\" src=\"https:\/\/www.privatepropertymallorca.com\/wp-content\/uploads\/2026\/04\/3e5cfc0f-9cd2-4cd3-b064-66daa6b08ece-2-525x328.jpg\" class=\"lazyload img-responsive wp-post-image\" alt=\"5584 -Villa in Camp de Mar 2\" data-original=\"https:\/\/www.privatepropertymallorca.com\/wp-content\/uploads\/2026\/04\/3e5cfc0f-9cd2-4cd3-b064-66daa6b08ece-2-525x328.jpg\" \/><\/a><div class=\"tag-wrapper\"><div class=\"status-wrapper\"><\/div><\/div><\/div>\n\n            <h4><a href=\"https:\/\/www.privatepropertymallorca.com\/es\/propiedades\/chalet-de-diseno-de-nueva-construccion-con-vistas-al-mar-en-camp-de-mar\/\" target=\"_self\">\n                Chalet de dise\u00f1o de nueva construcci\u00f3n con vistas al mar en Camp de Mar                <\/a> \n            <\/h4> \n        \n            <div class=\"property_listing_details\">\n                <div class=\"smallCol\"><div class=\"inforoom_unit_type2\"><\/div><div>4<\/div><\/div><div class=\"smallCol\"><div class=\"infobath_unit_type2\"><\/div><div>4<\/div><\/div><div class=\"smallCol\"><div class=\"infosize_unit_type2\"><\/div><div>646 m&sup2;<\/div><\/div><div class=\"smallCol\"><div class=\"infolotsize_unit_type2\"><\/div><div>1828 m&sup2;<\/div><\/div>            <\/div>\n\t\t\n            <div class=\"listing_unit_price_wrapper\">5.500.000 \u20ac <span class=\"price_label\"><\/span><\/div>               \n            <div class=\"property_location\">\n                    \n                    <div class=\"ownerNotes\">5584<\/div><div class=\"propertyArea\"><a href=\"https:\/\/www.privatepropertymallorca.com\/es\/state\/suroeste\/\" rel=\"tag\">Suroeste<\/a>, <a href=\"https:\/\/www.privatepropertymallorca.com\/es\/ort\/camp-de-mar-es\/\" rel=\"tag\">Camp de Mar<\/a><\/div>                        <\/div>        <\/div>             \n    <\/div>\n  \n\n\n\n<div class=\"col-md-3 shortcode-col has_4per_row  listing_wrapper property_unit_type2\" data-org=\"4\" data-listid=\"1040990\" > \n    <div class=\"property_listing property_unit_type2  \" data-link=\"https:\/\/www.privatepropertymallorca.com\/es\/propiedades\/precioso-piso-en-1a-linea-de-mar-con-acceso-directo-al-mar-en-illetas\/\">\n        \n        <div class=\"listing-unit-img-wrapper\"><a href=\"https:\/\/www.privatepropertymallorca.com\/es\/propiedades\/precioso-piso-en-1a-linea-de-mar-con-acceso-directo-al-mar-en-illetas\/\" target=\"_self\"><img loading=\"lazy\" decoding=\"async\" width=\"525\" height=\"328\" src=\"https:\/\/www.privatepropertymallorca.com\/wp-content\/uploads\/2023\/08\/Foto_101829-4-525x328.jpg\" class=\"lazyload img-responsive wp-post-image\" alt=\"A-1962 Wundersch\u00f6nes Apartment in 1. Meereslinie mit direktem Meerzugang in Illetas\" data-original=\"https:\/\/www.privatepropertymallorca.com\/wp-content\/uploads\/2023\/08\/Foto_101829-4-525x328.jpg\" \/><\/a><div class=\"tag-wrapper\"><div class=\"status-wrapper\"><\/div><\/div><\/div>\n\n            <h4><a href=\"https:\/\/www.privatepropertymallorca.com\/es\/propiedades\/precioso-piso-en-1a-linea-de-mar-con-acceso-directo-al-mar-en-illetas\/\" target=\"_self\">\n                Piso en venta en Illetas, en 1\u00aa l\u00ednea de mar con acceso directo al mar                <\/a> \n            <\/h4> \n        \n            <div class=\"property_listing_details\">\n                <div class=\"smallCol\"><div class=\"inforoom_unit_type2\"><\/div><div>2<\/div><\/div><div class=\"smallCol\"><div class=\"infobath_unit_type2\"><\/div><div>2<\/div><\/div><div class=\"smallCol\"><div class=\"infosize_unit_type2\"><\/div><div>113 m&sup2;<\/div><\/div><div class=\"smallCol\"><div class=\"infolotsize_unit_type2\"><\/div><div>0 m&sup2;<\/div><\/div>            <\/div>\n\t\t\n            <div class=\"listing_unit_price_wrapper\">848.000 \u20ac <span class=\"price_label\"><\/span><\/div>               \n            <div class=\"property_location\">\n                    \n                    <div class=\"ownerNotes\">A-1962<\/div><div class=\"propertyArea\"><a href=\"https:\/\/www.privatepropertymallorca.com\/es\/state\/suroeste\/\" rel=\"tag\">Suroeste<\/a>, <a href=\"https:\/\/www.privatepropertymallorca.com\/es\/ort\/illetas-es\/\" rel=\"tag\">Illetas<\/a><\/div>                        <\/div>        <\/div>             \n    <\/div>\n  \n\n\n\n<div class=\"col-md-3 shortcode-col has_4per_row  listing_wrapper property_unit_type2\" data-org=\"4\" data-listid=\"1297188\" > \n    <div class=\"property_listing property_unit_type2  \" data-link=\"https:\/\/www.privatepropertymallorca.com\/es\/propiedades\/casas-de-obra-nueva-en-cala-romantica-casa-adosada-o-chalet-con-extras-reservables\/\">\n        \n        <div class=\"listing-unit-img-wrapper\"><a href=\"https:\/\/www.privatepropertymallorca.com\/es\/propiedades\/casas-de-obra-nueva-en-cala-romantica-casa-adosada-o-chalet-con-extras-reservables\/\" target=\"_self\"><img loading=\"lazy\" decoding=\"async\" width=\"525\" height=\"328\" src=\"https:\/\/www.privatepropertymallorca.com\/wp-content\/uploads\/2026\/03\/14fedb81-5451-4d2c-b1c6-e8966c331a24-2-525x328.jpg\" class=\"lazyload img-responsive wp-post-image\" alt=\"2- Piscina (1)\" data-original=\"https:\/\/www.privatepropertymallorca.com\/wp-content\/uploads\/2026\/03\/14fedb81-5451-4d2c-b1c6-e8966c331a24-2-525x328.jpg\" \/><\/a><div class=\"tag-wrapper\"><div class=\"status-wrapper\"><\/div><\/div><\/div>\n\n            <h4><a href=\"https:\/\/www.privatepropertymallorca.com\/es\/propiedades\/casas-de-obra-nueva-en-cala-romantica-casa-adosada-o-chalet-con-extras-reservables\/\" target=\"_self\">\n                Casas de obra nueva en venta en Cala Romantica &#8211; casa adosada o chalet con extras reservables                <\/a> \n            <\/h4> \n        \n            <div class=\"property_listing_details\">\n                <div class=\"smallCol\"><div class=\"inforoom_unit_type2\"><\/div><div>2<\/div><\/div><div class=\"smallCol\"><div class=\"infobath_unit_type2\"><\/div><div>2<\/div><\/div><div class=\"smallCol\"><div class=\"infosize_unit_type2\"><\/div><div>0 m&sup2;<\/div><\/div><div class=\"smallCol\"><div class=\"infolotsize_unit_type2\"><\/div><div>237 m&sup2;<\/div><\/div>            <\/div>\n\t\t\n            <div class=\"listing_unit_price_wrapper\">399.000 \u20ac <span class=\"price_label\"><\/span><\/div>               \n            <div class=\"property_location\">\n                    \n                    <div class=\"ownerNotes\">5336<\/div><div class=\"propertyArea\"><a href=\"https:\/\/www.privatepropertymallorca.com\/es\/state\/sureste\/\" rel=\"tag\">Sureste<\/a>, <a href=\"https:\/\/www.privatepropertymallorca.com\/es\/ort\/cala-romantica-es\/\" rel=\"tag\">Cala Romantica<\/a><\/div>                        <\/div>        <\/div>             \n    <\/div>\n  \n\n\n\n<div class=\"col-md-3 shortcode-col has_4per_row  listing_wrapper property_unit_type2\" data-org=\"4\" data-listid=\"1280581\" > \n    <div class=\"property_listing property_unit_type2  \" data-link=\"https:\/\/www.privatepropertymallorca.com\/es\/propiedades\/elegante-piso-reformado-en-el-corazon-de-palma-justo-en-el-popular-paseo-mallorca-2\/\">\n        \n        <div class=\"listing-unit-img-wrapper\"><a href=\"https:\/\/www.privatepropertymallorca.com\/es\/propiedades\/elegante-piso-reformado-en-el-corazon-de-palma-justo-en-el-popular-paseo-mallorca-2\/\" target=\"_self\"><img loading=\"lazy\" decoding=\"async\" width=\"525\" height=\"328\" src=\"https:\/\/www.privatepropertymallorca.com\/wp-content\/uploads\/2026\/02\/419615-2-525x328.jpg\" class=\"lazyload img-responsive wp-post-image\" alt=\"5297 - Apartment Paseo Mallorca11\" data-original=\"https:\/\/www.privatepropertymallorca.com\/wp-content\/uploads\/2026\/02\/419615-2-525x328.jpg\" \/><\/a><div class=\"tag-wrapper\"><div class=\"status-wrapper\"><\/div><\/div><\/div>\n\n            <h4><a href=\"https:\/\/www.privatepropertymallorca.com\/es\/propiedades\/elegante-piso-reformado-en-el-corazon-de-palma-justo-en-el-popular-paseo-mallorca-2\/\" target=\"_self\">\n                Piso reformado con estilo en venta en el centro de Palma                <\/a> \n            <\/h4> \n        \n            <div class=\"property_listing_details\">\n                <div class=\"smallCol\"><div class=\"inforoom_unit_type2\"><\/div><div>3<\/div><\/div><div class=\"smallCol\"><div class=\"infobath_unit_type2\"><\/div><div>4<\/div><\/div><div class=\"smallCol\"><div class=\"infosize_unit_type2\"><\/div><div>142 m&sup2;<\/div><\/div><div class=\"smallCol\"><div class=\"infolotsize_unit_type2\"><\/div><div>0 m&sup2;<\/div><\/div>            <\/div>\n\t\t\n            <div class=\"listing_unit_price_wrapper\">850.000 \u20ac <span class=\"price_label\"><\/span><\/div>               \n            <div class=\"property_location\">\n                    \n                    <div class=\"ownerNotes\">5470<\/div><div class=\"propertyArea\"><a href=\"https:\/\/www.privatepropertymallorca.com\/es\/state\/palma-y-alrededores\/\" rel=\"tag\">Palma y alrededores<\/a>, <a href=\"https:\/\/www.privatepropertymallorca.com\/es\/ort\/palma-oldtown-es-2\/\" rel=\"tag\">Palma Oldtown<\/a><\/div>                        <\/div>        <\/div>             \n    <\/div>\n  \n\n\n\n<div class=\"col-md-3 shortcode-col has_4per_row  listing_wrapper property_unit_type2\" data-org=\"4\" data-listid=\"1293168\" > \n    <div class=\"property_listing property_unit_type2  \" data-link=\"https:\/\/www.privatepropertymallorca.com\/es\/propiedades\/top-inversion-con-rentabilidad-garantizada-estudios-en-portocolom\/\">\n        \n        <div class=\"listing-unit-img-wrapper\"><a href=\"https:\/\/www.privatepropertymallorca.com\/es\/propiedades\/top-inversion-con-rentabilidad-garantizada-estudios-en-portocolom\/\" target=\"_self\"><img loading=\"lazy\" decoding=\"async\" width=\"525\" height=\"328\" src=\"https:\/\/www.privatepropertymallorca.com\/wp-content\/uploads\/2026\/02\/89def3e0-707a-4aee-98aa-23e59cef0fe9-2-525x328.jpg\" class=\"lazyload img-responsive wp-post-image\" alt=\"Studio-new-2-web\" data-original=\"https:\/\/www.privatepropertymallorca.com\/wp-content\/uploads\/2026\/02\/89def3e0-707a-4aee-98aa-23e59cef0fe9-2-525x328.jpg\" \/><\/a><div class=\"tag-wrapper\"><div class=\"status-wrapper\"><div class=\"ribbon-inside holiday-rental-licence\">Holiday rental licence<\/div><\/div><\/div><\/div>\n\n            <h4><a href=\"https:\/\/www.privatepropertymallorca.com\/es\/propiedades\/top-inversion-con-rentabilidad-garantizada-estudios-en-portocolom\/\" target=\"_self\">\n                Top inversi\u00f3n en Portocolom en venta con rentabilidad garantizada, estudios                <\/a> \n            <\/h4> \n        \n            <div class=\"property_listing_details\">\n                <div class=\"smallCol\"><div class=\"inforoom_unit_type2\"><\/div><div>-<\/div><\/div><div class=\"smallCol\"><div class=\"infobath_unit_type2\"><\/div><div>1<\/div><\/div><div class=\"smallCol\"><div class=\"infosize_unit_type2\"><\/div><div>30 m&sup2;<\/div><\/div><div class=\"smallCol\"><div class=\"infolotsize_unit_type2\"><\/div><div>7438 m&sup2;<\/div><\/div>            <\/div>\n\t\t\n            <div class=\"listing_unit_price_wrapper\">200.000 \u20ac <span class=\"price_label\"><\/span><\/div>               \n            <div class=\"property_location\">\n                    \n                    <div class=\"ownerNotes\">5509<\/div><div class=\"propertyArea\"><a href=\"https:\/\/www.privatepropertymallorca.com\/es\/state\/sureste\/\" rel=\"tag\">Sureste<\/a>, <a href=\"https:\/\/www.privatepropertymallorca.com\/es\/ort\/portocolom-es\/\" rel=\"tag\">Portocolom<\/a><\/div>                        <\/div>        <\/div>             \n    <\/div>\n  \n\n\n\n<div class=\"col-md-3 shortcode-col has_4per_row  listing_wrapper property_unit_type2\" data-org=\"4\" data-listid=\"1302559\" > \n    <div class=\"property_listing property_unit_type2  \" data-link=\"https:\/\/www.privatepropertymallorca.com\/es\/propiedades\/villa-moderna-con-vistas-al-mar-en-cala-murada\/\">\n        \n        <div class=\"listing-unit-img-wrapper\"><a href=\"https:\/\/www.privatepropertymallorca.com\/es\/propiedades\/villa-moderna-con-vistas-al-mar-en-cala-murada\/\" target=\"_self\"><img loading=\"lazy\" decoding=\"async\" width=\"525\" height=\"328\" src=\"https:\/\/www.privatepropertymallorca.com\/wp-content\/uploads\/2026\/04\/69c2253f-62bb-4747-9dec-c26e7d6c39af-2-525x328.jpg\" class=\"lazyload img-responsive wp-post-image\" alt=\"5587 - 124  -Villa in Cala Murada 8\" data-original=\"https:\/\/www.privatepropertymallorca.com\/wp-content\/uploads\/2026\/04\/69c2253f-62bb-4747-9dec-c26e7d6c39af-2-525x328.jpg\" \/><\/a><div class=\"tag-wrapper\"><div class=\"status-wrapper\"><\/div><\/div><\/div>\n\n            <h4><a href=\"https:\/\/www.privatepropertymallorca.com\/es\/propiedades\/villa-moderna-con-vistas-al-mar-en-cala-murada\/\" target=\"_self\">\n                Villa moderna con vistas al mar en Cala Murada                <\/a> \n            <\/h4> \n        \n            <div class=\"property_listing_details\">\n                <div class=\"smallCol\"><div class=\"inforoom_unit_type2\"><\/div><div>3<\/div><\/div><div class=\"smallCol\"><div class=\"infobath_unit_type2\"><\/div><div>3<\/div><\/div><div class=\"smallCol\"><div class=\"infosize_unit_type2\"><\/div><div>224 m&sup2;<\/div><\/div><div class=\"smallCol\"><div class=\"infolotsize_unit_type2\"><\/div><div>700 m&sup2;<\/div><\/div>            <\/div>\n\t\t\n            <div class=\"listing_unit_price_wrapper\">2.150.000 \u20ac <span class=\"price_label\"><\/span><\/div>               \n            <div class=\"property_location\">\n                    \n                    <div class=\"ownerNotes\">5587 - 124<\/div><div class=\"propertyArea\"><a href=\"https:\/\/www.privatepropertymallorca.com\/es\/state\/sureste\/\" rel=\"tag\">Sureste<\/a>, <a href=\"https:\/\/www.privatepropertymallorca.com\/es\/ort\/manacor-es\/\" rel=\"tag\">Manacor<\/a><\/div>                        <\/div>        <\/div>             \n    <\/div>\n  \n\n\n\n<div class=\"col-md-3 shortcode-col has_4per_row  listing_wrapper property_unit_type2\" data-org=\"4\" data-listid=\"1163938\" > \n    <div class=\"property_listing property_unit_type2  \" data-link=\"https:\/\/www.privatepropertymallorca.com\/es\/propiedades\/parcela-edificable-con-licencia-y-proyecto-para-nueva-finca-cerca-de-lloret-de-vistalegre\/\">\n        \n        <div class=\"listing-unit-img-wrapper\"><a href=\"https:\/\/www.privatepropertymallorca.com\/es\/propiedades\/parcela-edificable-con-licencia-y-proyecto-para-nueva-finca-cerca-de-lloret-de-vistalegre\/\" target=\"_self\"><img loading=\"lazy\" decoding=\"async\" width=\"525\" height=\"328\" src=\"https:\/\/www.privatepropertymallorca.com\/wp-content\/uploads\/2024\/11\/0856e444-35c3-4ebf-b4ba-48638854c749-2-525x328.jpg\" class=\"lazyload img-responsive wp-post-image\" alt=\"5170 Grundst\u00fcck in Lloret De Vistalegre mit Finca Projekt und Baulizenz 10\" data-original=\"https:\/\/www.privatepropertymallorca.com\/wp-content\/uploads\/2024\/11\/0856e444-35c3-4ebf-b4ba-48638854c749-2-525x328.jpg\" \/><\/a><div class=\"tag-wrapper\"><div class=\"status-wrapper\"><\/div><\/div><\/div>\n\n            <h4><a href=\"https:\/\/www.privatepropertymallorca.com\/es\/propiedades\/parcela-edificable-con-licencia-y-proyecto-para-nueva-finca-cerca-de-lloret-de-vistalegre\/\" target=\"_self\">\n                Parcela en venta en Lloret de Vistalegre con licencia y proyecto para finca de nueva construcci\u00f3n                <\/a> \n            <\/h4> \n        \n            <div class=\"property_listing_details\">\n                <div class=\"smallCol\"><div class=\"inforoom_unit_type2\"><\/div><div>3<\/div><\/div><div class=\"smallCol\"><div class=\"infobath_unit_type2\"><\/div><div>3<\/div><\/div><div class=\"smallCol\"><div class=\"infosize_unit_type2\"><\/div><div>0 m&sup2;<\/div><\/div><div class=\"smallCol\"><div class=\"infolotsize_unit_type2\"><\/div><div>14630 m&sup2;<\/div><\/div>            <\/div>\n\t\t\n            <div class=\"listing_unit_price_wrapper\">850.000 \u20ac <span class=\"price_label\"><\/span><\/div>               \n            <div class=\"property_location\">\n                    \n                    <div class=\"ownerNotes\">5170<\/div><div class=\"propertyArea\"><a href=\"https:\/\/www.privatepropertymallorca.com\/es\/state\/centro-de-la-isla\/\" rel=\"tag\">Centro de la isla<\/a>, <a href=\"https:\/\/www.privatepropertymallorca.com\/es\/ort\/lloret-de-vista-alegre-es\/\" rel=\"tag\">Lloret de Vista Alegre<\/a><\/div>                        <\/div>        <\/div>             \n    <\/div>\n<div class=\"wpestate_listing_sh_loader\">\n       <div class=\"new_prelader\"><\/div>\n\n    <\/div><div class=\"listinglink-wrapper_sh_listings\">\n               <span class=\"wpresidence_button wpestate_item_list_sh\">cargar m\u00e1s inmuebles <\/span>\n               <\/div><\/div><script type=\"text\/javascript\">\n                \/\/<![CDATA[\n                jQuery(document).ready(function(){\n                  \/\/  wpestate_anime(\"#wpestate_sh_anime_546\");\n                   \/\/ wpestate_property_list_sh(\"#wpestate_sh_anime_546 .wpestate_item_list_sh\", \"#wpestate_sh_anime_546 .control_tax_sh\");\n                });\n                \/\/]]>\n            <\/script>[\/vc_column][\/vc_row]<\/p>\n<div class=\"bellvueblock \"><img decoding=\"async\" src=\"https:\/\/www.privatepropertymallorca.com\/wp-content\/uploads\/2020\/02\/best_icon-159x300.png\" alt=\"bellvue\"><\/div><\/div>","protected":false},"excerpt":{"rendered":"<p>Baleares lidera el mercado inmobiliario espa\u00f1ol en cuanto al precio de viviendas de segunda mano, alcanzando un promedio de 4.836\u202f\u20ac por metro cuadrado, lo que representa un notable incremento anual del 13,7\u202f%.<br \/>\nEsta cifra sit\u00faa a Baleares a la cabeza de las comunidades aut\u00f3nomas m\u00e1s caras de Espa\u00f1a para la compra de viviendas de segunda mano. El precio de las viviendas usadas en las Islas Baleares experiment\u00f3 uno de los mayores aumentos a nivel nacional en abril de este a\u00f1o, reflejando una creciente demanda y una oferta limitada en las islas.<\/p>\n","protected":false},"author":13,"featured_media":1218962,"comment_status":"closed","ping_status":"closed","sticky":false,"template":"","format":"standard","meta":{"_seopress_robots_primary_cat":"none","_seopress_titles_title":"","_seopress_titles_desc":"","_seopress_robots_index":"","footnotes":""},"categories":[1073],"tags":[2827,2200,2828],"class_list":{"0":"post-1218945","1":"post","2":"type-post","3":"status-publish","4":"format-standard","5":"has-post-thumbnail","7":"category-revista","8":"tag-inmobiliaria-mallorca-es-10","9":"tag-private-property-mallorca-es","10":"tag-propiedades-de-inversion-en-mallorca"},"_links":{"self":[{"href":"https:\/\/www.privatepropertymallorca.com\/es\/wp-json\/wp\/v2\/posts\/1218945","targetHints":{"allow":["GET"]}}],"collection":[{"href":"https:\/\/www.privatepropertymallorca.com\/es\/wp-json\/wp\/v2\/posts"}],"about":[{"href":"https:\/\/www.privatepropertymallorca.com\/es\/wp-json\/wp\/v2\/types\/post"}],"author":[{"embeddable":true,"href":"https:\/\/www.privatepropertymallorca.com\/es\/wp-json\/wp\/v2\/users\/13"}],"replies":[{"embeddable":true,"href":"https:\/\/www.privatepropertymallorca.com\/es\/wp-json\/wp\/v2\/comments?post=1218945"}],"version-history":[{"count":0,"href":"https:\/\/www.privatepropertymallorca.com\/es\/wp-json\/wp\/v2\/posts\/1218945\/revisions"}],"wp:featuredmedia":[{"embeddable":true,"href":"https:\/\/www.privatepropertymallorca.com\/es\/wp-json\/wp\/v2\/media\/1218962"}],"wp:attachment":[{"href":"https:\/\/www.privatepropertymallorca.com\/es\/wp-json\/wp\/v2\/media?parent=1218945"}],"wp:term":[{"taxonomy":"category","embeddable":true,"href":"https:\/\/www.privatepropertymallorca.com\/es\/wp-json\/wp\/v2\/categories?post=1218945"},{"taxonomy":"post_tag","embeddable":true,"href":"https:\/\/www.privatepropertymallorca.com\/es\/wp-json\/wp\/v2\/tags?post=1218945"}],"curies":[{"name":"wp","href":"https:\/\/api.w.org\/{rel}","templated":true}]}}