{"id":1224101,"date":"2025-06-04T13:02:29","date_gmt":"2025-06-04T11:02:29","guid":{"rendered":"https:\/\/www.privatepropertymallorca.com\/una-semana-de-estrellas-atp-tour-mallorca-championships-2025\/"},"modified":"2025-06-04T13:22:42","modified_gmt":"2025-06-04T11:22:42","slug":"una-semana-de-estrellas-atp-tour-mallorca-championships-2025","status":"publish","type":"post","link":"https:\/\/www.privatepropertymallorca.com\/es\/cultura-y-ocio\/una-semana-de-estrellas-atp-tour-mallorca-championships-2025\/","title":{"rendered":"Una Semana de Estrellas &#8211; ATP Tour Mallorca Championships 2025"},"content":{"rendered":"<div class=\"wpb-content-wrapper\"><p>[vc_row][vc_column width=\u00bb1\/4&#8243;][vc_single_image image=\u00bb559256&#8243; css=\u00bb\u00bb][\/vc_column][vc_column width=\u00bb3\/4&#8243;][vc_column_text css=\u00bb\u00bb]<\/p>\n<p class=\"p1\">CALVIA, SPAIN - JUNE 24: ATP Mallorca Championships 2024 at Country Club de Santa Pon\u00e7a on June 24, 2024 in Calvia, Spain. (Photo by Manuel Queimadelos\/Quality Sport Images) https:\/\/www.mallorcachampionships.com\/<\/p>\n<p>&nbsp;<\/p>\n<p class=\"p1\"><b>Una Semana de Estrellas - ATP Tour Mallorca Championships 2025<\/b><\/p>\n<p>&nbsp;<\/p>\n<p class=\"p1\">La emoci\u00f3n del tenis sobre hierba regresa este mes de junio con la quinta edici\u00f3n del <b>ATP 250 Mallorca Championships presented by ecotrans Group<\/b>, que se celebrar\u00e1 del <b>21 al 28 de junio de 2025<\/b> en el exclusivo <b>Mallorca Country Club<\/b> de Santa Pon\u00e7a. El torneo, ya consolidado como una cita imprescindible del calendario previo a Wimbledon, promete una semana de tenis de primer nivel, combinando la presencia de grandes figuras del circuito, j\u00f3venes promesas y talentos locales.<\/p>\n<p>&nbsp;<\/p>\n<p class=\"p1\">Este torneo, que se ha convertido en un referente en la gira de hierba por su ambiente mediterr\u00e1neo y organizaci\u00f3n de alto nivel, contar\u00e1 con una <b>lista oficial de participantes ya confirmada<\/b>, donde se mezcla experiencia, frescura y un fuerte componente emocional para los aficionados locales: el regreso del mallorqu\u00edn <b>Jaume Munar<\/b> al cuadro principal.<\/p>\n<p>&nbsp;<\/p>\n<p class=\"p1\">Munar, natural de <b>Santany\u00ed<\/b>, vuelve a competir en casa como uno de los referentes actuales del tenis espa\u00f1ol. Reconocido por su solidez y car\u00e1cter en pista, el balear est\u00e1 firmando una gran temporada, con victorias destacadas ante jugadores de talla mundial como <b>Ben Shelton, Daniil Medvedev<\/b> y <b>Frances Tiafoe<\/b>. Su participaci\u00f3n ha sido recibida con entusiasmo por la organizaci\u00f3n y los seguidores.<\/p>\n<p>&nbsp;<\/p>\n<p class=\"p1\">El torneo se ha consolidado como una plataforma ideal tanto para que los grandes nombres afinen su juego de cara a Wimbledon como para que j\u00f3venes talentos encuentren visibilidad en una de las superficies m\u00e1s exigentes del circuito. El entorno del Mallorca Country Club, con sus pistas impecables y ambiente relajado, ha convertido este evento en una de las paradas favoritas para jugadores y aficionados por igual.<\/p>\n<p>&nbsp;<\/p>\n<p class=\"p1\">A medida que se acerca la fecha de inicio, la expectaci\u00f3n crece en la isla, no solo por la calidad del tenis que se avecina, sino tambi\u00e9n por la posibilidad de ver a uno de los suyos luchar en casa. Con Munar como abanderado local y una alineaci\u00f3n de estrellas internacionales, el <b>ATP Tour Mallorca Championships<\/b> se perfila como una cita imperdible para los amantes del tenis.<\/p>\n<p>[\/vc_column_text][\/vc_column][\/vc_row][vc_row][vc_column][vc_empty_space][\/vc_column][\/vc_row][vc_row][vc_column]<div id=\"ultimate-heading-589469f1b2494bf7e\" class=\"uvc-heading ult-adjust-bottom-margin ultimate-heading-589469f1b2494bf7e uvc-6373 \" data-hspacer=\"no_spacer\"  data-halign=\"center\" style=\"text-align:center\"><div class=\"uvc-heading-spacer no_spacer\" style=\"top\"><\/div><div class=\"uvc-main-heading ult-responsive\"  data-ultimate-target='.uvc-heading.ultimate-heading-589469f1b2494bf7e h2'  data-responsive-json-new='{\"font-size\":\"\",\"line-height\":\"\"}' ><h2 style=\"font-weight:normal;\">INMUEBLES EN MALLORCA<\/h2><\/div><\/div>[\/vc_column][\/vc_row][vc_row][vc_column]<div id=\"wpestate_sh_anime_116\" class=\"article_container wpestate_anime wpestate_latest_listings_sh bottom-estate_property \"  data-type=\"estate_property\" data-category_ids=\"\" data-action_ids=\"\" data-city_ids=\"\" data-area_ids=\"\" data-state_ids=\"\" data-status_ids=\"\" data-number=\"40\" data-row-number=\"4\" data-align=\"vertical\" data-show_featured_only=\"no\"  data-random_pick=\"no\"  data-featured_first=\"no\" data-page=\"1\" >  \n\n\n\n<div class=\"col-md-3 shortcode-col has_4per_row  listing_wrapper property_unit_type2\" data-org=\"4\" data-listid=\"1303703\" > \n    <div class=\"property_listing property_unit_type2  \" data-link=\"https:\/\/www.privatepropertymallorca.com\/es\/propiedades\/finca-en-venta-en-port-andratx-con-licencia-de-alquiler-vacacional-y-vistas-al-puerto\/\">\n        \n        <div class=\"listing-unit-img-wrapper\"><a href=\"https:\/\/www.privatepropertymallorca.com\/es\/propiedades\/finca-en-venta-en-port-andratx-con-licencia-de-alquiler-vacacional-y-vistas-al-puerto\/\" target=\"_self\"><img fetchpriority=\"high\" decoding=\"async\" width=\"525\" height=\"328\" src=\"https:\/\/www.privatepropertymallorca.com\/wp-content\/uploads\/2026\/04\/577d0bc2-37f4-4a88-bef0-69b3b1b7eccb-2-525x328.jpg\" class=\"lazyload img-responsive wp-post-image\" alt=\"5593 -66  -Villa in Port Andratx 1\" data-original=\"https:\/\/www.privatepropertymallorca.com\/wp-content\/uploads\/2026\/04\/577d0bc2-37f4-4a88-bef0-69b3b1b7eccb-2-525x328.jpg\" \/><\/a><div class=\"tag-wrapper\"><div class=\"status-wrapper\"><div class=\"ribbon-inside holiday-rental-licence\">Holiday rental licence<\/div><\/div><\/div><\/div>\n\n            <h4><a href=\"https:\/\/www.privatepropertymallorca.com\/es\/propiedades\/finca-en-venta-en-port-andratx-con-licencia-de-alquiler-vacacional-y-vistas-al-puerto\/\" target=\"_self\">\n                Finca en venta en Port Andratx con licencia de alquiler vacacional y vistas al puerto                <\/a> \n            <\/h4> \n        \n            <div class=\"property_listing_details\">\n                <div class=\"smallCol\"><div class=\"inforoom_unit_type2\"><\/div><div>3<\/div><\/div><div class=\"smallCol\"><div class=\"infobath_unit_type2\"><\/div><div>2<\/div><\/div><div class=\"smallCol\"><div class=\"infosize_unit_type2\"><\/div><div>220 m&sup2;<\/div><\/div><div class=\"smallCol\"><div class=\"infolotsize_unit_type2\"><\/div><div>1066 m&sup2;<\/div><\/div>            <\/div>\n\t\t\n            <div class=\"listing_unit_price_wrapper\">4.650.000 \u20ac <span class=\"price_label\"><\/span><\/div>               \n            <div class=\"property_location\">\n                    \n                    <div class=\"ownerNotes\">5593 -66<\/div><div class=\"propertyArea\"><a href=\"https:\/\/www.privatepropertymallorca.com\/es\/state\/suroeste\/\" rel=\"tag\">Suroeste<\/a>, <a href=\"https:\/\/www.privatepropertymallorca.com\/es\/ort\/port-andratx-es\/\" rel=\"tag\">Port Andratx<\/a><\/div>                        <\/div>        <\/div>             \n    <\/div>\n  \n\n\n\n<div class=\"col-md-3 shortcode-col has_4per_row  listing_wrapper property_unit_type2\" data-org=\"4\" data-listid=\"1303657\" > \n    <div class=\"property_listing property_unit_type2  \" data-link=\"https:\/\/www.privatepropertymallorca.com\/es\/propiedades\/espectacular-atico-duplex-en-el-paseo-maritimo-con-fantasticas-vistas-al-mar\/\">\n        \n        <div class=\"listing-unit-img-wrapper\"><a href=\"https:\/\/www.privatepropertymallorca.com\/es\/propiedades\/espectacular-atico-duplex-en-el-paseo-maritimo-con-fantasticas-vistas-al-mar\/\" target=\"_self\"><img decoding=\"async\" width=\"525\" height=\"328\" src=\"https:\/\/www.privatepropertymallorca.com\/wp-content\/uploads\/2026\/04\/0fbfd96e-b77e-40e8-a1c4-fa754833b76f-2-525x328.jpg\" class=\"lazyload img-responsive wp-post-image\" alt=\"P-2148_15 Spektakul\u00e4res Duplex-Penthouse am Paseo Maritimo mit fantastischem Meerblick 7\" data-original=\"https:\/\/www.privatepropertymallorca.com\/wp-content\/uploads\/2026\/04\/0fbfd96e-b77e-40e8-a1c4-fa754833b76f-2-525x328.jpg\" \/><\/a><div class=\"tag-wrapper\"><div class=\"status-wrapper\"><\/div><\/div><\/div>\n\n            <h4><a href=\"https:\/\/www.privatepropertymallorca.com\/es\/propiedades\/espectacular-atico-duplex-en-el-paseo-maritimo-con-fantasticas-vistas-al-mar\/\" target=\"_self\">\n                Espectacular \u00e1tico d\u00faplex en el Paseo Mar\u00edtimo con fant\u00e1sticas vistas al mar                <\/a> \n            <\/h4> \n        \n            <div class=\"property_listing_details\">\n                <div class=\"smallCol\"><div class=\"inforoom_unit_type2\"><\/div><div>3<\/div><\/div><div class=\"smallCol\"><div class=\"infobath_unit_type2\"><\/div><div>2<\/div><\/div><div class=\"smallCol\"><div class=\"infosize_unit_type2\"><\/div><div>230 m&sup2;<\/div><\/div><div class=\"smallCol\"><div class=\"infolotsize_unit_type2\"><\/div><div>0 m&sup2;<\/div><\/div>            <\/div>\n\t\t\n            <div class=\"listing_unit_price_wrapper\">5.100.000 \u20ac <span class=\"price_label\"><\/span><\/div>               \n            <div class=\"property_location\">\n                    \n                    <div class=\"ownerNotes\">P-2148_15<\/div><div class=\"propertyArea\"><a href=\"https:\/\/www.privatepropertymallorca.com\/es\/state\/palma-y-alrededores\/\" rel=\"tag\">Palma y alrededores<\/a>, <a href=\"https:\/\/www.privatepropertymallorca.com\/es\/ort\/paseo-maritimo-es\/\" rel=\"tag\">Paseo Maritimo<\/a><\/div>                        <\/div>        <\/div>             \n    <\/div>\n  \n\n\n\n<div class=\"col-md-3 shortcode-col has_4per_row  listing_wrapper property_unit_type2\" data-org=\"4\" data-listid=\"1047990\" > \n    <div class=\"property_listing property_unit_type2  \" data-link=\"https:\/\/www.privatepropertymallorca.com\/es\/propiedades\/acogedora-casa-adosada-en-camp-de-mar-en-exclusiva-urbanizacion-junto-al-campo-de-golf\/\">\n        \n        <div class=\"listing-unit-img-wrapper\"><a href=\"https:\/\/www.privatepropertymallorca.com\/es\/propiedades\/acogedora-casa-adosada-en-camp-de-mar-en-exclusiva-urbanizacion-junto-al-campo-de-golf\/\" target=\"_self\"><img decoding=\"async\" width=\"525\" height=\"328\" src=\"https:\/\/www.privatepropertymallorca.com\/wp-content\/uploads\/2023\/12\/94e519cb-b21e-4f9d-a50c-4a217da12299-2-525x328.jpg\" class=\"lazyload img-responsive wp-post-image\" alt=\"D-4738 Gem\u00fctliche Doppelhaush\u00e4lfte in Camp de Mar in exklusiver Wohn-Gemeinschaft, neben dem Golfplatz 32\" data-original=\"https:\/\/www.privatepropertymallorca.com\/wp-content\/uploads\/2023\/12\/94e519cb-b21e-4f9d-a50c-4a217da12299-2-525x328.jpg\" \/><\/a><div class=\"tag-wrapper\"><div class=\"status-wrapper\"><\/div><\/div><\/div>\n\n            <h4><a href=\"https:\/\/www.privatepropertymallorca.com\/es\/propiedades\/acogedora-casa-adosada-en-camp-de-mar-en-exclusiva-urbanizacion-junto-al-campo-de-golf\/\" target=\"_self\">\n                Acogedora casa adosada en venta en Camp de Mar en una exclusiva urbanizaci\u00f3n                <\/a> \n            <\/h4> \n        \n            <div class=\"property_listing_details\">\n                <div class=\"smallCol\"><div class=\"inforoom_unit_type2\"><\/div><div>3<\/div><\/div><div class=\"smallCol\"><div class=\"infobath_unit_type2\"><\/div><div>2<\/div><\/div><div class=\"smallCol\"><div class=\"infosize_unit_type2\"><\/div><div>311 m&sup2;<\/div><\/div><div class=\"smallCol\"><div class=\"infolotsize_unit_type2\"><\/div><div>104 m&sup2;<\/div><\/div>            <\/div>\n\t\t\n            <div class=\"listing_unit_price_wrapper\">1.050.000 \u20ac <span class=\"price_label\"><\/span><\/div>               \n            <div class=\"property_location\">\n                    \n                    <div class=\"ownerNotes\">D-4738<\/div><div class=\"propertyArea\"><a href=\"https:\/\/www.privatepropertymallorca.com\/es\/state\/suroeste\/\" rel=\"tag\">Suroeste<\/a>, <a href=\"https:\/\/www.privatepropertymallorca.com\/es\/ort\/camp-de-mar-es\/\" rel=\"tag\">Camp de Mar<\/a><\/div>                        <\/div>        <\/div>             \n    <\/div>\n  \n\n\n\n<div class=\"col-md-3 shortcode-col has_4per_row  listing_wrapper property_unit_type2\" data-org=\"4\" data-listid=\"1303742\" > \n    <div class=\"property_listing property_unit_type2  \" data-link=\"https:\/\/www.privatepropertymallorca.com\/es\/propiedades\/duplex-en-venta-en-port-andratx-cala-llamp-con-fantasticas-vistas-al-mar\/\">\n        \n        <div class=\"listing-unit-img-wrapper\"><a href=\"https:\/\/www.privatepropertymallorca.com\/es\/propiedades\/duplex-en-venta-en-port-andratx-cala-llamp-con-fantasticas-vistas-al-mar\/\" target=\"_self\"><img loading=\"lazy\" decoding=\"async\" width=\"525\" height=\"328\" src=\"https:\/\/www.privatepropertymallorca.com\/wp-content\/uploads\/2026\/04\/50a380cc-44c3-4c0b-8bba-94a820ee2307-2-525x328.jpg\" class=\"lazyload img-responsive wp-post-image\" alt=\"5582 -Villa in Port Andratx 12\" data-original=\"https:\/\/www.privatepropertymallorca.com\/wp-content\/uploads\/2026\/04\/50a380cc-44c3-4c0b-8bba-94a820ee2307-2-525x328.jpg\" \/><\/a><div class=\"tag-wrapper\"><div class=\"status-wrapper\"><\/div><\/div><\/div>\n\n            <h4><a href=\"https:\/\/www.privatepropertymallorca.com\/es\/propiedades\/duplex-en-venta-en-port-andratx-cala-llamp-con-fantasticas-vistas-al-mar\/\" target=\"_self\">\n                D\u00faplex en venta en Port Andratx &#8211; Cala Llamp con fant\u00e1sticas vistas al mar                <\/a> \n            <\/h4> \n        \n            <div class=\"property_listing_details\">\n                <div class=\"smallCol\"><div class=\"inforoom_unit_type2\"><\/div><div>2<\/div><\/div><div class=\"smallCol\"><div class=\"infobath_unit_type2\"><\/div><div>3<\/div><\/div><div class=\"smallCol\"><div class=\"infosize_unit_type2\"><\/div><div>127 m&sup2;<\/div><\/div><div class=\"smallCol\"><div class=\"infolotsize_unit_type2\"><\/div><div>5379 m&sup2;<\/div><\/div>            <\/div>\n\t\t\n            <div class=\"listing_unit_price_wrapper\">1.640.000 \u20ac <span class=\"price_label\"><\/span><\/div>               \n            <div class=\"property_location\">\n                    \n                    <div class=\"ownerNotes\">5582- 43<\/div><div class=\"propertyArea\"><a href=\"https:\/\/www.privatepropertymallorca.com\/es\/state\/suroeste\/\" rel=\"tag\">Suroeste<\/a>, <a href=\"https:\/\/www.privatepropertymallorca.com\/es\/ort\/port-andratx-es\/\" rel=\"tag\">Port Andratx<\/a><\/div>                        <\/div>        <\/div>             \n    <\/div>\n  \n\n\n\n<div class=\"col-md-3 shortcode-col has_4per_row  listing_wrapper property_unit_type2\" data-org=\"4\" data-listid=\"1303558\" > \n    <div class=\"property_listing property_unit_type2  \" data-link=\"https:\/\/www.privatepropertymallorca.com\/es\/propiedades\/duplex-con-vistas-al-mar-atico-en-primera-linea-de-mar-en-palma\/\">\n        \n        <div class=\"listing-unit-img-wrapper\"><a href=\"https:\/\/www.privatepropertymallorca.com\/es\/propiedades\/duplex-con-vistas-al-mar-atico-en-primera-linea-de-mar-en-palma\/\" target=\"_self\"><img loading=\"lazy\" decoding=\"async\" width=\"525\" height=\"328\" src=\"https:\/\/www.privatepropertymallorca.com\/wp-content\/uploads\/2026\/04\/427181-2-525x328.jpg\" class=\"lazyload img-responsive wp-post-image\" alt=\"5293 Penthouse with sea views in Cala Gamba19\" data-original=\"https:\/\/www.privatepropertymallorca.com\/wp-content\/uploads\/2026\/04\/427181-2-525x328.jpg\" \/><\/a><div class=\"tag-wrapper\"><div class=\"status-wrapper\"><\/div><\/div><\/div>\n\n            <h4><a href=\"https:\/\/www.privatepropertymallorca.com\/es\/propiedades\/duplex-con-vistas-al-mar-atico-en-primera-linea-de-mar-en-palma\/\" target=\"_self\">\n                D\u00faplex con vistas al mar &#8211; \u00c1tico en primera l\u00ednea de mar en Palma                <\/a> \n            <\/h4> \n        \n            <div class=\"property_listing_details\">\n                <div class=\"smallCol\"><div class=\"inforoom_unit_type2\"><\/div><div>3<\/div><\/div><div class=\"smallCol\"><div class=\"infobath_unit_type2\"><\/div><div>2<\/div><\/div><div class=\"smallCol\"><div class=\"infosize_unit_type2\"><\/div><div>0 m&sup2;<\/div><\/div><div class=\"smallCol\"><div class=\"infolotsize_unit_type2\"><\/div><div>0 m&sup2;<\/div><\/div>            <\/div>\n\t\t\n            <div class=\"listing_unit_price_wrapper\">1.450.000 \u20ac <span class=\"price_label\"><\/span><\/div>               \n            <div class=\"property_location\">\n                    \n                    <div class=\"ownerNotes\">5592<\/div><div class=\"propertyArea\"><a href=\"https:\/\/www.privatepropertymallorca.com\/es\/state\/palma-y-alrededores\/\" rel=\"tag\">Palma y alrededores<\/a>, <a href=\"https:\/\/www.privatepropertymallorca.com\/es\/ort\/ciudad-jardin-es\/\" rel=\"tag\">Ciudad Jardin<\/a><\/div>                        <\/div>        <\/div>             \n    <\/div>\n  \n\n\n\n<div class=\"col-md-3 shortcode-col has_4per_row  listing_wrapper property_unit_type2\" data-org=\"4\" data-listid=\"1302413\" > \n    <div class=\"property_listing property_unit_type2  \" data-link=\"https:\/\/www.privatepropertymallorca.com\/es\/propiedades\/chalet-de-diseno-de-nueva-construccion-con-vistas-al-mar-en-camp-de-mar\/\">\n        \n        <div class=\"listing-unit-img-wrapper\"><a href=\"https:\/\/www.privatepropertymallorca.com\/es\/propiedades\/chalet-de-diseno-de-nueva-construccion-con-vistas-al-mar-en-camp-de-mar\/\" target=\"_self\"><img loading=\"lazy\" decoding=\"async\" width=\"525\" height=\"328\" src=\"https:\/\/www.privatepropertymallorca.com\/wp-content\/uploads\/2026\/04\/3e5cfc0f-9cd2-4cd3-b064-66daa6b08ece-2-525x328.jpg\" class=\"lazyload img-responsive wp-post-image\" alt=\"5584 -Villa in Camp de Mar 2\" data-original=\"https:\/\/www.privatepropertymallorca.com\/wp-content\/uploads\/2026\/04\/3e5cfc0f-9cd2-4cd3-b064-66daa6b08ece-2-525x328.jpg\" \/><\/a><div class=\"tag-wrapper\"><div class=\"status-wrapper\"><\/div><\/div><\/div>\n\n            <h4><a href=\"https:\/\/www.privatepropertymallorca.com\/es\/propiedades\/chalet-de-diseno-de-nueva-construccion-con-vistas-al-mar-en-camp-de-mar\/\" target=\"_self\">\n                Chalet de dise\u00f1o de nueva construcci\u00f3n con vistas al mar en Camp de Mar                <\/a> \n            <\/h4> \n        \n            <div class=\"property_listing_details\">\n                <div class=\"smallCol\"><div class=\"inforoom_unit_type2\"><\/div><div>4<\/div><\/div><div class=\"smallCol\"><div class=\"infobath_unit_type2\"><\/div><div>4<\/div><\/div><div class=\"smallCol\"><div class=\"infosize_unit_type2\"><\/div><div>646 m&sup2;<\/div><\/div><div class=\"smallCol\"><div class=\"infolotsize_unit_type2\"><\/div><div>1828 m&sup2;<\/div><\/div>            <\/div>\n\t\t\n            <div class=\"listing_unit_price_wrapper\">5.500.000 \u20ac <span class=\"price_label\"><\/span><\/div>               \n            <div class=\"property_location\">\n                    \n                    <div class=\"ownerNotes\">5584<\/div><div class=\"propertyArea\"><a href=\"https:\/\/www.privatepropertymallorca.com\/es\/state\/suroeste\/\" rel=\"tag\">Suroeste<\/a>, <a href=\"https:\/\/www.privatepropertymallorca.com\/es\/ort\/camp-de-mar-es\/\" rel=\"tag\">Camp de Mar<\/a><\/div>                        <\/div>        <\/div>             \n    <\/div>\n  \n\n\n\n<div class=\"col-md-3 shortcode-col has_4per_row  listing_wrapper property_unit_type2\" data-org=\"4\" data-listid=\"1040990\" > \n    <div class=\"property_listing property_unit_type2  \" data-link=\"https:\/\/www.privatepropertymallorca.com\/es\/propiedades\/precioso-piso-en-1a-linea-de-mar-con-acceso-directo-al-mar-en-illetas\/\">\n        \n        <div class=\"listing-unit-img-wrapper\"><a href=\"https:\/\/www.privatepropertymallorca.com\/es\/propiedades\/precioso-piso-en-1a-linea-de-mar-con-acceso-directo-al-mar-en-illetas\/\" target=\"_self\"><img loading=\"lazy\" decoding=\"async\" width=\"525\" height=\"328\" src=\"https:\/\/www.privatepropertymallorca.com\/wp-content\/uploads\/2023\/08\/Foto_101829-4-525x328.jpg\" class=\"lazyload img-responsive wp-post-image\" alt=\"A-1962 Wundersch\u00f6nes Apartment in 1. Meereslinie mit direktem Meerzugang in Illetas\" data-original=\"https:\/\/www.privatepropertymallorca.com\/wp-content\/uploads\/2023\/08\/Foto_101829-4-525x328.jpg\" \/><\/a><div class=\"tag-wrapper\"><div class=\"status-wrapper\"><\/div><\/div><\/div>\n\n            <h4><a href=\"https:\/\/www.privatepropertymallorca.com\/es\/propiedades\/precioso-piso-en-1a-linea-de-mar-con-acceso-directo-al-mar-en-illetas\/\" target=\"_self\">\n                Piso en venta en Illetas, en 1\u00aa l\u00ednea de mar con acceso directo al mar                <\/a> \n            <\/h4> \n        \n            <div class=\"property_listing_details\">\n                <div class=\"smallCol\"><div class=\"inforoom_unit_type2\"><\/div><div>2<\/div><\/div><div class=\"smallCol\"><div class=\"infobath_unit_type2\"><\/div><div>2<\/div><\/div><div class=\"smallCol\"><div class=\"infosize_unit_type2\"><\/div><div>113 m&sup2;<\/div><\/div><div class=\"smallCol\"><div class=\"infolotsize_unit_type2\"><\/div><div>0 m&sup2;<\/div><\/div>            <\/div>\n\t\t\n            <div class=\"listing_unit_price_wrapper\">848.000 \u20ac <span class=\"price_label\"><\/span><\/div>               \n            <div class=\"property_location\">\n                    \n                    <div class=\"ownerNotes\">A-1962<\/div><div class=\"propertyArea\"><a href=\"https:\/\/www.privatepropertymallorca.com\/es\/state\/suroeste\/\" rel=\"tag\">Suroeste<\/a>, <a href=\"https:\/\/www.privatepropertymallorca.com\/es\/ort\/illetas-es\/\" rel=\"tag\">Illetas<\/a><\/div>                        <\/div>        <\/div>             \n    <\/div>\n  \n\n\n\n<div class=\"col-md-3 shortcode-col has_4per_row  listing_wrapper property_unit_type2\" data-org=\"4\" data-listid=\"1280581\" > \n    <div class=\"property_listing property_unit_type2  \" data-link=\"https:\/\/www.privatepropertymallorca.com\/es\/propiedades\/elegante-piso-reformado-en-el-corazon-de-palma-justo-en-el-popular-paseo-mallorca-2\/\">\n        \n        <div class=\"listing-unit-img-wrapper\"><a href=\"https:\/\/www.privatepropertymallorca.com\/es\/propiedades\/elegante-piso-reformado-en-el-corazon-de-palma-justo-en-el-popular-paseo-mallorca-2\/\" target=\"_self\"><img loading=\"lazy\" decoding=\"async\" width=\"525\" height=\"328\" src=\"https:\/\/www.privatepropertymallorca.com\/wp-content\/uploads\/2026\/02\/419615-2-525x328.jpg\" class=\"lazyload img-responsive wp-post-image\" alt=\"5297 - Apartment Paseo Mallorca11\" data-original=\"https:\/\/www.privatepropertymallorca.com\/wp-content\/uploads\/2026\/02\/419615-2-525x328.jpg\" \/><\/a><div class=\"tag-wrapper\"><div class=\"status-wrapper\"><\/div><\/div><\/div>\n\n            <h4><a href=\"https:\/\/www.privatepropertymallorca.com\/es\/propiedades\/elegante-piso-reformado-en-el-corazon-de-palma-justo-en-el-popular-paseo-mallorca-2\/\" target=\"_self\">\n                Piso reformado con estilo en venta en el centro de Palma                <\/a> \n            <\/h4> \n        \n            <div class=\"property_listing_details\">\n                <div class=\"smallCol\"><div class=\"inforoom_unit_type2\"><\/div><div>3<\/div><\/div><div class=\"smallCol\"><div class=\"infobath_unit_type2\"><\/div><div>4<\/div><\/div><div class=\"smallCol\"><div class=\"infosize_unit_type2\"><\/div><div>142 m&sup2;<\/div><\/div><div class=\"smallCol\"><div class=\"infolotsize_unit_type2\"><\/div><div>0 m&sup2;<\/div><\/div>            <\/div>\n\t\t\n            <div class=\"listing_unit_price_wrapper\">850.000 \u20ac <span class=\"price_label\"><\/span><\/div>               \n            <div class=\"property_location\">\n                    \n                    <div class=\"ownerNotes\">5470<\/div><div class=\"propertyArea\"><a href=\"https:\/\/www.privatepropertymallorca.com\/es\/state\/palma-y-alrededores\/\" rel=\"tag\">Palma y alrededores<\/a>, <a href=\"https:\/\/www.privatepropertymallorca.com\/es\/ort\/palma-oldtown-es-2\/\" rel=\"tag\">Palma Oldtown<\/a><\/div>                        <\/div>        <\/div>             \n    <\/div>\n  \n\n\n\n<div class=\"col-md-3 shortcode-col has_4per_row  listing_wrapper property_unit_type2\" data-org=\"4\" data-listid=\"1297188\" > \n    <div class=\"property_listing property_unit_type2  \" data-link=\"https:\/\/www.privatepropertymallorca.com\/es\/propiedades\/casas-de-obra-nueva-en-cala-romantica-casa-adosada-o-chalet-con-extras-reservables\/\">\n        \n        <div class=\"listing-unit-img-wrapper\"><a href=\"https:\/\/www.privatepropertymallorca.com\/es\/propiedades\/casas-de-obra-nueva-en-cala-romantica-casa-adosada-o-chalet-con-extras-reservables\/\" target=\"_self\"><img loading=\"lazy\" decoding=\"async\" width=\"525\" height=\"328\" src=\"https:\/\/www.privatepropertymallorca.com\/wp-content\/uploads\/2026\/03\/14fedb81-5451-4d2c-b1c6-e8966c331a24-2-525x328.jpg\" class=\"lazyload img-responsive wp-post-image\" alt=\"2- Piscina (1)\" data-original=\"https:\/\/www.privatepropertymallorca.com\/wp-content\/uploads\/2026\/03\/14fedb81-5451-4d2c-b1c6-e8966c331a24-2-525x328.jpg\" \/><\/a><div class=\"tag-wrapper\"><div class=\"status-wrapper\"><\/div><\/div><\/div>\n\n            <h4><a href=\"https:\/\/www.privatepropertymallorca.com\/es\/propiedades\/casas-de-obra-nueva-en-cala-romantica-casa-adosada-o-chalet-con-extras-reservables\/\" target=\"_self\">\n                Casas de obra nueva en venta en Cala Romantica &#8211; casa adosada o chalet con extras reservables                <\/a> \n            <\/h4> \n        \n            <div class=\"property_listing_details\">\n                <div class=\"smallCol\"><div class=\"inforoom_unit_type2\"><\/div><div>2<\/div><\/div><div class=\"smallCol\"><div class=\"infobath_unit_type2\"><\/div><div>2<\/div><\/div><div class=\"smallCol\"><div class=\"infosize_unit_type2\"><\/div><div>0 m&sup2;<\/div><\/div><div class=\"smallCol\"><div class=\"infolotsize_unit_type2\"><\/div><div>237 m&sup2;<\/div><\/div>            <\/div>\n\t\t\n            <div class=\"listing_unit_price_wrapper\">399.000 \u20ac <span class=\"price_label\"><\/span><\/div>               \n            <div class=\"property_location\">\n                    \n                    <div class=\"ownerNotes\">5336<\/div><div class=\"propertyArea\"><a href=\"https:\/\/www.privatepropertymallorca.com\/es\/state\/sureste\/\" rel=\"tag\">Sureste<\/a>, <a href=\"https:\/\/www.privatepropertymallorca.com\/es\/ort\/cala-romantica-es\/\" rel=\"tag\">Cala Romantica<\/a><\/div>                        <\/div>        <\/div>             \n    <\/div>\n  \n\n\n\n<div class=\"col-md-3 shortcode-col has_4per_row  listing_wrapper property_unit_type2\" data-org=\"4\" data-listid=\"1293168\" > \n    <div class=\"property_listing property_unit_type2  \" data-link=\"https:\/\/www.privatepropertymallorca.com\/es\/propiedades\/top-inversion-con-rentabilidad-garantizada-estudios-en-portocolom\/\">\n        \n        <div class=\"listing-unit-img-wrapper\"><a href=\"https:\/\/www.privatepropertymallorca.com\/es\/propiedades\/top-inversion-con-rentabilidad-garantizada-estudios-en-portocolom\/\" target=\"_self\"><img loading=\"lazy\" decoding=\"async\" width=\"525\" height=\"328\" src=\"https:\/\/www.privatepropertymallorca.com\/wp-content\/uploads\/2026\/02\/89def3e0-707a-4aee-98aa-23e59cef0fe9-2-525x328.jpg\" class=\"lazyload img-responsive wp-post-image\" alt=\"Studio-new-2-web\" data-original=\"https:\/\/www.privatepropertymallorca.com\/wp-content\/uploads\/2026\/02\/89def3e0-707a-4aee-98aa-23e59cef0fe9-2-525x328.jpg\" \/><\/a><div class=\"tag-wrapper\"><div class=\"status-wrapper\"><div class=\"ribbon-inside holiday-rental-licence\">Holiday rental licence<\/div><\/div><\/div><\/div>\n\n            <h4><a href=\"https:\/\/www.privatepropertymallorca.com\/es\/propiedades\/top-inversion-con-rentabilidad-garantizada-estudios-en-portocolom\/\" target=\"_self\">\n                Top inversi\u00f3n en Portocolom en venta con rentabilidad garantizada, estudios                <\/a> \n            <\/h4> \n        \n            <div class=\"property_listing_details\">\n                <div class=\"smallCol\"><div class=\"inforoom_unit_type2\"><\/div><div>-<\/div><\/div><div class=\"smallCol\"><div class=\"infobath_unit_type2\"><\/div><div>1<\/div><\/div><div class=\"smallCol\"><div class=\"infosize_unit_type2\"><\/div><div>30 m&sup2;<\/div><\/div><div class=\"smallCol\"><div class=\"infolotsize_unit_type2\"><\/div><div>7438 m&sup2;<\/div><\/div>            <\/div>\n\t\t\n            <div class=\"listing_unit_price_wrapper\">200.000 \u20ac <span class=\"price_label\"><\/span><\/div>               \n            <div class=\"property_location\">\n                    \n                    <div class=\"ownerNotes\">5509<\/div><div class=\"propertyArea\"><a href=\"https:\/\/www.privatepropertymallorca.com\/es\/state\/sureste\/\" rel=\"tag\">Sureste<\/a>, <a href=\"https:\/\/www.privatepropertymallorca.com\/es\/ort\/portocolom-es\/\" rel=\"tag\">Portocolom<\/a><\/div>                        <\/div>        <\/div>             \n    <\/div>\n  \n\n\n\n<div class=\"col-md-3 shortcode-col has_4per_row  listing_wrapper property_unit_type2\" data-org=\"4\" data-listid=\"1302559\" > \n    <div class=\"property_listing property_unit_type2  \" data-link=\"https:\/\/www.privatepropertymallorca.com\/es\/propiedades\/villa-moderna-con-vistas-al-mar-en-cala-murada\/\">\n        \n        <div class=\"listing-unit-img-wrapper\"><a href=\"https:\/\/www.privatepropertymallorca.com\/es\/propiedades\/villa-moderna-con-vistas-al-mar-en-cala-murada\/\" target=\"_self\"><img loading=\"lazy\" decoding=\"async\" width=\"525\" height=\"328\" src=\"https:\/\/www.privatepropertymallorca.com\/wp-content\/uploads\/2026\/04\/69c2253f-62bb-4747-9dec-c26e7d6c39af-2-525x328.jpg\" class=\"lazyload img-responsive wp-post-image\" alt=\"5587 - 124  -Villa in Cala Murada 8\" data-original=\"https:\/\/www.privatepropertymallorca.com\/wp-content\/uploads\/2026\/04\/69c2253f-62bb-4747-9dec-c26e7d6c39af-2-525x328.jpg\" \/><\/a><div class=\"tag-wrapper\"><div class=\"status-wrapper\"><\/div><\/div><\/div>\n\n            <h4><a href=\"https:\/\/www.privatepropertymallorca.com\/es\/propiedades\/villa-moderna-con-vistas-al-mar-en-cala-murada\/\" target=\"_self\">\n                Villa moderna con vistas al mar en Cala Murada                <\/a> \n            <\/h4> \n        \n            <div class=\"property_listing_details\">\n                <div class=\"smallCol\"><div class=\"inforoom_unit_type2\"><\/div><div>3<\/div><\/div><div class=\"smallCol\"><div class=\"infobath_unit_type2\"><\/div><div>3<\/div><\/div><div class=\"smallCol\"><div class=\"infosize_unit_type2\"><\/div><div>224 m&sup2;<\/div><\/div><div class=\"smallCol\"><div class=\"infolotsize_unit_type2\"><\/div><div>700 m&sup2;<\/div><\/div>            <\/div>\n\t\t\n            <div class=\"listing_unit_price_wrapper\">2.150.000 \u20ac <span class=\"price_label\"><\/span><\/div>               \n            <div class=\"property_location\">\n                    \n                    <div class=\"ownerNotes\">5587 - 124<\/div><div class=\"propertyArea\"><a href=\"https:\/\/www.privatepropertymallorca.com\/es\/state\/sureste\/\" rel=\"tag\">Sureste<\/a>, <a href=\"https:\/\/www.privatepropertymallorca.com\/es\/ort\/manacor-es\/\" rel=\"tag\">Manacor<\/a><\/div>                        <\/div>        <\/div>             \n    <\/div>\n  \n\n\n\n<div class=\"col-md-3 shortcode-col has_4per_row  listing_wrapper property_unit_type2\" data-org=\"4\" data-listid=\"1163938\" > \n    <div class=\"property_listing property_unit_type2  \" data-link=\"https:\/\/www.privatepropertymallorca.com\/es\/propiedades\/parcela-edificable-con-licencia-y-proyecto-para-nueva-finca-cerca-de-lloret-de-vistalegre\/\">\n        \n        <div class=\"listing-unit-img-wrapper\"><a href=\"https:\/\/www.privatepropertymallorca.com\/es\/propiedades\/parcela-edificable-con-licencia-y-proyecto-para-nueva-finca-cerca-de-lloret-de-vistalegre\/\" target=\"_self\"><img loading=\"lazy\" decoding=\"async\" width=\"525\" height=\"328\" src=\"https:\/\/www.privatepropertymallorca.com\/wp-content\/uploads\/2024\/11\/0856e444-35c3-4ebf-b4ba-48638854c749-2-525x328.jpg\" class=\"lazyload img-responsive wp-post-image\" alt=\"5170 Grundst\u00fcck in Lloret De Vistalegre mit Finca Projekt und Baulizenz 10\" data-original=\"https:\/\/www.privatepropertymallorca.com\/wp-content\/uploads\/2024\/11\/0856e444-35c3-4ebf-b4ba-48638854c749-2-525x328.jpg\" \/><\/a><div class=\"tag-wrapper\"><div class=\"status-wrapper\"><\/div><\/div><\/div>\n\n            <h4><a href=\"https:\/\/www.privatepropertymallorca.com\/es\/propiedades\/parcela-edificable-con-licencia-y-proyecto-para-nueva-finca-cerca-de-lloret-de-vistalegre\/\" target=\"_self\">\n                Parcela en venta en Lloret de Vistalegre con licencia y proyecto para finca de nueva construcci\u00f3n                <\/a> \n            <\/h4> \n        \n            <div class=\"property_listing_details\">\n                <div class=\"smallCol\"><div class=\"inforoom_unit_type2\"><\/div><div>3<\/div><\/div><div class=\"smallCol\"><div class=\"infobath_unit_type2\"><\/div><div>3<\/div><\/div><div class=\"smallCol\"><div class=\"infosize_unit_type2\"><\/div><div>0 m&sup2;<\/div><\/div><div class=\"smallCol\"><div class=\"infolotsize_unit_type2\"><\/div><div>14630 m&sup2;<\/div><\/div>            <\/div>\n\t\t\n            <div class=\"listing_unit_price_wrapper\">850.000 \u20ac <span class=\"price_label\"><\/span><\/div>               \n            <div class=\"property_location\">\n                    \n                    <div class=\"ownerNotes\">5170<\/div><div class=\"propertyArea\"><a href=\"https:\/\/www.privatepropertymallorca.com\/es\/state\/centro-de-la-isla\/\" rel=\"tag\">Centro de la isla<\/a>, <a href=\"https:\/\/www.privatepropertymallorca.com\/es\/ort\/lloret-de-vista-alegre-es\/\" rel=\"tag\">Lloret de Vista Alegre<\/a><\/div>                        <\/div>        <\/div>             \n    <\/div>\n  \n\n\n\n<div class=\"col-md-3 shortcode-col has_4per_row  listing_wrapper property_unit_type2\" data-org=\"4\" data-listid=\"1251908\" > \n    <div class=\"property_listing property_unit_type2  \" data-link=\"https:\/\/www.privatepropertymallorca.com\/es\/propiedades\/complejo-de-69-viviendas-cerca-de-es-trenc\/\">\n        \n        <div class=\"listing-unit-img-wrapper\"><a href=\"https:\/\/www.privatepropertymallorca.com\/es\/propiedades\/complejo-de-69-viviendas-cerca-de-es-trenc\/\" target=\"_self\"><img loading=\"lazy\" decoding=\"async\" width=\"525\" height=\"328\" src=\"https:\/\/www.privatepropertymallorca.com\/wp-content\/uploads\/2026\/04\/317083b7-7b64-4799-bca2-e176616c1b88-2-525x328.jpg\" class=\"lazyload img-responsive wp-post-image\" alt=\"4246 - Reihenhaus in Sa Rapita27\" data-original=\"https:\/\/www.privatepropertymallorca.com\/wp-content\/uploads\/2026\/04\/317083b7-7b64-4799-bca2-e176616c1b88-2-525x328.jpg\" \/><\/a><div class=\"tag-wrapper\"><div class=\"status-wrapper\"><\/div><\/div><\/div>\n\n            <h4><a href=\"https:\/\/www.privatepropertymallorca.com\/es\/propiedades\/complejo-de-69-viviendas-cerca-de-es-trenc\/\" target=\"_self\">\n                Complejo de apartamentos cerca de Es Trenc en venta con 69 pisos                <\/a> \n            <\/h4> \n        \n            <div class=\"property_listing_details\">\n                <div class=\"smallCol\"><div class=\"inforoom_unit_type2\"><\/div><div>3<\/div><\/div><div class=\"smallCol\"><div class=\"infobath_unit_type2\"><\/div><div>2<\/div><\/div><div class=\"smallCol\"><div class=\"infosize_unit_type2\"><\/div><div>0 m&sup2;<\/div><\/div><div class=\"smallCol\"><div class=\"infolotsize_unit_type2\"><\/div><div>0 m&sup2;<\/div><\/div>            <\/div>\n\t\t\n            <div class=\"listing_unit_price_wrapper\">899.000 \u20ac <span class=\"price_label\"><\/span><\/div>               \n            <div class=\"property_location\">\n                    \n                    <div class=\"ownerNotes\">B-4246<\/div><div class=\"propertyArea\"><a href=\"https:\/\/www.privatepropertymallorca.com\/es\/state\/sureste\/\" rel=\"tag\">Sureste<\/a>, <a href=\"https:\/\/www.privatepropertymallorca.com\/es\/ort\/sa-rapita-es\/\" rel=\"tag\">Sa Rapita<\/a><\/div>                        <\/div>        <\/div>             \n    <\/div>\n  \n\n\n\n<div class=\"col-md-3 shortcode-col has_4per_row  listing_wrapper property_unit_type2\" data-org=\"4\" data-listid=\"1293040\" > \n    <div class=\"property_listing property_unit_type2  \" data-link=\"https:\/\/www.privatepropertymallorca.com\/es\/propiedades\/top-inversion-con-rentabilidad-garantizada-pisos-de-1-dormitorio-en-portocolom\/\">\n        \n        <div class=\"listing-unit-img-wrapper\"><a href=\"https:\/\/www.privatepropertymallorca.com\/es\/propiedades\/top-inversion-con-rentabilidad-garantizada-pisos-de-1-dormitorio-en-portocolom\/\" target=\"_self\"><img loading=\"lazy\" decoding=\"async\" width=\"525\" height=\"328\" src=\"https:\/\/www.privatepropertymallorca.com\/wp-content\/uploads\/2026\/03\/7afb895d-ec6e-4c93-b8c4-42e0cfe84ac3-2-525x328.jpg\" class=\"lazyload img-responsive wp-post-image\" alt=\"ETV LOGO PPM  (4)\" data-original=\"https:\/\/www.privatepropertymallorca.com\/wp-content\/uploads\/2026\/03\/7afb895d-ec6e-4c93-b8c4-42e0cfe84ac3-2-525x328.jpg\" \/><\/a><div class=\"tag-wrapper\"><div class=\"status-wrapper\"><div class=\"ribbon-inside holiday-rental-licence\">Holiday rental licence<\/div><\/div><\/div><\/div>\n\n            <h4><a href=\"https:\/\/www.privatepropertymallorca.com\/es\/propiedades\/top-inversion-con-rentabilidad-garantizada-pisos-de-1-dormitorio-en-portocolom\/\" target=\"_self\">\n                Top inversi\u00f3n en Portocolom en venta con rentabilidad garantizada, pisos de 1 dormitorio                <\/a> \n            <\/h4> \n        \n            <div class=\"property_listing_details\">\n                <div class=\"smallCol\"><div class=\"inforoom_unit_type2\"><\/div><div>1<\/div><\/div><div class=\"smallCol\"><div class=\"infobath_unit_type2\"><\/div><div>1<\/div><\/div><div class=\"smallCol\"><div class=\"infosize_unit_type2\"><\/div><div>60 m&sup2;<\/div><\/div><div class=\"smallCol\"><div class=\"infolotsize_unit_type2\"><\/div><div>7438 m&sup2;<\/div><\/div>            <\/div>\n\t\t\n            <div class=\"listing_unit_price_wrapper\">294.000 \u20ac <span class=\"price_label\"><\/span><\/div>               \n            <div class=\"property_location\">\n                    \n                    <div class=\"ownerNotes\">5503<\/div><div class=\"propertyArea\"><a href=\"https:\/\/www.privatepropertymallorca.com\/es\/state\/sureste\/\" rel=\"tag\">Sureste<\/a>, <a href=\"https:\/\/www.privatepropertymallorca.com\/es\/ort\/portocolom-es\/\" rel=\"tag\">Portocolom<\/a><\/div>                        <\/div>        <\/div>             \n    <\/div>\n  \n\n\n\n<div class=\"col-md-3 shortcode-col has_4per_row  listing_wrapper property_unit_type2\" data-org=\"4\" data-listid=\"1280422\" > \n    <div class=\"property_listing property_unit_type2  \" data-link=\"https:\/\/www.privatepropertymallorca.com\/es\/propiedades\/finca-en-porreres-con-licencia-de-alquiler-vacacional-privacidad-y-vinedo-propio\/\">\n        \n        <div class=\"listing-unit-img-wrapper\"><a href=\"https:\/\/www.privatepropertymallorca.com\/es\/propiedades\/finca-en-porreres-con-licencia-de-alquiler-vacacional-privacidad-y-vinedo-propio\/\" target=\"_self\"><img loading=\"lazy\" decoding=\"async\" width=\"525\" height=\"328\" src=\"https:\/\/www.privatepropertymallorca.com\/wp-content\/uploads\/2026\/03\/8ef3ef97-4f10-4568-9aad-41edd0e06c10-2-525x328.jpg\" class=\"lazyload img-responsive wp-post-image\" alt=\"ETV LOGO PPM  (2)\" data-original=\"https:\/\/www.privatepropertymallorca.com\/wp-content\/uploads\/2026\/03\/8ef3ef97-4f10-4568-9aad-41edd0e06c10-2-525x328.jpg\" \/><\/a><div class=\"tag-wrapper\"><div class=\"status-wrapper\"><div class=\"ribbon-inside holiday-rental-licence\">Holiday rental licence<\/div><\/div><\/div><\/div>\n\n            <h4><a href=\"https:\/\/www.privatepropertymallorca.com\/es\/propiedades\/finca-en-porreres-con-licencia-de-alquiler-vacacional-privacidad-y-vinedo-propio\/\" target=\"_self\">\n                Finca en Porreres en venta con licencia de alquiler vacacional y mucha privacidad                <\/a> \n            <\/h4> \n        \n            <div class=\"property_listing_details\">\n                <div class=\"smallCol\"><div class=\"inforoom_unit_type2\"><\/div><div>2<\/div><\/div><div class=\"smallCol\"><div class=\"infobath_unit_type2\"><\/div><div>2<\/div><\/div><div class=\"smallCol\"><div class=\"infosize_unit_type2\"><\/div><div>200 m&sup2;<\/div><\/div><div class=\"smallCol\"><div class=\"infolotsize_unit_type2\"><\/div><div>22000 m&sup2;<\/div><\/div>            <\/div>\n\t\t\n            <div class=\"listing_unit_price_wrapper\"><span class=\"price_label price_label_before\">on request<\/span>  <span class=\"price_label\"><\/span><\/div>               \n            <div class=\"property_location\">\n                    \n                    <div class=\"ownerNotes\">5469<\/div><div class=\"propertyArea\"><a href=\"https:\/\/www.privatepropertymallorca.com\/es\/state\/centro-de-la-isla\/\" rel=\"tag\">Centro de la isla<\/a>, <a href=\"https:\/\/www.privatepropertymallorca.com\/es\/ort\/porreres-es\/\" rel=\"tag\">Porreres<\/a><\/div>                        <\/div>        <\/div>             \n    <\/div>\n  \n\n\n\n<div class=\"col-md-3 shortcode-col has_4per_row  listing_wrapper property_unit_type2\" data-org=\"4\" data-listid=\"1291352\" > \n    <div class=\"property_listing property_unit_type2  \" data-link=\"https:\/\/www.privatepropertymallorca.com\/es\/propiedades\/moderna-casa-de-pueblo-en-soller-con-fantasticas-vistas-a-la-sierra-de-tramuntana\/\">\n        \n        <div class=\"listing-unit-img-wrapper\"><a href=\"https:\/\/www.privatepropertymallorca.com\/es\/propiedades\/moderna-casa-de-pueblo-en-soller-con-fantasticas-vistas-a-la-sierra-de-tramuntana\/\" target=\"_self\"><img loading=\"lazy\" decoding=\"async\" width=\"525\" height=\"328\" src=\"https:\/\/www.privatepropertymallorca.com\/wp-content\/uploads\/2026\/04\/a0dddcd6-0275-4ea2-ad91-1841b040266e-2-525x328.jpg\" class=\"lazyload img-responsive wp-post-image\" alt=\"4795 - Townhouse in Soller 36\" data-original=\"https:\/\/www.privatepropertymallorca.com\/wp-content\/uploads\/2026\/04\/a0dddcd6-0275-4ea2-ad91-1841b040266e-2-525x328.jpg\" \/><\/a><div class=\"tag-wrapper\"><div class=\"status-wrapper\"><\/div><\/div><\/div>\n\n            <h4><a href=\"https:\/\/www.privatepropertymallorca.com\/es\/propiedades\/moderna-casa-de-pueblo-en-soller-con-fantasticas-vistas-a-la-sierra-de-tramuntana\/\" target=\"_self\">\n                Moderna casa de pueblo en venta en S\u00f3ller con fant\u00e1sticas vistas a la Sierra de Tramuntana                <\/a> \n            <\/h4> \n        \n            <div class=\"property_listing_details\">\n                <div class=\"smallCol\"><div class=\"inforoom_unit_type2\"><\/div><div>3<\/div><\/div><div class=\"smallCol\"><div class=\"infobath_unit_type2\"><\/div><div>3<\/div><\/div><div class=\"smallCol\"><div class=\"infosize_unit_type2\"><\/div><div>200 m&sup2;<\/div><\/div><div class=\"smallCol\"><div class=\"infolotsize_unit_type2\"><\/div><div>186 m&sup2;<\/div><\/div>            <\/div>\n\t\t\n            <div class=\"listing_unit_price_wrapper\">1.190.000 \u20ac <span class=\"price_label\"><\/span><\/div>               \n            <div class=\"property_location\">\n                    \n                    <div class=\"ownerNotes\">D-4795<\/div><div class=\"propertyArea\"><a href=\"https:\/\/www.privatepropertymallorca.com\/es\/state\/oeste\/\" rel=\"tag\">Oeste<\/a>, <a href=\"https:\/\/www.privatepropertymallorca.com\/es\/ort\/soller-es\/\" rel=\"tag\">Soller<\/a><\/div>                        <\/div>        <\/div>             \n    <\/div>\n  \n\n\n\n<div class=\"col-md-3 shortcode-col has_4per_row  listing_wrapper property_unit_type2\" data-org=\"4\" data-listid=\"1202218\" > \n    <div class=\"property_listing property_unit_type2  \" data-link=\"https:\/\/www.privatepropertymallorca.com\/es\/propiedades\/adosado-de-obra-nueva-en-el-terreno-con-jacuzzi-y-vistas-al-mar\/\">\n        \n        <div class=\"listing-unit-img-wrapper\"><a href=\"https:\/\/www.privatepropertymallorca.com\/es\/propiedades\/adosado-de-obra-nueva-en-el-terreno-con-jacuzzi-y-vistas-al-mar\/\" target=\"_self\"><img loading=\"lazy\" decoding=\"async\" width=\"525\" height=\"328\" src=\"https:\/\/www.privatepropertymallorca.com\/wp-content\/uploads\/2025\/04\/c9c50267-db62-4c48-9098-8d81acaee7df-4-525x328.jpg\" class=\"lazyload img-responsive wp-post-image\" alt=\"5231 Stadthaus mit Meerblick in El Terreno19\" data-original=\"https:\/\/www.privatepropertymallorca.com\/wp-content\/uploads\/2025\/04\/c9c50267-db62-4c48-9098-8d81acaee7df-4-525x328.jpg\" \/><\/a><div class=\"tag-wrapper\"><div class=\"status-wrapper\"><\/div><\/div><\/div>\n\n            <h4><a href=\"https:\/\/www.privatepropertymallorca.com\/es\/propiedades\/adosado-de-obra-nueva-en-el-terreno-con-jacuzzi-y-vistas-al-mar\/\" target=\"_self\">\n                Adosado de obra nueva en venta en El Terreno con jacuzzi y vistas al mar                <\/a> \n            <\/h4> \n        \n            <div class=\"property_listing_details\">\n                <div class=\"smallCol\"><div class=\"inforoom_unit_type2\"><\/div><div>3<\/div><\/div><div class=\"smallCol\"><div class=\"infobath_unit_type2\"><\/div><div>2<\/div><\/div><div class=\"smallCol\"><div class=\"infosize_unit_type2\"><\/div><div>196 m&sup2;<\/div><\/div><div class=\"smallCol\"><div class=\"infolotsize_unit_type2\"><\/div><div>0 m&sup2;<\/div><\/div>            <\/div>\n\t\t\n            <div class=\"listing_unit_price_wrapper\">995.000 \u20ac <span class=\"price_label\"><\/span><\/div>               \n            <div class=\"property_location\">\n                    \n                    <div class=\"ownerNotes\">5239_4<\/div><div class=\"propertyArea\"><a href=\"https:\/\/www.privatepropertymallorca.com\/es\/state\/palma-y-alrededores\/\" rel=\"tag\">Palma y alrededores<\/a>, <a href=\"https:\/\/www.privatepropertymallorca.com\/es\/ort\/el-terreno-es\/\" rel=\"tag\">El Terreno<\/a><\/div>                        <\/div>        <\/div>             \n    <\/div>\n  \n\n\n\n<div class=\"col-md-3 shortcode-col has_4per_row  listing_wrapper property_unit_type2\" data-org=\"4\" data-listid=\"1206173\" > \n    <div class=\"property_listing property_unit_type2  \" data-link=\"https:\/\/www.privatepropertymallorca.com\/es\/propiedades\/encantadora-casa-de-pueblo-en-bunyola-con-zona-de-invitados-e-impresionantes-vistas-a-la-montana\/\">\n        \n        <div class=\"listing-unit-img-wrapper\"><a href=\"https:\/\/www.privatepropertymallorca.com\/es\/propiedades\/encantadora-casa-de-pueblo-en-bunyola-con-zona-de-invitados-e-impresionantes-vistas-a-la-montana\/\" target=\"_self\"><img loading=\"lazy\" decoding=\"async\" width=\"525\" height=\"328\" src=\"https:\/\/www.privatepropertymallorca.com\/wp-content\/uploads\/2025\/06\/521d1b7e-b961-40f0-bd71-0829af99f99d-2-525x328.jpg\" class=\"lazyload img-responsive wp-post-image\" alt=\"5206 Entz\u00fcckendes Dorfhaus in Bunyola mit G\u00e4stebereich und herrlichem Bergblick 12\" data-original=\"https:\/\/www.privatepropertymallorca.com\/wp-content\/uploads\/2025\/06\/521d1b7e-b961-40f0-bd71-0829af99f99d-2-525x328.jpg\" \/><\/a><div class=\"tag-wrapper\"><div class=\"status-wrapper\"><\/div><\/div><\/div>\n\n            <h4><a href=\"https:\/\/www.privatepropertymallorca.com\/es\/propiedades\/encantadora-casa-de-pueblo-en-bunyola-con-zona-de-invitados-e-impresionantes-vistas-a-la-montana\/\" target=\"_self\">\n                Encantadora casa de pueblo en venta en Bunyola con zona de invitados e impresionantes vistas a la monta\u00f1a                <\/a> \n            <\/h4> \n        \n            <div class=\"property_listing_details\">\n                <div class=\"smallCol\"><div class=\"inforoom_unit_type2\"><\/div><div>3<\/div><\/div><div class=\"smallCol\"><div class=\"infobath_unit_type2\"><\/div><div>2<\/div><\/div><div class=\"smallCol\"><div class=\"infosize_unit_type2\"><\/div><div>136 m&sup2;<\/div><\/div><div class=\"smallCol\"><div class=\"infolotsize_unit_type2\"><\/div><div>189 m&sup2;<\/div><\/div>            <\/div>\n\t\t\n            <div class=\"listing_unit_price_wrapper\">699.000 \u20ac <span class=\"price_label\"><\/span><\/div>               \n            <div class=\"property_location\">\n                    \n                    <div class=\"ownerNotes\">5206<\/div><div class=\"propertyArea\"><a href=\"https:\/\/www.privatepropertymallorca.com\/es\/state\/oeste\/\" rel=\"tag\">Oeste<\/a>, <a href=\"https:\/\/www.privatepropertymallorca.com\/es\/ort\/bunyola-es\/\" rel=\"tag\">Bunyola<\/a><\/div>                        <\/div>        <\/div>             \n    <\/div>\n  \n\n\n\n<div class=\"col-md-3 shortcode-col has_4per_row  listing_wrapper property_unit_type2\" data-org=\"4\" data-listid=\"905260\" > \n    <div class=\"property_listing property_unit_type2  \" data-link=\"https:\/\/www.privatepropertymallorca.com\/es\/propiedades\/apartamento-magnificamente-renovado-en-la-mejor-ubicacion-en-el-corazon-del-casco-antiguo-de-palma-calatrava\/\">\n        \n        <div class=\"listing-unit-img-wrapper\"><a href=\"https:\/\/www.privatepropertymallorca.com\/es\/propiedades\/apartamento-magnificamente-renovado-en-la-mejor-ubicacion-en-el-corazon-del-casco-antiguo-de-palma-calatrava\/\" target=\"_self\"><img loading=\"lazy\" decoding=\"async\" width=\"525\" height=\"328\" src=\"https:\/\/www.privatepropertymallorca.com\/wp-content\/uploads\/2026\/04\/0781476e-e24e-4a3f-8441-7e899d433788-2-525x328.jpg\" class=\"lazyload img-responsive wp-post-image\" alt=\"A-3105, Palma 12\" data-original=\"https:\/\/www.privatepropertymallorca.com\/wp-content\/uploads\/2026\/04\/0781476e-e24e-4a3f-8441-7e899d433788-2-525x328.jpg\" \/><\/a><div class=\"tag-wrapper\"><div class=\"status-wrapper\"><\/div><\/div><\/div>\n\n            <h4><a href=\"https:\/\/www.privatepropertymallorca.com\/es\/propiedades\/apartamento-magnificamente-renovado-en-la-mejor-ubicacion-en-el-corazon-del-casco-antiguo-de-palma-calatrava\/\" target=\"_self\">\n                Piso excelentemente reformado en venta en Palma &#8211; Calatrava                <\/a> \n            <\/h4> \n        \n            <div class=\"property_listing_details\">\n                <div class=\"smallCol\"><div class=\"inforoom_unit_type2\"><\/div><div>3<\/div><\/div><div class=\"smallCol\"><div class=\"infobath_unit_type2\"><\/div><div>2<\/div><\/div><div class=\"smallCol\"><div class=\"infosize_unit_type2\"><\/div><div>116 m&sup2;<\/div><\/div><div class=\"smallCol\"><div class=\"infolotsize_unit_type2\"><\/div><div>0 m&sup2;<\/div><\/div>            <\/div>\n\t\t\n            <div class=\"listing_unit_price_wrapper\">800.000 \u20ac <span class=\"price_label\"><\/span><\/div>               \n            <div class=\"property_location\">\n                    \n                    <div class=\"ownerNotes\">A-3105<\/div><div class=\"propertyArea\"><a href=\"https:\/\/www.privatepropertymallorca.com\/es\/state\/palma-y-alrededores\/\" rel=\"tag\">Palma y alrededores<\/a>, <a href=\"https:\/\/www.privatepropertymallorca.com\/es\/ort\/palma-oldtown-es-2\/\" rel=\"tag\">Palma Oldtown<\/a><\/div>                        <\/div>        <\/div>             \n    <\/div>\n  \n\n\n\n<div class=\"col-md-3 shortcode-col has_4per_row  listing_wrapper property_unit_type2\" data-org=\"4\" data-listid=\"1289424\" > \n    <div class=\"property_listing property_unit_type2  \" data-link=\"https:\/\/www.privatepropertymallorca.com\/es\/propiedades\/reservado-apartamento-de-diseno-en-palma-de-nueva-construccion-con-amplia-y-soleada-terraza\/\">\n        \n        <div class=\"listing-unit-img-wrapper\"><a href=\"https:\/\/www.privatepropertymallorca.com\/es\/propiedades\/reservado-apartamento-de-diseno-en-palma-de-nueva-construccion-con-amplia-y-soleada-terraza\/\" target=\"_self\"><img loading=\"lazy\" decoding=\"async\" width=\"525\" height=\"328\" src=\"https:\/\/www.privatepropertymallorca.com\/wp-content\/uploads\/2026\/04\/5a2d164c-e618-4185-ba40-ac60ded744df-2-525x328.jpg\" class=\"lazyload img-responsive wp-post-image\" alt=\"A-2952_3 Designerwohnung in Palma, Neubau mit gro\u00dfer, sonniger Terrasse 6\" data-original=\"https:\/\/www.privatepropertymallorca.com\/wp-content\/uploads\/2026\/04\/5a2d164c-e618-4185-ba40-ac60ded744df-2-525x328.jpg\" \/><\/a><div class=\"tag-wrapper\"><div class=\"status-wrapper\"><\/div><\/div><\/div>\n\n            <h4><a href=\"https:\/\/www.privatepropertymallorca.com\/es\/propiedades\/reservado-apartamento-de-diseno-en-palma-de-nueva-construccion-con-amplia-y-soleada-terraza\/\" target=\"_self\">\n                Piso de dise\u00f1o en venta en Palma, de nueva construcci\u00f3n con amplia y soleada terraza                <\/a> \n            <\/h4> \n        \n            <div class=\"property_listing_details\">\n                <div class=\"smallCol\"><div class=\"inforoom_unit_type2\"><\/div><div>2<\/div><\/div><div class=\"smallCol\"><div class=\"infobath_unit_type2\"><\/div><div>2<\/div><\/div><div class=\"smallCol\"><div class=\"infosize_unit_type2\"><\/div><div>135 m&sup2;<\/div><\/div><div class=\"smallCol\"><div class=\"infolotsize_unit_type2\"><\/div><div>0 m&sup2;<\/div><\/div>            <\/div>\n\t\t\n            <div class=\"listing_unit_price_wrapper\">1.050.250 \u20ac <span class=\"price_label\"><\/span><\/div>               \n            <div class=\"property_location\">\n                    \n                    <div class=\"ownerNotes\">A-2952_3<\/div><div class=\"propertyArea\"><a href=\"https:\/\/www.privatepropertymallorca.com\/es\/state\/palma-y-alrededores\/\" rel=\"tag\">Palma y alrededores<\/a>, <a href=\"https:\/\/www.privatepropertymallorca.com\/es\/ort\/son-armadams-es\/\" rel=\"tag\">Son Armadams<\/a><\/div>                        <\/div>        <\/div>             \n    <\/div>\n  \n\n\n\n<div class=\"col-md-3 shortcode-col has_4per_row  listing_wrapper property_unit_type2\" data-org=\"4\" data-listid=\"1100930\" > \n    <div class=\"property_listing property_unit_type2  \" data-link=\"https:\/\/www.privatepropertymallorca.com\/es\/propiedades\/primera-ocupacion-elegante-atico-duplex-en-palma-cerca-de-santa-catalina-con-terraza-privada\/\">\n        \n        <div class=\"listing-unit-img-wrapper\"><a href=\"https:\/\/www.privatepropertymallorca.com\/es\/propiedades\/primera-ocupacion-elegante-atico-duplex-en-palma-cerca-de-santa-catalina-con-terraza-privada\/\" target=\"_self\"><img loading=\"lazy\" decoding=\"async\" width=\"525\" height=\"328\" src=\"https:\/\/www.privatepropertymallorca.com\/wp-content\/uploads\/2026\/04\/bcc2a13f-9d76-4979-89e5-8451c5a27196-2-525x328.jpg\" class=\"lazyload img-responsive wp-post-image\" alt=\"4980-119 ERSTBEZUG! Stylisches Duplex-Penthaus in Palma, nah zu Santa Catalina, mit privater Terrasse 7\" data-original=\"https:\/\/www.privatepropertymallorca.com\/wp-content\/uploads\/2026\/04\/bcc2a13f-9d76-4979-89e5-8451c5a27196-2-525x328.jpg\" srcset=\"https:\/\/www.privatepropertymallorca.com\/wp-content\/uploads\/2026\/04\/bcc2a13f-9d76-4979-89e5-8451c5a27196-2-525x328.jpg 525w, https:\/\/www.privatepropertymallorca.com\/wp-content\/uploads\/2026\/04\/bcc2a13f-9d76-4979-89e5-8451c5a27196-2-1200x749.jpg 1200w, https:\/\/www.privatepropertymallorca.com\/wp-content\/uploads\/2026\/04\/bcc2a13f-9d76-4979-89e5-8451c5a27196-2-1900x1187.jpg 1900w, https:\/\/www.privatepropertymallorca.com\/wp-content\/uploads\/2026\/04\/bcc2a13f-9d76-4979-89e5-8451c5a27196-2-600x375.jpg 600w, https:\/\/www.privatepropertymallorca.com\/wp-content\/uploads\/2026\/04\/bcc2a13f-9d76-4979-89e5-8451c5a27196-2-768x480.jpg 768w, https:\/\/www.privatepropertymallorca.com\/wp-content\/uploads\/2026\/04\/bcc2a13f-9d76-4979-89e5-8451c5a27196-2-1536x959.jpg 1536w, https:\/\/www.privatepropertymallorca.com\/wp-content\/uploads\/2026\/04\/bcc2a13f-9d76-4979-89e5-8451c5a27196-2.jpg 1920w\" sizes=\"(max-width: 525px) 100vw, 525px\" \/><\/a><div class=\"tag-wrapper\"><div class=\"status-wrapper\"><\/div><\/div><\/div>\n\n            <h4><a href=\"https:\/\/www.privatepropertymallorca.com\/es\/propiedades\/primera-ocupacion-elegante-atico-duplex-en-palma-cerca-de-santa-catalina-con-terraza-privada\/\" target=\"_self\">\n                \u00a1PRIMERA OCUPACI\u00d3N! Elegante \u00e1tico d\u00faplex Santa Catalina en venta, con terraza privada                <\/a> \n            <\/h4> \n        \n            <div class=\"property_listing_details\">\n                <div class=\"smallCol\"><div class=\"inforoom_unit_type2\"><\/div><div>2<\/div><\/div><div class=\"smallCol\"><div class=\"infobath_unit_type2\"><\/div><div>2<\/div><\/div><div class=\"smallCol\"><div class=\"infosize_unit_type2\"><\/div><div>95 m&sup2;<\/div><\/div><div class=\"smallCol\"><div class=\"infolotsize_unit_type2\"><\/div><div>0 m&sup2;<\/div><\/div>            <\/div>\n\t\t\n            <div class=\"listing_unit_price_wrapper\">529.000 \u20ac <span class=\"price_label\"><\/span><\/div>               \n            <div class=\"property_location\">\n                    \n                    <div class=\"ownerNotes\">4980-119<\/div><div class=\"propertyArea\"><a href=\"https:\/\/www.privatepropertymallorca.com\/es\/state\/palma-y-alrededores\/\" rel=\"tag\">Palma y alrededores<\/a>, <a href=\"https:\/\/www.privatepropertymallorca.com\/es\/ort\/palma-es\/\" rel=\"tag\">Palma<\/a><\/div>                        <\/div>        <\/div>             \n    <\/div>\n  \n\n\n\n<div class=\"col-md-3 shortcode-col has_4per_row  listing_wrapper property_unit_type2\" data-org=\"4\" data-listid=\"1270511\" > \n    <div class=\"property_listing property_unit_type2  \" data-link=\"https:\/\/www.privatepropertymallorca.com\/es\/propiedades\/piso-impecable-en-palma-en-un-barrio-exclusivo\/\">\n        \n        <div class=\"listing-unit-img-wrapper\"><a href=\"https:\/\/www.privatepropertymallorca.com\/es\/propiedades\/piso-impecable-en-palma-en-un-barrio-exclusivo\/\" target=\"_self\"><img loading=\"lazy\" decoding=\"async\" width=\"525\" height=\"328\" src=\"https:\/\/www.privatepropertymallorca.com\/wp-content\/uploads\/2026\/04\/4a925714-6dee-47c9-ac70-97ac78580e1f-2-525x328.jpg\" class=\"lazyload img-responsive wp-post-image\" alt=\"5416  - Apartment in Bonanova 24\" data-original=\"https:\/\/www.privatepropertymallorca.com\/wp-content\/uploads\/2026\/04\/4a925714-6dee-47c9-ac70-97ac78580e1f-2-525x328.jpg\" \/><\/a><div class=\"tag-wrapper\"><div class=\"status-wrapper\"><\/div><\/div><\/div>\n\n            <h4><a href=\"https:\/\/www.privatepropertymallorca.com\/es\/propiedades\/piso-impecable-en-palma-en-un-barrio-exclusivo\/\" target=\"_self\">\n                Se vende impecable piso en Palma en un barrio exclusivo                <\/a> \n            <\/h4> \n        \n            <div class=\"property_listing_details\">\n                <div class=\"smallCol\"><div class=\"inforoom_unit_type2\"><\/div><div>3<\/div><\/div><div class=\"smallCol\"><div class=\"infobath_unit_type2\"><\/div><div>2<\/div><\/div><div class=\"smallCol\"><div class=\"infosize_unit_type2\"><\/div><div>199 m&sup2;<\/div><\/div><div class=\"smallCol\"><div class=\"infolotsize_unit_type2\"><\/div><div>0 m&sup2;<\/div><\/div>            <\/div>\n\t\t\n            <div class=\"listing_unit_price_wrapper\">910.000 \u20ac <span class=\"price_label\"><\/span><\/div>               \n            <div class=\"property_location\">\n                    \n                    <div class=\"ownerNotes\">5416<\/div><div class=\"propertyArea\"><a href=\"https:\/\/www.privatepropertymallorca.com\/es\/state\/palma-y-alrededores\/\" rel=\"tag\">Palma y alrededores<\/a>, <a href=\"https:\/\/www.privatepropertymallorca.com\/es\/ort\/bonanova-es\/\" rel=\"tag\">Bonanova<\/a><\/div>                        <\/div>        <\/div>             \n    <\/div>\n  \n\n\n\n<div class=\"col-md-3 shortcode-col has_4per_row  listing_wrapper property_unit_type2\" data-org=\"4\" data-listid=\"1289454\" > \n    <div class=\"property_listing property_unit_type2  \" data-link=\"https:\/\/www.privatepropertymallorca.com\/es\/propiedades\/fantastico-piso-nuevo-con-terraza-en-son-armadams-palma-centro\/\">\n        \n        <div class=\"listing-unit-img-wrapper\"><a href=\"https:\/\/www.privatepropertymallorca.com\/es\/propiedades\/fantastico-piso-nuevo-con-terraza-en-son-armadams-palma-centro\/\" target=\"_self\"><img loading=\"lazy\" decoding=\"async\" width=\"525\" height=\"328\" src=\"https:\/\/www.privatepropertymallorca.com\/wp-content\/uploads\/2025\/12\/Foto_302903-2-525x328.jpg\" class=\"lazyload img-responsive wp-post-image\" alt=\"A-2952_6 PROJEKT! Traumhaftes Neubau-Apartment mit Terrasse in Son Armadams - Palma Zentrum\" data-original=\"https:\/\/www.privatepropertymallorca.com\/wp-content\/uploads\/2025\/12\/Foto_302903-2-525x328.jpg\" srcset=\"https:\/\/www.privatepropertymallorca.com\/wp-content\/uploads\/2025\/12\/Foto_302903-2-525x328.jpg 525w, https:\/\/www.privatepropertymallorca.com\/wp-content\/uploads\/2025\/12\/Foto_302903-2-1200x750.jpg 1200w, https:\/\/www.privatepropertymallorca.com\/wp-content\/uploads\/2025\/12\/Foto_302903-2-1900x1188.jpg 1900w, https:\/\/www.privatepropertymallorca.com\/wp-content\/uploads\/2025\/12\/Foto_302903-2-600x375.jpg 600w, https:\/\/www.privatepropertymallorca.com\/wp-content\/uploads\/2025\/12\/Foto_302903-2-768x480.jpg 768w, https:\/\/www.privatepropertymallorca.com\/wp-content\/uploads\/2025\/12\/Foto_302903-2-1536x960.jpg 1536w, https:\/\/www.privatepropertymallorca.com\/wp-content\/uploads\/2025\/12\/Foto_302903-2.jpg 1920w\" sizes=\"(max-width: 525px) 100vw, 525px\" \/><\/a><div class=\"tag-wrapper\"><div class=\"status-wrapper\"><\/div><\/div><\/div>\n\n            <h4><a href=\"https:\/\/www.privatepropertymallorca.com\/es\/propiedades\/fantastico-piso-nuevo-con-terraza-en-son-armadams-palma-centro\/\" target=\"_self\">\n                Fant\u00e1stico piso nuevo en venta en Son Armadams con terraza- Palma centro                <\/a> \n            <\/h4> \n        \n            <div class=\"property_listing_details\">\n                <div class=\"smallCol\"><div class=\"inforoom_unit_type2\"><\/div><div>3<\/div><\/div><div class=\"smallCol\"><div class=\"infobath_unit_type2\"><\/div><div>2<\/div><\/div><div class=\"smallCol\"><div class=\"infosize_unit_type2\"><\/div><div>109 m&sup2;<\/div><\/div><div class=\"smallCol\"><div class=\"infolotsize_unit_type2\"><\/div><div>0 m&sup2;<\/div><\/div>            <\/div>\n\t\t\n            <div class=\"listing_unit_price_wrapper\">1.100.500 \u20ac <span class=\"price_label\"><\/span><\/div>               \n            <div class=\"property_location\">\n                    \n                    <div class=\"ownerNotes\">A-2952_6<\/div><div class=\"propertyArea\"><a href=\"https:\/\/www.privatepropertymallorca.com\/es\/state\/palma-y-alrededores\/\" rel=\"tag\">Palma y alrededores<\/a>, <a href=\"https:\/\/www.privatepropertymallorca.com\/es\/ort\/son-armadams-es\/\" rel=\"tag\">Son Armadams<\/a><\/div>                        <\/div>        <\/div>             \n    <\/div>\n  \n\n\n\n<div class=\"col-md-3 shortcode-col has_4per_row  listing_wrapper property_unit_type2\" data-org=\"4\" data-listid=\"1136268\" > \n    <div class=\"property_listing property_unit_type2  \" data-link=\"https:\/\/www.privatepropertymallorca.com\/es\/propiedades\/lujoso-apartamento-con-terraza-y-derecho-a-participar-en-el-diseno-en-el-centro-de-palma\/\">\n        \n        <div class=\"listing-unit-img-wrapper\"><a href=\"https:\/\/www.privatepropertymallorca.com\/es\/propiedades\/lujoso-apartamento-con-terraza-y-derecho-a-participar-en-el-diseno-en-el-centro-de-palma\/\" target=\"_self\"><img loading=\"lazy\" decoding=\"async\" width=\"525\" height=\"328\" src=\"https:\/\/www.privatepropertymallorca.com\/wp-content\/uploads\/2024\/05\/65a37047-b943-43c1-b9a5-c21e4c1a138a-2-525x328.jpg\" class=\"lazyload img-responsive wp-post-image\" alt=\"NEUBAU! Luxusri\u00f6ses Apartment mit Terrasse und Mitspracherecht bei der Gestaltung, mitten in Palma\" data-original=\"https:\/\/www.privatepropertymallorca.com\/wp-content\/uploads\/2024\/05\/65a37047-b943-43c1-b9a5-c21e4c1a138a-2-525x328.jpg\" \/><\/a><div class=\"tag-wrapper\"><div class=\"status-wrapper\"><div class=\"ribbon-inside project\">project<\/div><\/div><\/div><\/div>\n\n            <h4><a href=\"https:\/\/www.privatepropertymallorca.com\/es\/propiedades\/lujoso-apartamento-con-terraza-y-derecho-a-participar-en-el-diseno-en-el-centro-de-palma\/\" target=\"_self\">\n                Lujoso piso en venta en el centro de Palma con terraza y derecho a participar en el dise\u00f1o                <\/a> \n            <\/h4> \n        \n            <div class=\"property_listing_details\">\n                <div class=\"smallCol\"><div class=\"inforoom_unit_type2\"><\/div><div>1<\/div><\/div><div class=\"smallCol\"><div class=\"infobath_unit_type2\"><\/div><div>1<\/div><\/div><div class=\"smallCol\"><div class=\"infosize_unit_type2\"><\/div><div>105 m&sup2;<\/div><\/div><div class=\"smallCol\"><div class=\"infolotsize_unit_type2\"><\/div><div>0 m&sup2;<\/div><\/div>            <\/div>\n\t\t\n            <div class=\"listing_unit_price_wrapper\">699.000 \u20ac <span class=\"price_label\"><\/span><\/div>               \n            <div class=\"property_location\">\n                    \n                    <div class=\"ownerNotes\">A-4137_5<\/div><div class=\"propertyArea\"><a href=\"https:\/\/www.privatepropertymallorca.com\/es\/state\/palma-y-alrededores\/\" rel=\"tag\">Palma y alrededores<\/a>, <a href=\"https:\/\/www.privatepropertymallorca.com\/es\/ort\/son-espanyolet-es\/\" rel=\"tag\">Son Espanyolet<\/a><\/div>                        <\/div>        <\/div>             \n    <\/div>\n  \n\n\n\n<div class=\"col-md-3 shortcode-col has_4per_row  listing_wrapper property_unit_type2\" data-org=\"4\" data-listid=\"1292433\" > \n    <div class=\"property_listing property_unit_type2  \" data-link=\"https:\/\/www.privatepropertymallorca.com\/es\/propiedades\/neubauhaeuser-in-der-cala-romantica-doppelhaushaelfte-oder-villa-mit-zubuchbaren-extras-2\/\">\n        \n        <div class=\"listing-unit-img-wrapper\"><a href=\"https:\/\/www.privatepropertymallorca.com\/es\/propiedades\/neubauhaeuser-in-der-cala-romantica-doppelhaushaelfte-oder-villa-mit-zubuchbaren-extras-2\/\" target=\"_self\"><img loading=\"lazy\" decoding=\"async\" width=\"525\" height=\"328\" src=\"https:\/\/www.privatepropertymallorca.com\/wp-content\/uploads\/2026\/03\/b8769a4b-bfda-472e-9964-6ca19a8b3995-2-525x328.jpg\" class=\"lazyload img-responsive wp-post-image\" alt=\"6-Fachada\" data-original=\"https:\/\/www.privatepropertymallorca.com\/wp-content\/uploads\/2026\/03\/b8769a4b-bfda-472e-9964-6ca19a8b3995-2-525x328.jpg\" \/><\/a><div class=\"tag-wrapper\"><div class=\"status-wrapper\"><\/div><\/div><\/div>\n\n            <h4><a href=\"https:\/\/www.privatepropertymallorca.com\/es\/propiedades\/neubauhaeuser-in-der-cala-romantica-doppelhaushaelfte-oder-villa-mit-zubuchbaren-extras-2\/\" target=\"_self\">\n                Chalet de obra nueva en venta en Cala Romantica con extras reservables                <\/a> \n            <\/h4> \n        \n            <div class=\"property_listing_details\">\n                <div class=\"smallCol\"><div class=\"inforoom_unit_type2\"><\/div><div>4<\/div><\/div><div class=\"smallCol\"><div class=\"infobath_unit_type2\"><\/div><div>4<\/div><\/div><div class=\"smallCol\"><div class=\"infosize_unit_type2\"><\/div><div>0 m&sup2;<\/div><\/div><div class=\"smallCol\"><div class=\"infolotsize_unit_type2\"><\/div><div>543 m&sup2;<\/div><\/div>            <\/div>\n\t\t\n            <div class=\"listing_unit_price_wrapper\">755.000 \u20ac <span class=\"price_label\"><\/span><\/div>               \n            <div class=\"property_location\">\n                    \n                    <div class=\"ownerNotes\">5354<\/div><div class=\"propertyArea\"><a href=\"https:\/\/www.privatepropertymallorca.com\/es\/state\/sureste\/\" rel=\"tag\">Sureste<\/a>, <a href=\"https:\/\/www.privatepropertymallorca.com\/es\/ort\/cala-romantica-es\/\" rel=\"tag\">Cala Romantica<\/a><\/div>                        <\/div>        <\/div>             \n    <\/div>\n  \n\n\n\n<div class=\"col-md-3 shortcode-col has_4per_row  listing_wrapper property_unit_type2\" data-org=\"4\" data-listid=\"1269672\" > \n    <div class=\"property_listing property_unit_type2  \" data-link=\"https:\/\/www.privatepropertymallorca.com\/es\/propiedades\/piso-de-obra-nueva-en-una-zona-muy-solicitada-de-palma\/\">\n        \n        <div class=\"listing-unit-img-wrapper\"><a href=\"https:\/\/www.privatepropertymallorca.com\/es\/propiedades\/piso-de-obra-nueva-en-una-zona-muy-solicitada-de-palma\/\" target=\"_self\"><img decoding=\"async\" src=\"https:\/\/www.privatepropertymallorca.com\/wp-content\/themes\/wpresidence\/img\/defaults\/default_property_listings.jpg\" class=\"b-lazy img-responsive wp-post-image  lazy-hidden\" alt=imagen del usuario\" \/><\/a><div class=\"tag-wrapper\"><div class=\"status-wrapper\"><\/div><\/div><\/div>\n\n            <h4><a href=\"https:\/\/www.privatepropertymallorca.com\/es\/propiedades\/piso-de-obra-nueva-en-una-zona-muy-solicitada-de-palma\/\" target=\"_self\">\n                Se vende piso de obra nueva en Palma en zona muy solicitada                <\/a> \n            <\/h4> \n        \n            <div class=\"property_listing_details\">\n                <div class=\"smallCol\"><div class=\"inforoom_unit_type2\"><\/div><div>2<\/div><\/div><div class=\"smallCol\"><div class=\"infobath_unit_type2\"><\/div><div>2<\/div><\/div><div class=\"smallCol\"><div class=\"infosize_unit_type2\"><\/div><div>120 m&sup2;<\/div><\/div><div class=\"smallCol\"><div class=\"infolotsize_unit_type2\"><\/div><div>0 m&sup2;<\/div><\/div>            <\/div>\n\t\t\n            <div class=\"listing_unit_price_wrapper\">1.055.000 \u20ac <span class=\"price_label\"><\/span><\/div>               \n            <div class=\"property_location\">\n                    \n                    <div class=\"ownerNotes\">5430<\/div><div class=\"propertyArea\"><a href=\"https:\/\/www.privatepropertymallorca.com\/es\/state\/palma-y-alrededores\/\" rel=\"tag\">Palma y alrededores<\/a>, <a href=\"https:\/\/www.privatepropertymallorca.com\/es\/ort\/son-espanyolet-es\/\" rel=\"tag\">Son Espanyolet<\/a><\/div>                        <\/div>        <\/div>             \n    <\/div>\n  \n\n\n\n<div class=\"col-md-3 shortcode-col has_4per_row  listing_wrapper property_unit_type2\" data-org=\"4\" data-listid=\"1292338\" > \n    <div class=\"property_listing property_unit_type2  \" data-link=\"https:\/\/www.privatepropertymallorca.com\/es\/propiedades\/neubauhaeuser-in-der-cala-romantica-doppelhaushaelfte-oder-villa-mit-zubuchbaren-extras\/\">\n        \n        <div class=\"listing-unit-img-wrapper\"><a href=\"https:\/\/www.privatepropertymallorca.com\/es\/propiedades\/neubauhaeuser-in-der-cala-romantica-doppelhaushaelfte-oder-villa-mit-zubuchbaren-extras\/\" target=\"_self\"><img loading=\"lazy\" decoding=\"async\" width=\"525\" height=\"328\" src=\"https:\/\/www.privatepropertymallorca.com\/wp-content\/uploads\/2026\/03\/2108132a-3cfb-4c69-986b-7b9e86f38c36-2-525x328.jpg\" class=\"lazyload img-responsive wp-post-image\" alt=\"1-Piscina\" data-original=\"https:\/\/www.privatepropertymallorca.com\/wp-content\/uploads\/2026\/03\/2108132a-3cfb-4c69-986b-7b9e86f38c36-2-525x328.jpg\" \/><\/a><div class=\"tag-wrapper\"><div class=\"status-wrapper\"><\/div><\/div><\/div>\n\n            <h4><a href=\"https:\/\/www.privatepropertymallorca.com\/es\/propiedades\/neubauhaeuser-in-der-cala-romantica-doppelhaushaelfte-oder-villa-mit-zubuchbaren-extras\/\" target=\"_self\">\n                Casas de obra nueva en venta en Cala Romantica &#8211; casa adosada o chalet con extras reservables                <\/a> \n            <\/h4> \n        \n            <div class=\"property_listing_details\">\n                <div class=\"smallCol\"><div class=\"inforoom_unit_type2\"><\/div><div>3<\/div><\/div><div class=\"smallCol\"><div class=\"infobath_unit_type2\"><\/div><div>2<\/div><\/div><div class=\"smallCol\"><div class=\"infosize_unit_type2\"><\/div><div>0 m&sup2;<\/div><\/div><div class=\"smallCol\"><div class=\"infolotsize_unit_type2\"><\/div><div>409 m&sup2;<\/div><\/div>            <\/div>\n\t\t\n            <div class=\"listing_unit_price_wrapper\">495.000 \u20ac <span class=\"price_label\"><\/span><\/div>               \n            <div class=\"property_location\">\n                    \n                    <div class=\"ownerNotes\">5353<\/div><div class=\"propertyArea\">, <a href=\"https:\/\/www.privatepropertymallorca.com\/es\/ort\/mallorca-es\/\" rel=\"tag\">Mallorca<\/a><\/div>                        <\/div>        <\/div>             \n    <\/div>\n  \n\n\n\n<div class=\"col-md-3 shortcode-col has_4per_row  listing_wrapper property_unit_type2\" data-org=\"4\" data-listid=\"1221739\" > \n    <div class=\"property_listing property_unit_type2  \" data-link=\"https:\/\/www.privatepropertymallorca.com\/es\/propiedades\/en-construccion-piso-reformado-en-santa-catalina-en-zona-tranquila-con-terraza\/\">\n        \n        <div class=\"listing-unit-img-wrapper\"><a href=\"https:\/\/www.privatepropertymallorca.com\/es\/propiedades\/en-construccion-piso-reformado-en-santa-catalina-en-zona-tranquila-con-terraza\/\" target=\"_self\"><img loading=\"lazy\" decoding=\"async\" width=\"525\" height=\"328\" src=\"https:\/\/www.privatepropertymallorca.com\/wp-content\/uploads\/2025\/05\/b0342d91-9205-4696-80f9-f9ad6c878189-2-525x328.jpg\" class=\"lazyload img-responsive wp-post-image\" alt=\"5282 Wohnung in Santa Catalina 5\" data-original=\"https:\/\/www.privatepropertymallorca.com\/wp-content\/uploads\/2025\/05\/b0342d91-9205-4696-80f9-f9ad6c878189-2-525x328.jpg\" \/><\/a><div class=\"tag-wrapper\"><div class=\"status-wrapper\"><\/div><\/div><\/div>\n\n            <h4><a href=\"https:\/\/www.privatepropertymallorca.com\/es\/propiedades\/en-construccion-piso-reformado-en-santa-catalina-en-zona-tranquila-con-terraza\/\" target=\"_self\">\n                \u00a1EN CONSTRUCCI\u00d3N! Piso reformado en venta en Santa Catalina, en zona tranquila, con terraza                <\/a> \n            <\/h4> \n        \n            <div class=\"property_listing_details\">\n                <div class=\"smallCol\"><div class=\"inforoom_unit_type2\"><\/div><div>3<\/div><\/div><div class=\"smallCol\"><div class=\"infobath_unit_type2\"><\/div><div>2<\/div><\/div><div class=\"smallCol\"><div class=\"infosize_unit_type2\"><\/div><div>140 m&sup2;<\/div><\/div><div class=\"smallCol\"><div class=\"infolotsize_unit_type2\"><\/div><div>0 m&sup2;<\/div><\/div>            <\/div>\n\t\t\n            <div class=\"listing_unit_price_wrapper\">695.000 \u20ac <span class=\"price_label\"><\/span><\/div>               \n            <div class=\"property_location\">\n                    \n                    <div class=\"ownerNotes\">5282<\/div><div class=\"propertyArea\"><a href=\"https:\/\/www.privatepropertymallorca.com\/es\/state\/palma-y-alrededores\/\" rel=\"tag\">Palma y alrededores<\/a>, <a href=\"https:\/\/www.privatepropertymallorca.com\/es\/ort\/santa-catalina-es\/\" rel=\"tag\">Santa Catalina<\/a><\/div>                        <\/div>        <\/div>             \n    <\/div>\n  \n\n\n\n<div class=\"col-md-3 shortcode-col has_4per_row  listing_wrapper property_unit_type2\" data-org=\"4\" data-listid=\"1301141\" > \n    <div class=\"property_listing property_unit_type2  \" data-link=\"https:\/\/www.privatepropertymallorca.com\/es\/propiedades\/encantadora-casa-con-piscina-y-jardin-en-cala-blava-bellavista\/\">\n        \n        <div class=\"listing-unit-img-wrapper\"><a href=\"https:\/\/www.privatepropertymallorca.com\/es\/propiedades\/encantadora-casa-con-piscina-y-jardin-en-cala-blava-bellavista\/\" target=\"_self\"><img loading=\"lazy\" decoding=\"async\" width=\"525\" height=\"328\" src=\"https:\/\/www.privatepropertymallorca.com\/wp-content\/uploads\/2026\/04\/5bd8004d-a796-4d40-b302-5356dd3647ed-2-525x328.jpg\" class=\"lazyload img-responsive wp-post-image\" alt=\"5552 - Villa in Cala Blava 8\" data-original=\"https:\/\/www.privatepropertymallorca.com\/wp-content\/uploads\/2026\/04\/5bd8004d-a796-4d40-b302-5356dd3647ed-2-525x328.jpg\" \/><\/a><div class=\"tag-wrapper\"><div class=\"status-wrapper\"><\/div><\/div><\/div>\n\n            <h4><a href=\"https:\/\/www.privatepropertymallorca.com\/es\/propiedades\/encantadora-casa-con-piscina-y-jardin-en-cala-blava-bellavista\/\" target=\"_self\">\n                Encantadora casa con piscina y jard\u00edn en Cala Blava, Bellavista                <\/a> \n            <\/h4> \n        \n            <div class=\"property_listing_details\">\n                <div class=\"smallCol\"><div class=\"inforoom_unit_type2\"><\/div><div>3<\/div><\/div><div class=\"smallCol\"><div class=\"infobath_unit_type2\"><\/div><div>2<\/div><\/div><div class=\"smallCol\"><div class=\"infosize_unit_type2\"><\/div><div>0 m&sup2;<\/div><\/div><div class=\"smallCol\"><div class=\"infolotsize_unit_type2\"><\/div><div>988 m&sup2;<\/div><\/div>            <\/div>\n\t\t\n            <div class=\"listing_unit_price_wrapper\">955.000 \u20ac <span class=\"price_label\"><\/span><\/div>               \n            <div class=\"property_location\">\n                    \n                    <div class=\"ownerNotes\">5552<\/div><div class=\"propertyArea\"><a href=\"https:\/\/www.privatepropertymallorca.com\/es\/state\/sur\/\" rel=\"tag\">Sur<\/a>, <a href=\"https:\/\/www.privatepropertymallorca.com\/es\/ort\/bahia-blava-es\/\" rel=\"tag\">Bahia Blava<\/a><\/div>                        <\/div>        <\/div>             \n    <\/div>\n  \n\n\n\n<div class=\"col-md-3 shortcode-col has_4per_row  listing_wrapper property_unit_type2\" data-org=\"4\" data-listid=\"1261822\" > \n    <div class=\"property_listing property_unit_type2  \" data-link=\"https:\/\/www.privatepropertymallorca.com\/es\/propiedades\/encantador-piso-en-planta-baja-en-santa-ponsa-totalmente-reformado\/\">\n        \n        <div class=\"listing-unit-img-wrapper\"><a href=\"https:\/\/www.privatepropertymallorca.com\/es\/propiedades\/encantador-piso-en-planta-baja-en-santa-ponsa-totalmente-reformado\/\" target=\"_self\"><img loading=\"lazy\" decoding=\"async\" width=\"525\" height=\"328\" src=\"https:\/\/www.privatepropertymallorca.com\/wp-content\/uploads\/2026\/04\/b0304274-f0a3-49ab-b1a4-f4e4fb2bd566-2-525x328.jpg\" class=\"lazyload img-responsive wp-post-image\" alt=\"5079Charmante Erdgeschosswohnung in Santa Ponsa komplett renoviert 2\" data-original=\"https:\/\/www.privatepropertymallorca.com\/wp-content\/uploads\/2026\/04\/b0304274-f0a3-49ab-b1a4-f4e4fb2bd566-2-525x328.jpg\" \/><\/a><div class=\"tag-wrapper\"><div class=\"status-wrapper\"><\/div><\/div><\/div>\n\n            <h4><a href=\"https:\/\/www.privatepropertymallorca.com\/es\/propiedades\/encantador-piso-en-planta-baja-en-santa-ponsa-totalmente-reformado\/\" target=\"_self\">\n                Encantador piso en planta baja en Santa Ponsa totalmente reformado                <\/a> \n            <\/h4> \n        \n            <div class=\"property_listing_details\">\n                <div class=\"smallCol\"><div class=\"inforoom_unit_type2\"><\/div><div>2<\/div><\/div><div class=\"smallCol\"><div class=\"infobath_unit_type2\"><\/div><div>1<\/div><\/div><div class=\"smallCol\"><div class=\"infosize_unit_type2\"><\/div><div>81 m&sup2;<\/div><\/div><div class=\"smallCol\"><div class=\"infolotsize_unit_type2\"><\/div><div>0 m&sup2;<\/div><\/div>            <\/div>\n\t\t\n            <div class=\"listing_unit_price_wrapper\">460.000 \u20ac <span class=\"price_label\"><\/span><\/div>               \n            <div class=\"property_location\">\n                    \n                    <div class=\"ownerNotes\">5079<\/div><div class=\"propertyArea\"><a href=\"https:\/\/www.privatepropertymallorca.com\/es\/state\/suroeste\/\" rel=\"tag\">Suroeste<\/a>, <a href=\"https:\/\/www.privatepropertymallorca.com\/es\/ort\/santa-ponsa-es\/\" rel=\"tag\">Santa Ponsa<\/a><\/div>                        <\/div>        <\/div>             \n    <\/div>\n  \n\n\n\n<div class=\"col-md-3 shortcode-col has_4per_row  listing_wrapper property_unit_type2\" data-org=\"4\" data-listid=\"1281575\" > \n    <div class=\"property_listing property_unit_type2  \" data-link=\"https:\/\/www.privatepropertymallorca.com\/es\/propiedades\/muy-bonito-piso-en-portixol\/\">\n        \n        <div class=\"listing-unit-img-wrapper\"><a href=\"https:\/\/www.privatepropertymallorca.com\/es\/propiedades\/muy-bonito-piso-en-portixol\/\" target=\"_self\"><img loading=\"lazy\" decoding=\"async\" width=\"525\" height=\"328\" src=\"https:\/\/www.privatepropertymallorca.com\/wp-content\/uploads\/2025\/11\/e220a24e-e8ea-482a-848d-b065e30adcd0-2-525x328.jpg\" class=\"lazyload img-responsive wp-post-image\" alt=\"5441  - Apartment in Portixol1\" data-original=\"https:\/\/www.privatepropertymallorca.com\/wp-content\/uploads\/2025\/11\/e220a24e-e8ea-482a-848d-b065e30adcd0-2-525x328.jpg\" \/><\/a><div class=\"tag-wrapper\"><div class=\"status-wrapper\"><\/div><\/div><\/div>\n\n            <h4><a href=\"https:\/\/www.privatepropertymallorca.com\/es\/propiedades\/muy-bonito-piso-en-portixol\/\" target=\"_self\">\n                Muy bonito piso en venta en Portixol                <\/a> \n            <\/h4> \n        \n            <div class=\"property_listing_details\">\n                <div class=\"smallCol\"><div class=\"inforoom_unit_type2\"><\/div><div>2<\/div><\/div><div class=\"smallCol\"><div class=\"infobath_unit_type2\"><\/div><div>1<\/div><\/div><div class=\"smallCol\"><div class=\"infosize_unit_type2\"><\/div><div>83 m&sup2;<\/div><\/div><div class=\"smallCol\"><div class=\"infolotsize_unit_type2\"><\/div><div>0 m&sup2;<\/div><\/div>            <\/div>\n\t\t\n            <div class=\"listing_unit_price_wrapper\">675.000 \u20ac <span class=\"price_label\"><\/span><\/div>               \n            <div class=\"property_location\">\n                    \n                    <div class=\"ownerNotes\">5441<\/div><div class=\"propertyArea\"><a href=\"https:\/\/www.privatepropertymallorca.com\/es\/state\/palma-y-alrededores\/\" rel=\"tag\">Palma y alrededores<\/a>, <a href=\"https:\/\/www.privatepropertymallorca.com\/es\/ort\/portixol-es\/\" rel=\"tag\">Portixol<\/a><\/div>                        <\/div>        <\/div>             \n    <\/div>\n  \n\n\n\n<div class=\"col-md-3 shortcode-col has_4per_row  listing_wrapper property_unit_type2\" data-org=\"4\" data-listid=\"1289385\" > \n    <div class=\"property_listing property_unit_type2  \" data-link=\"https:\/\/www.privatepropertymallorca.com\/es\/propiedades\/luminoso-apartamento-con-jardin-en-palma-son-armadams\/\">\n        \n        <div class=\"listing-unit-img-wrapper\"><a href=\"https:\/\/www.privatepropertymallorca.com\/es\/propiedades\/luminoso-apartamento-con-jardin-en-palma-son-armadams\/\" target=\"_self\"><img loading=\"lazy\" decoding=\"async\" width=\"525\" height=\"328\" src=\"https:\/\/www.privatepropertymallorca.com\/wp-content\/uploads\/2026\/04\/a309a500-b198-47b5-90ee-13e1bfe4f2d2-2-525x328.jpg\" class=\"lazyload img-responsive wp-post-image\" alt=\"A-2952_1 RESERVIERT! Lichtdurchflutete Gartenwohnung in Palma, Son Armadams 9\" data-original=\"https:\/\/www.privatepropertymallorca.com\/wp-content\/uploads\/2026\/04\/a309a500-b198-47b5-90ee-13e1bfe4f2d2-2-525x328.jpg\" \/><\/a><div class=\"tag-wrapper\"><div class=\"status-wrapper\"><\/div><\/div><\/div>\n\n            <h4><a href=\"https:\/\/www.privatepropertymallorca.com\/es\/propiedades\/luminoso-apartamento-con-jardin-en-palma-son-armadams\/\" target=\"_self\">\n                Luminoso piso con jard\u00edn en venta en Palma, Son Armadams                <\/a> \n            <\/h4> \n        \n            <div class=\"property_listing_details\">\n                <div class=\"smallCol\"><div class=\"inforoom_unit_type2\"><\/div><div>2<\/div><\/div><div class=\"smallCol\"><div class=\"infobath_unit_type2\"><\/div><div>2<\/div><\/div><div class=\"smallCol\"><div class=\"infosize_unit_type2\"><\/div><div>130 m&sup2;<\/div><\/div><div class=\"smallCol\"><div class=\"infolotsize_unit_type2\"><\/div><div>0 m&sup2;<\/div><\/div>            <\/div>\n\t\t\n            <div class=\"listing_unit_price_wrapper\">785.000 \u20ac <span class=\"price_label\"><\/span><\/div>               \n            <div class=\"property_location\">\n                    \n                    <div class=\"ownerNotes\">A-2952_1<\/div><div class=\"propertyArea\"><a href=\"https:\/\/www.privatepropertymallorca.com\/es\/state\/palma-y-alrededores\/\" rel=\"tag\">Palma y alrededores<\/a>, <a href=\"https:\/\/www.privatepropertymallorca.com\/es\/ort\/son-armadams-es\/\" rel=\"tag\">Son Armadams<\/a><\/div>                        <\/div>        <\/div>             \n    <\/div>\n  \n\n\n\n<div class=\"col-md-3 shortcode-col has_4per_row  listing_wrapper property_unit_type2\" data-org=\"4\" data-listid=\"1254270\" > \n    <div class=\"property_listing property_unit_type2  \" data-link=\"https:\/\/www.privatepropertymallorca.com\/es\/propiedades\/elegante-adosado-familiar-cerca-de-la-playa-en-colonia-de-sant-jordi-con-piscina-y-garaje\/\">\n        \n        <div class=\"listing-unit-img-wrapper\"><a href=\"https:\/\/www.privatepropertymallorca.com\/es\/propiedades\/elegante-adosado-familiar-cerca-de-la-playa-en-colonia-de-sant-jordi-con-piscina-y-garaje\/\" target=\"_self\"><img loading=\"lazy\" decoding=\"async\" width=\"525\" height=\"328\" src=\"https:\/\/www.privatepropertymallorca.com\/wp-content\/uploads\/2026\/02\/796d7b42-cee0-4da1-b3ac-141cff643fe7-2-525x328.jpg\" class=\"lazyload img-responsive wp-post-image\" alt=\"5403 Stadthaus in Es Trenc2\" data-original=\"https:\/\/www.privatepropertymallorca.com\/wp-content\/uploads\/2026\/02\/796d7b42-cee0-4da1-b3ac-141cff643fe7-2-525x328.jpg\" \/><\/a><div class=\"tag-wrapper\"><div class=\"status-wrapper\"><\/div><\/div><\/div>\n\n            <h4><a href=\"https:\/\/www.privatepropertymallorca.com\/es\/propiedades\/elegante-adosado-familiar-cerca-de-la-playa-en-colonia-de-sant-jordi-con-piscina-y-garaje\/\" target=\"_self\">\n                Elegante adosado familiar en venta en Col\u00f2nia de Sant Jordi con piscina y garaje                <\/a> \n            <\/h4> \n        \n            <div class=\"property_listing_details\">\n                <div class=\"smallCol\"><div class=\"inforoom_unit_type2\"><\/div><div>3<\/div><\/div><div class=\"smallCol\"><div class=\"infobath_unit_type2\"><\/div><div>2<\/div><\/div><div class=\"smallCol\"><div class=\"infosize_unit_type2\"><\/div><div>104 m&sup2;<\/div><\/div><div class=\"smallCol\"><div class=\"infolotsize_unit_type2\"><\/div><div>120 m&sup2;<\/div><\/div>            <\/div>\n\t\t\n            <div class=\"listing_unit_price_wrapper\">640.000 \u20ac <span class=\"price_label\"><\/span><\/div>               \n            <div class=\"property_location\">\n                    \n                    <div class=\"ownerNotes\">5403<\/div><div class=\"propertyArea\"><a href=\"https:\/\/www.privatepropertymallorca.com\/es\/state\/sur\/\" rel=\"tag\">Sur<\/a>, <a href=\"https:\/\/www.privatepropertymallorca.com\/es\/ort\/colonia-de-sant-jordi-es\/\" rel=\"tag\">Colonia de Sant Jordi<\/a><\/div>                        <\/div>        <\/div>             \n    <\/div>\n  \n\n\n\n<div class=\"col-md-3 shortcode-col has_4per_row  listing_wrapper property_unit_type2\" data-org=\"4\" data-listid=\"1290133\" > \n    <div class=\"property_listing property_unit_type2  \" data-link=\"https:\/\/www.privatepropertymallorca.com\/es\/propiedades\/elegante-atico-en-sa-rapita-con-azotea-y-vistas-al-mar\/\">\n        \n        <div class=\"listing-unit-img-wrapper\"><a href=\"https:\/\/www.privatepropertymallorca.com\/es\/propiedades\/elegante-atico-en-sa-rapita-con-azotea-y-vistas-al-mar\/\" target=\"_self\"><img loading=\"lazy\" decoding=\"async\" width=\"525\" height=\"328\" src=\"https:\/\/www.privatepropertymallorca.com\/wp-content\/uploads\/2026\/04\/f4b08daa-7cf9-401e-b3b9-698ba4c2f97d-2-525x328.jpg\" class=\"lazyload img-responsive wp-post-image\" alt=\"P-4246_4 Elegantes Penthouse in Sa R\u00e0pita mit Dachterrasse und Meerblick\" data-original=\"https:\/\/www.privatepropertymallorca.com\/wp-content\/uploads\/2026\/04\/f4b08daa-7cf9-401e-b3b9-698ba4c2f97d-2-525x328.jpg\" \/><\/a><div class=\"tag-wrapper\"><div class=\"status-wrapper\"><\/div><\/div><\/div>\n\n            <h4><a href=\"https:\/\/www.privatepropertymallorca.com\/es\/propiedades\/elegante-atico-en-sa-rapita-con-azotea-y-vistas-al-mar\/\" target=\"_self\">\n                Elegante \u00e1tico en Sa R\u00e0pita con azotea y vistas al mar                <\/a> \n            <\/h4> \n        \n            <div class=\"property_listing_details\">\n                <div class=\"smallCol\"><div class=\"inforoom_unit_type2\"><\/div><div>3<\/div><\/div><div class=\"smallCol\"><div class=\"infobath_unit_type2\"><\/div><div>3<\/div><\/div><div class=\"smallCol\"><div class=\"infosize_unit_type2\"><\/div><div>260 m&sup2;<\/div><\/div><div class=\"smallCol\"><div class=\"infolotsize_unit_type2\"><\/div><div>0 m&sup2;<\/div><\/div>            <\/div>\n\t\t\n            <div class=\"listing_unit_price_wrapper\">899.000 \u20ac <span class=\"price_label\"><\/span><\/div>               \n            <div class=\"property_location\">\n                    \n                    <div class=\"ownerNotes\">P-4246_4<\/div><div class=\"propertyArea\"><a href=\"https:\/\/www.privatepropertymallorca.com\/es\/state\/sureste\/\" rel=\"tag\">Sureste<\/a>, <a href=\"https:\/\/www.privatepropertymallorca.com\/es\/ort\/sa-rapita-es\/\" rel=\"tag\">Sa Rapita<\/a><\/div>                        <\/div>        <\/div>             \n    <\/div>\n  \n\n\n\n<div class=\"col-md-3 shortcode-col has_4per_row  listing_wrapper property_unit_type2\" data-org=\"4\" data-listid=\"1293783\" > \n    <div class=\"property_listing property_unit_type2  \" data-link=\"https:\/\/www.privatepropertymallorca.com\/es\/propiedades\/parcela-con-licencia-de-obra-en-santa-maria\/\">\n        \n        <div class=\"listing-unit-img-wrapper\"><a href=\"https:\/\/www.privatepropertymallorca.com\/es\/propiedades\/parcela-con-licencia-de-obra-en-santa-maria\/\" target=\"_self\"><img loading=\"lazy\" decoding=\"async\" width=\"525\" height=\"328\" src=\"https:\/\/www.privatepropertymallorca.com\/wp-content\/uploads\/2026\/02\/cafe44b2-370b-41f1-b983-bed17bb0d7cb-2-525x328.jpg\" class=\"lazyload img-responsive wp-post-image\" alt=\"Santa Maria II - 03 Lateral\" data-original=\"https:\/\/www.privatepropertymallorca.com\/wp-content\/uploads\/2026\/02\/cafe44b2-370b-41f1-b983-bed17bb0d7cb-2-525x328.jpg\" \/><\/a><div class=\"tag-wrapper\"><div class=\"status-wrapper\"><\/div><\/div><\/div>\n\n            <h4><a href=\"https:\/\/www.privatepropertymallorca.com\/es\/propiedades\/parcela-con-licencia-de-obra-en-santa-maria\/\" target=\"_self\">\n                Parcela en venta en Santa Maria con licencia de obra                <\/a> \n            <\/h4> \n        \n            <div class=\"property_listing_details\">\n                <div class=\"smallCol\"><div class=\"inforoom_unit_type2\"><\/div><div>3<\/div><\/div><div class=\"smallCol\"><div class=\"infobath_unit_type2\"><\/div><div>3<\/div><\/div><div class=\"smallCol\"><div class=\"infosize_unit_type2\"><\/div><div>0 m&sup2;<\/div><\/div><div class=\"smallCol\"><div class=\"infolotsize_unit_type2\"><\/div><div>14200 m&sup2;<\/div><\/div>            <\/div>\n\t\t\n            <div class=\"listing_unit_price_wrapper\">790.000 \u20ac <span class=\"price_label\"><\/span><\/div>               \n            <div class=\"property_location\">\n                    \n                    <div class=\"ownerNotes\">5513 - 66<\/div><div class=\"propertyArea\"><a href=\"https:\/\/www.privatepropertymallorca.com\/es\/state\/centro-de-la-isla\/\" rel=\"tag\">Centro de la isla<\/a>, <a href=\"https:\/\/www.privatepropertymallorca.com\/es\/ort\/santa-maria-es\/\" rel=\"tag\">Santa Maria<\/a><\/div>                        <\/div>        <\/div>             \n    <\/div>\n  \n\n\n\n<div class=\"col-md-3 shortcode-col has_4per_row  listing_wrapper property_unit_type2\" data-org=\"4\" data-listid=\"1112402\" > \n    <div class=\"property_listing property_unit_type2  \" data-link=\"https:\/\/www.privatepropertymallorca.com\/es\/propiedades\/piso-de-lujo-renovado-con-vistas-al-mar-en-el-puerto-de-puerto-portals-en-el-suroeste-de-la-isla\/\">\n        \n        <div class=\"listing-unit-img-wrapper\"><a href=\"https:\/\/www.privatepropertymallorca.com\/es\/propiedades\/piso-de-lujo-renovado-con-vistas-al-mar-en-el-puerto-de-puerto-portals-en-el-suroeste-de-la-isla\/\" target=\"_self\"><img loading=\"lazy\" decoding=\"async\" width=\"525\" height=\"328\" src=\"https:\/\/www.privatepropertymallorca.com\/wp-content\/uploads\/2026\/04\/882efea6-ea54-45ab-a33f-4472657e2888-2-525x328.jpg\" class=\"lazyload img-responsive wp-post-image\" alt=\"A-4103-121 Renoviertes Luxus-Apartment in Puerto Portals mit traumhaftem Meerblick 3\" data-original=\"https:\/\/www.privatepropertymallorca.com\/wp-content\/uploads\/2026\/04\/882efea6-ea54-45ab-a33f-4472657e2888-2-525x328.jpg\" \/><\/a><div class=\"tag-wrapper\"><div class=\"status-wrapper\"><\/div><\/div><\/div>\n\n            <h4><a href=\"https:\/\/www.privatepropertymallorca.com\/es\/propiedades\/piso-de-lujo-renovado-con-vistas-al-mar-en-el-puerto-de-puerto-portals-en-el-suroeste-de-la-isla\/\" target=\"_self\">\n                Piso de lujo reformado en Puerto Portals con fant\u00e1sticas vistas al mar                <\/a> \n            <\/h4> \n        \n            <div class=\"property_listing_details\">\n                <div class=\"smallCol\"><div class=\"inforoom_unit_type2\"><\/div><div>2<\/div><\/div><div class=\"smallCol\"><div class=\"infobath_unit_type2\"><\/div><div>2<\/div><\/div><div class=\"smallCol\"><div class=\"infosize_unit_type2\"><\/div><div>104 m&sup2;<\/div><\/div><div class=\"smallCol\"><div class=\"infolotsize_unit_type2\"><\/div><div>0 m&sup2;<\/div><\/div>            <\/div>\n\t\t\n            <div class=\"listing_unit_price_wrapper\">1.100.000 \u20ac <span class=\"price_label\"><\/span><\/div>               \n            <div class=\"property_location\">\n                    \n                    <div class=\"ownerNotes\">A-4103-121<\/div><div class=\"propertyArea\"><a href=\"https:\/\/www.privatepropertymallorca.com\/es\/state\/suroeste\/\" rel=\"tag\">Suroeste<\/a>, <a href=\"https:\/\/www.privatepropertymallorca.com\/es\/ort\/portals-nous-es\/\" rel=\"tag\">Portals Nous<\/a><\/div>                        <\/div>        <\/div>             \n    <\/div>\n  \n\n\n\n<div class=\"col-md-3 shortcode-col has_4per_row  listing_wrapper property_unit_type2\" data-org=\"4\" data-listid=\"1136136\" > \n    <div class=\"property_listing property_unit_type2  \" data-link=\"https:\/\/www.privatepropertymallorca.com\/es\/propiedades\/nueva-construccion-lujoso-atico-con-dos-terrazas-y-magnificas-vistas-en-el-corazon-de-palma\/\">\n        \n        <div class=\"listing-unit-img-wrapper\"><a href=\"https:\/\/www.privatepropertymallorca.com\/es\/propiedades\/nueva-construccion-lujoso-atico-con-dos-terrazas-y-magnificas-vistas-en-el-corazon-de-palma\/\" target=\"_self\"><img loading=\"lazy\" decoding=\"async\" width=\"525\" height=\"328\" src=\"https:\/\/www.privatepropertymallorca.com\/wp-content\/uploads\/2024\/05\/ff820301-491a-444e-bac4-5c411618475c-2-525x328.jpg\" class=\"lazyload img-responsive wp-post-image\" alt=\"A-4137_ 24 NEUBAU! Luxuri\u00f6ses Penthouse mit zwei Terrassen und herrlichem Ausblick mitten im Herzen von Palma\" data-original=\"https:\/\/www.privatepropertymallorca.com\/wp-content\/uploads\/2024\/05\/ff820301-491a-444e-bac4-5c411618475c-2-525x328.jpg\" \/><\/a><div class=\"tag-wrapper\"><div class=\"status-wrapper\"><div class=\"ribbon-inside project\">project<\/div><\/div><\/div><\/div>\n\n            <h4><a href=\"https:\/\/www.privatepropertymallorca.com\/es\/propiedades\/nueva-construccion-lujoso-atico-con-dos-terrazas-y-magnificas-vistas-en-el-corazon-de-palma\/\" target=\"_self\">\n                \u00a1NUEVA CONSTRUCCI\u00d3N! Lujoso \u00e1tico en venta en el coraz\u00f3n de Palma con dos terrazas e impresionantes vistas                <\/a> \n            <\/h4> \n        \n            <div class=\"property_listing_details\">\n                <div class=\"smallCol\"><div class=\"inforoom_unit_type2\"><\/div><div>2<\/div><\/div><div class=\"smallCol\"><div class=\"infobath_unit_type2\"><\/div><div>2<\/div><\/div><div class=\"smallCol\"><div class=\"infosize_unit_type2\"><\/div><div>234 m&sup2;<\/div><\/div><div class=\"smallCol\"><div class=\"infolotsize_unit_type2\"><\/div><div>0 m&sup2;<\/div><\/div>            <\/div>\n\t\t\n            <div class=\"listing_unit_price_wrapper\">2.399.000 \u20ac <span class=\"price_label\"><\/span><\/div>               \n            <div class=\"property_location\">\n                    \n                    <div class=\"ownerNotes\">P-4137_24<\/div><div class=\"propertyArea\"><a href=\"https:\/\/www.privatepropertymallorca.com\/es\/state\/palma-y-alrededores\/\" rel=\"tag\">Palma y alrededores<\/a>, <a href=\"https:\/\/www.privatepropertymallorca.com\/es\/ort\/son-espanyolet-es\/\" rel=\"tag\">Son Espanyolet<\/a><\/div>                        <\/div>        <\/div>             \n    <\/div>\n  \n\n\n\n<div class=\"col-md-3 shortcode-col has_4per_row  listing_wrapper property_unit_type2\" data-org=\"4\" data-listid=\"1254138\" > \n    <div class=\"property_listing property_unit_type2  \" data-link=\"https:\/\/www.privatepropertymallorca.com\/es\/propiedades\/elegante-casa-de-esquina-con-azotea-y-piscina-cerca-de-es-trend-zona-tranquila\/\">\n        \n        <div class=\"listing-unit-img-wrapper\"><a href=\"https:\/\/www.privatepropertymallorca.com\/es\/propiedades\/elegante-casa-de-esquina-con-azotea-y-piscina-cerca-de-es-trend-zona-tranquila\/\" target=\"_self\"><img loading=\"lazy\" decoding=\"async\" width=\"525\" height=\"328\" src=\"https:\/\/www.privatepropertymallorca.com\/wp-content\/uploads\/2025\/08\/96b04720-3fac-4627-ac90-1255edaecaba-4-525x328.jpg\" class=\"lazyload img-responsive wp-post-image\" alt=\"5401 Stadthaus in Es Trenc49\" data-original=\"https:\/\/www.privatepropertymallorca.com\/wp-content\/uploads\/2025\/08\/96b04720-3fac-4627-ac90-1255edaecaba-4-525x328.jpg\" \/><\/a><div class=\"tag-wrapper\"><div class=\"status-wrapper\"><\/div><\/div><\/div>\n\n            <h4><a href=\"https:\/\/www.privatepropertymallorca.com\/es\/propiedades\/elegante-casa-de-esquina-con-azotea-y-piscina-cerca-de-es-trend-zona-tranquila\/\" target=\"_self\">\n                Elegante casa de esquina en venta cerca de Es Trenc con azotea y piscina Zona tranquila                <\/a> \n            <\/h4> \n        \n            <div class=\"property_listing_details\">\n                <div class=\"smallCol\"><div class=\"inforoom_unit_type2\"><\/div><div>2<\/div><\/div><div class=\"smallCol\"><div class=\"infobath_unit_type2\"><\/div><div>2<\/div><\/div><div class=\"smallCol\"><div class=\"infosize_unit_type2\"><\/div><div>110 m&sup2;<\/div><\/div><div class=\"smallCol\"><div class=\"infolotsize_unit_type2\"><\/div><div>120 m&sup2;<\/div><\/div>            <\/div>\n\t\t\n            <div class=\"listing_unit_price_wrapper\">660.000 \u20ac <span class=\"price_label\"><\/span><\/div>               \n            <div class=\"property_location\">\n                    \n                    <div class=\"ownerNotes\">5401<\/div><div class=\"propertyArea\"><a href=\"https:\/\/www.privatepropertymallorca.com\/es\/state\/sur\/\" rel=\"tag\">Sur<\/a>, <a href=\"https:\/\/www.privatepropertymallorca.com\/es\/ort\/colonia-de-sant-jordi-es\/\" rel=\"tag\">Colonia de Sant Jordi<\/a><\/div>                        <\/div>        <\/div>             \n    <\/div>\n  \n\n\n\n<div class=\"col-md-3 shortcode-col has_4per_row  listing_wrapper property_unit_type2\" data-org=\"4\" data-listid=\"1255762\" > \n    <div class=\"property_listing property_unit_type2  \" data-link=\"https:\/\/www.privatepropertymallorca.com\/es\/propiedades\/parcela-con-proyecto-y-licencia-de-obra-entre-campos-porreres-y-felanitx\/\">\n        \n        <div class=\"listing-unit-img-wrapper\"><a href=\"https:\/\/www.privatepropertymallorca.com\/es\/propiedades\/parcela-con-proyecto-y-licencia-de-obra-entre-campos-porreres-y-felanitx\/\" target=\"_self\"><img loading=\"lazy\" decoding=\"async\" width=\"525\" height=\"328\" src=\"https:\/\/www.privatepropertymallorca.com\/wp-content\/uploads\/2025\/08\/8b2684d9-9e3c-4362-9392-62b2cd539d94-2-525x328.jpg\" class=\"lazyload img-responsive wp-post-image\" alt=\"WhatsApp Bild 2025-08-28 um 16.35.55_42d81afd\" data-original=\"https:\/\/www.privatepropertymallorca.com\/wp-content\/uploads\/2025\/08\/8b2684d9-9e3c-4362-9392-62b2cd539d94-2-525x328.jpg\" \/><\/a><div class=\"tag-wrapper\"><div class=\"status-wrapper\"><div class=\"ribbon-inside project\">project<\/div><\/div><\/div><\/div>\n\n            <h4><a href=\"https:\/\/www.privatepropertymallorca.com\/es\/propiedades\/parcela-con-proyecto-y-licencia-de-obra-entre-campos-porreres-y-felanitx\/\" target=\"_self\">\n                Parcela con proyecto y licencia de obra entre Campos, Porreres y Felanitx                <\/a> \n            <\/h4> \n        \n            <div class=\"property_listing_details\">\n                <div class=\"smallCol\"><div class=\"inforoom_unit_type2\"><\/div><div>6<\/div><\/div><div class=\"smallCol\"><div class=\"infobath_unit_type2\"><\/div><div>6<\/div><\/div><div class=\"smallCol\"><div class=\"infosize_unit_type2\"><\/div><div>0 m&sup2;<\/div><\/div><div class=\"smallCol\"><div class=\"infolotsize_unit_type2\"><\/div><div>27537 m&sup2;<\/div><\/div>            <\/div>\n\t\t\n            <div class=\"listing_unit_price_wrapper\">419.000 \u20ac <span class=\"price_label\"><\/span><\/div>               \n            <div class=\"property_location\">\n                    \n                    <div class=\"ownerNotes\">5415<\/div><div class=\"propertyArea\"><a href=\"https:\/\/www.privatepropertymallorca.com\/es\/state\/sureste\/\" rel=\"tag\">Sureste<\/a>, <a href=\"https:\/\/www.privatepropertymallorca.com\/es\/ort\/felanitx-es\/\" rel=\"tag\">Felanitx<\/a><\/div>                        <\/div>        <\/div>             \n    <\/div>\n  \n\n\n\n<div class=\"col-md-3 shortcode-col has_4per_row  listing_wrapper property_unit_type2\" data-org=\"4\" data-listid=\"663224\" > \n    <div class=\"property_listing property_unit_type2  \" data-link=\"https:\/\/www.privatepropertymallorca.com\/es\/propiedades\/proyecto-piso-ultramoderno-en-son-armadams-centro-de-palma-finalizacion-en-2022\/\">\n        \n        <div class=\"listing-unit-img-wrapper\"><a href=\"https:\/\/www.privatepropertymallorca.com\/es\/propiedades\/proyecto-piso-ultramoderno-en-son-armadams-centro-de-palma-finalizacion-en-2022\/\" target=\"_self\"><img loading=\"lazy\" decoding=\"async\" width=\"525\" height=\"328\" src=\"https:\/\/www.privatepropertymallorca.com\/wp-content\/uploads\/2026\/04\/488a64d9-d1e8-4355-9bb8-9bc1a64a5b97-2-525x328.jpg\" class=\"lazyload img-responsive wp-post-image\" alt=\"A-2952_4 Hochmoderne Wohnung in Son Armadams mit riesen Terrasse 7\" data-original=\"https:\/\/www.privatepropertymallorca.com\/wp-content\/uploads\/2026\/04\/488a64d9-d1e8-4355-9bb8-9bc1a64a5b97-2-525x328.jpg\" \/><\/a><div class=\"tag-wrapper\"><div class=\"status-wrapper\"><\/div><\/div><\/div>\n\n            <h4><a href=\"https:\/\/www.privatepropertymallorca.com\/es\/propiedades\/proyecto-piso-ultramoderno-en-son-armadams-centro-de-palma-finalizacion-en-2022\/\" target=\"_self\">\n                Moderno piso en venta en Palma con gran terraza                <\/a> \n            <\/h4> \n        \n            <div class=\"property_listing_details\">\n                <div class=\"smallCol\"><div class=\"inforoom_unit_type2\"><\/div><div>3<\/div><\/div><div class=\"smallCol\"><div class=\"infobath_unit_type2\"><\/div><div>2<\/div><\/div><div class=\"smallCol\"><div class=\"infosize_unit_type2\"><\/div><div>121 m&sup2;<\/div><\/div><div class=\"smallCol\"><div class=\"infolotsize_unit_type2\"><\/div><div>0 m&sup2;<\/div><\/div>            <\/div>\n\t\t\n            <div class=\"listing_unit_price_wrapper\">1.050.250 \u20ac <span class=\"price_label\"><\/span><\/div>               \n            <div class=\"property_location\">\n                    \n                    <div class=\"ownerNotes\">A-2952_4<\/div><div class=\"propertyArea\"><a href=\"https:\/\/www.privatepropertymallorca.com\/es\/state\/palma-y-alrededores\/\" rel=\"tag\">Palma y alrededores<\/a>, <a href=\"https:\/\/www.privatepropertymallorca.com\/es\/ort\/son-armadams-es\/\" rel=\"tag\">Son Armadams<\/a><\/div>                        <\/div>        <\/div>             \n    <\/div>\n<div class=\"wpestate_listing_sh_loader\">\n       <div class=\"new_prelader\"><\/div>\n\n    <\/div><div class=\"listinglink-wrapper_sh_listings\">\n               <span class=\"wpresidence_button wpestate_item_list_sh\">cargar m\u00e1s inmuebles <\/span>\n               <\/div><\/div><script type=\"text\/javascript\">\n                \/\/<![CDATA[\n                jQuery(document).ready(function(){\n                  \/\/  wpestate_anime(\"#wpestate_sh_anime_116\");\n                   \/\/ wpestate_property_list_sh(\"#wpestate_sh_anime_116 .wpestate_item_list_sh\", \"#wpestate_sh_anime_116 .control_tax_sh\");\n                });\n                \/\/]]>\n            <\/script>[\/vc_column][\/vc_row]<\/p>\n<div class=\"bellvueblock \"><img decoding=\"async\" src=\"https:\/\/www.privatepropertymallorca.com\/wp-content\/uploads\/2020\/02\/best_icon-159x300.png\" alt=\"bellvue\"><\/div><\/div>","protected":false},"excerpt":{"rendered":"<p>La emoci\u00f3n del tenis sobre hierba regresa este mes de junio con la quinta edici\u00f3n del ATP 250 Mallorca Championships presented by ecotrans Group, que se celebrar\u00e1 del 21 al 28 de junio de 2025 en el exclusivo Mallorca Country Club de Santa Pon\u00e7a. El torneo, ya consolidado como una cita imprescindible del calendario previo a Wimbledon, promete una semana de tenis de primer nivel, combinando la presencia de grandes figuras del circuito, j\u00f3venes promesas y talentos locales.<\/p>\n","protected":false},"author":13,"featured_media":1224117,"comment_status":"closed","ping_status":"closed","sticky":false,"template":"","format":"standard","meta":{"_seopress_robots_primary_cat":"none","_seopress_titles_title":"","_seopress_titles_desc":"","_seopress_robots_index":"","footnotes":""},"categories":[1297],"tags":[2858,2751,2667,2668,2753,2860,2859],"class_list":{"0":"post-1224101","1":"post","2":"type-post","3":"status-publish","4":"format-standard","5":"has-post-thumbnail","7":"category-cultura-y-ocio","8":"tag-atp-tour-mallorca-es","9":"tag-haus-kaufen-mallorca-es","10":"tag-immobilien-auf-mallorca-es","11":"tag-immobilien-mallorca-es","12":"tag-immobilien-mallorca-kaufen-es","13":"tag-mallorca-championships-2025-es","14":"tag-tennis-mallorca-es"},"_links":{"self":[{"href":"https:\/\/www.privatepropertymallorca.com\/es\/wp-json\/wp\/v2\/posts\/1224101","targetHints":{"allow":["GET"]}}],"collection":[{"href":"https:\/\/www.privatepropertymallorca.com\/es\/wp-json\/wp\/v2\/posts"}],"about":[{"href":"https:\/\/www.privatepropertymallorca.com\/es\/wp-json\/wp\/v2\/types\/post"}],"author":[{"embeddable":true,"href":"https:\/\/www.privatepropertymallorca.com\/es\/wp-json\/wp\/v2\/users\/13"}],"replies":[{"embeddable":true,"href":"https:\/\/www.privatepropertymallorca.com\/es\/wp-json\/wp\/v2\/comments?post=1224101"}],"version-history":[{"count":0,"href":"https:\/\/www.privatepropertymallorca.com\/es\/wp-json\/wp\/v2\/posts\/1224101\/revisions"}],"wp:featuredmedia":[{"embeddable":true,"href":"https:\/\/www.privatepropertymallorca.com\/es\/wp-json\/wp\/v2\/media\/1224117"}],"wp:attachment":[{"href":"https:\/\/www.privatepropertymallorca.com\/es\/wp-json\/wp\/v2\/media?parent=1224101"}],"wp:term":[{"taxonomy":"category","embeddable":true,"href":"https:\/\/www.privatepropertymallorca.com\/es\/wp-json\/wp\/v2\/categories?post=1224101"},{"taxonomy":"post_tag","embeddable":true,"href":"https:\/\/www.privatepropertymallorca.com\/es\/wp-json\/wp\/v2\/tags?post=1224101"}],"curies":[{"name":"wp","href":"https:\/\/api.w.org\/{rel}","templated":true}]}}