{"id":1303774,"date":"2026-04-28T13:00:17","date_gmt":"2026-04-28T11:00:17","guid":{"rendered":"https:\/\/www.privatepropertymallorca.com\/del-paraiso-vacacional-al-refugio-inmobiliario-de-europa\/"},"modified":"2026-04-28T13:08:25","modified_gmt":"2026-04-28T11:08:25","slug":"del-paraiso-vacacional-al-refugio-inmobiliario-de-europa","status":"publish","type":"post","link":"https:\/\/www.privatepropertymallorca.com\/es\/revista\/del-paraiso-vacacional-al-refugio-inmobiliario-de-europa\/","title":{"rendered":"Del para\u00edso vacacional al refugio inmobiliario de Europa"},"content":{"rendered":"<div class=\"wpb-content-wrapper\"><p>[vc_row][vc_column][vc_column_text]<\/p>\n<h2 class=\"p1\"><b>Del para\u00edso vacacional al refugio inmobiliario de Europa<\/b><b><\/b><\/h2>\n<p>&nbsp;<\/p>\n<p class=\"p1\">El archipi\u00e9lago de las Islas Baleares se ha consolidado en los \u00faltimos a\u00f1os como uno de los destinos m\u00e1s atractivos de Europa, no solo desde una perspectiva tur\u00edstica, sino tambi\u00e9n como un centro estrat\u00e9gico para la inversi\u00f3n inmobiliaria. La regi\u00f3n se ha convertido en un verdadero \u201crefugio inmobiliario\u201d dentro del continente, reflejando una profunda transformaci\u00f3n del mercado residencial en estas islas del Mediterr\u00e1neo.<\/p>\n<p>&nbsp;<\/p>\n<p class=\"p1\">Este fen\u00f3meno no ha surgido por casualidad. Uno de los factores clave es la combinaci\u00f3n de una oferta limitada de vivienda y una demanda creciente, especialmente por parte de compradores internacionales. La escasez de suelo disponible y las restricciones urban\u00edsticas propias de un territorio insular han creado un mercado en el que los valores inmobiliarios se aprecian con el tiempo. A esto se suma una percepci\u00f3n de estabilidad, que convierte a las Baleares en una inversi\u00f3n segura a largo plazo, incluso en contextos econ\u00f3micos inciertos.<\/p>\n<p>&nbsp;<\/p>\n<p class=\"p1\">Otro elemento decisivo es la alta calidad de vida. Islas como Mallorca, la mayor del archipi\u00e9lago, ofrecen un equilibrio \u00fanico entre naturaleza, servicios modernos y riqueza cultural. El clima mediterr\u00e1neo, la seguridad, la conectividad internacional y una consolidada oferta gastron\u00f3mica y cultural han atra\u00eddo a personas de alto poder adquisitivo en busca de residencias permanentes o segundas viviendas. Este atractivo ha impulsado la llegada de capital extranjero, que juega un papel cada vez m\u00e1s importante en el mercado inmobiliario espa\u00f1ol.<\/p>\n<p>&nbsp;<\/p>\n<p class=\"p1\">Los datos recientes confirman una tendencia alcista en los precios de la vivienda. En 2025, el precio medio por metro cuadrado en las Baleares aument\u00f3 alrededor de un 9 %, y en el primer trimestre de 2026 (hasta ahora) aproximadamente un 15,5 %, acompa\u00f1ado de un incremento en el n\u00famero de transacciones. Este crecimiento sostenido refuerza la idea de que el archipi\u00e9lago no solo es un lugar deseable para vivir, sino tambi\u00e9n un activo financiero atractivo.<\/p>\n<p>[\/vc_column_text][\/vc_column][\/vc_row][vc_row][vc_column][vc_empty_space][\/vc_column][\/vc_row][vc_row][vc_column]<div id=\"ultimate-heading-464969f10a5130736\" class=\"uvc-heading ult-adjust-bottom-margin ultimate-heading-464969f10a5130736 uvc-2212 \" data-hspacer=\"no_spacer\"  data-halign=\"center\" style=\"text-align:center\"><div class=\"uvc-heading-spacer no_spacer\" style=\"top\"><\/div><div class=\"uvc-main-heading ult-responsive\"  data-ultimate-target='.uvc-heading.ultimate-heading-464969f10a5130736 h2'  data-responsive-json-new='{\"font-size\":\"\",\"line-height\":\"\"}' ><h2 style=\"font-weight:normal;\">INMUEBLES EN MALLORCA<\/h2><\/div><\/div>[\/vc_column][\/vc_row][vc_row][vc_column]<div id=\"wpestate_sh_anime_844\" class=\"article_container wpestate_anime wpestate_latest_listings_sh bottom-estate_property \"  data-type=\"estate_property\" data-category_ids=\"\" data-action_ids=\"\" data-city_ids=\"\" data-area_ids=\"\" data-state_ids=\"\" data-status_ids=\"\" data-number=\"\" data-row-number=\"\" data-align=\"vertical\" data-show_featured_only=\"no\"  data-random_pick=\"no\"  data-featured_first=\"no\" data-page=\"1\" >  \n\n\n\n<div class=\"col-md- shortcode-col has_4per_row  listing_wrapper property_unit_type2\" data-org=\"4\" data-listid=\"1303657\" > \n    <div class=\"property_listing property_unit_type2  \" data-link=\"https:\/\/www.privatepropertymallorca.com\/es\/propiedades\/espectacular-atico-duplex-en-el-paseo-maritimo-con-fantasticas-vistas-al-mar\/\">\n        \n        <div class=\"listing-unit-img-wrapper\"><a href=\"https:\/\/www.privatepropertymallorca.com\/es\/propiedades\/espectacular-atico-duplex-en-el-paseo-maritimo-con-fantasticas-vistas-al-mar\/\" target=\"_self\"><img fetchpriority=\"high\" decoding=\"async\" width=\"525\" height=\"328\" src=\"https:\/\/www.privatepropertymallorca.com\/wp-content\/uploads\/2026\/04\/0fbfd96e-b77e-40e8-a1c4-fa754833b76f-2-525x328.jpg\" class=\"lazyload img-responsive wp-post-image\" alt=\"P-2148_15 Spektakul\u00e4res Duplex-Penthouse am Paseo Maritimo mit fantastischem Meerblick 7\" data-original=\"https:\/\/www.privatepropertymallorca.com\/wp-content\/uploads\/2026\/04\/0fbfd96e-b77e-40e8-a1c4-fa754833b76f-2-525x328.jpg\" \/><\/a><div class=\"tag-wrapper\"><div class=\"status-wrapper\"><\/div><\/div><\/div>\n\n            <h4><a href=\"https:\/\/www.privatepropertymallorca.com\/es\/propiedades\/espectacular-atico-duplex-en-el-paseo-maritimo-con-fantasticas-vistas-al-mar\/\" target=\"_self\">\n                Espectacular \u00e1tico d\u00faplex en el Paseo Mar\u00edtimo con fant\u00e1sticas vistas al mar                <\/a> \n            <\/h4> \n        \n            <div class=\"property_listing_details\">\n                <div class=\"smallCol\"><div class=\"inforoom_unit_type2\"><\/div><div>3<\/div><\/div><div class=\"smallCol\"><div class=\"infobath_unit_type2\"><\/div><div>2<\/div><\/div><div class=\"smallCol\"><div class=\"infosize_unit_type2\"><\/div><div>230 m&sup2;<\/div><\/div><div class=\"smallCol\"><div class=\"infolotsize_unit_type2\"><\/div><div>0 m&sup2;<\/div><\/div>            <\/div>\n\t\t\n            <div class=\"listing_unit_price_wrapper\">5.100.000 \u20ac <span class=\"price_label\"><\/span><\/div>               \n            <div class=\"property_location\">\n                    \n                    <div class=\"ownerNotes\">P-2148_15<\/div><div class=\"propertyArea\"><a href=\"https:\/\/www.privatepropertymallorca.com\/es\/state\/palma-y-alrededores\/\" rel=\"tag\">Palma y alrededores<\/a>, <a href=\"https:\/\/www.privatepropertymallorca.com\/es\/ort\/paseo-maritimo-es\/\" rel=\"tag\">Paseo Maritimo<\/a><\/div>                        <\/div>        <\/div>             \n    <\/div>\n  \n\n\n\n<div class=\"col-md- shortcode-col has_4per_row  listing_wrapper property_unit_type2\" data-org=\"4\" data-listid=\"1047990\" > \n    <div class=\"property_listing property_unit_type2  \" data-link=\"https:\/\/www.privatepropertymallorca.com\/es\/propiedades\/acogedora-casa-adosada-en-camp-de-mar-en-exclusiva-urbanizacion-junto-al-campo-de-golf\/\">\n        \n        <div class=\"listing-unit-img-wrapper\"><a href=\"https:\/\/www.privatepropertymallorca.com\/es\/propiedades\/acogedora-casa-adosada-en-camp-de-mar-en-exclusiva-urbanizacion-junto-al-campo-de-golf\/\" target=\"_self\"><img decoding=\"async\" width=\"525\" height=\"328\" src=\"https:\/\/www.privatepropertymallorca.com\/wp-content\/uploads\/2023\/12\/94e519cb-b21e-4f9d-a50c-4a217da12299-2-525x328.jpg\" class=\"lazyload img-responsive wp-post-image\" alt=\"D-4738 Gem\u00fctliche Doppelhaush\u00e4lfte in Camp de Mar in exklusiver Wohn-Gemeinschaft, neben dem Golfplatz 32\" data-original=\"https:\/\/www.privatepropertymallorca.com\/wp-content\/uploads\/2023\/12\/94e519cb-b21e-4f9d-a50c-4a217da12299-2-525x328.jpg\" \/><\/a><div class=\"tag-wrapper\"><div class=\"status-wrapper\"><\/div><\/div><\/div>\n\n            <h4><a href=\"https:\/\/www.privatepropertymallorca.com\/es\/propiedades\/acogedora-casa-adosada-en-camp-de-mar-en-exclusiva-urbanizacion-junto-al-campo-de-golf\/\" target=\"_self\">\n                Acogedora casa adosada en venta en Camp de Mar en una exclusiva urbanizaci\u00f3n                <\/a> \n            <\/h4> \n        \n            <div class=\"property_listing_details\">\n                <div class=\"smallCol\"><div class=\"inforoom_unit_type2\"><\/div><div>3<\/div><\/div><div class=\"smallCol\"><div class=\"infobath_unit_type2\"><\/div><div>2<\/div><\/div><div class=\"smallCol\"><div class=\"infosize_unit_type2\"><\/div><div>311 m&sup2;<\/div><\/div><div class=\"smallCol\"><div class=\"infolotsize_unit_type2\"><\/div><div>104 m&sup2;<\/div><\/div>            <\/div>\n\t\t\n            <div class=\"listing_unit_price_wrapper\">1.050.000 \u20ac <span class=\"price_label\"><\/span><\/div>               \n            <div class=\"property_location\">\n                    \n                    <div class=\"ownerNotes\">D-4738<\/div><div class=\"propertyArea\"><a href=\"https:\/\/www.privatepropertymallorca.com\/es\/state\/suroeste\/\" rel=\"tag\">Suroeste<\/a>, <a href=\"https:\/\/www.privatepropertymallorca.com\/es\/ort\/camp-de-mar-es\/\" rel=\"tag\">Camp de Mar<\/a><\/div>                        <\/div>        <\/div>             \n    <\/div>\n  \n\n\n\n<div class=\"col-md- shortcode-col has_4per_row  listing_wrapper property_unit_type2\" data-org=\"4\" data-listid=\"1303742\" > \n    <div class=\"property_listing property_unit_type2  \" data-link=\"https:\/\/www.privatepropertymallorca.com\/es\/propiedades\/duplex-en-venta-en-port-andratx-cala-llamp-con-fantasticas-vistas-al-mar\/\">\n        \n        <div class=\"listing-unit-img-wrapper\"><a href=\"https:\/\/www.privatepropertymallorca.com\/es\/propiedades\/duplex-en-venta-en-port-andratx-cala-llamp-con-fantasticas-vistas-al-mar\/\" target=\"_self\"><img decoding=\"async\" width=\"525\" height=\"328\" src=\"https:\/\/www.privatepropertymallorca.com\/wp-content\/uploads\/2026\/04\/50a380cc-44c3-4c0b-8bba-94a820ee2307-2-525x328.jpg\" class=\"lazyload img-responsive wp-post-image\" alt=\"5582 -Villa in Port Andratx 12\" data-original=\"https:\/\/www.privatepropertymallorca.com\/wp-content\/uploads\/2026\/04\/50a380cc-44c3-4c0b-8bba-94a820ee2307-2-525x328.jpg\" \/><\/a><div class=\"tag-wrapper\"><div class=\"status-wrapper\"><\/div><\/div><\/div>\n\n            <h4><a href=\"https:\/\/www.privatepropertymallorca.com\/es\/propiedades\/duplex-en-venta-en-port-andratx-cala-llamp-con-fantasticas-vistas-al-mar\/\" target=\"_self\">\n                D\u00faplex en venta en Port Andratx &#8211; Cala Llamp con fant\u00e1sticas vistas al mar                <\/a> \n            <\/h4> \n        \n            <div class=\"property_listing_details\">\n                <div class=\"smallCol\"><div class=\"inforoom_unit_type2\"><\/div><div>2<\/div><\/div><div class=\"smallCol\"><div class=\"infobath_unit_type2\"><\/div><div>3<\/div><\/div><div class=\"smallCol\"><div class=\"infosize_unit_type2\"><\/div><div>127 m&sup2;<\/div><\/div><div class=\"smallCol\"><div class=\"infolotsize_unit_type2\"><\/div><div>5379 m&sup2;<\/div><\/div>            <\/div>\n\t\t\n            <div class=\"listing_unit_price_wrapper\">1.640.000 \u20ac <span class=\"price_label\"><\/span><\/div>               \n            <div class=\"property_location\">\n                    \n                    <div class=\"ownerNotes\">5582- 43<\/div><div class=\"propertyArea\"><a href=\"https:\/\/www.privatepropertymallorca.com\/es\/state\/suroeste\/\" rel=\"tag\">Suroeste<\/a>, <a href=\"https:\/\/www.privatepropertymallorca.com\/es\/ort\/port-andratx-es\/\" rel=\"tag\">Port Andratx<\/a><\/div>                        <\/div>        <\/div>             \n    <\/div>\n  \n\n\n\n<div class=\"col-md- shortcode-col has_4per_row  listing_wrapper property_unit_type2\" data-org=\"4\" data-listid=\"1303558\" > \n    <div class=\"property_listing property_unit_type2  \" data-link=\"https:\/\/www.privatepropertymallorca.com\/es\/propiedades\/duplex-con-vistas-al-mar-atico-en-primera-linea-de-mar-en-palma\/\">\n        \n        <div class=\"listing-unit-img-wrapper\"><a href=\"https:\/\/www.privatepropertymallorca.com\/es\/propiedades\/duplex-con-vistas-al-mar-atico-en-primera-linea-de-mar-en-palma\/\" target=\"_self\"><img loading=\"lazy\" decoding=\"async\" width=\"525\" height=\"328\" src=\"https:\/\/www.privatepropertymallorca.com\/wp-content\/uploads\/2026\/04\/427181-2-525x328.jpg\" class=\"lazyload img-responsive wp-post-image\" alt=\"5293 Penthouse with sea views in Cala Gamba19\" data-original=\"https:\/\/www.privatepropertymallorca.com\/wp-content\/uploads\/2026\/04\/427181-2-525x328.jpg\" \/><\/a><div class=\"tag-wrapper\"><div class=\"status-wrapper\"><\/div><\/div><\/div>\n\n            <h4><a href=\"https:\/\/www.privatepropertymallorca.com\/es\/propiedades\/duplex-con-vistas-al-mar-atico-en-primera-linea-de-mar-en-palma\/\" target=\"_self\">\n                D\u00faplex con vistas al mar &#8211; \u00c1tico en primera l\u00ednea de mar en Palma                <\/a> \n            <\/h4> \n        \n            <div class=\"property_listing_details\">\n                <div class=\"smallCol\"><div class=\"inforoom_unit_type2\"><\/div><div>3<\/div><\/div><div class=\"smallCol\"><div class=\"infobath_unit_type2\"><\/div><div>2<\/div><\/div><div class=\"smallCol\"><div class=\"infosize_unit_type2\"><\/div><div>0 m&sup2;<\/div><\/div><div class=\"smallCol\"><div class=\"infolotsize_unit_type2\"><\/div><div>0 m&sup2;<\/div><\/div>            <\/div>\n\t\t\n            <div class=\"listing_unit_price_wrapper\">1.450.000 \u20ac <span class=\"price_label\"><\/span><\/div>               \n            <div class=\"property_location\">\n                    \n                    <div class=\"ownerNotes\">5592<\/div><div class=\"propertyArea\"><a href=\"https:\/\/www.privatepropertymallorca.com\/es\/state\/palma-y-alrededores\/\" rel=\"tag\">Palma y alrededores<\/a>, <a href=\"https:\/\/www.privatepropertymallorca.com\/es\/ort\/ciudad-jardin-es\/\" rel=\"tag\">Ciudad Jardin<\/a><\/div>                        <\/div>        <\/div>             \n    <\/div>\n  \n\n\n\n<div class=\"col-md- shortcode-col has_4per_row  listing_wrapper property_unit_type2\" data-org=\"4\" data-listid=\"1303703\" > \n    <div class=\"property_listing property_unit_type2  \" data-link=\"https:\/\/www.privatepropertymallorca.com\/es\/propiedades\/finca-en-venta-en-port-andratx-con-licencia-de-alquiler-vacacional-y-vistas-al-puerto\/\">\n        \n        <div class=\"listing-unit-img-wrapper\"><a href=\"https:\/\/www.privatepropertymallorca.com\/es\/propiedades\/finca-en-venta-en-port-andratx-con-licencia-de-alquiler-vacacional-y-vistas-al-puerto\/\" target=\"_self\"><img loading=\"lazy\" decoding=\"async\" width=\"525\" height=\"328\" src=\"https:\/\/www.privatepropertymallorca.com\/wp-content\/uploads\/2026\/04\/577d0bc2-37f4-4a88-bef0-69b3b1b7eccb-2-525x328.jpg\" class=\"lazyload img-responsive wp-post-image\" alt=\"5593 -66  -Villa in Port Andratx 1\" data-original=\"https:\/\/www.privatepropertymallorca.com\/wp-content\/uploads\/2026\/04\/577d0bc2-37f4-4a88-bef0-69b3b1b7eccb-2-525x328.jpg\" \/><\/a><div class=\"tag-wrapper\"><div class=\"status-wrapper\"><div class=\"ribbon-inside holiday-rental-licence\">Holiday rental licence<\/div><\/div><\/div><\/div>\n\n            <h4><a href=\"https:\/\/www.privatepropertymallorca.com\/es\/propiedades\/finca-en-venta-en-port-andratx-con-licencia-de-alquiler-vacacional-y-vistas-al-puerto\/\" target=\"_self\">\n                Finca en venta en Port Andratx con licencia de alquiler vacacional y vistas al puerto                <\/a> \n            <\/h4> \n        \n            <div class=\"property_listing_details\">\n                <div class=\"smallCol\"><div class=\"inforoom_unit_type2\"><\/div><div>3<\/div><\/div><div class=\"smallCol\"><div class=\"infobath_unit_type2\"><\/div><div>2<\/div><\/div><div class=\"smallCol\"><div class=\"infosize_unit_type2\"><\/div><div>220 m&sup2;<\/div><\/div><div class=\"smallCol\"><div class=\"infolotsize_unit_type2\"><\/div><div>1066 m&sup2;<\/div><\/div>            <\/div>\n\t\t\n            <div class=\"listing_unit_price_wrapper\">4.650.000 \u20ac <span class=\"price_label\"><\/span><\/div>               \n            <div class=\"property_location\">\n                    \n                    <div class=\"ownerNotes\">5593 -66<\/div><div class=\"propertyArea\"><a href=\"https:\/\/www.privatepropertymallorca.com\/es\/state\/suroeste\/\" rel=\"tag\">Suroeste<\/a>, <a href=\"https:\/\/www.privatepropertymallorca.com\/es\/ort\/port-andratx-es\/\" rel=\"tag\">Port Andratx<\/a><\/div>                        <\/div>        <\/div>             \n    <\/div>\n  \n\n\n\n<div class=\"col-md- shortcode-col has_4per_row  listing_wrapper property_unit_type2\" data-org=\"4\" data-listid=\"1302413\" > \n    <div class=\"property_listing property_unit_type2  \" data-link=\"https:\/\/www.privatepropertymallorca.com\/es\/propiedades\/chalet-de-diseno-de-nueva-construccion-con-vistas-al-mar-en-camp-de-mar\/\">\n        \n        <div class=\"listing-unit-img-wrapper\"><a href=\"https:\/\/www.privatepropertymallorca.com\/es\/propiedades\/chalet-de-diseno-de-nueva-construccion-con-vistas-al-mar-en-camp-de-mar\/\" target=\"_self\"><img loading=\"lazy\" decoding=\"async\" width=\"525\" height=\"328\" src=\"https:\/\/www.privatepropertymallorca.com\/wp-content\/uploads\/2026\/04\/3e5cfc0f-9cd2-4cd3-b064-66daa6b08ece-2-525x328.jpg\" class=\"lazyload img-responsive wp-post-image\" alt=\"5584 -Villa in Camp de Mar 2\" data-original=\"https:\/\/www.privatepropertymallorca.com\/wp-content\/uploads\/2026\/04\/3e5cfc0f-9cd2-4cd3-b064-66daa6b08ece-2-525x328.jpg\" \/><\/a><div class=\"tag-wrapper\"><div class=\"status-wrapper\"><\/div><\/div><\/div>\n\n            <h4><a href=\"https:\/\/www.privatepropertymallorca.com\/es\/propiedades\/chalet-de-diseno-de-nueva-construccion-con-vistas-al-mar-en-camp-de-mar\/\" target=\"_self\">\n                Chalet de dise\u00f1o de nueva construcci\u00f3n con vistas al mar en Camp de Mar                <\/a> \n            <\/h4> \n        \n            <div class=\"property_listing_details\">\n                <div class=\"smallCol\"><div class=\"inforoom_unit_type2\"><\/div><div>4<\/div><\/div><div class=\"smallCol\"><div class=\"infobath_unit_type2\"><\/div><div>4<\/div><\/div><div class=\"smallCol\"><div class=\"infosize_unit_type2\"><\/div><div>646 m&sup2;<\/div><\/div><div class=\"smallCol\"><div class=\"infolotsize_unit_type2\"><\/div><div>1828 m&sup2;<\/div><\/div>            <\/div>\n\t\t\n            <div class=\"listing_unit_price_wrapper\">5.500.000 \u20ac <span class=\"price_label\"><\/span><\/div>               \n            <div class=\"property_location\">\n                    \n                    <div class=\"ownerNotes\">5584<\/div><div class=\"propertyArea\"><a href=\"https:\/\/www.privatepropertymallorca.com\/es\/state\/suroeste\/\" rel=\"tag\">Suroeste<\/a>, <a href=\"https:\/\/www.privatepropertymallorca.com\/es\/ort\/camp-de-mar-es\/\" rel=\"tag\">Camp de Mar<\/a><\/div>                        <\/div>        <\/div>             \n    <\/div>\n  \n\n\n\n<div class=\"col-md- shortcode-col has_4per_row  listing_wrapper property_unit_type2\" data-org=\"4\" data-listid=\"1040990\" > \n    <div class=\"property_listing property_unit_type2  \" data-link=\"https:\/\/www.privatepropertymallorca.com\/es\/propiedades\/precioso-piso-en-1a-linea-de-mar-con-acceso-directo-al-mar-en-illetas\/\">\n        \n        <div class=\"listing-unit-img-wrapper\"><a href=\"https:\/\/www.privatepropertymallorca.com\/es\/propiedades\/precioso-piso-en-1a-linea-de-mar-con-acceso-directo-al-mar-en-illetas\/\" target=\"_self\"><img loading=\"lazy\" decoding=\"async\" width=\"525\" height=\"328\" src=\"https:\/\/www.privatepropertymallorca.com\/wp-content\/uploads\/2023\/08\/Foto_101829-4-525x328.jpg\" class=\"lazyload img-responsive wp-post-image\" alt=\"A-1962 Wundersch\u00f6nes Apartment in 1. Meereslinie mit direktem Meerzugang in Illetas\" data-original=\"https:\/\/www.privatepropertymallorca.com\/wp-content\/uploads\/2023\/08\/Foto_101829-4-525x328.jpg\" \/><\/a><div class=\"tag-wrapper\"><div class=\"status-wrapper\"><\/div><\/div><\/div>\n\n            <h4><a href=\"https:\/\/www.privatepropertymallorca.com\/es\/propiedades\/precioso-piso-en-1a-linea-de-mar-con-acceso-directo-al-mar-en-illetas\/\" target=\"_self\">\n                Piso en venta en Illetas, en 1\u00aa l\u00ednea de mar con acceso directo al mar                <\/a> \n            <\/h4> \n        \n            <div class=\"property_listing_details\">\n                <div class=\"smallCol\"><div class=\"inforoom_unit_type2\"><\/div><div>2<\/div><\/div><div class=\"smallCol\"><div class=\"infobath_unit_type2\"><\/div><div>2<\/div><\/div><div class=\"smallCol\"><div class=\"infosize_unit_type2\"><\/div><div>113 m&sup2;<\/div><\/div><div class=\"smallCol\"><div class=\"infolotsize_unit_type2\"><\/div><div>0 m&sup2;<\/div><\/div>            <\/div>\n\t\t\n            <div class=\"listing_unit_price_wrapper\">848.000 \u20ac <span class=\"price_label\"><\/span><\/div>               \n            <div class=\"property_location\">\n                    \n                    <div class=\"ownerNotes\">A-1962<\/div><div class=\"propertyArea\"><a href=\"https:\/\/www.privatepropertymallorca.com\/es\/state\/suroeste\/\" rel=\"tag\">Suroeste<\/a>, <a href=\"https:\/\/www.privatepropertymallorca.com\/es\/ort\/illetas-es\/\" rel=\"tag\">Illetas<\/a><\/div>                        <\/div>        <\/div>             \n    <\/div>\n  \n\n\n\n<div class=\"col-md- shortcode-col has_4per_row  listing_wrapper property_unit_type2\" data-org=\"4\" data-listid=\"1280581\" > \n    <div class=\"property_listing property_unit_type2  \" data-link=\"https:\/\/www.privatepropertymallorca.com\/es\/propiedades\/elegante-piso-reformado-en-el-corazon-de-palma-justo-en-el-popular-paseo-mallorca-2\/\">\n        \n        <div class=\"listing-unit-img-wrapper\"><a href=\"https:\/\/www.privatepropertymallorca.com\/es\/propiedades\/elegante-piso-reformado-en-el-corazon-de-palma-justo-en-el-popular-paseo-mallorca-2\/\" target=\"_self\"><img loading=\"lazy\" decoding=\"async\" width=\"525\" height=\"328\" src=\"https:\/\/www.privatepropertymallorca.com\/wp-content\/uploads\/2026\/02\/419615-2-525x328.jpg\" class=\"lazyload img-responsive wp-post-image\" alt=\"5297 - Apartment Paseo Mallorca11\" data-original=\"https:\/\/www.privatepropertymallorca.com\/wp-content\/uploads\/2026\/02\/419615-2-525x328.jpg\" \/><\/a><div class=\"tag-wrapper\"><div class=\"status-wrapper\"><\/div><\/div><\/div>\n\n            <h4><a href=\"https:\/\/www.privatepropertymallorca.com\/es\/propiedades\/elegante-piso-reformado-en-el-corazon-de-palma-justo-en-el-popular-paseo-mallorca-2\/\" target=\"_self\">\n                Piso reformado con estilo en venta en el centro de Palma                <\/a> \n            <\/h4> \n        \n            <div class=\"property_listing_details\">\n                <div class=\"smallCol\"><div class=\"inforoom_unit_type2\"><\/div><div>3<\/div><\/div><div class=\"smallCol\"><div class=\"infobath_unit_type2\"><\/div><div>4<\/div><\/div><div class=\"smallCol\"><div class=\"infosize_unit_type2\"><\/div><div>142 m&sup2;<\/div><\/div><div class=\"smallCol\"><div class=\"infolotsize_unit_type2\"><\/div><div>0 m&sup2;<\/div><\/div>            <\/div>\n\t\t\n            <div class=\"listing_unit_price_wrapper\">850.000 \u20ac <span class=\"price_label\"><\/span><\/div>               \n            <div class=\"property_location\">\n                    \n                    <div class=\"ownerNotes\">5470<\/div><div class=\"propertyArea\"><a href=\"https:\/\/www.privatepropertymallorca.com\/es\/state\/palma-y-alrededores\/\" rel=\"tag\">Palma y alrededores<\/a>, <a href=\"https:\/\/www.privatepropertymallorca.com\/es\/ort\/palma-oldtown-es-2\/\" rel=\"tag\">Palma Oldtown<\/a><\/div>                        <\/div>        <\/div>             \n    <\/div>\n  \n\n\n\n<div class=\"col-md- shortcode-col has_4per_row  listing_wrapper property_unit_type2\" data-org=\"4\" data-listid=\"1297188\" > \n    <div class=\"property_listing property_unit_type2  \" data-link=\"https:\/\/www.privatepropertymallorca.com\/es\/propiedades\/casas-de-obra-nueva-en-cala-romantica-casa-adosada-o-chalet-con-extras-reservables\/\">\n        \n        <div class=\"listing-unit-img-wrapper\"><a href=\"https:\/\/www.privatepropertymallorca.com\/es\/propiedades\/casas-de-obra-nueva-en-cala-romantica-casa-adosada-o-chalet-con-extras-reservables\/\" target=\"_self\"><img loading=\"lazy\" decoding=\"async\" width=\"525\" height=\"328\" src=\"https:\/\/www.privatepropertymallorca.com\/wp-content\/uploads\/2026\/03\/14fedb81-5451-4d2c-b1c6-e8966c331a24-2-525x328.jpg\" class=\"lazyload img-responsive wp-post-image\" alt=\"2- Piscina (1)\" data-original=\"https:\/\/www.privatepropertymallorca.com\/wp-content\/uploads\/2026\/03\/14fedb81-5451-4d2c-b1c6-e8966c331a24-2-525x328.jpg\" \/><\/a><div class=\"tag-wrapper\"><div class=\"status-wrapper\"><\/div><\/div><\/div>\n\n            <h4><a href=\"https:\/\/www.privatepropertymallorca.com\/es\/propiedades\/casas-de-obra-nueva-en-cala-romantica-casa-adosada-o-chalet-con-extras-reservables\/\" target=\"_self\">\n                Casas de obra nueva en venta en Cala Romantica &#8211; casa adosada o chalet con extras reservables                <\/a> \n            <\/h4> \n        \n            <div class=\"property_listing_details\">\n                <div class=\"smallCol\"><div class=\"inforoom_unit_type2\"><\/div><div>2<\/div><\/div><div class=\"smallCol\"><div class=\"infobath_unit_type2\"><\/div><div>2<\/div><\/div><div class=\"smallCol\"><div class=\"infosize_unit_type2\"><\/div><div>0 m&sup2;<\/div><\/div><div class=\"smallCol\"><div class=\"infolotsize_unit_type2\"><\/div><div>237 m&sup2;<\/div><\/div>            <\/div>\n\t\t\n            <div class=\"listing_unit_price_wrapper\">399.000 \u20ac <span class=\"price_label\"><\/span><\/div>               \n            <div class=\"property_location\">\n                    \n                    <div class=\"ownerNotes\">5336<\/div><div class=\"propertyArea\"><a href=\"https:\/\/www.privatepropertymallorca.com\/es\/state\/sureste\/\" rel=\"tag\">Sureste<\/a>, <a href=\"https:\/\/www.privatepropertymallorca.com\/es\/ort\/cala-romantica-es\/\" rel=\"tag\">Cala Romantica<\/a><\/div>                        <\/div>        <\/div>             \n    <\/div>\n  \n\n\n\n<div class=\"col-md- shortcode-col has_4per_row  listing_wrapper property_unit_type2\" data-org=\"4\" data-listid=\"1293168\" > \n    <div class=\"property_listing property_unit_type2  \" data-link=\"https:\/\/www.privatepropertymallorca.com\/es\/propiedades\/top-inversion-con-rentabilidad-garantizada-estudios-en-portocolom\/\">\n        \n        <div class=\"listing-unit-img-wrapper\"><a href=\"https:\/\/www.privatepropertymallorca.com\/es\/propiedades\/top-inversion-con-rentabilidad-garantizada-estudios-en-portocolom\/\" target=\"_self\"><img loading=\"lazy\" decoding=\"async\" width=\"525\" height=\"328\" src=\"https:\/\/www.privatepropertymallorca.com\/wp-content\/uploads\/2026\/02\/89def3e0-707a-4aee-98aa-23e59cef0fe9-2-525x328.jpg\" class=\"lazyload img-responsive wp-post-image\" alt=\"Studio-new-2-web\" data-original=\"https:\/\/www.privatepropertymallorca.com\/wp-content\/uploads\/2026\/02\/89def3e0-707a-4aee-98aa-23e59cef0fe9-2-525x328.jpg\" \/><\/a><div class=\"tag-wrapper\"><div class=\"status-wrapper\"><div class=\"ribbon-inside holiday-rental-licence\">Holiday rental licence<\/div><\/div><\/div><\/div>\n\n            <h4><a href=\"https:\/\/www.privatepropertymallorca.com\/es\/propiedades\/top-inversion-con-rentabilidad-garantizada-estudios-en-portocolom\/\" target=\"_self\">\n                Top inversi\u00f3n en Portocolom en venta con rentabilidad garantizada, estudios                <\/a> \n            <\/h4> \n        \n            <div class=\"property_listing_details\">\n                <div class=\"smallCol\"><div class=\"inforoom_unit_type2\"><\/div><div>-<\/div><\/div><div class=\"smallCol\"><div class=\"infobath_unit_type2\"><\/div><div>1<\/div><\/div><div class=\"smallCol\"><div class=\"infosize_unit_type2\"><\/div><div>30 m&sup2;<\/div><\/div><div class=\"smallCol\"><div class=\"infolotsize_unit_type2\"><\/div><div>7438 m&sup2;<\/div><\/div>            <\/div>\n\t\t\n            <div class=\"listing_unit_price_wrapper\">200.000 \u20ac <span class=\"price_label\"><\/span><\/div>               \n            <div class=\"property_location\">\n                    \n                    <div class=\"ownerNotes\">5509<\/div><div class=\"propertyArea\"><a href=\"https:\/\/www.privatepropertymallorca.com\/es\/state\/sureste\/\" rel=\"tag\">Sureste<\/a>, <a href=\"https:\/\/www.privatepropertymallorca.com\/es\/ort\/portocolom-es\/\" rel=\"tag\">Portocolom<\/a><\/div>                        <\/div>        <\/div>             \n    <\/div>\n<div class=\"wpestate_listing_sh_loader\">\n       <div class=\"new_prelader\"><\/div>\n\n    <\/div><div class=\"listinglink-wrapper_sh_listings\">\n               <span class=\"wpresidence_button wpestate_item_list_sh\">cargar m\u00e1s inmuebles <\/span>\n               <\/div><\/div><script type=\"text\/javascript\">\n                \/\/<![CDATA[\n                jQuery(document).ready(function(){\n                  \/\/  wpestate_anime(\"#wpestate_sh_anime_844\");\n                   \/\/ wpestate_property_list_sh(\"#wpestate_sh_anime_844 .wpestate_item_list_sh\", \"#wpestate_sh_anime_844 .control_tax_sh\");\n                });\n                \/\/]]>\n            <\/script>[\/vc_column][\/vc_row]<\/p>\n<div class=\"bellvueblock \"><img decoding=\"async\" src=\"https:\/\/www.privatepropertymallorca.com\/wp-content\/uploads\/2020\/02\/best_icon-159x300.png\" alt=\"bellvue\"><\/div><\/div>","protected":false},"excerpt":{"rendered":"<p>El archipi\u00e9lago de las Islas Baleares se ha consolidado en los \u00faltimos a\u00f1os como uno de los destinos m\u00e1s atractivos de Europa, no solo desde una perspectiva tur\u00edstica, sino tambi\u00e9n como un centro estrat\u00e9gico para la inversi\u00f3n inmobiliaria. La regi\u00f3n se ha convertido en un verdadero \u201crefugio inmobiliario\u201d dentro del continente, reflejando una profunda transformaci\u00f3n del mercado residencial en estas islas del Mediterr\u00e1neo.<\/p>\n","protected":false},"author":13,"featured_media":1303782,"comment_status":"closed","ping_status":"closed","sticky":false,"template":"","format":"standard","meta":{"_seopress_robots_primary_cat":"none","_seopress_titles_title":"","_seopress_titles_desc":"","_seopress_robots_index":"","footnotes":""},"categories":[1073],"tags":[],"class_list":{"0":"post-1303774","1":"post","2":"type-post","3":"status-publish","4":"format-standard","5":"has-post-thumbnail","7":"category-revista"},"_links":{"self":[{"href":"https:\/\/www.privatepropertymallorca.com\/es\/wp-json\/wp\/v2\/posts\/1303774","targetHints":{"allow":["GET"]}}],"collection":[{"href":"https:\/\/www.privatepropertymallorca.com\/es\/wp-json\/wp\/v2\/posts"}],"about":[{"href":"https:\/\/www.privatepropertymallorca.com\/es\/wp-json\/wp\/v2\/types\/post"}],"author":[{"embeddable":true,"href":"https:\/\/www.privatepropertymallorca.com\/es\/wp-json\/wp\/v2\/users\/13"}],"replies":[{"embeddable":true,"href":"https:\/\/www.privatepropertymallorca.com\/es\/wp-json\/wp\/v2\/comments?post=1303774"}],"version-history":[{"count":3,"href":"https:\/\/www.privatepropertymallorca.com\/es\/wp-json\/wp\/v2\/posts\/1303774\/revisions"}],"predecessor-version":[{"id":1303783,"href":"https:\/\/www.privatepropertymallorca.com\/es\/wp-json\/wp\/v2\/posts\/1303774\/revisions\/1303783"}],"wp:featuredmedia":[{"embeddable":true,"href":"https:\/\/www.privatepropertymallorca.com\/es\/wp-json\/wp\/v2\/media\/1303782"}],"wp:attachment":[{"href":"https:\/\/www.privatepropertymallorca.com\/es\/wp-json\/wp\/v2\/media?parent=1303774"}],"wp:term":[{"taxonomy":"category","embeddable":true,"href":"https:\/\/www.privatepropertymallorca.com\/es\/wp-json\/wp\/v2\/categories?post=1303774"},{"taxonomy":"post_tag","embeddable":true,"href":"https:\/\/www.privatepropertymallorca.com\/es\/wp-json\/wp\/v2\/tags?post=1303774"}],"curies":[{"name":"wp","href":"https:\/\/api.w.org\/{rel}","templated":true}]}}